{"id":6303,"date":"2024-07-10T14:28:21","date_gmt":"2024-07-10T12:28:21","guid":{"rendered":"https:\/\/www.naturparkmagazin.de\/dahme-heideseen\/?p=6303"},"modified":"2024-07-17T11:06:04","modified_gmt":"2024-07-17T09:06:04","slug":"kultur-trifft-natur-kooperation-mit-dem-kulturbund-dahme-spreewald-und-dem-biogarten-prieros-e-v","status":"publish","type":"post","link":"https:\/\/www.naturparkmagazin.de\/dahme-heideseen\/kultur-trifft-natur-kooperation-mit-dem-kulturbund-dahme-spreewald-und-dem-biogarten-prieros-e-v\/","title":{"rendered":"Kultur trifft Natur: Biogarten Prieros"},"content":{"rendered":"<p><a href=\"https:\/\/www.naturparkmagazin.de\/dahme-heideseen\/wp-content\/uploads\/sites\/37\/Kultur-trifft-Natur.jpg\"><img decoding=\"async\" loading=\"lazy\" class=\"alignnone size-full wp-image-6321\" src=\"https:\/\/www.naturparkmagazin.de\/dahme-heideseen\/wp-content\/uploads\/sites\/37\/Kultur-trifft-Natur.jpg\" alt=\"\" width=\"589\" height=\"841\" srcset=\"https:\/\/www.naturparkmagazin.de\/dahme-heideseen\/wp-content\/uploads\/sites\/37\/Kultur-trifft-Natur.jpg 589w, https:\/\/www.naturparkmagazin.de\/dahme-heideseen\/wp-content\/uploads\/sites\/37\/Kultur-trifft-Natur-300x428.jpg 300w, https:\/\/www.naturparkmagazin.de\/dahme-heideseen\/wp-content\/uploads\/sites\/37\/Kultur-trifft-Natur-200x286.jpg 200w\" sizes=\"(max-width: 589px) 100vw, 589px\" \/><\/a><\/p>\n<p><strong>30 Jahre Kulturbund Dahme-Spreewald e.V., 30 Jahre Biogarten Prieros &amp; 30 Jahre vhs Dahme-Spreewald<\/strong><\/p>\n<p>Unter dem Motto &#8222;Kultur trifft Natur&#8220; organisieren der Kulturbund Dahme-Spreewald und die Volkshochschule die Auftaktveranstaltung f\u00fcr die \u201eTage der offenen G\u00e4rten\u201c in der Region.<\/p>\n<p>Am fr\u00fchen Abend treten &#8222;Die Railers&#8220; auf, eine Early Jazz Band aus Berlin.\nDer Name \u201edie Railers\u201c steht f\u00fcr das Lebensgef\u00fchl, das aufkommt, wenn man mit dem Zug verreist, Landschaften vorbeirauschen und die M\u00fchlen des Alltags allm\u00e4hlich ihre Kraft verlieren. Kaum eine Musik verk\u00f6rpert dieses Gef\u00fchl mehr, als die der S\u00fcdstaaten Amerikas des letzten Jahrhunderts. So z\u00e4hlen der Jazz aus New Orleans, Oldtime, mehrstimmiger Gesang und Folkmusik zu wichtigen Einfl\u00fcssen der Band. Ihr Gesang und ihre Instrumente ben\u00f6tigen keine elektronische Verst\u00e4rkung<\/p>\n<p>Matthias Baldwin &#8211; Gitarre\nChristoph Klan &#8211; klarinette, Banjo\nFriedrich Bassareak &#8211; Akkordeon\nJohannes Hanekamp &#8211; Kontrabass<\/p>\n<p>&nbsp;<\/p>\n<p>Im Biogarten werden Getr\u00e4nke und Gegrilltes sowie Kaffee und Kuchen angeboten.<\/p>\n<p>&nbsp;<\/p>\n<p><a href=\"https:\/\/vhs-dahme-spreewald.de\/programm\/kultur\/natur-umwelt\/kurs\/Kultur-trifft-Natur\/Y14-811-PE\">Mehr Informationen hier..<\/a><\/p>\n","protected":false},"excerpt":{"rendered":"<p>Auftaktveranstaltung f\u00fcr die \u201eTage der offenen G\u00e4rten\u201c im Biogarten Prieros<\/p>\n","protected":false},"author":83,"featured_media":5192,"comment_status":"open","ping_status":"open","sticky":false,"template":"","format":"standard","meta":[],"categories":[11],"tags":[],"yoast_head":"<!-- This site is optimized with the Yoast SEO plugin v19.10 - https:\/\/yoast.com\/wordpress\/plugins\/seo\/ -->\n<title>Kultur trifft Natur: Biogarten Prieros - Naturpark Dahme-Heideseen<\/title>\n<meta name=\"robots\" content=\"index, follow, max-snippet:-1, max-image-preview:large, max-video-preview:-1\" \/>\n<link rel=\"canonical\" href=\"https:\/\/www.naturparkmagazin.de\/dahme-heideseen\/kultur-trifft-natur-kooperation-mit-dem-kulturbund-dahme-spreewald-und-dem-biogarten-prieros-e-v\/\" \/>\n<meta property=\"og:locale\" content=\"de_DE\" \/>\n<meta property=\"og:type\" content=\"article\" \/>\n<meta property=\"og:title\" content=\"Kultur trifft Natur: Biogarten Prieros - Naturpark Dahme-Heideseen\" \/>\n<meta property=\"og:description\" content=\"Auftaktveranstaltung f\u00fcr die \u201eTage der offenen G\u00e4rten\u201c im Biogarten Prieros\" \/>\n<meta property=\"og:url\" content=\"https:\/\/www.naturparkmagazin.de\/dahme-heideseen\/kultur-trifft-natur-kooperation-mit-dem-kulturbund-dahme-spreewald-und-dem-biogarten-prieros-e-v\/\" \/>\n<meta property=\"og:site_name\" content=\"Naturpark Dahme-Heideseen\" \/>\n<meta property=\"article:published_time\" content=\"2024-07-10T12:28:21+00:00\" \/>\n<meta property=\"article:modified_time\" content=\"2024-07-17T09:06:04+00:00\" \/>\n<meta property=\"og:image\" content=\"https:\/\/www.naturparkmagazin.de\/dahme-heideseen\/wp-content\/uploads\/sites\/37\/Biogarten_d77b11efe2.jpg\" \/>\n\t<meta property=\"og:image:width\" content=\"1000\" \/>\n\t<meta property=\"og:image:height\" content=\"1000\" \/>\n\t<meta property=\"og:image:type\" content=\"image\/jpeg\" \/>\n<meta name=\"author\" content=\"Astrid Osenbr\u00fcck\" \/>\n<meta name=\"twitter:label1\" content=\"Verfasst von\" \/>\n\t<meta name=\"twitter:data1\" content=\"Astrid Osenbr\u00fcck\" \/>\n\t<meta name=\"twitter:label2\" content=\"Gesch\u00e4tzte Lesezeit\" \/>\n\t<meta name=\"twitter:data2\" content=\"2\u00a0Minuten\" \/>\n<script type=\"application\/ld+json\" class=\"yoast-schema-graph\">{\"@context\":\"https:\/\/schema.org\",\"@graph\":[{\"@type\":\"WebPage\",\"@id\":\"https:\/\/www.naturparkmagazin.de\/dahme-heideseen\/kultur-trifft-natur-kooperation-mit-dem-kulturbund-dahme-spreewald-und-dem-biogarten-prieros-e-v\/\",\"url\":\"https:\/\/www.naturparkmagazin.de\/dahme-heideseen\/kultur-trifft-natur-kooperation-mit-dem-kulturbund-dahme-spreewald-und-dem-biogarten-prieros-e-v\/\",\"name\":\"Kultur trifft Natur: Biogarten Prieros - Naturpark Dahme-Heideseen\",\"isPartOf\":{\"@id\":\"https:\/\/www.naturparkmagazin.de\/dahme-heideseen\/#website\"},\"datePublished\":\"2024-07-10T12:28:21+00:00\",\"dateModified\":\"2024-07-17T09:06:04+00:00\",\"author\":{\"@id\":\"https:\/\/www.naturparkmagazin.de\/dahme-heideseen\/#\/schema\/person\/a0510aafafdf8183c95fc98faf0c9f21\"},\"breadcrumb\":{\"@id\":\"https:\/\/www.naturparkmagazin.de\/dahme-heideseen\/kultur-trifft-natur-kooperation-mit-dem-kulturbund-dahme-spreewald-und-dem-biogarten-prieros-e-v\/#breadcrumb\"},\"inLanguage\":\"de\",\"potentialAction\":[{\"@type\":\"ReadAction\",\"target\":[\"https:\/\/www.naturparkmagazin.de\/dahme-heideseen\/kultur-trifft-natur-kooperation-mit-dem-kulturbund-dahme-spreewald-und-dem-biogarten-prieros-e-v\/\"]}]},{\"@type\":\"BreadcrumbList\",\"@id\":\"https:\/\/www.naturparkmagazin.de\/dahme-heideseen\/kultur-trifft-natur-kooperation-mit-dem-kulturbund-dahme-spreewald-und-dem-biogarten-prieros-e-v\/#breadcrumb\",\"itemListElement\":[{\"@type\":\"ListItem\",\"position\":1,\"name\":\"Home\",\"item\":\"https:\/\/www.naturparkmagazin.de\/dahme-heideseen\/\"},{\"@type\":\"ListItem\",\"position\":2,\"name\":\"Kultur trifft Natur: Biogarten Prieros\"}]},{\"@type\":\"WebSite\",\"@id\":\"https:\/\/www.naturparkmagazin.de\/dahme-heideseen\/#website\",\"url\":\"https:\/\/www.naturparkmagazin.de\/dahme-heideseen\/\",\"name\":\"Naturpark Dahme-Heideseen\",\"description\":\"\",\"potentialAction\":[{\"@type\":\"SearchAction\",\"target\":{\"@type\":\"EntryPoint\",\"urlTemplate\":\"https:\/\/www.naturparkmagazin.de\/dahme-heideseen\/?s={search_term_string}\"},\"query-input\":\"required name=search_term_string\"}],\"inLanguage\":\"de\"},{\"@type\":\"Person\",\"@id\":\"https:\/\/www.naturparkmagazin.de\/dahme-heideseen\/#\/schema\/person\/a0510aafafdf8183c95fc98faf0c9f21\",\"name\":\"Astrid Osenbr\u00fcck\",\"sameAs\":[\"http:\/\/www.dahme-heideseen-naturpark.de\"],\"url\":\"https:\/\/www.naturparkmagazin.de\/dahme-heideseen\/author\/astridosenbrueck\/\"}]}<\/script>\n<!-- \/ Yoast SEO plugin. -->","yoast_head_json":{"title":"Kultur trifft Natur: Biogarten Prieros - Naturpark Dahme-Heideseen","robots":{"index":"index","follow":"follow","max-snippet":"max-snippet:-1","max-image-preview":"max-image-preview:large","max-video-preview":"max-video-preview:-1"},"canonical":"https:\/\/www.naturparkmagazin.de\/dahme-heideseen\/kultur-trifft-natur-kooperation-mit-dem-kulturbund-dahme-spreewald-und-dem-biogarten-prieros-e-v\/","og_locale":"de_DE","og_type":"article","og_title":"Kultur trifft Natur: Biogarten Prieros - Naturpark Dahme-Heideseen","og_description":"Auftaktveranstaltung f\u00fcr die \u201eTage der offenen G\u00e4rten\u201c im Biogarten Prieros","og_url":"https:\/\/www.naturparkmagazin.de\/dahme-heideseen\/kultur-trifft-natur-kooperation-mit-dem-kulturbund-dahme-spreewald-und-dem-biogarten-prieros-e-v\/","og_site_name":"Naturpark Dahme-Heideseen","article_published_time":"2024-07-10T12:28:21+00:00","article_modified_time":"2024-07-17T09:06:04+00:00","og_image":[{"width":1000,"height":1000,"url":"https:\/\/www.naturparkmagazin.de\/dahme-heideseen\/wp-content\/uploads\/sites\/37\/Biogarten_d77b11efe2.jpg","type":"image\/jpeg"}],"author":"Astrid Osenbr\u00fcck","twitter_misc":{"Verfasst von":"Astrid Osenbr\u00fcck","Gesch\u00e4tzte Lesezeit":"2\u00a0Minuten"},"schema":{"@context":"https:\/\/schema.org","@graph":[{"@type":"WebPage","@id":"https:\/\/www.naturparkmagazin.de\/dahme-heideseen\/kultur-trifft-natur-kooperation-mit-dem-kulturbund-dahme-spreewald-und-dem-biogarten-prieros-e-v\/","url":"https:\/\/www.naturparkmagazin.de\/dahme-heideseen\/kultur-trifft-natur-kooperation-mit-dem-kulturbund-dahme-spreewald-und-dem-biogarten-prieros-e-v\/","name":"Kultur trifft Natur: Biogarten Prieros - Naturpark Dahme-Heideseen","isPartOf":{"@id":"https:\/\/www.naturparkmagazin.de\/dahme-heideseen\/#website"},"datePublished":"2024-07-10T12:28:21+00:00","dateModified":"2024-07-17T09:06:04+00:00","author":{"@id":"https:\/\/www.naturparkmagazin.de\/dahme-heideseen\/#\/schema\/person\/a0510aafafdf8183c95fc98faf0c9f21"},"breadcrumb":{"@id":"https:\/\/www.naturparkmagazin.de\/dahme-heideseen\/kultur-trifft-natur-kooperation-mit-dem-kulturbund-dahme-spreewald-und-dem-biogarten-prieros-e-v\/#breadcrumb"},"inLanguage":"de","potentialAction":[{"@type":"ReadAction","target":["https:\/\/www.naturparkmagazin.de\/dahme-heideseen\/kultur-trifft-natur-kooperation-mit-dem-kulturbund-dahme-spreewald-und-dem-biogarten-prieros-e-v\/"]}]},{"@type":"BreadcrumbList","@id":"https:\/\/www.naturparkmagazin.de\/dahme-heideseen\/kultur-trifft-natur-kooperation-mit-dem-kulturbund-dahme-spreewald-und-dem-biogarten-prieros-e-v\/#breadcrumb","itemListElement":[{"@type":"ListItem","position":1,"name":"Home","item":"https:\/\/www.naturparkmagazin.de\/dahme-heideseen\/"},{"@type":"ListItem","position":2,"name":"Kultur trifft Natur: Biogarten Prieros"}]},{"@type":"WebSite","@id":"https:\/\/www.naturparkmagazin.de\/dahme-heideseen\/#website","url":"https:\/\/www.naturparkmagazin.de\/dahme-heideseen\/","name":"Naturpark Dahme-Heideseen","description":"","potentialAction":[{"@type":"SearchAction","target":{"@type":"EntryPoint","urlTemplate":"https:\/\/www.naturparkmagazin.de\/dahme-heideseen\/?s={search_term_string}"},"query-input":"required name=search_term_string"}],"inLanguage":"de"},{"@type":"Person","@id":"https:\/\/www.naturparkmagazin.de\/dahme-heideseen\/#\/schema\/person\/a0510aafafdf8183c95fc98faf0c9f21","name":"Astrid Osenbr\u00fcck","sameAs":["http:\/\/www.dahme-heideseen-naturpark.de"],"url":"https:\/\/www.naturparkmagazin.de\/dahme-heideseen\/author\/astridosenbrueck\/"}]}},"_links":{"self":[{"href":"https:\/\/www.naturparkmagazin.de\/dahme-heideseen\/wp-json\/wp\/v2\/posts\/6303"}],"collection":[{"href":"https:\/\/www.naturparkmagazin.de\/dahme-heideseen\/wp-json\/wp\/v2\/posts"}],"about":[{"href":"https:\/\/www.naturparkmagazin.de\/dahme-heideseen\/wp-json\/wp\/v2\/types\/post"}],"author":[{"embeddable":true,"href":"https:\/\/www.naturparkmagazin.de\/dahme-heideseen\/wp-json\/wp\/v2\/users\/83"}],"replies":[{"embeddable":true,"href":"https:\/\/www.naturparkmagazin.de\/dahme-heideseen\/wp-json\/wp\/v2\/comments?post=6303"}],"version-history":[{"count":3,"href":"https:\/\/www.naturparkmagazin.de\/dahme-heideseen\/wp-json\/wp\/v2\/posts\/6303\/revisions"}],"predecessor-version":[{"id":6347,"href":"https:\/\/www.naturparkmagazin.de\/dahme-heideseen\/wp-json\/wp\/v2\/posts\/6303\/revisions\/6347"}],"wp:featuredmedia":[{"embeddable":true,"href":"https:\/\/www.naturparkmagazin.de\/dahme-heideseen\/wp-json\/wp\/v2\/media\/5192"}],"wp:attachment":[{"href":"https:\/\/www.naturparkmagazin.de\/dahme-heideseen\/wp-json\/wp\/v2\/media?parent=6303"}],"wp:term":[{"taxonomy":"category","embeddable":true,"href":"https:\/\/www.naturparkmagazin.de\/dahme-heideseen\/wp-json\/wp\/v2\/categories?post=6303"},{"taxonomy":"post_tag","embeddable":true,"href":"https:\/\/www.naturparkmagazin.de\/dahme-heideseen\/wp-json\/wp\/v2\/tags?post=6303"}],"curies":[{"name":"wp","href":"https:\/\/api.w.org\/{rel}","templated":true}]}}