{"id":6375,"date":"2024-08-22T09:14:08","date_gmt":"2024-08-22T07:14:08","guid":{"rendered":"https:\/\/www.naturparkmagazin.de\/dahme-heideseen\/?p=6375"},"modified":"2024-08-22T09:14:08","modified_gmt":"2024-08-22T07:14:08","slug":"felis-silvestris-die-wildkatze","status":"publish","type":"post","link":"https:\/\/www.naturparkmagazin.de\/dahme-heideseen\/felis-silvestris-die-wildkatze\/","title":{"rendered":"&#8222;Felis silvestris &#8211; Die Wildkatze&#8220;"},"content":{"rendered":"<p>Am 6. September wird das St\u00fcck &#8222;Felis silvestris &#8211; Die Wildkatze&#8220; von Fr\u00e4ulein Brehm in Prieros aufgef\u00fchrt. Das unterhaltsame B\u00fchnenprogramm gibt Einblicke in das Leben der Wildkatze. Gleichzeitig wird die Ausstellung \u201cWildkatzenw\u00e4lder von morgen\u201c er\u00f6ffnet.<\/p>\n<p class=\"text-justify\">Die G\u00e4ste erwartet ein wissenschaftlich fundiertes und \u00e4u\u00dferst unterhaltsames B\u00fchnenprogramm, nicht nur f\u00fcr Erwachsene.<\/p>\n<p class=\"text-justify\">\n<p class=\"text-justify\">Anders als unsere Hauskatzen ist die Wildkatze eine echte Europ\u00e4erin und begnadete Schwimmerin. Durchquert Fl\u00fcsse, geht angeln, und freut sich, so man sie l\u00e4sst, des Lebens, w\u00e4re da nicht die Zerst\u00fcckelung der Lebensr\u00e4ume, die die wilde Katze zu Robinson Crusoe werden l\u00e4sst, der auf einsamen Inseln darbt. Domestizieren l\u00e4sst sich die wilde Waldkatze \u00fcbrigens absolut nicht.<\/p>\n<p class=\"text-justify\">\n<p class=\"text-justify\">Zus\u00e4tzlich zum B\u00fchnenprogramm wird die Ausstellung des BUND Brandenburg \u201cWildkatzenw\u00e4lder von morgen\u201c in der Touristinfo er\u00f6ffnet. Sie gastiert anschlie\u00dfend bis November 2024 im Infopunkt des Naturparks Dahme-Heideseen in Prieros.<\/p>\n<p class=\"text-justify\">\n<p class=\"text-justify\">Die Veranstaltung ist kostenlos. Wir freuen uns \u00fcber Ihr Kommen und bitten um Anmeldung: <a href=\"https:\/\/gstoo.de\/Die_Wildkatze_zu_Besuch_in_Prieros\" target=\"_blank\" rel=\"noopener noreferrer\">https:\/\/gstoo.de\/Die_Wildkatze_zu_Besuch_in_Prieros<\/a><\/p>\n<p class=\"text-justify\">\n<p class=\"text-justify\"><u>Zum Hintergrund:<\/u><\/p>\n<p class=\"text-justify\">Veranstalter ist der BUND Brandenburg. Das Projekt \u201eWildkatzenw\u00e4lder von morgen\u201c wird gef\u00f6rdert im Bundesprogramm Biologische Vielfalt durch das Bundesamt f\u00fcr Naturschutz mit Mitteln des Bundesministeriums f\u00fcr Umwelt, Naturschutz, nukleare Sicherheit und Verbraucherschutz.<\/p>\n<p class=\"text-justify\">Im Naturpark Dahme-Heideseen wurde in diesem Jahr das Wildkatzenmonitoring das dritte Mal durchgef\u00fchrt. Um der scheuen Wildkatze auf die Spur zu kommen werden sogenannte Lockst\u00f6cke aufgestellt und w\u00f6chentlich kontrolliert. Bislang erbrachten die eingesammelten Haare noch keinen Wildkatzennachweis. Fr\u00fcher war die Wildkatze weit verbreitet. Doch dann wurde sie fast bis zur Ausrottung gejagt.<\/p>\n<p class=\"text-justify\">Ihr Lebensraum Wald wurde durch Stra\u00dfen, Gewerbegebiete und Siedlungen zerschnitten und zerst\u00f6rt. In den letzten Jahren konnte die Wildkatze Teile ihres urspr\u00fcnglichen Verbreitungsgebietes auch in Brandenburg wieder besiedeln. Das n\u00e4chste Wildkatzenmonitoring beginnt im Februar 2025.<\/p>\n<p class=\"text-justify\">Der Infopunkt des Naturparks in Prieros ist Dienstag bis Freitag: 10:00 bis 16:00 Uhr ge\u00f6ffnet. F\u00fcr Besuche au\u00dferhalb der \u00d6ffnungszeiten wird um eine vorherige telefonische Anmeldung unter der Telefonnummer 033768\/ 969-0 oder per E-Mail an NP-Dahme-Heideseen@LfU.Brandenburg.de gebeten.<\/p>\n<h3>Veranstaltungsort<\/h3>\n<p><strong>Tourismuszentrum Prieros<\/strong>\nPrieroser Dorfstra\u00dfe 18a\n15754 Prieros<\/p>\n","protected":false},"excerpt":{"rendered":"<p>Ein unterhaltsames B\u00fchnenprogramm von Fr\u00e4ulein Brehm \u00fcber das Leben der Wildkatze. Gleichzeitig wird die Ausstellung \u201cWildkatzenw\u00e4lder von morgen\u201c er\u00f6ffnet.<\/p>\n","protected":false},"author":83,"featured_media":6365,"comment_status":"open","ping_status":"open","sticky":false,"template":"","format":"standard","meta":[],"categories":[11],"tags":[],"yoast_head":"<!-- This site is optimized with the Yoast SEO plugin v19.10 - https:\/\/yoast.com\/wordpress\/plugins\/seo\/ -->\n<title>&quot;Felis silvestris - Die Wildkatze&quot; - Naturpark Dahme-Heideseen<\/title>\n<meta name=\"robots\" content=\"index, follow, max-snippet:-1, max-image-preview:large, max-video-preview:-1\" \/>\n<link rel=\"canonical\" href=\"https:\/\/www.naturparkmagazin.de\/dahme-heideseen\/felis-silvestris-die-wildkatze\/\" \/>\n<meta property=\"og:locale\" content=\"de_DE\" \/>\n<meta property=\"og:type\" content=\"article\" \/>\n<meta property=\"og:title\" content=\"&quot;Felis silvestris - Die Wildkatze&quot; - Naturpark Dahme-Heideseen\" \/>\n<meta property=\"og:description\" content=\"Ein unterhaltsames B\u00fchnenprogramm von Fr\u00e4ulein Brehm \u00fcber das Leben der Wildkatze. Gleichzeitig wird die Ausstellung \u201cWildkatzenw\u00e4lder von morgen\u201c er\u00f6ffnet.\" \/>\n<meta property=\"og:url\" content=\"https:\/\/www.naturparkmagazin.de\/dahme-heideseen\/felis-silvestris-die-wildkatze\/\" \/>\n<meta property=\"og:site_name\" content=\"Naturpark Dahme-Heideseen\" \/>\n<meta property=\"article:published_time\" content=\"2024-08-22T07:14:08+00:00\" \/>\n<meta property=\"og:image\" content=\"https:\/\/www.naturparkmagazin.de\/dahme-heideseen\/wp-content\/uploads\/sites\/37\/wildkatzenauffuehrung-d.jpg\" \/>\n\t<meta property=\"og:image:width\" content=\"1096\" \/>\n\t<meta property=\"og:image:height\" content=\"823\" \/>\n\t<meta property=\"og:image:type\" content=\"image\/jpeg\" \/>\n<meta name=\"author\" content=\"Astrid Osenbr\u00fcck\" \/>\n<meta name=\"twitter:label1\" content=\"Verfasst von\" \/>\n\t<meta name=\"twitter:data1\" content=\"Astrid Osenbr\u00fcck\" \/>\n\t<meta name=\"twitter:label2\" content=\"Gesch\u00e4tzte Lesezeit\" \/>\n\t<meta name=\"twitter:data2\" content=\"2\u00a0Minuten\" \/>\n<script type=\"application\/ld+json\" class=\"yoast-schema-graph\">{\"@context\":\"https:\/\/schema.org\",\"@graph\":[{\"@type\":\"WebPage\",\"@id\":\"https:\/\/www.naturparkmagazin.de\/dahme-heideseen\/felis-silvestris-die-wildkatze\/\",\"url\":\"https:\/\/www.naturparkmagazin.de\/dahme-heideseen\/felis-silvestris-die-wildkatze\/\",\"name\":\"\\\"Felis silvestris - Die Wildkatze\\\" - Naturpark Dahme-Heideseen\",\"isPartOf\":{\"@id\":\"https:\/\/www.naturparkmagazin.de\/dahme-heideseen\/#website\"},\"datePublished\":\"2024-08-22T07:14:08+00:00\",\"dateModified\":\"2024-08-22T07:14:08+00:00\",\"author\":{\"@id\":\"https:\/\/www.naturparkmagazin.de\/dahme-heideseen\/#\/schema\/person\/a0510aafafdf8183c95fc98faf0c9f21\"},\"breadcrumb\":{\"@id\":\"https:\/\/www.naturparkmagazin.de\/dahme-heideseen\/felis-silvestris-die-wildkatze\/#breadcrumb\"},\"inLanguage\":\"de\",\"potentialAction\":[{\"@type\":\"ReadAction\",\"target\":[\"https:\/\/www.naturparkmagazin.de\/dahme-heideseen\/felis-silvestris-die-wildkatze\/\"]}]},{\"@type\":\"BreadcrumbList\",\"@id\":\"https:\/\/www.naturparkmagazin.de\/dahme-heideseen\/felis-silvestris-die-wildkatze\/#breadcrumb\",\"itemListElement\":[{\"@type\":\"ListItem\",\"position\":1,\"name\":\"Home\",\"item\":\"https:\/\/www.naturparkmagazin.de\/dahme-heideseen\/\"},{\"@type\":\"ListItem\",\"position\":2,\"name\":\"&#8222;Felis silvestris &#8211; Die Wildkatze&#8220;\"}]},{\"@type\":\"WebSite\",\"@id\":\"https:\/\/www.naturparkmagazin.de\/dahme-heideseen\/#website\",\"url\":\"https:\/\/www.naturparkmagazin.de\/dahme-heideseen\/\",\"name\":\"Naturpark Dahme-Heideseen\",\"description\":\"\",\"potentialAction\":[{\"@type\":\"SearchAction\",\"target\":{\"@type\":\"EntryPoint\",\"urlTemplate\":\"https:\/\/www.naturparkmagazin.de\/dahme-heideseen\/?s={search_term_string}\"},\"query-input\":\"required name=search_term_string\"}],\"inLanguage\":\"de\"},{\"@type\":\"Person\",\"@id\":\"https:\/\/www.naturparkmagazin.de\/dahme-heideseen\/#\/schema\/person\/a0510aafafdf8183c95fc98faf0c9f21\",\"name\":\"Astrid Osenbr\u00fcck\",\"sameAs\":[\"http:\/\/www.dahme-heideseen-naturpark.de\"],\"url\":\"https:\/\/www.naturparkmagazin.de\/dahme-heideseen\/author\/astridosenbrueck\/\"}]}<\/script>\n<!-- \/ Yoast SEO plugin. -->","yoast_head_json":{"title":"\"Felis silvestris - Die Wildkatze\" - Naturpark Dahme-Heideseen","robots":{"index":"index","follow":"follow","max-snippet":"max-snippet:-1","max-image-preview":"max-image-preview:large","max-video-preview":"max-video-preview:-1"},"canonical":"https:\/\/www.naturparkmagazin.de\/dahme-heideseen\/felis-silvestris-die-wildkatze\/","og_locale":"de_DE","og_type":"article","og_title":"\"Felis silvestris - Die Wildkatze\" - Naturpark Dahme-Heideseen","og_description":"Ein unterhaltsames B\u00fchnenprogramm von Fr\u00e4ulein Brehm \u00fcber das Leben der Wildkatze. Gleichzeitig wird die Ausstellung \u201cWildkatzenw\u00e4lder von morgen\u201c er\u00f6ffnet.","og_url":"https:\/\/www.naturparkmagazin.de\/dahme-heideseen\/felis-silvestris-die-wildkatze\/","og_site_name":"Naturpark Dahme-Heideseen","article_published_time":"2024-08-22T07:14:08+00:00","og_image":[{"width":1096,"height":823,"url":"https:\/\/www.naturparkmagazin.de\/dahme-heideseen\/wp-content\/uploads\/sites\/37\/wildkatzenauffuehrung-d.jpg","type":"image\/jpeg"}],"author":"Astrid Osenbr\u00fcck","twitter_misc":{"Verfasst von":"Astrid Osenbr\u00fcck","Gesch\u00e4tzte Lesezeit":"2\u00a0Minuten"},"schema":{"@context":"https:\/\/schema.org","@graph":[{"@type":"WebPage","@id":"https:\/\/www.naturparkmagazin.de\/dahme-heideseen\/felis-silvestris-die-wildkatze\/","url":"https:\/\/www.naturparkmagazin.de\/dahme-heideseen\/felis-silvestris-die-wildkatze\/","name":"\"Felis silvestris - Die Wildkatze\" - Naturpark Dahme-Heideseen","isPartOf":{"@id":"https:\/\/www.naturparkmagazin.de\/dahme-heideseen\/#website"},"datePublished":"2024-08-22T07:14:08+00:00","dateModified":"2024-08-22T07:14:08+00:00","author":{"@id":"https:\/\/www.naturparkmagazin.de\/dahme-heideseen\/#\/schema\/person\/a0510aafafdf8183c95fc98faf0c9f21"},"breadcrumb":{"@id":"https:\/\/www.naturparkmagazin.de\/dahme-heideseen\/felis-silvestris-die-wildkatze\/#breadcrumb"},"inLanguage":"de","potentialAction":[{"@type":"ReadAction","target":["https:\/\/www.naturparkmagazin.de\/dahme-heideseen\/felis-silvestris-die-wildkatze\/"]}]},{"@type":"BreadcrumbList","@id":"https:\/\/www.naturparkmagazin.de\/dahme-heideseen\/felis-silvestris-die-wildkatze\/#breadcrumb","itemListElement":[{"@type":"ListItem","position":1,"name":"Home","item":"https:\/\/www.naturparkmagazin.de\/dahme-heideseen\/"},{"@type":"ListItem","position":2,"name":"&#8222;Felis silvestris &#8211; Die Wildkatze&#8220;"}]},{"@type":"WebSite","@id":"https:\/\/www.naturparkmagazin.de\/dahme-heideseen\/#website","url":"https:\/\/www.naturparkmagazin.de\/dahme-heideseen\/","name":"Naturpark Dahme-Heideseen","description":"","potentialAction":[{"@type":"SearchAction","target":{"@type":"EntryPoint","urlTemplate":"https:\/\/www.naturparkmagazin.de\/dahme-heideseen\/?s={search_term_string}"},"query-input":"required name=search_term_string"}],"inLanguage":"de"},{"@type":"Person","@id":"https:\/\/www.naturparkmagazin.de\/dahme-heideseen\/#\/schema\/person\/a0510aafafdf8183c95fc98faf0c9f21","name":"Astrid Osenbr\u00fcck","sameAs":["http:\/\/www.dahme-heideseen-naturpark.de"],"url":"https:\/\/www.naturparkmagazin.de\/dahme-heideseen\/author\/astridosenbrueck\/"}]}},"_links":{"self":[{"href":"https:\/\/www.naturparkmagazin.de\/dahme-heideseen\/wp-json\/wp\/v2\/posts\/6375"}],"collection":[{"href":"https:\/\/www.naturparkmagazin.de\/dahme-heideseen\/wp-json\/wp\/v2\/posts"}],"about":[{"href":"https:\/\/www.naturparkmagazin.de\/dahme-heideseen\/wp-json\/wp\/v2\/types\/post"}],"author":[{"embeddable":true,"href":"https:\/\/www.naturparkmagazin.de\/dahme-heideseen\/wp-json\/wp\/v2\/users\/83"}],"replies":[{"embeddable":true,"href":"https:\/\/www.naturparkmagazin.de\/dahme-heideseen\/wp-json\/wp\/v2\/comments?post=6375"}],"version-history":[{"count":1,"href":"https:\/\/www.naturparkmagazin.de\/dahme-heideseen\/wp-json\/wp\/v2\/posts\/6375\/revisions"}],"predecessor-version":[{"id":6376,"href":"https:\/\/www.naturparkmagazin.de\/dahme-heideseen\/wp-json\/wp\/v2\/posts\/6375\/revisions\/6376"}],"wp:featuredmedia":[{"embeddable":true,"href":"https:\/\/www.naturparkmagazin.de\/dahme-heideseen\/wp-json\/wp\/v2\/media\/6365"}],"wp:attachment":[{"href":"https:\/\/www.naturparkmagazin.de\/dahme-heideseen\/wp-json\/wp\/v2\/media?parent=6375"}],"wp:term":[{"taxonomy":"category","embeddable":true,"href":"https:\/\/www.naturparkmagazin.de\/dahme-heideseen\/wp-json\/wp\/v2\/categories?post=6375"},{"taxonomy":"post_tag","embeddable":true,"href":"https:\/\/www.naturparkmagazin.de\/dahme-heideseen\/wp-json\/wp\/v2\/tags?post=6375"}],"curies":[{"name":"wp","href":"https:\/\/api.w.org\/{rel}","templated":true}]}}