{"id":651,"date":"2014-08-20T13:00:31","date_gmt":"2014-08-20T11:00:31","guid":{"rendered":"http:\/\/www.naturparkmagazin.de\/dahme-heideseen\/?p=651"},"modified":"2014-08-27T15:21:15","modified_gmt":"2014-08-27T13:21:15","slug":"651","status":"publish","type":"post","link":"https:\/\/www.naturparkmagazin.de\/dahme-heideseen\/651\/","title":{"rendered":"Farbiger Denkmaltag am 14. September in Gro\u00df K\u00f6ris"},"content":{"rendered":"<p>Der diesj\u00e4hrige Europ\u00e4ische Tag des Offenen Denkmal am Sonntag, den\u00a014. September 2014, steht unter dem Themenmotto Farbe. Im Naturpark\u00a0Dahme-Heideseen gibt es hierzu in und um Gro\u00df Gro\u00df K\u00f6ris zahlreiche\u00a0Veranstaltungen und Angebote.<!--more--><\/p>\n<p>F\u00fcr die im Jahre 2010 restaurierte Christuskirche mit ihren Blumen- und Sternenornamenten gibt es wohl kaum ein besseres als das diesj\u00e4hrige Thema des Denkmaltags.<\/p>\n<p>Farbliche Besonderheiten sind die in L\u00f6pten vor hundert Jahren gefertigten erdfarbenen Tonziegel, die an mehreren Stellen in den Orten Gro\u00df- und Klein K\u00f6ris und L\u00f6pten entdeckt werden k\u00f6nnen. Die als Denkmal gesch\u00fctzte Zugbr\u00fccke wird nach ihrem Anstrich auch &#8222;Kleines Blaues Wunder&#8220; genannt. Tief dunkelgr\u00fcn steht die Backofenkiefer auf der Festwiese des Ortes. Der Wanderweg um die K\u00f6riser Heideseen und die Radtour nach Klein K\u00f6ris f\u00fchren durch sattgr\u00fcne W\u00e4lder. \u00fcber gelbe Sandschellen und vorbei an blauen Seen. In Klein K\u00f6ris zeigt der Verein Germanische Siedlung, welche Bedeutung Farbe bei unseren Vorfahren vor 2000 Jahren hatte.<\/p>\n<p>Bei dem Malwettbewerb f\u00fcr Kinder werden ganz neue Farbenspiele entstehen. Zum Abschluss werden in Gro\u00df K\u00f6ris Maulbeeren gepflanzt, die Futterpflanzen f\u00fcr die Seidenraupenzucht. Wussten Sie, dass die Wei\u00dfe Maulbeere (Morus alba) neben wei\u00dfen auch dunkelrote Fr\u00fcchte haben kann?<\/p>\n<p>Treffpunkt &amp; Infos an der Denkmal gesch\u00fctzten Christuskirche in 15746 Gro\u00df K\u00f6ris (Zugang Lindenstra\u00dfe und Seebadstra\u00dfe)<\/p>\n<div id=\"attachment_654\" style=\"width: 490px\" class=\"wp-caption aligncenter\"><a href=\"https:\/\/www.naturparkmagazin.de\/dahme-heideseen\/wp-content\/uploads\/sites\/37\/klein_christuskirche.jpg\"><img aria-describedby=\"caption-attachment-654\" decoding=\"async\" loading=\"lazy\" class=\"size-full wp-image-654\" alt=\"Denkmal gesch\u00fctzte Christuskirche in Gro\u00df K\u00f6ris\" src=\"https:\/\/www.naturparkmagazin.de\/dahme-heideseen\/wp-content\/uploads\/sites\/37\/klein_christuskirche.jpg\" width=\"480\" height=\"589\" srcset=\"https:\/\/www.naturparkmagazin.de\/dahme-heideseen\/wp-content\/uploads\/sites\/37\/klein_christuskirche.jpg 480w, https:\/\/www.naturparkmagazin.de\/dahme-heideseen\/wp-content\/uploads\/sites\/37\/klein_christuskirche-300x368.jpg 300w, https:\/\/www.naturparkmagazin.de\/dahme-heideseen\/wp-content\/uploads\/sites\/37\/klein_christuskirche-200x245.jpg 200w\" sizes=\"(max-width: 480px) 100vw, 480px\" \/><\/a><p id=\"caption-attachment-654\" class=\"wp-caption-text\">Denkmal gesch\u00fctzte Christuskirche in Gro\u00df K\u00f6ris<\/p><\/div>\n<p>&nbsp;<\/p>\n<p>Programm:<\/p>\n<p>10:00 \u2013 16:30 Besichtigung der Christuskirche (au\u00dfer beim Gottesdienst ab 14 Uhr)<\/p>\n<p>10:15 Er\u00f6ffnung Denkmaltag<\/p>\n<p>10:30 \u2013 16:30 Malwettbewerb f\u00fcr Kinder<\/p>\n<p>10:30 Gef\u00fchrter Ortsrundgang in Gro\u00df K\u00f6ris<\/p>\n<p>11:30 Radtour von Gro\u00df- nach Klein K\u00f6ris \u00fcber die L\u00f6ptener Fenne und Tonsee<\/p>\n<p>11:30 Gef\u00fchrte Wanderung zu den Heideseen \u201eRo\u00dfkardt- und G\u00fcldensee\u201c<\/p>\n<p>11:45 Geschichte der Zugbr\u00fccke<\/p>\n<p>14:00 Evangelischer Gottesdienst<\/p>\n<p>15:00 Kaffee und Kuchen<\/p>\n<p>15:30 Gef\u00fchrter Ortsrundgang in Gro\u00df K\u00f6ris<\/p>\n<p>16:30 Pflanzung von Maulbeeren<\/p>\n<p>10:00 &#8211; 17:30 Freilichtmuseum der Germanischen Siedlung in Klein K\u00f6ris<\/p>\n<div id=\"attachment_655\" style=\"width: 630px\" class=\"wp-caption aligncenter\"><a href=\"https:\/\/www.naturparkmagazin.de\/dahme-heideseen\/wp-content\/uploads\/sites\/37\/Backofenkiefer-Klein.jpg\"><img aria-describedby=\"caption-attachment-655\" decoding=\"async\" loading=\"lazy\" class=\"size-medium wp-image-655\" alt=\"Naturdenkmal Backofen-Kiefer in Gro\u00df K\u00f6ris (Foto: Sonnenberg)\" src=\"https:\/\/www.naturparkmagazin.de\/dahme-heideseen\/wp-content\/uploads\/sites\/37\/Backofenkiefer-Klein-620x411.jpg\" width=\"620\" height=\"411\" \/><\/a><p id=\"caption-attachment-655\" class=\"wp-caption-text\">Naturdenkmal Backofen-Kiefer in Gro\u00df K\u00f6ris (Foto: Sonnenberg)<\/p><\/div>\n<p><a title=\"Tourismusverband Schenkenl\u00e4ndchen\" href=\"http:\/\/www.schenkenland-tourist.de\/\" target=\"_blank\">Tourismus Schenkenl\u00e4ndchen<\/a><\/p>\n<p><a title=\"Tag des offenen Denkmals - Programm\" href=\"http:\/\/tag-des-offenen-denkmals.de\/programm\/\" target=\"_blank\">Tag des offenen Denkmals<\/a><\/p>\n<p>&nbsp;<\/p>\n","protected":false},"excerpt":{"rendered":"<p>Der diesj\u00e4hrige Europ\u00e4ische Tag des Offenen Denkmal am Sonntag, den\u00a014. September 2014, steht unter dem Themenmotto Farbe. Im Naturpark\u00a0Dahme-Heideseen gibt es hierzu in und um Gro\u00df Gro\u00df K\u00f6ris zahlreiche\u00a0Veranstaltungen und Angebote.<\/p>\n","protected":false},"author":48,"featured_media":652,"comment_status":"open","ping_status":"open","sticky":false,"template":"","format":"standard","meta":[],"categories":[11],"tags":[],"yoast_head":"<!-- This site is optimized with the Yoast SEO plugin v19.10 - https:\/\/yoast.com\/wordpress\/plugins\/seo\/ -->\n<title>Farbiger Denkmaltag am 14. September in Gro\u00df K\u00f6ris - Naturpark Dahme-Heideseen<\/title>\n<meta name=\"robots\" content=\"index, follow, max-snippet:-1, max-image-preview:large, max-video-preview:-1\" \/>\n<link rel=\"canonical\" href=\"https:\/\/www.naturparkmagazin.de\/dahme-heideseen\/651\/\" \/>\n<meta property=\"og:locale\" content=\"de_DE\" \/>\n<meta property=\"og:type\" content=\"article\" \/>\n<meta property=\"og:title\" content=\"Farbiger Denkmaltag am 14. September in Gro\u00df K\u00f6ris - Naturpark Dahme-Heideseen\" \/>\n<meta property=\"og:description\" content=\"Der diesj\u00e4hrige Europ\u00e4ische Tag des Offenen Denkmal am Sonntag, den\u00a014. September 2014, steht unter dem Themenmotto Farbe. Im Naturpark\u00a0Dahme-Heideseen gibt es hierzu in und um Gro\u00df Gro\u00df K\u00f6ris zahlreiche\u00a0Veranstaltungen und Angebote.\" \/>\n<meta property=\"og:url\" content=\"https:\/\/www.naturparkmagazin.de\/dahme-heideseen\/651\/\" \/>\n<meta property=\"og:site_name\" content=\"Naturpark Dahme-Heideseen\" \/>\n<meta property=\"article:published_time\" content=\"2014-08-20T11:00:31+00:00\" \/>\n<meta property=\"article:modified_time\" content=\"2014-08-27T13:21:15+00:00\" \/>\n<meta property=\"og:image\" content=\"https:\/\/www.naturparkmagazin.de\/dahme-heideseen\/wp-content\/uploads\/sites\/37\/DSC_0053_detail_heller.jpg\" \/>\n\t<meta property=\"og:image:width\" content=\"1168\" \/>\n\t<meta property=\"og:image:height\" content=\"1317\" \/>\n\t<meta property=\"og:image:type\" content=\"image\/jpeg\" \/>\n<meta name=\"author\" content=\"hanssonnenberg\" \/>\n<meta name=\"twitter:label1\" content=\"Verfasst von\" \/>\n\t<meta name=\"twitter:data1\" content=\"hanssonnenberg\" \/>\n\t<meta name=\"twitter:label2\" content=\"Gesch\u00e4tzte Lesezeit\" \/>\n\t<meta name=\"twitter:data2\" content=\"2\u00a0Minuten\" \/>\n<script type=\"application\/ld+json\" class=\"yoast-schema-graph\">{\"@context\":\"https:\/\/schema.org\",\"@graph\":[{\"@type\":\"WebPage\",\"@id\":\"https:\/\/www.naturparkmagazin.de\/dahme-heideseen\/651\/\",\"url\":\"https:\/\/www.naturparkmagazin.de\/dahme-heideseen\/651\/\",\"name\":\"Farbiger Denkmaltag am 14. September in Gro\u00df K\u00f6ris - Naturpark Dahme-Heideseen\",\"isPartOf\":{\"@id\":\"https:\/\/www.naturparkmagazin.de\/dahme-heideseen\/#website\"},\"datePublished\":\"2014-08-20T11:00:31+00:00\",\"dateModified\":\"2014-08-27T13:21:15+00:00\",\"author\":{\"@id\":\"https:\/\/www.naturparkmagazin.de\/dahme-heideseen\/#\/schema\/person\/c81c96c3a1f5ee7bffff8b8022c105f0\"},\"breadcrumb\":{\"@id\":\"https:\/\/www.naturparkmagazin.de\/dahme-heideseen\/651\/#breadcrumb\"},\"inLanguage\":\"de\",\"potentialAction\":[{\"@type\":\"ReadAction\",\"target\":[\"https:\/\/www.naturparkmagazin.de\/dahme-heideseen\/651\/\"]}]},{\"@type\":\"BreadcrumbList\",\"@id\":\"https:\/\/www.naturparkmagazin.de\/dahme-heideseen\/651\/#breadcrumb\",\"itemListElement\":[{\"@type\":\"ListItem\",\"position\":1,\"name\":\"Home\",\"item\":\"https:\/\/www.naturparkmagazin.de\/dahme-heideseen\/\"},{\"@type\":\"ListItem\",\"position\":2,\"name\":\"Farbiger Denkmaltag am 14. September in Gro\u00df K\u00f6ris\"}]},{\"@type\":\"WebSite\",\"@id\":\"https:\/\/www.naturparkmagazin.de\/dahme-heideseen\/#website\",\"url\":\"https:\/\/www.naturparkmagazin.de\/dahme-heideseen\/\",\"name\":\"Naturpark Dahme-Heideseen\",\"description\":\"\",\"potentialAction\":[{\"@type\":\"SearchAction\",\"target\":{\"@type\":\"EntryPoint\",\"urlTemplate\":\"https:\/\/www.naturparkmagazin.de\/dahme-heideseen\/?s={search_term_string}\"},\"query-input\":\"required name=search_term_string\"}],\"inLanguage\":\"de\"},{\"@type\":\"Person\",\"@id\":\"https:\/\/www.naturparkmagazin.de\/dahme-heideseen\/#\/schema\/person\/c81c96c3a1f5ee7bffff8b8022c105f0\",\"name\":\"hanssonnenberg\",\"url\":\"https:\/\/www.naturparkmagazin.de\/dahme-heideseen\/author\/hanssonnenberg\/\"}]}<\/script>\n<!-- \/ Yoast SEO plugin. -->","yoast_head_json":{"title":"Farbiger Denkmaltag am 14. September in Gro\u00df K\u00f6ris - Naturpark Dahme-Heideseen","robots":{"index":"index","follow":"follow","max-snippet":"max-snippet:-1","max-image-preview":"max-image-preview:large","max-video-preview":"max-video-preview:-1"},"canonical":"https:\/\/www.naturparkmagazin.de\/dahme-heideseen\/651\/","og_locale":"de_DE","og_type":"article","og_title":"Farbiger Denkmaltag am 14. September in Gro\u00df K\u00f6ris - Naturpark Dahme-Heideseen","og_description":"Der diesj\u00e4hrige Europ\u00e4ische Tag des Offenen Denkmal am Sonntag, den\u00a014. September 2014, steht unter dem Themenmotto Farbe. Im Naturpark\u00a0Dahme-Heideseen gibt es hierzu in und um Gro\u00df Gro\u00df K\u00f6ris zahlreiche\u00a0Veranstaltungen und Angebote.","og_url":"https:\/\/www.naturparkmagazin.de\/dahme-heideseen\/651\/","og_site_name":"Naturpark Dahme-Heideseen","article_published_time":"2014-08-20T11:00:31+00:00","article_modified_time":"2014-08-27T13:21:15+00:00","og_image":[{"width":1168,"height":1317,"url":"https:\/\/www.naturparkmagazin.de\/dahme-heideseen\/wp-content\/uploads\/sites\/37\/DSC_0053_detail_heller.jpg","type":"image\/jpeg"}],"author":"hanssonnenberg","twitter_misc":{"Verfasst von":"hanssonnenberg","Gesch\u00e4tzte Lesezeit":"2\u00a0Minuten"},"schema":{"@context":"https:\/\/schema.org","@graph":[{"@type":"WebPage","@id":"https:\/\/www.naturparkmagazin.de\/dahme-heideseen\/651\/","url":"https:\/\/www.naturparkmagazin.de\/dahme-heideseen\/651\/","name":"Farbiger Denkmaltag am 14. September in Gro\u00df K\u00f6ris - Naturpark Dahme-Heideseen","isPartOf":{"@id":"https:\/\/www.naturparkmagazin.de\/dahme-heideseen\/#website"},"datePublished":"2014-08-20T11:00:31+00:00","dateModified":"2014-08-27T13:21:15+00:00","author":{"@id":"https:\/\/www.naturparkmagazin.de\/dahme-heideseen\/#\/schema\/person\/c81c96c3a1f5ee7bffff8b8022c105f0"},"breadcrumb":{"@id":"https:\/\/www.naturparkmagazin.de\/dahme-heideseen\/651\/#breadcrumb"},"inLanguage":"de","potentialAction":[{"@type":"ReadAction","target":["https:\/\/www.naturparkmagazin.de\/dahme-heideseen\/651\/"]}]},{"@type":"BreadcrumbList","@id":"https:\/\/www.naturparkmagazin.de\/dahme-heideseen\/651\/#breadcrumb","itemListElement":[{"@type":"ListItem","position":1,"name":"Home","item":"https:\/\/www.naturparkmagazin.de\/dahme-heideseen\/"},{"@type":"ListItem","position":2,"name":"Farbiger Denkmaltag am 14. September in Gro\u00df K\u00f6ris"}]},{"@type":"WebSite","@id":"https:\/\/www.naturparkmagazin.de\/dahme-heideseen\/#website","url":"https:\/\/www.naturparkmagazin.de\/dahme-heideseen\/","name":"Naturpark Dahme-Heideseen","description":"","potentialAction":[{"@type":"SearchAction","target":{"@type":"EntryPoint","urlTemplate":"https:\/\/www.naturparkmagazin.de\/dahme-heideseen\/?s={search_term_string}"},"query-input":"required name=search_term_string"}],"inLanguage":"de"},{"@type":"Person","@id":"https:\/\/www.naturparkmagazin.de\/dahme-heideseen\/#\/schema\/person\/c81c96c3a1f5ee7bffff8b8022c105f0","name":"hanssonnenberg","url":"https:\/\/www.naturparkmagazin.de\/dahme-heideseen\/author\/hanssonnenberg\/"}]}},"_links":{"self":[{"href":"https:\/\/www.naturparkmagazin.de\/dahme-heideseen\/wp-json\/wp\/v2\/posts\/651"}],"collection":[{"href":"https:\/\/www.naturparkmagazin.de\/dahme-heideseen\/wp-json\/wp\/v2\/posts"}],"about":[{"href":"https:\/\/www.naturparkmagazin.de\/dahme-heideseen\/wp-json\/wp\/v2\/types\/post"}],"author":[{"embeddable":true,"href":"https:\/\/www.naturparkmagazin.de\/dahme-heideseen\/wp-json\/wp\/v2\/users\/48"}],"replies":[{"embeddable":true,"href":"https:\/\/www.naturparkmagazin.de\/dahme-heideseen\/wp-json\/wp\/v2\/comments?post=651"}],"version-history":[{"count":6,"href":"https:\/\/www.naturparkmagazin.de\/dahme-heideseen\/wp-json\/wp\/v2\/posts\/651\/revisions"}],"predecessor-version":[{"id":662,"href":"https:\/\/www.naturparkmagazin.de\/dahme-heideseen\/wp-json\/wp\/v2\/posts\/651\/revisions\/662"}],"wp:featuredmedia":[{"embeddable":true,"href":"https:\/\/www.naturparkmagazin.de\/dahme-heideseen\/wp-json\/wp\/v2\/media\/652"}],"wp:attachment":[{"href":"https:\/\/www.naturparkmagazin.de\/dahme-heideseen\/wp-json\/wp\/v2\/media?parent=651"}],"wp:term":[{"taxonomy":"category","embeddable":true,"href":"https:\/\/www.naturparkmagazin.de\/dahme-heideseen\/wp-json\/wp\/v2\/categories?post=651"},{"taxonomy":"post_tag","embeddable":true,"href":"https:\/\/www.naturparkmagazin.de\/dahme-heideseen\/wp-json\/wp\/v2\/tags?post=651"}],"curies":[{"name":"wp","href":"https:\/\/api.w.org\/{rel}","templated":true}]}}