{"id":6512,"date":"2024-09-25T11:17:29","date_gmt":"2024-09-25T09:17:29","guid":{"rendered":"https:\/\/www.naturparkmagazin.de\/dahme-heideseen\/?p=6512"},"modified":"2024-09-25T11:17:29","modified_gmt":"2024-09-25T09:17:29","slug":"herbstliche-kraeuterwanderung","status":"publish","type":"post","link":"https:\/\/www.naturparkmagazin.de\/dahme-heideseen\/herbstliche-kraeuterwanderung\/","title":{"rendered":"Herbstliche Kr\u00e4uterwanderung"},"content":{"rendered":"<p>Wir gehen durch bekannte W\u00e4lder und Fluren und entdecken hierbei die kleine, aber reichhaltige, sp\u00e4tsommerliche Naturapotheke: ob Schafgarbe, L\u00f6wenzahn, Brennnessel, Himbeerblatt u. v. m. Wir finden und bestimmen die Helferlein aus Mutter Naturs Schatzkiste und erfahren einiges \u00fcber deren Verwendung als k\u00f6stliche Wildkr\u00e4utererg\u00e4nzung unserer K\u00fcche sowie deren Anwendung zur Linderung von Alltagsbeschwerden. Wir bereiten einen einfachen Wildkr\u00e4uter-Frischk\u00e4se zu und genie\u00dfen ihn bei einem gemeinsamen kleinen Picknick.<\/p>\n<p>Treffpunkt: nach dem Bahnhof K\u00f6nigs Wusterhausen ortsausw\u00e4rts Richtung Senzig, an der gro\u00dfen Streuobstwiese mit Holzskulpturen bei den Picknick-Tischen<\/p>\n<p>Bitte mitbringen: Gef\u00e4\u00dfe zum Sammeln (z.B. kleine K\u00f6rbe, Brotpapiert\u00fcten, kleine\nPlastikt\u00fcten), Wasser (zum Kr\u00e4uterwaschen), kleines scharfes Messer, ein Brettchen, Lieblingsfrischk\u00e4se (Natur), Lieblingsbrot, ein kleines Schraubglas.\nEs empfiehlt sich, etwas zu trinken und eine Kleinigkeit zu essen mitzubringen sowie eine kleine Sitzunterlage, festes Schuhwerk und ggf. Regenkleidung. (Die Wanderung findet auch bei Nieselregen statt.)<\/p>\n<p><a href=\"https:\/\/vhs-dahme-spreewald.de\/programm\/kultur\/natur-umwelt\/kurs\/Herbstliche-Kraeuterwanderung\/Y14-839-1E\">Information und Anmeldung hier..<\/a><\/p>\n","protected":false},"excerpt":{"rendered":"<p>Wanderung mit Sophie Hauk<\/p>\n","protected":false},"author":83,"featured_media":6513,"comment_status":"open","ping_status":"open","sticky":false,"template":"","format":"standard","meta":[],"categories":[11],"tags":[],"yoast_head":"<!-- This site is optimized with the Yoast SEO plugin v19.10 - https:\/\/yoast.com\/wordpress\/plugins\/seo\/ -->\n<title>Herbstliche Kr\u00e4uterwanderung - Naturpark Dahme-Heideseen<\/title>\n<meta name=\"robots\" content=\"index, follow, max-snippet:-1, max-image-preview:large, max-video-preview:-1\" \/>\n<link rel=\"canonical\" href=\"https:\/\/www.naturparkmagazin.de\/dahme-heideseen\/herbstliche-kraeuterwanderung\/\" \/>\n<meta property=\"og:locale\" content=\"de_DE\" \/>\n<meta property=\"og:type\" content=\"article\" \/>\n<meta property=\"og:title\" content=\"Herbstliche Kr\u00e4uterwanderung - Naturpark Dahme-Heideseen\" \/>\n<meta property=\"og:description\" content=\"Wanderung mit Sophie Hauk\" \/>\n<meta property=\"og:url\" content=\"https:\/\/www.naturparkmagazin.de\/dahme-heideseen\/herbstliche-kraeuterwanderung\/\" \/>\n<meta property=\"og:site_name\" content=\"Naturpark Dahme-Heideseen\" \/>\n<meta property=\"article:published_time\" content=\"2024-09-25T09:17:29+00:00\" \/>\n<meta property=\"og:image\" content=\"https:\/\/www.naturparkmagazin.de\/dahme-heideseen\/wp-content\/uploads\/sites\/37\/branch-3846345_640.jpg\" \/>\n\t<meta property=\"og:image:width\" content=\"640\" \/>\n\t<meta property=\"og:image:height\" content=\"360\" \/>\n\t<meta property=\"og:image:type\" content=\"image\/jpeg\" \/>\n<meta name=\"author\" content=\"Astrid Osenbr\u00fcck\" \/>\n<meta name=\"twitter:label1\" content=\"Verfasst von\" \/>\n\t<meta name=\"twitter:data1\" content=\"Astrid Osenbr\u00fcck\" \/>\n\t<meta name=\"twitter:label2\" content=\"Gesch\u00e4tzte Lesezeit\" \/>\n\t<meta name=\"twitter:data2\" content=\"1\u00a0Minute\" \/>\n<script type=\"application\/ld+json\" class=\"yoast-schema-graph\">{\"@context\":\"https:\/\/schema.org\",\"@graph\":[{\"@type\":\"WebPage\",\"@id\":\"https:\/\/www.naturparkmagazin.de\/dahme-heideseen\/herbstliche-kraeuterwanderung\/\",\"url\":\"https:\/\/www.naturparkmagazin.de\/dahme-heideseen\/herbstliche-kraeuterwanderung\/\",\"name\":\"Herbstliche Kr\u00e4uterwanderung - Naturpark Dahme-Heideseen\",\"isPartOf\":{\"@id\":\"https:\/\/www.naturparkmagazin.de\/dahme-heideseen\/#website\"},\"datePublished\":\"2024-09-25T09:17:29+00:00\",\"dateModified\":\"2024-09-25T09:17:29+00:00\",\"author\":{\"@id\":\"https:\/\/www.naturparkmagazin.de\/dahme-heideseen\/#\/schema\/person\/a0510aafafdf8183c95fc98faf0c9f21\"},\"breadcrumb\":{\"@id\":\"https:\/\/www.naturparkmagazin.de\/dahme-heideseen\/herbstliche-kraeuterwanderung\/#breadcrumb\"},\"inLanguage\":\"de\",\"potentialAction\":[{\"@type\":\"ReadAction\",\"target\":[\"https:\/\/www.naturparkmagazin.de\/dahme-heideseen\/herbstliche-kraeuterwanderung\/\"]}]},{\"@type\":\"BreadcrumbList\",\"@id\":\"https:\/\/www.naturparkmagazin.de\/dahme-heideseen\/herbstliche-kraeuterwanderung\/#breadcrumb\",\"itemListElement\":[{\"@type\":\"ListItem\",\"position\":1,\"name\":\"Home\",\"item\":\"https:\/\/www.naturparkmagazin.de\/dahme-heideseen\/\"},{\"@type\":\"ListItem\",\"position\":2,\"name\":\"Herbstliche Kr\u00e4uterwanderung\"}]},{\"@type\":\"WebSite\",\"@id\":\"https:\/\/www.naturparkmagazin.de\/dahme-heideseen\/#website\",\"url\":\"https:\/\/www.naturparkmagazin.de\/dahme-heideseen\/\",\"name\":\"Naturpark Dahme-Heideseen\",\"description\":\"\",\"potentialAction\":[{\"@type\":\"SearchAction\",\"target\":{\"@type\":\"EntryPoint\",\"urlTemplate\":\"https:\/\/www.naturparkmagazin.de\/dahme-heideseen\/?s={search_term_string}\"},\"query-input\":\"required name=search_term_string\"}],\"inLanguage\":\"de\"},{\"@type\":\"Person\",\"@id\":\"https:\/\/www.naturparkmagazin.de\/dahme-heideseen\/#\/schema\/person\/a0510aafafdf8183c95fc98faf0c9f21\",\"name\":\"Astrid Osenbr\u00fcck\",\"sameAs\":[\"http:\/\/www.dahme-heideseen-naturpark.de\"],\"url\":\"https:\/\/www.naturparkmagazin.de\/dahme-heideseen\/author\/astridosenbrueck\/\"}]}<\/script>\n<!-- \/ Yoast SEO plugin. -->","yoast_head_json":{"title":"Herbstliche Kr\u00e4uterwanderung - Naturpark Dahme-Heideseen","robots":{"index":"index","follow":"follow","max-snippet":"max-snippet:-1","max-image-preview":"max-image-preview:large","max-video-preview":"max-video-preview:-1"},"canonical":"https:\/\/www.naturparkmagazin.de\/dahme-heideseen\/herbstliche-kraeuterwanderung\/","og_locale":"de_DE","og_type":"article","og_title":"Herbstliche Kr\u00e4uterwanderung - Naturpark Dahme-Heideseen","og_description":"Wanderung mit Sophie Hauk","og_url":"https:\/\/www.naturparkmagazin.de\/dahme-heideseen\/herbstliche-kraeuterwanderung\/","og_site_name":"Naturpark Dahme-Heideseen","article_published_time":"2024-09-25T09:17:29+00:00","og_image":[{"width":640,"height":360,"url":"https:\/\/www.naturparkmagazin.de\/dahme-heideseen\/wp-content\/uploads\/sites\/37\/branch-3846345_640.jpg","type":"image\/jpeg"}],"author":"Astrid Osenbr\u00fcck","twitter_misc":{"Verfasst von":"Astrid Osenbr\u00fcck","Gesch\u00e4tzte Lesezeit":"1\u00a0Minute"},"schema":{"@context":"https:\/\/schema.org","@graph":[{"@type":"WebPage","@id":"https:\/\/www.naturparkmagazin.de\/dahme-heideseen\/herbstliche-kraeuterwanderung\/","url":"https:\/\/www.naturparkmagazin.de\/dahme-heideseen\/herbstliche-kraeuterwanderung\/","name":"Herbstliche Kr\u00e4uterwanderung - Naturpark Dahme-Heideseen","isPartOf":{"@id":"https:\/\/www.naturparkmagazin.de\/dahme-heideseen\/#website"},"datePublished":"2024-09-25T09:17:29+00:00","dateModified":"2024-09-25T09:17:29+00:00","author":{"@id":"https:\/\/www.naturparkmagazin.de\/dahme-heideseen\/#\/schema\/person\/a0510aafafdf8183c95fc98faf0c9f21"},"breadcrumb":{"@id":"https:\/\/www.naturparkmagazin.de\/dahme-heideseen\/herbstliche-kraeuterwanderung\/#breadcrumb"},"inLanguage":"de","potentialAction":[{"@type":"ReadAction","target":["https:\/\/www.naturparkmagazin.de\/dahme-heideseen\/herbstliche-kraeuterwanderung\/"]}]},{"@type":"BreadcrumbList","@id":"https:\/\/www.naturparkmagazin.de\/dahme-heideseen\/herbstliche-kraeuterwanderung\/#breadcrumb","itemListElement":[{"@type":"ListItem","position":1,"name":"Home","item":"https:\/\/www.naturparkmagazin.de\/dahme-heideseen\/"},{"@type":"ListItem","position":2,"name":"Herbstliche Kr\u00e4uterwanderung"}]},{"@type":"WebSite","@id":"https:\/\/www.naturparkmagazin.de\/dahme-heideseen\/#website","url":"https:\/\/www.naturparkmagazin.de\/dahme-heideseen\/","name":"Naturpark Dahme-Heideseen","description":"","potentialAction":[{"@type":"SearchAction","target":{"@type":"EntryPoint","urlTemplate":"https:\/\/www.naturparkmagazin.de\/dahme-heideseen\/?s={search_term_string}"},"query-input":"required name=search_term_string"}],"inLanguage":"de"},{"@type":"Person","@id":"https:\/\/www.naturparkmagazin.de\/dahme-heideseen\/#\/schema\/person\/a0510aafafdf8183c95fc98faf0c9f21","name":"Astrid Osenbr\u00fcck","sameAs":["http:\/\/www.dahme-heideseen-naturpark.de"],"url":"https:\/\/www.naturparkmagazin.de\/dahme-heideseen\/author\/astridosenbrueck\/"}]}},"_links":{"self":[{"href":"https:\/\/www.naturparkmagazin.de\/dahme-heideseen\/wp-json\/wp\/v2\/posts\/6512"}],"collection":[{"href":"https:\/\/www.naturparkmagazin.de\/dahme-heideseen\/wp-json\/wp\/v2\/posts"}],"about":[{"href":"https:\/\/www.naturparkmagazin.de\/dahme-heideseen\/wp-json\/wp\/v2\/types\/post"}],"author":[{"embeddable":true,"href":"https:\/\/www.naturparkmagazin.de\/dahme-heideseen\/wp-json\/wp\/v2\/users\/83"}],"replies":[{"embeddable":true,"href":"https:\/\/www.naturparkmagazin.de\/dahme-heideseen\/wp-json\/wp\/v2\/comments?post=6512"}],"version-history":[{"count":1,"href":"https:\/\/www.naturparkmagazin.de\/dahme-heideseen\/wp-json\/wp\/v2\/posts\/6512\/revisions"}],"predecessor-version":[{"id":6514,"href":"https:\/\/www.naturparkmagazin.de\/dahme-heideseen\/wp-json\/wp\/v2\/posts\/6512\/revisions\/6514"}],"wp:featuredmedia":[{"embeddable":true,"href":"https:\/\/www.naturparkmagazin.de\/dahme-heideseen\/wp-json\/wp\/v2\/media\/6513"}],"wp:attachment":[{"href":"https:\/\/www.naturparkmagazin.de\/dahme-heideseen\/wp-json\/wp\/v2\/media?parent=6512"}],"wp:term":[{"taxonomy":"category","embeddable":true,"href":"https:\/\/www.naturparkmagazin.de\/dahme-heideseen\/wp-json\/wp\/v2\/categories?post=6512"},{"taxonomy":"post_tag","embeddable":true,"href":"https:\/\/www.naturparkmagazin.de\/dahme-heideseen\/wp-json\/wp\/v2\/tags?post=6512"}],"curies":[{"name":"wp","href":"https:\/\/api.w.org\/{rel}","templated":true}]}}