{"id":6640,"date":"2024-10-24T15:19:49","date_gmt":"2024-10-24T13:19:49","guid":{"rendered":"https:\/\/www.naturparkmagazin.de\/dahme-heideseen\/?p=6640"},"modified":"2024-10-24T15:22:12","modified_gmt":"2024-10-24T13:22:12","slug":"vortrag-und-wissenschaftliches-theater-zum-thema-wolf","status":"publish","type":"post","link":"https:\/\/www.naturparkmagazin.de\/dahme-heideseen\/vortrag-und-wissenschaftliches-theater-zum-thema-wolf\/","title":{"rendered":"Vortrag und wissenschaftliches Theater zum Thema Wolf"},"content":{"rendered":"<p>Einladung zur Abendveranstaltung &#8222;Wissenschaftliches Theater mit Fr\u00e4ulein Brehm zum Thema Wolf&#8220;:<\/p>\n<p>Fr. 29.11.24 &#8211; 18 Uhr, Burg Storkow, Gro\u00dfer Saal<\/p>\n<p>Fr\u00e4ulein Brehms Tierleben Canis lupus \u2013 Der Wolf\nWo genau und wie leben W\u00f6lfe in Deutschland? Was hat es mit den Schlagzeilen auf sich, die den Wolf der Blutr\u00fcnstigkeit bezichtigen? Das Rotk\u00e4ppchensyndrom geht um in unseren\nLanden. Bei Fr\u00e4ulein Brehm wird \u00fcber die j\u00e4hrlich stattfindende Europameisterschaft im Landschaftsleitlinienlangstreckenlauf der Caniden berichtet und w\u00f6lfische Reh-Rezepte\nvorgestellt. Fakten und wissenschaftliche Erkenntnisse gibt es gr\u00fcndlich recherchiert, poliert und auf den Punkt gebracht von Fr\u00e4ulein Brehm und ihren Kuratoren. Wie sich vor\nallem die Sch\u00e4fer und wir alle auf die neuen Mitbewohner einstellen k\u00f6nnen, damit W\u00f6lfe Schafe nicht nur nicht fressen, sondern sogar sch\u00fctzen, das erz\u00e4hlt das Fr\u00e4ulein sehr zum\nStaunen der Zuschauer \u2013 mehr wird nicht verraten!<\/p>\n<p>Gemeinsamer Austausch im Anschluss an das Theaterst\u00fcck:<\/p>\n<p>G\u00e4ste: Nico Brunkow (Naturwacht Schlaubetal); Vertreter der Gesellschaft zum Schutz der W\u00f6lfe e.V., Vertreter der Forst<\/p>\n<p>*\u00c4nderungen vorbehalten*<\/p>\n","protected":false},"excerpt":{"rendered":"<p>Einladung zur Abendveranstaltung &#8222;Wissenschaftliches Theater mit Fr\u00e4ulein Brehm&#8220; und Austauschrunde mit Wolf-Experten<\/p>\n","protected":false},"author":83,"featured_media":6671,"comment_status":"open","ping_status":"open","sticky":false,"template":"","format":"standard","meta":[],"categories":[11],"tags":[],"yoast_head":"<!-- This site is optimized with the Yoast SEO plugin v19.10 - https:\/\/yoast.com\/wordpress\/plugins\/seo\/ -->\n<title>Vortrag und wissenschaftliches Theater zum Thema Wolf - Naturpark Dahme-Heideseen<\/title>\n<meta name=\"robots\" content=\"index, follow, max-snippet:-1, max-image-preview:large, max-video-preview:-1\" \/>\n<link rel=\"canonical\" href=\"https:\/\/www.naturparkmagazin.de\/dahme-heideseen\/vortrag-und-wissenschaftliches-theater-zum-thema-wolf\/\" \/>\n<meta property=\"og:locale\" content=\"de_DE\" \/>\n<meta property=\"og:type\" content=\"article\" \/>\n<meta property=\"og:title\" content=\"Vortrag und wissenschaftliches Theater zum Thema Wolf - Naturpark Dahme-Heideseen\" \/>\n<meta property=\"og:description\" content=\"Einladung zur Abendveranstaltung &quot;Wissenschaftliches Theater mit Fr\u00e4ulein Brehm&quot; und Austauschrunde mit Wolf-Experten\" \/>\n<meta property=\"og:url\" content=\"https:\/\/www.naturparkmagazin.de\/dahme-heideseen\/vortrag-und-wissenschaftliches-theater-zum-thema-wolf\/\" \/>\n<meta property=\"og:site_name\" content=\"Naturpark Dahme-Heideseen\" \/>\n<meta property=\"article:published_time\" content=\"2024-10-24T13:19:49+00:00\" \/>\n<meta property=\"article:modified_time\" content=\"2024-10-24T13:22:12+00:00\" \/>\n<meta property=\"og:image\" content=\"https:\/\/www.naturparkmagazin.de\/dahme-heideseen\/wp-content\/uploads\/sites\/37\/wolf-1284276_640.jpg\" \/>\n\t<meta property=\"og:image:width\" content=\"640\" \/>\n\t<meta property=\"og:image:height\" content=\"427\" \/>\n\t<meta property=\"og:image:type\" content=\"image\/jpeg\" \/>\n<meta name=\"author\" content=\"Astrid Osenbr\u00fcck\" \/>\n<meta name=\"twitter:label1\" content=\"Verfasst von\" \/>\n\t<meta name=\"twitter:data1\" content=\"Astrid Osenbr\u00fcck\" \/>\n\t<meta name=\"twitter:label2\" content=\"Gesch\u00e4tzte Lesezeit\" \/>\n\t<meta name=\"twitter:data2\" content=\"1\u00a0Minute\" \/>\n<script type=\"application\/ld+json\" class=\"yoast-schema-graph\">{\"@context\":\"https:\/\/schema.org\",\"@graph\":[{\"@type\":\"WebPage\",\"@id\":\"https:\/\/www.naturparkmagazin.de\/dahme-heideseen\/vortrag-und-wissenschaftliches-theater-zum-thema-wolf\/\",\"url\":\"https:\/\/www.naturparkmagazin.de\/dahme-heideseen\/vortrag-und-wissenschaftliches-theater-zum-thema-wolf\/\",\"name\":\"Vortrag und wissenschaftliches Theater zum Thema Wolf - Naturpark Dahme-Heideseen\",\"isPartOf\":{\"@id\":\"https:\/\/www.naturparkmagazin.de\/dahme-heideseen\/#website\"},\"datePublished\":\"2024-10-24T13:19:49+00:00\",\"dateModified\":\"2024-10-24T13:22:12+00:00\",\"author\":{\"@id\":\"https:\/\/www.naturparkmagazin.de\/dahme-heideseen\/#\/schema\/person\/a0510aafafdf8183c95fc98faf0c9f21\"},\"breadcrumb\":{\"@id\":\"https:\/\/www.naturparkmagazin.de\/dahme-heideseen\/vortrag-und-wissenschaftliches-theater-zum-thema-wolf\/#breadcrumb\"},\"inLanguage\":\"de\",\"potentialAction\":[{\"@type\":\"ReadAction\",\"target\":[\"https:\/\/www.naturparkmagazin.de\/dahme-heideseen\/vortrag-und-wissenschaftliches-theater-zum-thema-wolf\/\"]}]},{\"@type\":\"BreadcrumbList\",\"@id\":\"https:\/\/www.naturparkmagazin.de\/dahme-heideseen\/vortrag-und-wissenschaftliches-theater-zum-thema-wolf\/#breadcrumb\",\"itemListElement\":[{\"@type\":\"ListItem\",\"position\":1,\"name\":\"Home\",\"item\":\"https:\/\/www.naturparkmagazin.de\/dahme-heideseen\/\"},{\"@type\":\"ListItem\",\"position\":2,\"name\":\"Vortrag und wissenschaftliches Theater zum Thema Wolf\"}]},{\"@type\":\"WebSite\",\"@id\":\"https:\/\/www.naturparkmagazin.de\/dahme-heideseen\/#website\",\"url\":\"https:\/\/www.naturparkmagazin.de\/dahme-heideseen\/\",\"name\":\"Naturpark Dahme-Heideseen\",\"description\":\"\",\"potentialAction\":[{\"@type\":\"SearchAction\",\"target\":{\"@type\":\"EntryPoint\",\"urlTemplate\":\"https:\/\/www.naturparkmagazin.de\/dahme-heideseen\/?s={search_term_string}\"},\"query-input\":\"required name=search_term_string\"}],\"inLanguage\":\"de\"},{\"@type\":\"Person\",\"@id\":\"https:\/\/www.naturparkmagazin.de\/dahme-heideseen\/#\/schema\/person\/a0510aafafdf8183c95fc98faf0c9f21\",\"name\":\"Astrid Osenbr\u00fcck\",\"sameAs\":[\"http:\/\/www.dahme-heideseen-naturpark.de\"],\"url\":\"https:\/\/www.naturparkmagazin.de\/dahme-heideseen\/author\/astridosenbrueck\/\"}]}<\/script>\n<!-- \/ Yoast SEO plugin. -->","yoast_head_json":{"title":"Vortrag und wissenschaftliches Theater zum Thema Wolf - Naturpark Dahme-Heideseen","robots":{"index":"index","follow":"follow","max-snippet":"max-snippet:-1","max-image-preview":"max-image-preview:large","max-video-preview":"max-video-preview:-1"},"canonical":"https:\/\/www.naturparkmagazin.de\/dahme-heideseen\/vortrag-und-wissenschaftliches-theater-zum-thema-wolf\/","og_locale":"de_DE","og_type":"article","og_title":"Vortrag und wissenschaftliches Theater zum Thema Wolf - Naturpark Dahme-Heideseen","og_description":"Einladung zur Abendveranstaltung \"Wissenschaftliches Theater mit Fr\u00e4ulein Brehm\" und Austauschrunde mit Wolf-Experten","og_url":"https:\/\/www.naturparkmagazin.de\/dahme-heideseen\/vortrag-und-wissenschaftliches-theater-zum-thema-wolf\/","og_site_name":"Naturpark Dahme-Heideseen","article_published_time":"2024-10-24T13:19:49+00:00","article_modified_time":"2024-10-24T13:22:12+00:00","og_image":[{"width":640,"height":427,"url":"https:\/\/www.naturparkmagazin.de\/dahme-heideseen\/wp-content\/uploads\/sites\/37\/wolf-1284276_640.jpg","type":"image\/jpeg"}],"author":"Astrid Osenbr\u00fcck","twitter_misc":{"Verfasst von":"Astrid Osenbr\u00fcck","Gesch\u00e4tzte Lesezeit":"1\u00a0Minute"},"schema":{"@context":"https:\/\/schema.org","@graph":[{"@type":"WebPage","@id":"https:\/\/www.naturparkmagazin.de\/dahme-heideseen\/vortrag-und-wissenschaftliches-theater-zum-thema-wolf\/","url":"https:\/\/www.naturparkmagazin.de\/dahme-heideseen\/vortrag-und-wissenschaftliches-theater-zum-thema-wolf\/","name":"Vortrag und wissenschaftliches Theater zum Thema Wolf - Naturpark Dahme-Heideseen","isPartOf":{"@id":"https:\/\/www.naturparkmagazin.de\/dahme-heideseen\/#website"},"datePublished":"2024-10-24T13:19:49+00:00","dateModified":"2024-10-24T13:22:12+00:00","author":{"@id":"https:\/\/www.naturparkmagazin.de\/dahme-heideseen\/#\/schema\/person\/a0510aafafdf8183c95fc98faf0c9f21"},"breadcrumb":{"@id":"https:\/\/www.naturparkmagazin.de\/dahme-heideseen\/vortrag-und-wissenschaftliches-theater-zum-thema-wolf\/#breadcrumb"},"inLanguage":"de","potentialAction":[{"@type":"ReadAction","target":["https:\/\/www.naturparkmagazin.de\/dahme-heideseen\/vortrag-und-wissenschaftliches-theater-zum-thema-wolf\/"]}]},{"@type":"BreadcrumbList","@id":"https:\/\/www.naturparkmagazin.de\/dahme-heideseen\/vortrag-und-wissenschaftliches-theater-zum-thema-wolf\/#breadcrumb","itemListElement":[{"@type":"ListItem","position":1,"name":"Home","item":"https:\/\/www.naturparkmagazin.de\/dahme-heideseen\/"},{"@type":"ListItem","position":2,"name":"Vortrag und wissenschaftliches Theater zum Thema Wolf"}]},{"@type":"WebSite","@id":"https:\/\/www.naturparkmagazin.de\/dahme-heideseen\/#website","url":"https:\/\/www.naturparkmagazin.de\/dahme-heideseen\/","name":"Naturpark Dahme-Heideseen","description":"","potentialAction":[{"@type":"SearchAction","target":{"@type":"EntryPoint","urlTemplate":"https:\/\/www.naturparkmagazin.de\/dahme-heideseen\/?s={search_term_string}"},"query-input":"required name=search_term_string"}],"inLanguage":"de"},{"@type":"Person","@id":"https:\/\/www.naturparkmagazin.de\/dahme-heideseen\/#\/schema\/person\/a0510aafafdf8183c95fc98faf0c9f21","name":"Astrid Osenbr\u00fcck","sameAs":["http:\/\/www.dahme-heideseen-naturpark.de"],"url":"https:\/\/www.naturparkmagazin.de\/dahme-heideseen\/author\/astridosenbrueck\/"}]}},"_links":{"self":[{"href":"https:\/\/www.naturparkmagazin.de\/dahme-heideseen\/wp-json\/wp\/v2\/posts\/6640"}],"collection":[{"href":"https:\/\/www.naturparkmagazin.de\/dahme-heideseen\/wp-json\/wp\/v2\/posts"}],"about":[{"href":"https:\/\/www.naturparkmagazin.de\/dahme-heideseen\/wp-json\/wp\/v2\/types\/post"}],"author":[{"embeddable":true,"href":"https:\/\/www.naturparkmagazin.de\/dahme-heideseen\/wp-json\/wp\/v2\/users\/83"}],"replies":[{"embeddable":true,"href":"https:\/\/www.naturparkmagazin.de\/dahme-heideseen\/wp-json\/wp\/v2\/comments?post=6640"}],"version-history":[{"count":2,"href":"https:\/\/www.naturparkmagazin.de\/dahme-heideseen\/wp-json\/wp\/v2\/posts\/6640\/revisions"}],"predecessor-version":[{"id":6672,"href":"https:\/\/www.naturparkmagazin.de\/dahme-heideseen\/wp-json\/wp\/v2\/posts\/6640\/revisions\/6672"}],"wp:featuredmedia":[{"embeddable":true,"href":"https:\/\/www.naturparkmagazin.de\/dahme-heideseen\/wp-json\/wp\/v2\/media\/6671"}],"wp:attachment":[{"href":"https:\/\/www.naturparkmagazin.de\/dahme-heideseen\/wp-json\/wp\/v2\/media?parent=6640"}],"wp:term":[{"taxonomy":"category","embeddable":true,"href":"https:\/\/www.naturparkmagazin.de\/dahme-heideseen\/wp-json\/wp\/v2\/categories?post=6640"},{"taxonomy":"post_tag","embeddable":true,"href":"https:\/\/www.naturparkmagazin.de\/dahme-heideseen\/wp-json\/wp\/v2\/tags?post=6640"}],"curies":[{"name":"wp","href":"https:\/\/api.w.org\/{rel}","templated":true}]}}