{"id":667,"date":"2014-08-20T14:00:55","date_gmt":"2014-08-20T12:00:55","guid":{"rendered":"http:\/\/www.naturparkmagazin.de\/dahme-heideseen\/?p=667"},"modified":"2014-08-27T15:21:03","modified_gmt":"2014-08-27T13:21:03","slug":"waldfest-hammer-am-30-august-2014","status":"publish","type":"post","link":"https:\/\/www.naturparkmagazin.de\/dahme-heideseen\/waldfest-hammer-am-30-august-2014\/","title":{"rendered":"Waldfest Hammer am 30. August 2014"},"content":{"rendered":"<p>Das Waldfest findet dieses Jahr bereits zum 10. Mal statt, so dass man schon von einer Tradition sprechen kann. Beginn ist um 12. Uhr.<\/p>\n<p><strong>Programm:<\/strong>\n12 Uhr Er\u00f6ffnung mit Jagdhornbl\u00e4sern\n13 Uhr Erl\u00e4uterungen zur Foto-Medial-Show &#8222;Gro\u00dfe und Kleine Tiere des Waldes&#8220;\n14 Uhr Islandpferde in Aktion\n15 Uhr Vorstellung Jagdhunderassen\n16 Uhr Waldwispern &#8211; eine F\u00fchrung auf der Lesef\u00e4hrte\n17 Uhr Lagerfeuer<\/p>\n<p>weitere Aktionen:\nBasteln f\u00fcr Kinder, jagdlicher Laser-Schie\u00df-Stand, Bienen- und Honigstand, Falknerei, Treckertouren, Nistkastenbauplatz, Kaffee und Kuchen, Wildprodukte, Fischr\u00e4ucherei, Wildschwein am Spie\u00df, Kletterbaum und anderes mehr.<\/p>\n<p><b>Landesforstbetrieb Brandenburg<\/b>\nAn der B 179\n15746 Gro\u00df K\u00f6ris\nTel.: +49 (0) 33765 21780<\/p>\n<p><a href=\"mailto:Obf.Hammer@affwu.brandenburg.de\">Obf.Hammer@affwu.brandenburg.de<\/a><\/p>\n<p><a title=\"Waldfest Hammer\" href=\"http:\/\/forst.brandenburg.de\/cms\/detail.php\/bb1.c.339140.de\" target=\"_blank\">Waldfest Hammer<\/a><\/p>\n<p><a href=\"https:\/\/www.naturparkmagazin.de\/dahme-heideseen\/wp-content\/uploads\/sites\/37\/Waldfest-Hammer-2014-Kopie.jpg\"><img decoding=\"async\" loading=\"lazy\" class=\"aligncenter size-full wp-image-668\" alt=\"Waldfest Hammer 2014 Kopie\" src=\"https:\/\/www.naturparkmagazin.de\/dahme-heideseen\/wp-content\/uploads\/sites\/37\/Waldfest-Hammer-2014-Kopie.jpg\" width=\"566\" height=\"800\" \/><\/a><\/p>\n","protected":false},"excerpt":{"rendered":"<p>Das Waldfest findet dieses Jahr bereits zum 10. Mal statt, so dass man schon von einer Tradition sprechen kann. Beginn ist um 12. Uhr. Programm: 12 Uhr Er\u00f6ffnung mit Jagdhornbl\u00e4sern 13 Uhr Erl\u00e4uterungen zur Foto-Medial-Show &#8222;Gro\u00dfe und Kleine Tiere des Waldes&#8220; 14 Uhr Islandpferde in Aktion 15 Uhr Vorstellung Jagdhunderassen 16 Uhr Waldwispern &#8211; eine<\/p>\n","protected":false},"author":48,"featured_media":562,"comment_status":"open","ping_status":"open","sticky":false,"template":"","format":"standard","meta":[],"categories":[11],"tags":[],"yoast_head":"<!-- This site is optimized with the Yoast SEO plugin v19.10 - https:\/\/yoast.com\/wordpress\/plugins\/seo\/ -->\n<title>Waldfest Hammer am 30. August 2014 - Naturpark Dahme-Heideseen<\/title>\n<meta name=\"robots\" content=\"index, follow, max-snippet:-1, max-image-preview:large, max-video-preview:-1\" \/>\n<link rel=\"canonical\" href=\"https:\/\/www.naturparkmagazin.de\/dahme-heideseen\/waldfest-hammer-am-30-august-2014\/\" \/>\n<meta property=\"og:locale\" content=\"de_DE\" \/>\n<meta property=\"og:type\" content=\"article\" \/>\n<meta property=\"og:title\" content=\"Waldfest Hammer am 30. August 2014 - Naturpark Dahme-Heideseen\" \/>\n<meta property=\"og:description\" content=\"Das Waldfest findet dieses Jahr bereits zum 10. Mal statt, so dass man schon von einer Tradition sprechen kann. Beginn ist um 12. Uhr. Programm: 12 Uhr Er\u00f6ffnung mit Jagdhornbl\u00e4sern 13 Uhr Erl\u00e4uterungen zur Foto-Medial-Show &#8222;Gro\u00dfe und Kleine Tiere des Waldes&#8220; 14 Uhr Islandpferde in Aktion 15 Uhr Vorstellung Jagdhunderassen 16 Uhr Waldwispern &#8211; eine\" \/>\n<meta property=\"og:url\" content=\"https:\/\/www.naturparkmagazin.de\/dahme-heideseen\/waldfest-hammer-am-30-august-2014\/\" \/>\n<meta property=\"og:site_name\" content=\"Naturpark Dahme-Heideseen\" \/>\n<meta property=\"article:published_time\" content=\"2014-08-20T12:00:55+00:00\" \/>\n<meta property=\"article:modified_time\" content=\"2014-08-27T13:21:03+00:00\" \/>\n<meta property=\"og:image\" content=\"https:\/\/www.naturparkmagazin.de\/dahme-heideseen\/wp-content\/uploads\/sites\/37\/OF-Hammer.jpg\" \/>\n\t<meta property=\"og:image:width\" content=\"1024\" \/>\n\t<meta property=\"og:image:height\" content=\"728\" \/>\n\t<meta property=\"og:image:type\" content=\"image\/jpeg\" \/>\n<meta name=\"author\" content=\"hanssonnenberg\" \/>\n<meta name=\"twitter:label1\" content=\"Verfasst von\" \/>\n\t<meta name=\"twitter:data1\" content=\"hanssonnenberg\" \/>\n\t<meta name=\"twitter:label2\" content=\"Gesch\u00e4tzte Lesezeit\" \/>\n\t<meta name=\"twitter:data2\" content=\"1\u00a0Minute\" \/>\n<script type=\"application\/ld+json\" class=\"yoast-schema-graph\">{\"@context\":\"https:\/\/schema.org\",\"@graph\":[{\"@type\":\"WebPage\",\"@id\":\"https:\/\/www.naturparkmagazin.de\/dahme-heideseen\/waldfest-hammer-am-30-august-2014\/\",\"url\":\"https:\/\/www.naturparkmagazin.de\/dahme-heideseen\/waldfest-hammer-am-30-august-2014\/\",\"name\":\"Waldfest Hammer am 30. August 2014 - Naturpark Dahme-Heideseen\",\"isPartOf\":{\"@id\":\"https:\/\/www.naturparkmagazin.de\/dahme-heideseen\/#website\"},\"datePublished\":\"2014-08-20T12:00:55+00:00\",\"dateModified\":\"2014-08-27T13:21:03+00:00\",\"author\":{\"@id\":\"https:\/\/www.naturparkmagazin.de\/dahme-heideseen\/#\/schema\/person\/c81c96c3a1f5ee7bffff8b8022c105f0\"},\"breadcrumb\":{\"@id\":\"https:\/\/www.naturparkmagazin.de\/dahme-heideseen\/waldfest-hammer-am-30-august-2014\/#breadcrumb\"},\"inLanguage\":\"de\",\"potentialAction\":[{\"@type\":\"ReadAction\",\"target\":[\"https:\/\/www.naturparkmagazin.de\/dahme-heideseen\/waldfest-hammer-am-30-august-2014\/\"]}]},{\"@type\":\"BreadcrumbList\",\"@id\":\"https:\/\/www.naturparkmagazin.de\/dahme-heideseen\/waldfest-hammer-am-30-august-2014\/#breadcrumb\",\"itemListElement\":[{\"@type\":\"ListItem\",\"position\":1,\"name\":\"Home\",\"item\":\"https:\/\/www.naturparkmagazin.de\/dahme-heideseen\/\"},{\"@type\":\"ListItem\",\"position\":2,\"name\":\"Waldfest Hammer am 30. August 2014\"}]},{\"@type\":\"WebSite\",\"@id\":\"https:\/\/www.naturparkmagazin.de\/dahme-heideseen\/#website\",\"url\":\"https:\/\/www.naturparkmagazin.de\/dahme-heideseen\/\",\"name\":\"Naturpark Dahme-Heideseen\",\"description\":\"\",\"potentialAction\":[{\"@type\":\"SearchAction\",\"target\":{\"@type\":\"EntryPoint\",\"urlTemplate\":\"https:\/\/www.naturparkmagazin.de\/dahme-heideseen\/?s={search_term_string}\"},\"query-input\":\"required name=search_term_string\"}],\"inLanguage\":\"de\"},{\"@type\":\"Person\",\"@id\":\"https:\/\/www.naturparkmagazin.de\/dahme-heideseen\/#\/schema\/person\/c81c96c3a1f5ee7bffff8b8022c105f0\",\"name\":\"hanssonnenberg\",\"url\":\"https:\/\/www.naturparkmagazin.de\/dahme-heideseen\/author\/hanssonnenberg\/\"}]}<\/script>\n<!-- \/ Yoast SEO plugin. -->","yoast_head_json":{"title":"Waldfest Hammer am 30. August 2014 - Naturpark Dahme-Heideseen","robots":{"index":"index","follow":"follow","max-snippet":"max-snippet:-1","max-image-preview":"max-image-preview:large","max-video-preview":"max-video-preview:-1"},"canonical":"https:\/\/www.naturparkmagazin.de\/dahme-heideseen\/waldfest-hammer-am-30-august-2014\/","og_locale":"de_DE","og_type":"article","og_title":"Waldfest Hammer am 30. August 2014 - Naturpark Dahme-Heideseen","og_description":"Das Waldfest findet dieses Jahr bereits zum 10. Mal statt, so dass man schon von einer Tradition sprechen kann. Beginn ist um 12. Uhr. Programm: 12 Uhr Er\u00f6ffnung mit Jagdhornbl\u00e4sern 13 Uhr Erl\u00e4uterungen zur Foto-Medial-Show &#8222;Gro\u00dfe und Kleine Tiere des Waldes&#8220; 14 Uhr Islandpferde in Aktion 15 Uhr Vorstellung Jagdhunderassen 16 Uhr Waldwispern &#8211; eine","og_url":"https:\/\/www.naturparkmagazin.de\/dahme-heideseen\/waldfest-hammer-am-30-august-2014\/","og_site_name":"Naturpark Dahme-Heideseen","article_published_time":"2014-08-20T12:00:55+00:00","article_modified_time":"2014-08-27T13:21:03+00:00","og_image":[{"width":1024,"height":728,"url":"https:\/\/www.naturparkmagazin.de\/dahme-heideseen\/wp-content\/uploads\/sites\/37\/OF-Hammer.jpg","type":"image\/jpeg"}],"author":"hanssonnenberg","twitter_misc":{"Verfasst von":"hanssonnenberg","Gesch\u00e4tzte Lesezeit":"1\u00a0Minute"},"schema":{"@context":"https:\/\/schema.org","@graph":[{"@type":"WebPage","@id":"https:\/\/www.naturparkmagazin.de\/dahme-heideseen\/waldfest-hammer-am-30-august-2014\/","url":"https:\/\/www.naturparkmagazin.de\/dahme-heideseen\/waldfest-hammer-am-30-august-2014\/","name":"Waldfest Hammer am 30. August 2014 - Naturpark Dahme-Heideseen","isPartOf":{"@id":"https:\/\/www.naturparkmagazin.de\/dahme-heideseen\/#website"},"datePublished":"2014-08-20T12:00:55+00:00","dateModified":"2014-08-27T13:21:03+00:00","author":{"@id":"https:\/\/www.naturparkmagazin.de\/dahme-heideseen\/#\/schema\/person\/c81c96c3a1f5ee7bffff8b8022c105f0"},"breadcrumb":{"@id":"https:\/\/www.naturparkmagazin.de\/dahme-heideseen\/waldfest-hammer-am-30-august-2014\/#breadcrumb"},"inLanguage":"de","potentialAction":[{"@type":"ReadAction","target":["https:\/\/www.naturparkmagazin.de\/dahme-heideseen\/waldfest-hammer-am-30-august-2014\/"]}]},{"@type":"BreadcrumbList","@id":"https:\/\/www.naturparkmagazin.de\/dahme-heideseen\/waldfest-hammer-am-30-august-2014\/#breadcrumb","itemListElement":[{"@type":"ListItem","position":1,"name":"Home","item":"https:\/\/www.naturparkmagazin.de\/dahme-heideseen\/"},{"@type":"ListItem","position":2,"name":"Waldfest Hammer am 30. August 2014"}]},{"@type":"WebSite","@id":"https:\/\/www.naturparkmagazin.de\/dahme-heideseen\/#website","url":"https:\/\/www.naturparkmagazin.de\/dahme-heideseen\/","name":"Naturpark Dahme-Heideseen","description":"","potentialAction":[{"@type":"SearchAction","target":{"@type":"EntryPoint","urlTemplate":"https:\/\/www.naturparkmagazin.de\/dahme-heideseen\/?s={search_term_string}"},"query-input":"required name=search_term_string"}],"inLanguage":"de"},{"@type":"Person","@id":"https:\/\/www.naturparkmagazin.de\/dahme-heideseen\/#\/schema\/person\/c81c96c3a1f5ee7bffff8b8022c105f0","name":"hanssonnenberg","url":"https:\/\/www.naturparkmagazin.de\/dahme-heideseen\/author\/hanssonnenberg\/"}]}},"_links":{"self":[{"href":"https:\/\/www.naturparkmagazin.de\/dahme-heideseen\/wp-json\/wp\/v2\/posts\/667"}],"collection":[{"href":"https:\/\/www.naturparkmagazin.de\/dahme-heideseen\/wp-json\/wp\/v2\/posts"}],"about":[{"href":"https:\/\/www.naturparkmagazin.de\/dahme-heideseen\/wp-json\/wp\/v2\/types\/post"}],"author":[{"embeddable":true,"href":"https:\/\/www.naturparkmagazin.de\/dahme-heideseen\/wp-json\/wp\/v2\/users\/48"}],"replies":[{"embeddable":true,"href":"https:\/\/www.naturparkmagazin.de\/dahme-heideseen\/wp-json\/wp\/v2\/comments?post=667"}],"version-history":[{"count":4,"href":"https:\/\/www.naturparkmagazin.de\/dahme-heideseen\/wp-json\/wp\/v2\/posts\/667\/revisions"}],"predecessor-version":[{"id":7294,"href":"https:\/\/www.naturparkmagazin.de\/dahme-heideseen\/wp-json\/wp\/v2\/posts\/667\/revisions\/7294"}],"wp:featuredmedia":[{"embeddable":true,"href":"https:\/\/www.naturparkmagazin.de\/dahme-heideseen\/wp-json\/wp\/v2\/media\/562"}],"wp:attachment":[{"href":"https:\/\/www.naturparkmagazin.de\/dahme-heideseen\/wp-json\/wp\/v2\/media?parent=667"}],"wp:term":[{"taxonomy":"category","embeddable":true,"href":"https:\/\/www.naturparkmagazin.de\/dahme-heideseen\/wp-json\/wp\/v2\/categories?post=667"},{"taxonomy":"post_tag","embeddable":true,"href":"https:\/\/www.naturparkmagazin.de\/dahme-heideseen\/wp-json\/wp\/v2\/tags?post=667"}],"curies":[{"name":"wp","href":"https:\/\/api.w.org\/{rel}","templated":true}]}}