{"id":6714,"date":"2024-11-26T14:58:40","date_gmt":"2024-11-26T13:58:40","guid":{"rendered":"https:\/\/www.naturparkmagazin.de\/dahme-heideseen\/?p=6714"},"modified":"2024-11-26T14:58:40","modified_gmt":"2024-11-26T13:58:40","slug":"jahrebuch-2025-ab-sofort-erhaeltlich","status":"publish","type":"post","link":"https:\/\/www.naturparkmagazin.de\/dahme-heideseen\/jahrebuch-2025-ab-sofort-erhaeltlich\/","title":{"rendered":"JahreBuch 2025 ab sofort erh\u00e4ltlich!"},"content":{"rendered":"<p>Seit nun bereits 24 Jahren begleitet das JahreBuch den Naturpark Dahme-Heideseen. Immer wieder neu, liebevoll zusammengestellt, angef\u00fcllt mit unterschiedlichsten Beitr\u00e4gen rund um Natur und Naturpark begeistert das JahreBuch die langj\u00e4hrigen und Erst-Leser gleicherma\u00dfen.<\/p>\n<p>Passend zum Thema des JahreBuchs 2025 \u201eUnser Naturpark ist bunt\u201c gl\u00e4nzt der Kalenderteil mit zur gew\u00e4hlten Monatsfarbe abgestimmten Bildern der Fotografin Marina Gerhardt. Im gelben M\u00e4rz strahlen die Winterlinge aus dem tauenden Schnee, im roten Dezember lugt das Rotkehlchen pr\u00fcfend aus reifbedeckten \u00c4sten hervor.<\/p>\n<p>Das JahreBuch 2025 kann bei der Veranstaltung zum Preis von 7 \u20ac erworben werden. Es ist ab Mitte November auch in der NABU-Gesch\u00e4ftsstelle in Prieros, im regionalen Buchhandel und weiteren regionalen Verkaufsstellen erh\u00e4ltlich.<\/p>\n<p>&nbsp;<\/p>\n<div id=\"attachment_6715\" style=\"width: 630px\" class=\"wp-caption alignnone\"><a href=\"https:\/\/www.naturparkmagazin.de\/dahme-heideseen\/wp-content\/uploads\/sites\/37\/JahreBuch_Foto-Teresa-Zeuner.jpg\"><img aria-describedby=\"caption-attachment-6715\" decoding=\"async\" loading=\"lazy\" class=\"size-medium wp-image-6715\" src=\"https:\/\/www.naturparkmagazin.de\/dahme-heideseen\/wp-content\/uploads\/sites\/37\/JahreBuch_Foto-Teresa-Zeuner-620x465.jpg\" alt=\"\" width=\"620\" height=\"465\" srcset=\"https:\/\/www.naturparkmagazin.de\/dahme-heideseen\/wp-content\/uploads\/sites\/37\/JahreBuch_Foto-Teresa-Zeuner-620x465.jpg 620w, https:\/\/www.naturparkmagazin.de\/dahme-heideseen\/wp-content\/uploads\/sites\/37\/JahreBuch_Foto-Teresa-Zeuner-940x705.jpg 940w, https:\/\/www.naturparkmagazin.de\/dahme-heideseen\/wp-content\/uploads\/sites\/37\/JahreBuch_Foto-Teresa-Zeuner-300x225.jpg 300w, https:\/\/www.naturparkmagazin.de\/dahme-heideseen\/wp-content\/uploads\/sites\/37\/JahreBuch_Foto-Teresa-Zeuner-1536x1152.jpg 1536w, https:\/\/www.naturparkmagazin.de\/dahme-heideseen\/wp-content\/uploads\/sites\/37\/JahreBuch_Foto-Teresa-Zeuner-580x435.jpg 580w, https:\/\/www.naturparkmagazin.de\/dahme-heideseen\/wp-content\/uploads\/sites\/37\/JahreBuch_Foto-Teresa-Zeuner-420x315.jpg 420w, https:\/\/www.naturparkmagazin.de\/dahme-heideseen\/wp-content\/uploads\/sites\/37\/JahreBuch_Foto-Teresa-Zeuner-180x135.jpg 180w, https:\/\/www.naturparkmagazin.de\/dahme-heideseen\/wp-content\/uploads\/sites\/37\/JahreBuch_Foto-Teresa-Zeuner-95x71.jpg 95w, https:\/\/www.naturparkmagazin.de\/dahme-heideseen\/wp-content\/uploads\/sites\/37\/JahreBuch_Foto-Teresa-Zeuner-670x503.jpg 670w, https:\/\/www.naturparkmagazin.de\/dahme-heideseen\/wp-content\/uploads\/sites\/37\/JahreBuch_Foto-Teresa-Zeuner-200x150.jpg 200w, https:\/\/www.naturparkmagazin.de\/dahme-heideseen\/wp-content\/uploads\/sites\/37\/JahreBuch_Foto-Teresa-Zeuner.jpg 2016w\" sizes=\"(max-width: 620px) 100vw, 620px\" \/><\/a><p id=\"caption-attachment-6715\" class=\"wp-caption-text\">Ankuft der neuen JahreB\u00fccher (\u00a9 Teresa Zeuner)<\/p><\/div>\n","protected":false},"excerpt":{"rendered":"<p>Das JahreBuch 2025 pr\u00e4sentiert zahlreiche Geschichten und Erlebnisse rund um den Naturpark Dahme-Heideseen, Naturschutz und bedeutende Lebensr\u00e4ume.<\/p>\n","protected":false},"author":83,"featured_media":6715,"comment_status":"open","ping_status":"open","sticky":false,"template":"","format":"standard","meta":[],"categories":[7],"tags":[],"yoast_head":"<!-- This site is optimized with the Yoast SEO plugin v19.10 - https:\/\/yoast.com\/wordpress\/plugins\/seo\/ -->\n<title>JahreBuch 2025 ab sofort erh\u00e4ltlich! - Naturpark Dahme-Heideseen<\/title>\n<meta name=\"robots\" content=\"index, follow, max-snippet:-1, max-image-preview:large, max-video-preview:-1\" \/>\n<link rel=\"canonical\" href=\"https:\/\/www.naturparkmagazin.de\/dahme-heideseen\/jahrebuch-2025-ab-sofort-erhaeltlich\/\" \/>\n<meta property=\"og:locale\" content=\"de_DE\" \/>\n<meta property=\"og:type\" content=\"article\" \/>\n<meta property=\"og:title\" content=\"JahreBuch 2025 ab sofort erh\u00e4ltlich! - Naturpark Dahme-Heideseen\" \/>\n<meta property=\"og:description\" content=\"Das JahreBuch 2025 pr\u00e4sentiert zahlreiche Geschichten und Erlebnisse rund um den Naturpark Dahme-Heideseen, Naturschutz und bedeutende Lebensr\u00e4ume.\" \/>\n<meta property=\"og:url\" content=\"https:\/\/www.naturparkmagazin.de\/dahme-heideseen\/jahrebuch-2025-ab-sofort-erhaeltlich\/\" \/>\n<meta property=\"og:site_name\" content=\"Naturpark Dahme-Heideseen\" \/>\n<meta property=\"article:published_time\" content=\"2024-11-26T13:58:40+00:00\" \/>\n<meta property=\"og:image\" content=\"https:\/\/www.naturparkmagazin.de\/dahme-heideseen\/wp-content\/uploads\/sites\/37\/JahreBuch_Foto-Teresa-Zeuner.jpg\" \/>\n\t<meta property=\"og:image:width\" content=\"2016\" \/>\n\t<meta property=\"og:image:height\" content=\"1512\" \/>\n\t<meta property=\"og:image:type\" content=\"image\/jpeg\" \/>\n<meta name=\"author\" content=\"Astrid Osenbr\u00fcck\" \/>\n<meta name=\"twitter:label1\" content=\"Verfasst von\" \/>\n\t<meta name=\"twitter:data1\" content=\"Astrid Osenbr\u00fcck\" \/>\n\t<meta name=\"twitter:label2\" content=\"Gesch\u00e4tzte Lesezeit\" \/>\n\t<meta name=\"twitter:data2\" content=\"1\u00a0Minute\" \/>\n<script type=\"application\/ld+json\" class=\"yoast-schema-graph\">{\"@context\":\"https:\/\/schema.org\",\"@graph\":[{\"@type\":\"WebPage\",\"@id\":\"https:\/\/www.naturparkmagazin.de\/dahme-heideseen\/jahrebuch-2025-ab-sofort-erhaeltlich\/\",\"url\":\"https:\/\/www.naturparkmagazin.de\/dahme-heideseen\/jahrebuch-2025-ab-sofort-erhaeltlich\/\",\"name\":\"JahreBuch 2025 ab sofort erh\u00e4ltlich! - Naturpark Dahme-Heideseen\",\"isPartOf\":{\"@id\":\"https:\/\/www.naturparkmagazin.de\/dahme-heideseen\/#website\"},\"datePublished\":\"2024-11-26T13:58:40+00:00\",\"dateModified\":\"2024-11-26T13:58:40+00:00\",\"author\":{\"@id\":\"https:\/\/www.naturparkmagazin.de\/dahme-heideseen\/#\/schema\/person\/a0510aafafdf8183c95fc98faf0c9f21\"},\"breadcrumb\":{\"@id\":\"https:\/\/www.naturparkmagazin.de\/dahme-heideseen\/jahrebuch-2025-ab-sofort-erhaeltlich\/#breadcrumb\"},\"inLanguage\":\"de\",\"potentialAction\":[{\"@type\":\"ReadAction\",\"target\":[\"https:\/\/www.naturparkmagazin.de\/dahme-heideseen\/jahrebuch-2025-ab-sofort-erhaeltlich\/\"]}]},{\"@type\":\"BreadcrumbList\",\"@id\":\"https:\/\/www.naturparkmagazin.de\/dahme-heideseen\/jahrebuch-2025-ab-sofort-erhaeltlich\/#breadcrumb\",\"itemListElement\":[{\"@type\":\"ListItem\",\"position\":1,\"name\":\"Home\",\"item\":\"https:\/\/www.naturparkmagazin.de\/dahme-heideseen\/\"},{\"@type\":\"ListItem\",\"position\":2,\"name\":\"JahreBuch 2025 ab sofort erh\u00e4ltlich!\"}]},{\"@type\":\"WebSite\",\"@id\":\"https:\/\/www.naturparkmagazin.de\/dahme-heideseen\/#website\",\"url\":\"https:\/\/www.naturparkmagazin.de\/dahme-heideseen\/\",\"name\":\"Naturpark Dahme-Heideseen\",\"description\":\"\",\"potentialAction\":[{\"@type\":\"SearchAction\",\"target\":{\"@type\":\"EntryPoint\",\"urlTemplate\":\"https:\/\/www.naturparkmagazin.de\/dahme-heideseen\/?s={search_term_string}\"},\"query-input\":\"required name=search_term_string\"}],\"inLanguage\":\"de\"},{\"@type\":\"Person\",\"@id\":\"https:\/\/www.naturparkmagazin.de\/dahme-heideseen\/#\/schema\/person\/a0510aafafdf8183c95fc98faf0c9f21\",\"name\":\"Astrid Osenbr\u00fcck\",\"sameAs\":[\"http:\/\/www.dahme-heideseen-naturpark.de\"],\"url\":\"https:\/\/www.naturparkmagazin.de\/dahme-heideseen\/author\/astridosenbrueck\/\"}]}<\/script>\n<!-- \/ Yoast SEO plugin. -->","yoast_head_json":{"title":"JahreBuch 2025 ab sofort erh\u00e4ltlich! - Naturpark Dahme-Heideseen","robots":{"index":"index","follow":"follow","max-snippet":"max-snippet:-1","max-image-preview":"max-image-preview:large","max-video-preview":"max-video-preview:-1"},"canonical":"https:\/\/www.naturparkmagazin.de\/dahme-heideseen\/jahrebuch-2025-ab-sofort-erhaeltlich\/","og_locale":"de_DE","og_type":"article","og_title":"JahreBuch 2025 ab sofort erh\u00e4ltlich! - Naturpark Dahme-Heideseen","og_description":"Das JahreBuch 2025 pr\u00e4sentiert zahlreiche Geschichten und Erlebnisse rund um den Naturpark Dahme-Heideseen, Naturschutz und bedeutende Lebensr\u00e4ume.","og_url":"https:\/\/www.naturparkmagazin.de\/dahme-heideseen\/jahrebuch-2025-ab-sofort-erhaeltlich\/","og_site_name":"Naturpark Dahme-Heideseen","article_published_time":"2024-11-26T13:58:40+00:00","og_image":[{"width":2016,"height":1512,"url":"https:\/\/www.naturparkmagazin.de\/dahme-heideseen\/wp-content\/uploads\/sites\/37\/JahreBuch_Foto-Teresa-Zeuner.jpg","type":"image\/jpeg"}],"author":"Astrid Osenbr\u00fcck","twitter_misc":{"Verfasst von":"Astrid Osenbr\u00fcck","Gesch\u00e4tzte Lesezeit":"1\u00a0Minute"},"schema":{"@context":"https:\/\/schema.org","@graph":[{"@type":"WebPage","@id":"https:\/\/www.naturparkmagazin.de\/dahme-heideseen\/jahrebuch-2025-ab-sofort-erhaeltlich\/","url":"https:\/\/www.naturparkmagazin.de\/dahme-heideseen\/jahrebuch-2025-ab-sofort-erhaeltlich\/","name":"JahreBuch 2025 ab sofort erh\u00e4ltlich! - Naturpark Dahme-Heideseen","isPartOf":{"@id":"https:\/\/www.naturparkmagazin.de\/dahme-heideseen\/#website"},"datePublished":"2024-11-26T13:58:40+00:00","dateModified":"2024-11-26T13:58:40+00:00","author":{"@id":"https:\/\/www.naturparkmagazin.de\/dahme-heideseen\/#\/schema\/person\/a0510aafafdf8183c95fc98faf0c9f21"},"breadcrumb":{"@id":"https:\/\/www.naturparkmagazin.de\/dahme-heideseen\/jahrebuch-2025-ab-sofort-erhaeltlich\/#breadcrumb"},"inLanguage":"de","potentialAction":[{"@type":"ReadAction","target":["https:\/\/www.naturparkmagazin.de\/dahme-heideseen\/jahrebuch-2025-ab-sofort-erhaeltlich\/"]}]},{"@type":"BreadcrumbList","@id":"https:\/\/www.naturparkmagazin.de\/dahme-heideseen\/jahrebuch-2025-ab-sofort-erhaeltlich\/#breadcrumb","itemListElement":[{"@type":"ListItem","position":1,"name":"Home","item":"https:\/\/www.naturparkmagazin.de\/dahme-heideseen\/"},{"@type":"ListItem","position":2,"name":"JahreBuch 2025 ab sofort erh\u00e4ltlich!"}]},{"@type":"WebSite","@id":"https:\/\/www.naturparkmagazin.de\/dahme-heideseen\/#website","url":"https:\/\/www.naturparkmagazin.de\/dahme-heideseen\/","name":"Naturpark Dahme-Heideseen","description":"","potentialAction":[{"@type":"SearchAction","target":{"@type":"EntryPoint","urlTemplate":"https:\/\/www.naturparkmagazin.de\/dahme-heideseen\/?s={search_term_string}"},"query-input":"required name=search_term_string"}],"inLanguage":"de"},{"@type":"Person","@id":"https:\/\/www.naturparkmagazin.de\/dahme-heideseen\/#\/schema\/person\/a0510aafafdf8183c95fc98faf0c9f21","name":"Astrid Osenbr\u00fcck","sameAs":["http:\/\/www.dahme-heideseen-naturpark.de"],"url":"https:\/\/www.naturparkmagazin.de\/dahme-heideseen\/author\/astridosenbrueck\/"}]}},"_links":{"self":[{"href":"https:\/\/www.naturparkmagazin.de\/dahme-heideseen\/wp-json\/wp\/v2\/posts\/6714"}],"collection":[{"href":"https:\/\/www.naturparkmagazin.de\/dahme-heideseen\/wp-json\/wp\/v2\/posts"}],"about":[{"href":"https:\/\/www.naturparkmagazin.de\/dahme-heideseen\/wp-json\/wp\/v2\/types\/post"}],"author":[{"embeddable":true,"href":"https:\/\/www.naturparkmagazin.de\/dahme-heideseen\/wp-json\/wp\/v2\/users\/83"}],"replies":[{"embeddable":true,"href":"https:\/\/www.naturparkmagazin.de\/dahme-heideseen\/wp-json\/wp\/v2\/comments?post=6714"}],"version-history":[{"count":1,"href":"https:\/\/www.naturparkmagazin.de\/dahme-heideseen\/wp-json\/wp\/v2\/posts\/6714\/revisions"}],"predecessor-version":[{"id":6716,"href":"https:\/\/www.naturparkmagazin.de\/dahme-heideseen\/wp-json\/wp\/v2\/posts\/6714\/revisions\/6716"}],"wp:featuredmedia":[{"embeddable":true,"href":"https:\/\/www.naturparkmagazin.de\/dahme-heideseen\/wp-json\/wp\/v2\/media\/6715"}],"wp:attachment":[{"href":"https:\/\/www.naturparkmagazin.de\/dahme-heideseen\/wp-json\/wp\/v2\/media?parent=6714"}],"wp:term":[{"taxonomy":"category","embeddable":true,"href":"https:\/\/www.naturparkmagazin.de\/dahme-heideseen\/wp-json\/wp\/v2\/categories?post=6714"},{"taxonomy":"post_tag","embeddable":true,"href":"https:\/\/www.naturparkmagazin.de\/dahme-heideseen\/wp-json\/wp\/v2\/tags?post=6714"}],"curies":[{"name":"wp","href":"https:\/\/api.w.org\/{rel}","templated":true}]}}