{"id":6768,"date":"2025-02-20T11:54:11","date_gmt":"2025-02-20T10:54:11","guid":{"rendered":"https:\/\/www.naturparkmagazin.de\/dahme-heideseen\/?p=6768"},"modified":"2025-02-25T11:33:26","modified_gmt":"2025-02-25T10:33:26","slug":"kroetenzaun-an-der-lebbiner-strasse-helfer-gesucht","status":"publish","type":"post","link":"https:\/\/www.naturparkmagazin.de\/dahme-heideseen\/kroetenzaun-an-der-lebbiner-strasse-helfer-gesucht\/","title":{"rendered":"Kr\u00f6tenzaun an der Lebbiner Stra\u00dfe \u2013 Helfer gesucht"},"content":{"rendered":"<p class=\"tiny_p\">Landes- und bundesweit ist ein starker R\u00fcckgang des Amphibienbestands zu verzeichnen. Auch der Naturpark Dahme-Heideseen ist davon betroffen.\nBesonders der Stra\u00dfenverkehr ist eine h\u00e4ufige Todes- und Verletzungsursache f\u00fcr wandernde Tiere. Deshalb ist es wichtig, in den Laichwanderungszeiten im Fr\u00fchling und Winter sicherzustellen, dass m\u00f6glichst viele Amphibien unbeschadet ihre Laichgew\u00e4sser erreichen.<\/p>\n<div id=\"attachment_5768\" style=\"width: 630px\" class=\"wp-caption alignnone\"><a href=\"https:\/\/www.naturparkmagazin.de\/dahme-heideseen\/wp-content\/uploads\/sites\/37\/20240207_115533_Kroetenzaun.jpg\"><img aria-describedby=\"caption-attachment-5768\" decoding=\"async\" loading=\"lazy\" class=\"size-medium wp-image-5768\" src=\"https:\/\/www.naturparkmagazin.de\/dahme-heideseen\/wp-content\/uploads\/sites\/37\/20240207_115533_Kroetenzaun-620x465.jpg\" alt=\"\" width=\"620\" height=\"465\" srcset=\"https:\/\/www.naturparkmagazin.de\/dahme-heideseen\/wp-content\/uploads\/sites\/37\/20240207_115533_Kroetenzaun-620x465.jpg 620w, https:\/\/www.naturparkmagazin.de\/dahme-heideseen\/wp-content\/uploads\/sites\/37\/20240207_115533_Kroetenzaun-940x705.jpg 940w, https:\/\/www.naturparkmagazin.de\/dahme-heideseen\/wp-content\/uploads\/sites\/37\/20240207_115533_Kroetenzaun-300x225.jpg 300w, https:\/\/www.naturparkmagazin.de\/dahme-heideseen\/wp-content\/uploads\/sites\/37\/20240207_115533_Kroetenzaun-580x435.jpg 580w, https:\/\/www.naturparkmagazin.de\/dahme-heideseen\/wp-content\/uploads\/sites\/37\/20240207_115533_Kroetenzaun-420x315.jpg 420w, https:\/\/www.naturparkmagazin.de\/dahme-heideseen\/wp-content\/uploads\/sites\/37\/20240207_115533_Kroetenzaun-180x135.jpg 180w, https:\/\/www.naturparkmagazin.de\/dahme-heideseen\/wp-content\/uploads\/sites\/37\/20240207_115533_Kroetenzaun-95x71.jpg 95w, https:\/\/www.naturparkmagazin.de\/dahme-heideseen\/wp-content\/uploads\/sites\/37\/20240207_115533_Kroetenzaun-670x503.jpg 670w, https:\/\/www.naturparkmagazin.de\/dahme-heideseen\/wp-content\/uploads\/sites\/37\/20240207_115533_Kroetenzaun-200x150.jpg 200w, https:\/\/www.naturparkmagazin.de\/dahme-heideseen\/wp-content\/uploads\/sites\/37\/20240207_115533_Kroetenzaun.jpg 1210w\" sizes=\"(max-width: 620px) 100vw, 620px\" \/><\/a><p id=\"caption-attachment-5768\" class=\"wp-caption-text\">Naturwacht Dahme-Heideseen beim Aufstellen des Kr\u00f6tenzauns (\u00a9 Carsten Preu\u00df)<\/p><\/div>\n<p class=\"tiny_p\">Am Lebbiner See in Storkow (Mark) befindet sich eines der gr\u00f6\u00dften Erdkr\u00f6tenvorkommen im Naturpark Dahme-Heideseen. Da hier im vergangenen Jahr eine hohe Anzahl \u00fcberfahrener Tiere verzeichnet wurde, soll nun mit entsprechenden Schildern und einem Amphibienzaun ein Sicherheitsbereich f\u00fcr die Erdkr\u00f6ten geschaffen werden.<\/p>\n<p class=\"tiny_p\">Zum Aufbau des Zauns w\u00fcrde sich die Naturwacht des Naturparks Dahme-Heideseen \u00fcber freiwillige Helfer freuen.<\/p>\n<p class=\"tiny_p\">Der Amphibienzaun wird am Sonntag, den 02.03.2025 errichtet (Abbau Mitte April 2025 durch die Naturwacht).<\/p>\n<p class=\"tiny_p\">Spaten, Schaufeln und Harken sind in begrenzter Zahl vorhanden, k\u00f6nnen aber zus\u00e4tzlich von den Helfenden mitgebracht werden. Es sollte Kleidung getragen werden, die schmutzig werden darf.<\/p>\n<p class=\"tiny_p\">Der Einsatz startet um 9 Uhr und endet um 12 Uhr.<\/p>\n<p class=\"tiny_p\">Der Treffpunkt ist an der Lebbiner Stra\u00dfe bei der Abzweigung zur Kl\u00e4ranlage.<\/p>\n<p>&nbsp;<\/p>\n<p>!Bei Bodenfrost muss der Aufbau verschoben werden. Bitte melden Sie sich f\u00fcr den Einsatz bei der Naturwacht Dahme-Heideseen an!<\/p>\n<p>&nbsp;<\/p>\n<p>Anmeldung &amp; Informationen:<\/p>\n<p class=\"tiny_p\">Naturwacht Brandenburg \u00a0\u2013 Mittler*innen zwischen Mensch und Natur\nArnold-Breithor-Stra\u00dfe 8\n15754 Heidesee\nTel 033768 \/ 50 11 8\n<a href=\"http:\/\/www.naturwacht.de\" target=\"_blank\" rel=\"noopener\">www.naturwacht.de<\/a><\/p>\n","protected":false},"excerpt":{"rendered":"<p>Zum Aufbau des Zauns w\u00fcrde sich die Naturwacht des Naturparks Dahme-Heideseen \u00fcber freiwillige Helfer freuen.<\/p>\n","protected":false},"author":83,"featured_media":5768,"comment_status":"open","ping_status":"open","sticky":false,"template":"","format":"standard","meta":[],"categories":[11],"tags":[],"yoast_head":"<!-- This site is optimized with the Yoast SEO plugin v19.10 - https:\/\/yoast.com\/wordpress\/plugins\/seo\/ -->\n<title>Kr\u00f6tenzaun an der Lebbiner Stra\u00dfe \u2013 Helfer gesucht - Naturpark Dahme-Heideseen<\/title>\n<meta name=\"robots\" content=\"index, follow, max-snippet:-1, max-image-preview:large, max-video-preview:-1\" \/>\n<link rel=\"canonical\" href=\"https:\/\/www.naturparkmagazin.de\/dahme-heideseen\/kroetenzaun-an-der-lebbiner-strasse-helfer-gesucht\/\" \/>\n<meta property=\"og:locale\" content=\"de_DE\" \/>\n<meta property=\"og:type\" content=\"article\" \/>\n<meta property=\"og:title\" content=\"Kr\u00f6tenzaun an der Lebbiner Stra\u00dfe \u2013 Helfer gesucht - Naturpark Dahme-Heideseen\" \/>\n<meta property=\"og:description\" content=\"Zum Aufbau des Zauns w\u00fcrde sich die Naturwacht des Naturparks Dahme-Heideseen \u00fcber freiwillige Helfer freuen.\" \/>\n<meta property=\"og:url\" content=\"https:\/\/www.naturparkmagazin.de\/dahme-heideseen\/kroetenzaun-an-der-lebbiner-strasse-helfer-gesucht\/\" \/>\n<meta property=\"og:site_name\" content=\"Naturpark Dahme-Heideseen\" \/>\n<meta property=\"article:published_time\" content=\"2025-02-20T10:54:11+00:00\" \/>\n<meta property=\"article:modified_time\" content=\"2025-02-25T10:33:26+00:00\" \/>\n<meta property=\"og:image\" content=\"https:\/\/www.naturparkmagazin.de\/dahme-heideseen\/wp-content\/uploads\/sites\/37\/20240207_115533_Kroetenzaun.jpg\" \/>\n\t<meta property=\"og:image:width\" content=\"1210\" \/>\n\t<meta property=\"og:image:height\" content=\"908\" \/>\n\t<meta property=\"og:image:type\" content=\"image\/jpeg\" \/>\n<meta name=\"author\" content=\"Astrid Osenbr\u00fcck\" \/>\n<meta name=\"twitter:label1\" content=\"Verfasst von\" \/>\n\t<meta name=\"twitter:data1\" content=\"Astrid Osenbr\u00fcck\" \/>\n\t<meta name=\"twitter:label2\" content=\"Gesch\u00e4tzte Lesezeit\" \/>\n\t<meta name=\"twitter:data2\" content=\"2\u00a0Minuten\" \/>\n<script type=\"application\/ld+json\" class=\"yoast-schema-graph\">{\"@context\":\"https:\/\/schema.org\",\"@graph\":[{\"@type\":\"WebPage\",\"@id\":\"https:\/\/www.naturparkmagazin.de\/dahme-heideseen\/kroetenzaun-an-der-lebbiner-strasse-helfer-gesucht\/\",\"url\":\"https:\/\/www.naturparkmagazin.de\/dahme-heideseen\/kroetenzaun-an-der-lebbiner-strasse-helfer-gesucht\/\",\"name\":\"Kr\u00f6tenzaun an der Lebbiner Stra\u00dfe \u2013 Helfer gesucht - Naturpark Dahme-Heideseen\",\"isPartOf\":{\"@id\":\"https:\/\/www.naturparkmagazin.de\/dahme-heideseen\/#website\"},\"datePublished\":\"2025-02-20T10:54:11+00:00\",\"dateModified\":\"2025-02-25T10:33:26+00:00\",\"author\":{\"@id\":\"https:\/\/www.naturparkmagazin.de\/dahme-heideseen\/#\/schema\/person\/a0510aafafdf8183c95fc98faf0c9f21\"},\"breadcrumb\":{\"@id\":\"https:\/\/www.naturparkmagazin.de\/dahme-heideseen\/kroetenzaun-an-der-lebbiner-strasse-helfer-gesucht\/#breadcrumb\"},\"inLanguage\":\"de\",\"potentialAction\":[{\"@type\":\"ReadAction\",\"target\":[\"https:\/\/www.naturparkmagazin.de\/dahme-heideseen\/kroetenzaun-an-der-lebbiner-strasse-helfer-gesucht\/\"]}]},{\"@type\":\"BreadcrumbList\",\"@id\":\"https:\/\/www.naturparkmagazin.de\/dahme-heideseen\/kroetenzaun-an-der-lebbiner-strasse-helfer-gesucht\/#breadcrumb\",\"itemListElement\":[{\"@type\":\"ListItem\",\"position\":1,\"name\":\"Home\",\"item\":\"https:\/\/www.naturparkmagazin.de\/dahme-heideseen\/\"},{\"@type\":\"ListItem\",\"position\":2,\"name\":\"Kr\u00f6tenzaun an der Lebbiner Stra\u00dfe \u2013 Helfer gesucht\"}]},{\"@type\":\"WebSite\",\"@id\":\"https:\/\/www.naturparkmagazin.de\/dahme-heideseen\/#website\",\"url\":\"https:\/\/www.naturparkmagazin.de\/dahme-heideseen\/\",\"name\":\"Naturpark Dahme-Heideseen\",\"description\":\"\",\"potentialAction\":[{\"@type\":\"SearchAction\",\"target\":{\"@type\":\"EntryPoint\",\"urlTemplate\":\"https:\/\/www.naturparkmagazin.de\/dahme-heideseen\/?s={search_term_string}\"},\"query-input\":\"required name=search_term_string\"}],\"inLanguage\":\"de\"},{\"@type\":\"Person\",\"@id\":\"https:\/\/www.naturparkmagazin.de\/dahme-heideseen\/#\/schema\/person\/a0510aafafdf8183c95fc98faf0c9f21\",\"name\":\"Astrid Osenbr\u00fcck\",\"sameAs\":[\"http:\/\/www.dahme-heideseen-naturpark.de\"],\"url\":\"https:\/\/www.naturparkmagazin.de\/dahme-heideseen\/author\/astridosenbrueck\/\"}]}<\/script>\n<!-- \/ Yoast SEO plugin. -->","yoast_head_json":{"title":"Kr\u00f6tenzaun an der Lebbiner Stra\u00dfe \u2013 Helfer gesucht - Naturpark Dahme-Heideseen","robots":{"index":"index","follow":"follow","max-snippet":"max-snippet:-1","max-image-preview":"max-image-preview:large","max-video-preview":"max-video-preview:-1"},"canonical":"https:\/\/www.naturparkmagazin.de\/dahme-heideseen\/kroetenzaun-an-der-lebbiner-strasse-helfer-gesucht\/","og_locale":"de_DE","og_type":"article","og_title":"Kr\u00f6tenzaun an der Lebbiner Stra\u00dfe \u2013 Helfer gesucht - Naturpark Dahme-Heideseen","og_description":"Zum Aufbau des Zauns w\u00fcrde sich die Naturwacht des Naturparks Dahme-Heideseen \u00fcber freiwillige Helfer freuen.","og_url":"https:\/\/www.naturparkmagazin.de\/dahme-heideseen\/kroetenzaun-an-der-lebbiner-strasse-helfer-gesucht\/","og_site_name":"Naturpark Dahme-Heideseen","article_published_time":"2025-02-20T10:54:11+00:00","article_modified_time":"2025-02-25T10:33:26+00:00","og_image":[{"width":1210,"height":908,"url":"https:\/\/www.naturparkmagazin.de\/dahme-heideseen\/wp-content\/uploads\/sites\/37\/20240207_115533_Kroetenzaun.jpg","type":"image\/jpeg"}],"author":"Astrid Osenbr\u00fcck","twitter_misc":{"Verfasst von":"Astrid Osenbr\u00fcck","Gesch\u00e4tzte Lesezeit":"2\u00a0Minuten"},"schema":{"@context":"https:\/\/schema.org","@graph":[{"@type":"WebPage","@id":"https:\/\/www.naturparkmagazin.de\/dahme-heideseen\/kroetenzaun-an-der-lebbiner-strasse-helfer-gesucht\/","url":"https:\/\/www.naturparkmagazin.de\/dahme-heideseen\/kroetenzaun-an-der-lebbiner-strasse-helfer-gesucht\/","name":"Kr\u00f6tenzaun an der Lebbiner Stra\u00dfe \u2013 Helfer gesucht - Naturpark Dahme-Heideseen","isPartOf":{"@id":"https:\/\/www.naturparkmagazin.de\/dahme-heideseen\/#website"},"datePublished":"2025-02-20T10:54:11+00:00","dateModified":"2025-02-25T10:33:26+00:00","author":{"@id":"https:\/\/www.naturparkmagazin.de\/dahme-heideseen\/#\/schema\/person\/a0510aafafdf8183c95fc98faf0c9f21"},"breadcrumb":{"@id":"https:\/\/www.naturparkmagazin.de\/dahme-heideseen\/kroetenzaun-an-der-lebbiner-strasse-helfer-gesucht\/#breadcrumb"},"inLanguage":"de","potentialAction":[{"@type":"ReadAction","target":["https:\/\/www.naturparkmagazin.de\/dahme-heideseen\/kroetenzaun-an-der-lebbiner-strasse-helfer-gesucht\/"]}]},{"@type":"BreadcrumbList","@id":"https:\/\/www.naturparkmagazin.de\/dahme-heideseen\/kroetenzaun-an-der-lebbiner-strasse-helfer-gesucht\/#breadcrumb","itemListElement":[{"@type":"ListItem","position":1,"name":"Home","item":"https:\/\/www.naturparkmagazin.de\/dahme-heideseen\/"},{"@type":"ListItem","position":2,"name":"Kr\u00f6tenzaun an der Lebbiner Stra\u00dfe \u2013 Helfer gesucht"}]},{"@type":"WebSite","@id":"https:\/\/www.naturparkmagazin.de\/dahme-heideseen\/#website","url":"https:\/\/www.naturparkmagazin.de\/dahme-heideseen\/","name":"Naturpark Dahme-Heideseen","description":"","potentialAction":[{"@type":"SearchAction","target":{"@type":"EntryPoint","urlTemplate":"https:\/\/www.naturparkmagazin.de\/dahme-heideseen\/?s={search_term_string}"},"query-input":"required name=search_term_string"}],"inLanguage":"de"},{"@type":"Person","@id":"https:\/\/www.naturparkmagazin.de\/dahme-heideseen\/#\/schema\/person\/a0510aafafdf8183c95fc98faf0c9f21","name":"Astrid Osenbr\u00fcck","sameAs":["http:\/\/www.dahme-heideseen-naturpark.de"],"url":"https:\/\/www.naturparkmagazin.de\/dahme-heideseen\/author\/astridosenbrueck\/"}]}},"_links":{"self":[{"href":"https:\/\/www.naturparkmagazin.de\/dahme-heideseen\/wp-json\/wp\/v2\/posts\/6768"}],"collection":[{"href":"https:\/\/www.naturparkmagazin.de\/dahme-heideseen\/wp-json\/wp\/v2\/posts"}],"about":[{"href":"https:\/\/www.naturparkmagazin.de\/dahme-heideseen\/wp-json\/wp\/v2\/types\/post"}],"author":[{"embeddable":true,"href":"https:\/\/www.naturparkmagazin.de\/dahme-heideseen\/wp-json\/wp\/v2\/users\/83"}],"replies":[{"embeddable":true,"href":"https:\/\/www.naturparkmagazin.de\/dahme-heideseen\/wp-json\/wp\/v2\/comments?post=6768"}],"version-history":[{"count":6,"href":"https:\/\/www.naturparkmagazin.de\/dahme-heideseen\/wp-json\/wp\/v2\/posts\/6768\/revisions"}],"predecessor-version":[{"id":6900,"href":"https:\/\/www.naturparkmagazin.de\/dahme-heideseen\/wp-json\/wp\/v2\/posts\/6768\/revisions\/6900"}],"wp:featuredmedia":[{"embeddable":true,"href":"https:\/\/www.naturparkmagazin.de\/dahme-heideseen\/wp-json\/wp\/v2\/media\/5768"}],"wp:attachment":[{"href":"https:\/\/www.naturparkmagazin.de\/dahme-heideseen\/wp-json\/wp\/v2\/media?parent=6768"}],"wp:term":[{"taxonomy":"category","embeddable":true,"href":"https:\/\/www.naturparkmagazin.de\/dahme-heideseen\/wp-json\/wp\/v2\/categories?post=6768"},{"taxonomy":"post_tag","embeddable":true,"href":"https:\/\/www.naturparkmagazin.de\/dahme-heideseen\/wp-json\/wp\/v2\/tags?post=6768"}],"curies":[{"name":"wp","href":"https:\/\/api.w.org\/{rel}","templated":true}]}}