{"id":6787,"date":"2025-01-19T12:51:36","date_gmt":"2025-01-19T11:51:36","guid":{"rendered":"https:\/\/www.naturparkmagazin.de\/dahme-heideseen\/?p=6787"},"modified":"2025-01-29T12:51:59","modified_gmt":"2025-01-29T11:51:59","slug":"naturpark-dahme-heideseen-startet-wildkatzenmonitoring-2","status":"publish","type":"post","link":"https:\/\/www.naturparkmagazin.de\/dahme-heideseen\/naturpark-dahme-heideseen-startet-wildkatzenmonitoring-2\/","title":{"rendered":"Naturpark Dahme-Heideseen startet Wildkatzenmonitoring"},"content":{"rendered":"<p>Im Naturpark Dahme-Heideseen wird in diesem Jahr das Wildkatzenmonitoring zum vierten Mal durchgef\u00fchrt. Um der scheuen Wildkatze auf die Spur zu kommen, kontrollieren die Rangerinnen und Ranger des Naturparks Dahme-Heideseen jetzt bis Anfang April die Lockst\u00f6cke.\u00a0Parallel dazu\u00a0wird bis 17. April die Ausstellung \u201cWildkatzenw\u00e4lder von morgen\u201c im Infopunkt des Naturparks in Prieros gezeigt.<\/p>\n<p>W\u00e4hrend sich noch viele Tiere im wohlverdienten Winterschlaf befinden, werden die Wildkatzen schon aktiv. Das ist der richtige Zeitpunkt f\u00fcr das Wildkatzenmonitoring.\u00a0Wer in n\u00e4chster Zeit in den W\u00e4ldern des Naturparks einen nummerierten Stock im Waldboden sieht, sollte diesen daher stecken lassen. Denn nicht die Menschen sollen sich an den &#8222;Lockst\u00f6cken&#8220; zu schaffen machen, sondern Wildkatzen.<\/p>\n<p>Die Lockst\u00f6cke werden mit einer Baldrian-L\u00f6sung bespr\u00fcht. Von dem Baldrian Geruch angelockt reiben sich die scheuen Tiere an dem Stock. Die Haare, die so am rauen Holz h\u00e4ngen bleiben, k\u00f6nnen mit einer Pinzette eingesammelt und dann im Labor untersucht werden. Mit dieser Methode werden die Tiere nicht in ihrem nat\u00fcrlichen Verhalten beeinflusst. Einmal pro Woche werden jetzt die Lockst\u00f6cke zwischen Briesen und M\u00e4rkisch Buchholz auf Haare untersucht. Wenn Haare gefunden werden, gehen diese zur genetischen Analyse zur Senckenberg Gesellschaft f\u00fcr Naturforschung.<\/p>\n<p>Anfang 2018 konnte der BUND Brandenburg erstmalig seit \u00fcber 100 Jahren wieder eine Wildkatze in Brandenburg sicher nachweisen. Der Nachweis erfolgte anhand einer bei Kummerdorf Gut (Landkreis Teltow-Fl\u00e4ming) gefundenen \u00fcberfahrenden Katze. Bis dahin hatte es im gesamten Nordosten Deutschlands noch keine eindeutigen Nachweise der seltenen Tierart gegeben.<\/p>\n<p>Seitdem wurden durch die Naturwacht weitere Wildkatzen im Hohen Fl\u00e4ming gefunden, 2023 sogar der erste Wildkatzen-Nachwuchs im Land Brandenburg. Auch im Nachbar-Naturpark Nuthe-Nieplitz konnten im Wildnisgebiet J\u00fcterbog Wildkatzen nachgewiesen werden. Im letzten Jahr gab es einen Wildkatzennachweis im Unterspreewald \u2013 deutlich \u00f6stlicher, als es fr\u00fchere Nachweise vermuten lie\u00dfen.<\/p>\n<p>Mit dem Monitoring soll festgestellt werden, ob es sich um mehr als um wenige Einzelfunde handelt. Die Naturparkverwaltung hofft in diesem Jahr auf einen Erstnachweis im Naturpark Dahme-Heideseen. Ziel ist es, die Ergebnisse zu nutzen, um sinnvolle Schutzma\u00dfnahmen zu realisieren. Insbesondere k\u00f6nnen geeignete Waldlebensr\u00e4ume miteinander verbunden werden um sogenannte &#8222;Wildkatzenkorridore&#8220; zu schaffen, die die Ausbreitung der Wildkatze besser erm\u00f6glichen.<\/p>\n<p>Parallel zum Monitoring wird bis 17. April 2025 die Ausstellung \u201cWildkatzenw\u00e4lder von morgen\u201c im Infopunkt des Naturparks gezeigt. Der Infopunkt befindet sich in der Arnold-Breithor-Stra\u00dfe 8 in 15754\u00a0Heidesee, OT Prieros. Der Naturpark bittet f\u00fcr den Ausstellungsbesuch um Anmeldung per E-Mail an NP-Dahme-Heideseen(at)LfU.Brandenburg(dot)de oder unter der Telefonnummer 033768\/ 969-0.<\/p>\n<div id=\"attachment_6755\" style=\"width: 630px\" class=\"wp-caption alignnone\"><a href=\"https:\/\/www.naturparkmagazin.de\/dahme-heideseen\/wp-content\/uploads\/sites\/37\/wildkatzenmonitoring-2025-m.jpg\"><img aria-describedby=\"caption-attachment-6755\" decoding=\"async\" loading=\"lazy\" class=\"size-medium wp-image-6755\" src=\"https:\/\/www.naturparkmagazin.de\/dahme-heideseen\/wp-content\/uploads\/sites\/37\/wildkatzenmonitoring-2025-m-620x465.jpg\" alt=\"\" width=\"620\" height=\"465\" srcset=\"https:\/\/www.naturparkmagazin.de\/dahme-heideseen\/wp-content\/uploads\/sites\/37\/wildkatzenmonitoring-2025-m-620x465.jpg 620w, https:\/\/www.naturparkmagazin.de\/dahme-heideseen\/wp-content\/uploads\/sites\/37\/wildkatzenmonitoring-2025-m-940x705.jpg 940w, https:\/\/www.naturparkmagazin.de\/dahme-heideseen\/wp-content\/uploads\/sites\/37\/wildkatzenmonitoring-2025-m-300x225.jpg 300w, https:\/\/www.naturparkmagazin.de\/dahme-heideseen\/wp-content\/uploads\/sites\/37\/wildkatzenmonitoring-2025-m-580x435.jpg 580w, https:\/\/www.naturparkmagazin.de\/dahme-heideseen\/wp-content\/uploads\/sites\/37\/wildkatzenmonitoring-2025-m-420x315.jpg 420w, https:\/\/www.naturparkmagazin.de\/dahme-heideseen\/wp-content\/uploads\/sites\/37\/wildkatzenmonitoring-2025-m-180x135.jpg 180w, https:\/\/www.naturparkmagazin.de\/dahme-heideseen\/wp-content\/uploads\/sites\/37\/wildkatzenmonitoring-2025-m-95x71.jpg 95w, https:\/\/www.naturparkmagazin.de\/dahme-heideseen\/wp-content\/uploads\/sites\/37\/wildkatzenmonitoring-2025-m-670x503.jpg 670w, https:\/\/www.naturparkmagazin.de\/dahme-heideseen\/wp-content\/uploads\/sites\/37\/wildkatzenmonitoring-2025-m-200x150.jpg 200w, https:\/\/www.naturparkmagazin.de\/dahme-heideseen\/wp-content\/uploads\/sites\/37\/wildkatzenmonitoring-2025-m.jpg 1100w\" sizes=\"(max-width: 620px) 100vw, 620px\" \/><\/a><p id=\"caption-attachment-6755\" class=\"wp-caption-text\">Wildkatzen Monitoring im Naturpark gestartet (\u00a9 Carsten Preu\u00df)<\/p><\/div>\n<p class=\"text-justify\"><u>Hintergrundinformationen zur Wildkatze<\/u><\/p>\n<p>Der typische Lebensraum f\u00fcr Wildkatzen in Mitteleuropa sind naturnahe Waldgebiete.\u00a0<i>Felis silvestris<\/i>, so der wissenschaftlicheName, nutzt Totholzansammlungen, umgest\u00fcrzte Wurzelteller, Baumh\u00f6hlen, Tierbaue, Dickichte sowie alte Bunkeranlagen als Ruhe- oder Wurfpl\u00e4tze. Offene Fl\u00e4chen wie Lichtungen, Windwurffl\u00e4chen, steinige Halden, Walds\u00e4ume, Wiesen und Felder sind ebenso wichtig, denn sie dienen als Nahrungsgebiete. Die Hauptnahrung machen dabei Kleins\u00e4uger aus.<\/p>\n<p>Wildkatzen sind von der Zerschneidung der Waldlebensr\u00e4ume durch Stra\u00dfen, Siedlungen und ausger\u00e4umte Agrarfl\u00e4chen besonders betroffen. In den letzten Jahren konnte die Wildkatze Teile ihres urspr\u00fcnglichen Verbreitungsgebietes wieder besiedeln. Ihre R\u00fcckkehr ist eine Erfolgsgeschichte des Artenschutzes. In Deutschland gibt es nach Sch\u00e4tzungen 6.000 bis 8.000 Wildkatzen.<\/p>\n<p>Wildkatzenvorkommen an den R\u00e4ndern des Verbreitungsgebietes sind jedoch h\u00e4ufig noch instabil und k\u00f6nnen durch Stra\u00dfentod, Krankheiten und Wetterextreme schnell wieder erl\u00f6schen. So wurde auch das bei Kummersdorf-Gut im Landkreis Teltow-Fl\u00e4ming entdeckte Wildkatzenweibchen \u00fcberfahren aufgefunden.<\/p>\n<p>Die Europ\u00e4ische Wildkatze stammt nicht von verwilderten Hauskatzen ab. Sie streifte schon durch unsere W\u00e4lder, lange bevor die R\u00f6mer die ersten Hauskatzen \u00fcber die Alpen brachten. Das Verbreitungsgebiet der Wildkatze erstreckte sich noch bis ins 20. Jahrhundert hinein fast \u00fcber den ganzen Kontinent. Heute z\u00e4hlt die Wildkatze bei uns zu den gef\u00e4hrdeten Arten.<\/p>\n","protected":false},"excerpt":{"rendered":"<p>Im Naturpark Dahme-Heideseen wird in diesem Jahr das Wildkatzenmonitoring zum vierten Mal durchgef\u00fchrt. Um der scheuen Wildkatze auf die Spur zu kommen, kontrollieren die Rangerinnen und Ranger des Naturparks Dahme-Heideseen jetzt bis Anfang April die Lockst\u00f6cke. Parallel dazu wird bis 17. April die Ausstellung \u201cWildkatzenw\u00e4lder von morgen\u201c im Infopunkt des Naturparks in Prieros gezeigt.<\/p>\n","protected":false},"author":83,"featured_media":6755,"comment_status":"open","ping_status":"open","sticky":false,"template":"","format":"standard","meta":[],"categories":[7],"tags":[],"yoast_head":"<!-- This site is optimized with the Yoast SEO plugin v19.10 - https:\/\/yoast.com\/wordpress\/plugins\/seo\/ -->\n<title>Naturpark Dahme-Heideseen startet Wildkatzenmonitoring - Naturpark Dahme-Heideseen<\/title>\n<meta name=\"robots\" content=\"index, follow, max-snippet:-1, max-image-preview:large, max-video-preview:-1\" \/>\n<link rel=\"canonical\" href=\"https:\/\/www.naturparkmagazin.de\/dahme-heideseen\/naturpark-dahme-heideseen-startet-wildkatzenmonitoring-2\/\" \/>\n<meta property=\"og:locale\" content=\"de_DE\" \/>\n<meta property=\"og:type\" content=\"article\" \/>\n<meta property=\"og:title\" content=\"Naturpark Dahme-Heideseen startet Wildkatzenmonitoring - Naturpark Dahme-Heideseen\" \/>\n<meta property=\"og:description\" content=\"Im Naturpark Dahme-Heideseen wird in diesem Jahr das Wildkatzenmonitoring zum vierten Mal durchgef\u00fchrt. Um der scheuen Wildkatze auf die Spur zu kommen, kontrollieren die Rangerinnen und Ranger des Naturparks Dahme-Heideseen jetzt bis Anfang April die Lockst\u00f6cke. Parallel dazu wird bis 17. April die Ausstellung \u201cWildkatzenw\u00e4lder von morgen\u201c im Infopunkt des Naturparks in Prieros gezeigt.\" \/>\n<meta property=\"og:url\" content=\"https:\/\/www.naturparkmagazin.de\/dahme-heideseen\/naturpark-dahme-heideseen-startet-wildkatzenmonitoring-2\/\" \/>\n<meta property=\"og:site_name\" content=\"Naturpark Dahme-Heideseen\" \/>\n<meta property=\"article:published_time\" content=\"2025-01-19T11:51:36+00:00\" \/>\n<meta property=\"article:modified_time\" content=\"2025-01-29T11:51:59+00:00\" \/>\n<meta property=\"og:image\" content=\"https:\/\/www.naturparkmagazin.de\/dahme-heideseen\/wp-content\/uploads\/sites\/37\/wildkatzenmonitoring-2025-m.jpg\" \/>\n\t<meta property=\"og:image:width\" content=\"1100\" \/>\n\t<meta property=\"og:image:height\" content=\"825\" \/>\n\t<meta property=\"og:image:type\" content=\"image\/jpeg\" \/>\n<meta name=\"author\" content=\"Astrid Osenbr\u00fcck\" \/>\n<meta name=\"twitter:label1\" content=\"Verfasst von\" \/>\n\t<meta name=\"twitter:data1\" content=\"Astrid Osenbr\u00fcck\" \/>\n\t<meta name=\"twitter:label2\" content=\"Gesch\u00e4tzte Lesezeit\" \/>\n\t<meta name=\"twitter:data2\" content=\"4\u00a0Minuten\" \/>\n<script type=\"application\/ld+json\" class=\"yoast-schema-graph\">{\"@context\":\"https:\/\/schema.org\",\"@graph\":[{\"@type\":\"WebPage\",\"@id\":\"https:\/\/www.naturparkmagazin.de\/dahme-heideseen\/naturpark-dahme-heideseen-startet-wildkatzenmonitoring-2\/\",\"url\":\"https:\/\/www.naturparkmagazin.de\/dahme-heideseen\/naturpark-dahme-heideseen-startet-wildkatzenmonitoring-2\/\",\"name\":\"Naturpark Dahme-Heideseen startet Wildkatzenmonitoring - Naturpark Dahme-Heideseen\",\"isPartOf\":{\"@id\":\"https:\/\/www.naturparkmagazin.de\/dahme-heideseen\/#website\"},\"datePublished\":\"2025-01-19T11:51:36+00:00\",\"dateModified\":\"2025-01-29T11:51:59+00:00\",\"author\":{\"@id\":\"https:\/\/www.naturparkmagazin.de\/dahme-heideseen\/#\/schema\/person\/a0510aafafdf8183c95fc98faf0c9f21\"},\"breadcrumb\":{\"@id\":\"https:\/\/www.naturparkmagazin.de\/dahme-heideseen\/naturpark-dahme-heideseen-startet-wildkatzenmonitoring-2\/#breadcrumb\"},\"inLanguage\":\"de\",\"potentialAction\":[{\"@type\":\"ReadAction\",\"target\":[\"https:\/\/www.naturparkmagazin.de\/dahme-heideseen\/naturpark-dahme-heideseen-startet-wildkatzenmonitoring-2\/\"]}]},{\"@type\":\"BreadcrumbList\",\"@id\":\"https:\/\/www.naturparkmagazin.de\/dahme-heideseen\/naturpark-dahme-heideseen-startet-wildkatzenmonitoring-2\/#breadcrumb\",\"itemListElement\":[{\"@type\":\"ListItem\",\"position\":1,\"name\":\"Home\",\"item\":\"https:\/\/www.naturparkmagazin.de\/dahme-heideseen\/\"},{\"@type\":\"ListItem\",\"position\":2,\"name\":\"Naturpark Dahme-Heideseen startet Wildkatzenmonitoring\"}]},{\"@type\":\"WebSite\",\"@id\":\"https:\/\/www.naturparkmagazin.de\/dahme-heideseen\/#website\",\"url\":\"https:\/\/www.naturparkmagazin.de\/dahme-heideseen\/\",\"name\":\"Naturpark Dahme-Heideseen\",\"description\":\"\",\"potentialAction\":[{\"@type\":\"SearchAction\",\"target\":{\"@type\":\"EntryPoint\",\"urlTemplate\":\"https:\/\/www.naturparkmagazin.de\/dahme-heideseen\/?s={search_term_string}\"},\"query-input\":\"required name=search_term_string\"}],\"inLanguage\":\"de\"},{\"@type\":\"Person\",\"@id\":\"https:\/\/www.naturparkmagazin.de\/dahme-heideseen\/#\/schema\/person\/a0510aafafdf8183c95fc98faf0c9f21\",\"name\":\"Astrid Osenbr\u00fcck\",\"sameAs\":[\"http:\/\/www.dahme-heideseen-naturpark.de\"],\"url\":\"https:\/\/www.naturparkmagazin.de\/dahme-heideseen\/author\/astridosenbrueck\/\"}]}<\/script>\n<!-- \/ Yoast SEO plugin. -->","yoast_head_json":{"title":"Naturpark Dahme-Heideseen startet Wildkatzenmonitoring - Naturpark Dahme-Heideseen","robots":{"index":"index","follow":"follow","max-snippet":"max-snippet:-1","max-image-preview":"max-image-preview:large","max-video-preview":"max-video-preview:-1"},"canonical":"https:\/\/www.naturparkmagazin.de\/dahme-heideseen\/naturpark-dahme-heideseen-startet-wildkatzenmonitoring-2\/","og_locale":"de_DE","og_type":"article","og_title":"Naturpark Dahme-Heideseen startet Wildkatzenmonitoring - Naturpark Dahme-Heideseen","og_description":"Im Naturpark Dahme-Heideseen wird in diesem Jahr das Wildkatzenmonitoring zum vierten Mal durchgef\u00fchrt. Um der scheuen Wildkatze auf die Spur zu kommen, kontrollieren die Rangerinnen und Ranger des Naturparks Dahme-Heideseen jetzt bis Anfang April die Lockst\u00f6cke. Parallel dazu wird bis 17. April die Ausstellung \u201cWildkatzenw\u00e4lder von morgen\u201c im Infopunkt des Naturparks in Prieros gezeigt.","og_url":"https:\/\/www.naturparkmagazin.de\/dahme-heideseen\/naturpark-dahme-heideseen-startet-wildkatzenmonitoring-2\/","og_site_name":"Naturpark Dahme-Heideseen","article_published_time":"2025-01-19T11:51:36+00:00","article_modified_time":"2025-01-29T11:51:59+00:00","og_image":[{"width":1100,"height":825,"url":"https:\/\/www.naturparkmagazin.de\/dahme-heideseen\/wp-content\/uploads\/sites\/37\/wildkatzenmonitoring-2025-m.jpg","type":"image\/jpeg"}],"author":"Astrid Osenbr\u00fcck","twitter_misc":{"Verfasst von":"Astrid Osenbr\u00fcck","Gesch\u00e4tzte Lesezeit":"4\u00a0Minuten"},"schema":{"@context":"https:\/\/schema.org","@graph":[{"@type":"WebPage","@id":"https:\/\/www.naturparkmagazin.de\/dahme-heideseen\/naturpark-dahme-heideseen-startet-wildkatzenmonitoring-2\/","url":"https:\/\/www.naturparkmagazin.de\/dahme-heideseen\/naturpark-dahme-heideseen-startet-wildkatzenmonitoring-2\/","name":"Naturpark Dahme-Heideseen startet Wildkatzenmonitoring - Naturpark Dahme-Heideseen","isPartOf":{"@id":"https:\/\/www.naturparkmagazin.de\/dahme-heideseen\/#website"},"datePublished":"2025-01-19T11:51:36+00:00","dateModified":"2025-01-29T11:51:59+00:00","author":{"@id":"https:\/\/www.naturparkmagazin.de\/dahme-heideseen\/#\/schema\/person\/a0510aafafdf8183c95fc98faf0c9f21"},"breadcrumb":{"@id":"https:\/\/www.naturparkmagazin.de\/dahme-heideseen\/naturpark-dahme-heideseen-startet-wildkatzenmonitoring-2\/#breadcrumb"},"inLanguage":"de","potentialAction":[{"@type":"ReadAction","target":["https:\/\/www.naturparkmagazin.de\/dahme-heideseen\/naturpark-dahme-heideseen-startet-wildkatzenmonitoring-2\/"]}]},{"@type":"BreadcrumbList","@id":"https:\/\/www.naturparkmagazin.de\/dahme-heideseen\/naturpark-dahme-heideseen-startet-wildkatzenmonitoring-2\/#breadcrumb","itemListElement":[{"@type":"ListItem","position":1,"name":"Home","item":"https:\/\/www.naturparkmagazin.de\/dahme-heideseen\/"},{"@type":"ListItem","position":2,"name":"Naturpark Dahme-Heideseen startet Wildkatzenmonitoring"}]},{"@type":"WebSite","@id":"https:\/\/www.naturparkmagazin.de\/dahme-heideseen\/#website","url":"https:\/\/www.naturparkmagazin.de\/dahme-heideseen\/","name":"Naturpark Dahme-Heideseen","description":"","potentialAction":[{"@type":"SearchAction","target":{"@type":"EntryPoint","urlTemplate":"https:\/\/www.naturparkmagazin.de\/dahme-heideseen\/?s={search_term_string}"},"query-input":"required name=search_term_string"}],"inLanguage":"de"},{"@type":"Person","@id":"https:\/\/www.naturparkmagazin.de\/dahme-heideseen\/#\/schema\/person\/a0510aafafdf8183c95fc98faf0c9f21","name":"Astrid Osenbr\u00fcck","sameAs":["http:\/\/www.dahme-heideseen-naturpark.de"],"url":"https:\/\/www.naturparkmagazin.de\/dahme-heideseen\/author\/astridosenbrueck\/"}]}},"_links":{"self":[{"href":"https:\/\/www.naturparkmagazin.de\/dahme-heideseen\/wp-json\/wp\/v2\/posts\/6787"}],"collection":[{"href":"https:\/\/www.naturparkmagazin.de\/dahme-heideseen\/wp-json\/wp\/v2\/posts"}],"about":[{"href":"https:\/\/www.naturparkmagazin.de\/dahme-heideseen\/wp-json\/wp\/v2\/types\/post"}],"author":[{"embeddable":true,"href":"https:\/\/www.naturparkmagazin.de\/dahme-heideseen\/wp-json\/wp\/v2\/users\/83"}],"replies":[{"embeddable":true,"href":"https:\/\/www.naturparkmagazin.de\/dahme-heideseen\/wp-json\/wp\/v2\/comments?post=6787"}],"version-history":[{"count":1,"href":"https:\/\/www.naturparkmagazin.de\/dahme-heideseen\/wp-json\/wp\/v2\/posts\/6787\/revisions"}],"predecessor-version":[{"id":6788,"href":"https:\/\/www.naturparkmagazin.de\/dahme-heideseen\/wp-json\/wp\/v2\/posts\/6787\/revisions\/6788"}],"wp:featuredmedia":[{"embeddable":true,"href":"https:\/\/www.naturparkmagazin.de\/dahme-heideseen\/wp-json\/wp\/v2\/media\/6755"}],"wp:attachment":[{"href":"https:\/\/www.naturparkmagazin.de\/dahme-heideseen\/wp-json\/wp\/v2\/media?parent=6787"}],"wp:term":[{"taxonomy":"category","embeddable":true,"href":"https:\/\/www.naturparkmagazin.de\/dahme-heideseen\/wp-json\/wp\/v2\/categories?post=6787"},{"taxonomy":"post_tag","embeddable":true,"href":"https:\/\/www.naturparkmagazin.de\/dahme-heideseen\/wp-json\/wp\/v2\/tags?post=6787"}],"curies":[{"name":"wp","href":"https:\/\/api.w.org\/{rel}","templated":true}]}}