{"id":686,"date":"2014-09-19T10:07:57","date_gmt":"2014-09-19T08:07:57","guid":{"rendered":"http:\/\/www.naturparkmagazin.de\/dahme-heideseen\/?p=686"},"modified":"2014-09-29T11:09:13","modified_gmt":"2014-09-29T09:09:13","slug":"naturschutzzentrum-war-beim-prieroser-festumzug-mit-dabei","status":"publish","type":"post","link":"https:\/\/www.naturparkmagazin.de\/dahme-heideseen\/naturschutzzentrum-war-beim-prieroser-festumzug-mit-dabei\/","title":{"rendered":"Naturschutzzentrum war beim Prieroser Festumzug mit dabei"},"content":{"rendered":"<p>Anl\u00e4sslich der 700-Jahrfeier von Prieros gabe es am 30. August einen gro\u00dfen Umzug. Das Naturschutzzentrum in Prieros mit der Naturparkverwaltung, Naturwacht, Dahmerad, NABU und Kindergruppe waren zusammen mit dabei.<!--more--><\/p>\n<p>So wurden wir auf dem Festplatz angek\u00fcndigt: Nach der Wende zogen auch die Natursch\u00fctzer des Dahmelandes nach Prieros.\u00a0 Sie suchten sich mit Prieros einen der sch\u00f6nsten Orte aus und bezogen in der\u201c Alten Schule\u201c ihr Quartier. Hier sind sie nun schon seit \u00fcber zwanzig Jahren zu Hause. Nat\u00fcrlich wissen sie, wo die versteckt lebenden Flederm\u00e4use wohnen, aber sich selbst zu verstecken ist nicht ihre Sache.\nSo erhalten und entwickeln die Mitarbeiter des Naturpark Dahme-Heideseen\u00a0 eine Landschaft zum Besuchen und Erleben. Die Ranger der Naturwacht geben Tipps zum Besuch der sch\u00f6nsten Landschaften und sorgen mit den Junior-Rangern f\u00fcr eigenen Nachwuchs. Mitglieder des NABU Dahmeland betreuen Wiesen wie auch seltene Vogelarten, die auch k\u00fcnftig noch f\u00fcr alle da sein sollen. DahmeRad vermietet zur Erkundung des Naturparks und seiner vielen Sch\u00e4tze bequeme Touren- sowie leistungsstarke Elektror\u00e4der. In der Alten Schule betreibt der Naturpark einen Infopunkt. Schauen Sie doch einfach mal vorbei. Die T\u00fcren sind weit offen!\n<a href=\"https:\/\/www.naturparkmagazin.de\/dahme-heideseen\/wp-content\/uploads\/sites\/37\/2014-08-30-10.49.07.jpg\"><img decoding=\"async\" loading=\"lazy\" class=\"aligncenter size-full wp-image-688\" alt=\"2014-08-30 10.49.07\" src=\"https:\/\/www.naturparkmagazin.de\/dahme-heideseen\/wp-content\/uploads\/sites\/37\/2014-08-30-10.49.07.jpg\" width=\"436\" height=\"304\" srcset=\"https:\/\/www.naturparkmagazin.de\/dahme-heideseen\/wp-content\/uploads\/sites\/37\/2014-08-30-10.49.07.jpg 436w, https:\/\/www.naturparkmagazin.de\/dahme-heideseen\/wp-content\/uploads\/sites\/37\/2014-08-30-10.49.07-300x209.jpg 300w, https:\/\/www.naturparkmagazin.de\/dahme-heideseen\/wp-content\/uploads\/sites\/37\/2014-08-30-10.49.07-200x139.jpg 200w\" sizes=\"(max-width: 436px) 100vw, 436px\" \/><\/a><\/p>\n<p><a href=\"https:\/\/www.naturparkmagazin.de\/dahme-heideseen\/wp-content\/uploads\/sites\/37\/DSC_1922_web.jpg\"><img decoding=\"async\" loading=\"lazy\" class=\"aligncenter size-medium wp-image-690\" alt=\"DSC_1922_web\" src=\"https:\/\/www.naturparkmagazin.de\/dahme-heideseen\/wp-content\/uploads\/sites\/37\/DSC_1922_web-620x461.jpg\" width=\"620\" height=\"461\" srcset=\"https:\/\/www.naturparkmagazin.de\/dahme-heideseen\/wp-content\/uploads\/sites\/37\/DSC_1922_web-620x461.jpg 620w, https:\/\/www.naturparkmagazin.de\/dahme-heideseen\/wp-content\/uploads\/sites\/37\/DSC_1922_web-300x223.jpg 300w, https:\/\/www.naturparkmagazin.de\/dahme-heideseen\/wp-content\/uploads\/sites\/37\/DSC_1922_web-180x135.jpg 180w, https:\/\/www.naturparkmagazin.de\/dahme-heideseen\/wp-content\/uploads\/sites\/37\/DSC_1922_web-95x71.jpg 95w, https:\/\/www.naturparkmagazin.de\/dahme-heideseen\/wp-content\/uploads\/sites\/37\/DSC_1922_web-670x498.jpg 670w, https:\/\/www.naturparkmagazin.de\/dahme-heideseen\/wp-content\/uploads\/sites\/37\/DSC_1922_web-200x149.jpg 200w, https:\/\/www.naturparkmagazin.de\/dahme-heideseen\/wp-content\/uploads\/sites\/37\/DSC_1922_web.jpg 804w\" sizes=\"(max-width: 620px) 100vw, 620px\" \/><\/a><\/p>\n<p><a href=\"https:\/\/www.naturparkmagazin.de\/dahme-heideseen\/wp-content\/uploads\/sites\/37\/DSC_1920_web.jpg\"><img decoding=\"async\" loading=\"lazy\" class=\"aligncenter size-medium wp-image-689\" alt=\"DSC_1920_web\" src=\"https:\/\/www.naturparkmagazin.de\/dahme-heideseen\/wp-content\/uploads\/sites\/37\/DSC_1920_web-620x248.jpg\" width=\"620\" height=\"248\" \/><\/a><\/p>\n","protected":false},"excerpt":{"rendered":"<p>Anl\u00e4sslich der 700-Jahrfeier von Prieros gabe es am 30. August einen gro\u00dfen Umzug. <\/p>\n","protected":false},"author":48,"featured_media":687,"comment_status":"open","ping_status":"open","sticky":false,"template":"","format":"standard","meta":[],"categories":[7],"tags":[],"yoast_head":"<!-- This site is optimized with the Yoast SEO plugin v19.10 - https:\/\/yoast.com\/wordpress\/plugins\/seo\/ -->\n<title>Naturschutzzentrum war beim Prieroser Festumzug mit dabei - Naturpark Dahme-Heideseen<\/title>\n<meta name=\"robots\" content=\"index, follow, max-snippet:-1, max-image-preview:large, max-video-preview:-1\" \/>\n<link rel=\"canonical\" href=\"https:\/\/www.naturparkmagazin.de\/dahme-heideseen\/naturschutzzentrum-war-beim-prieroser-festumzug-mit-dabei\/\" \/>\n<meta property=\"og:locale\" content=\"de_DE\" \/>\n<meta property=\"og:type\" content=\"article\" \/>\n<meta property=\"og:title\" content=\"Naturschutzzentrum war beim Prieroser Festumzug mit dabei - Naturpark Dahme-Heideseen\" \/>\n<meta property=\"og:description\" content=\"Anl\u00e4sslich der 700-Jahrfeier von Prieros gabe es am 30. August einen gro\u00dfen Umzug.\" \/>\n<meta property=\"og:url\" content=\"https:\/\/www.naturparkmagazin.de\/dahme-heideseen\/naturschutzzentrum-war-beim-prieroser-festumzug-mit-dabei\/\" \/>\n<meta property=\"og:site_name\" content=\"Naturpark Dahme-Heideseen\" \/>\n<meta property=\"article:published_time\" content=\"2014-09-19T08:07:57+00:00\" \/>\n<meta property=\"article:modified_time\" content=\"2014-09-29T09:09:13+00:00\" \/>\n<meta property=\"og:image\" content=\"https:\/\/www.naturparkmagazin.de\/dahme-heideseen\/wp-content\/uploads\/sites\/37\/2014-08-30-11.44.29.jpg\" \/>\n\t<meta property=\"og:image:width\" content=\"398\" \/>\n\t<meta property=\"og:image:height\" content=\"289\" \/>\n\t<meta property=\"og:image:type\" content=\"image\/jpeg\" \/>\n<meta name=\"author\" content=\"hanssonnenberg\" \/>\n<meta name=\"twitter:label1\" content=\"Verfasst von\" \/>\n\t<meta name=\"twitter:data1\" content=\"hanssonnenberg\" \/>\n\t<meta name=\"twitter:label2\" content=\"Gesch\u00e4tzte Lesezeit\" \/>\n\t<meta name=\"twitter:data2\" content=\"1\u00a0Minute\" \/>\n<script type=\"application\/ld+json\" class=\"yoast-schema-graph\">{\"@context\":\"https:\/\/schema.org\",\"@graph\":[{\"@type\":\"WebPage\",\"@id\":\"https:\/\/www.naturparkmagazin.de\/dahme-heideseen\/naturschutzzentrum-war-beim-prieroser-festumzug-mit-dabei\/\",\"url\":\"https:\/\/www.naturparkmagazin.de\/dahme-heideseen\/naturschutzzentrum-war-beim-prieroser-festumzug-mit-dabei\/\",\"name\":\"Naturschutzzentrum war beim Prieroser Festumzug mit dabei - Naturpark Dahme-Heideseen\",\"isPartOf\":{\"@id\":\"https:\/\/www.naturparkmagazin.de\/dahme-heideseen\/#website\"},\"datePublished\":\"2014-09-19T08:07:57+00:00\",\"dateModified\":\"2014-09-29T09:09:13+00:00\",\"author\":{\"@id\":\"https:\/\/www.naturparkmagazin.de\/dahme-heideseen\/#\/schema\/person\/c81c96c3a1f5ee7bffff8b8022c105f0\"},\"breadcrumb\":{\"@id\":\"https:\/\/www.naturparkmagazin.de\/dahme-heideseen\/naturschutzzentrum-war-beim-prieroser-festumzug-mit-dabei\/#breadcrumb\"},\"inLanguage\":\"de\",\"potentialAction\":[{\"@type\":\"ReadAction\",\"target\":[\"https:\/\/www.naturparkmagazin.de\/dahme-heideseen\/naturschutzzentrum-war-beim-prieroser-festumzug-mit-dabei\/\"]}]},{\"@type\":\"BreadcrumbList\",\"@id\":\"https:\/\/www.naturparkmagazin.de\/dahme-heideseen\/naturschutzzentrum-war-beim-prieroser-festumzug-mit-dabei\/#breadcrumb\",\"itemListElement\":[{\"@type\":\"ListItem\",\"position\":1,\"name\":\"Home\",\"item\":\"https:\/\/www.naturparkmagazin.de\/dahme-heideseen\/\"},{\"@type\":\"ListItem\",\"position\":2,\"name\":\"Naturschutzzentrum war beim Prieroser Festumzug mit dabei\"}]},{\"@type\":\"WebSite\",\"@id\":\"https:\/\/www.naturparkmagazin.de\/dahme-heideseen\/#website\",\"url\":\"https:\/\/www.naturparkmagazin.de\/dahme-heideseen\/\",\"name\":\"Naturpark Dahme-Heideseen\",\"description\":\"\",\"potentialAction\":[{\"@type\":\"SearchAction\",\"target\":{\"@type\":\"EntryPoint\",\"urlTemplate\":\"https:\/\/www.naturparkmagazin.de\/dahme-heideseen\/?s={search_term_string}\"},\"query-input\":\"required name=search_term_string\"}],\"inLanguage\":\"de\"},{\"@type\":\"Person\",\"@id\":\"https:\/\/www.naturparkmagazin.de\/dahme-heideseen\/#\/schema\/person\/c81c96c3a1f5ee7bffff8b8022c105f0\",\"name\":\"hanssonnenberg\",\"url\":\"https:\/\/www.naturparkmagazin.de\/dahme-heideseen\/author\/hanssonnenberg\/\"}]}<\/script>\n<!-- \/ Yoast SEO plugin. -->","yoast_head_json":{"title":"Naturschutzzentrum war beim Prieroser Festumzug mit dabei - Naturpark Dahme-Heideseen","robots":{"index":"index","follow":"follow","max-snippet":"max-snippet:-1","max-image-preview":"max-image-preview:large","max-video-preview":"max-video-preview:-1"},"canonical":"https:\/\/www.naturparkmagazin.de\/dahme-heideseen\/naturschutzzentrum-war-beim-prieroser-festumzug-mit-dabei\/","og_locale":"de_DE","og_type":"article","og_title":"Naturschutzzentrum war beim Prieroser Festumzug mit dabei - Naturpark Dahme-Heideseen","og_description":"Anl\u00e4sslich der 700-Jahrfeier von Prieros gabe es am 30. August einen gro\u00dfen Umzug.","og_url":"https:\/\/www.naturparkmagazin.de\/dahme-heideseen\/naturschutzzentrum-war-beim-prieroser-festumzug-mit-dabei\/","og_site_name":"Naturpark Dahme-Heideseen","article_published_time":"2014-09-19T08:07:57+00:00","article_modified_time":"2014-09-29T09:09:13+00:00","og_image":[{"width":398,"height":289,"url":"https:\/\/www.naturparkmagazin.de\/dahme-heideseen\/wp-content\/uploads\/sites\/37\/2014-08-30-11.44.29.jpg","type":"image\/jpeg"}],"author":"hanssonnenberg","twitter_misc":{"Verfasst von":"hanssonnenberg","Gesch\u00e4tzte Lesezeit":"1\u00a0Minute"},"schema":{"@context":"https:\/\/schema.org","@graph":[{"@type":"WebPage","@id":"https:\/\/www.naturparkmagazin.de\/dahme-heideseen\/naturschutzzentrum-war-beim-prieroser-festumzug-mit-dabei\/","url":"https:\/\/www.naturparkmagazin.de\/dahme-heideseen\/naturschutzzentrum-war-beim-prieroser-festumzug-mit-dabei\/","name":"Naturschutzzentrum war beim Prieroser Festumzug mit dabei - Naturpark Dahme-Heideseen","isPartOf":{"@id":"https:\/\/www.naturparkmagazin.de\/dahme-heideseen\/#website"},"datePublished":"2014-09-19T08:07:57+00:00","dateModified":"2014-09-29T09:09:13+00:00","author":{"@id":"https:\/\/www.naturparkmagazin.de\/dahme-heideseen\/#\/schema\/person\/c81c96c3a1f5ee7bffff8b8022c105f0"},"breadcrumb":{"@id":"https:\/\/www.naturparkmagazin.de\/dahme-heideseen\/naturschutzzentrum-war-beim-prieroser-festumzug-mit-dabei\/#breadcrumb"},"inLanguage":"de","potentialAction":[{"@type":"ReadAction","target":["https:\/\/www.naturparkmagazin.de\/dahme-heideseen\/naturschutzzentrum-war-beim-prieroser-festumzug-mit-dabei\/"]}]},{"@type":"BreadcrumbList","@id":"https:\/\/www.naturparkmagazin.de\/dahme-heideseen\/naturschutzzentrum-war-beim-prieroser-festumzug-mit-dabei\/#breadcrumb","itemListElement":[{"@type":"ListItem","position":1,"name":"Home","item":"https:\/\/www.naturparkmagazin.de\/dahme-heideseen\/"},{"@type":"ListItem","position":2,"name":"Naturschutzzentrum war beim Prieroser Festumzug mit dabei"}]},{"@type":"WebSite","@id":"https:\/\/www.naturparkmagazin.de\/dahme-heideseen\/#website","url":"https:\/\/www.naturparkmagazin.de\/dahme-heideseen\/","name":"Naturpark Dahme-Heideseen","description":"","potentialAction":[{"@type":"SearchAction","target":{"@type":"EntryPoint","urlTemplate":"https:\/\/www.naturparkmagazin.de\/dahme-heideseen\/?s={search_term_string}"},"query-input":"required name=search_term_string"}],"inLanguage":"de"},{"@type":"Person","@id":"https:\/\/www.naturparkmagazin.de\/dahme-heideseen\/#\/schema\/person\/c81c96c3a1f5ee7bffff8b8022c105f0","name":"hanssonnenberg","url":"https:\/\/www.naturparkmagazin.de\/dahme-heideseen\/author\/hanssonnenberg\/"}]}},"_links":{"self":[{"href":"https:\/\/www.naturparkmagazin.de\/dahme-heideseen\/wp-json\/wp\/v2\/posts\/686"}],"collection":[{"href":"https:\/\/www.naturparkmagazin.de\/dahme-heideseen\/wp-json\/wp\/v2\/posts"}],"about":[{"href":"https:\/\/www.naturparkmagazin.de\/dahme-heideseen\/wp-json\/wp\/v2\/types\/post"}],"author":[{"embeddable":true,"href":"https:\/\/www.naturparkmagazin.de\/dahme-heideseen\/wp-json\/wp\/v2\/users\/48"}],"replies":[{"embeddable":true,"href":"https:\/\/www.naturparkmagazin.de\/dahme-heideseen\/wp-json\/wp\/v2\/comments?post=686"}],"version-history":[{"count":5,"href":"https:\/\/www.naturparkmagazin.de\/dahme-heideseen\/wp-json\/wp\/v2\/posts\/686\/revisions"}],"predecessor-version":[{"id":756,"href":"https:\/\/www.naturparkmagazin.de\/dahme-heideseen\/wp-json\/wp\/v2\/posts\/686\/revisions\/756"}],"wp:featuredmedia":[{"embeddable":true,"href":"https:\/\/www.naturparkmagazin.de\/dahme-heideseen\/wp-json\/wp\/v2\/media\/687"}],"wp:attachment":[{"href":"https:\/\/www.naturparkmagazin.de\/dahme-heideseen\/wp-json\/wp\/v2\/media?parent=686"}],"wp:term":[{"taxonomy":"category","embeddable":true,"href":"https:\/\/www.naturparkmagazin.de\/dahme-heideseen\/wp-json\/wp\/v2\/categories?post=686"},{"taxonomy":"post_tag","embeddable":true,"href":"https:\/\/www.naturparkmagazin.de\/dahme-heideseen\/wp-json\/wp\/v2\/tags?post=686"}],"curies":[{"name":"wp","href":"https:\/\/api.w.org\/{rel}","templated":true}]}}