{"id":693,"date":"2014-09-19T10:23:48","date_gmt":"2014-09-19T08:23:48","guid":{"rendered":"http:\/\/www.naturparkmagazin.de\/dahme-heideseen\/?p=693"},"modified":"2014-09-29T13:52:21","modified_gmt":"2014-09-29T11:52:21","slug":"spinne-des-jahres-die-baldachin-spinne","status":"publish","type":"post","link":"https:\/\/www.naturparkmagazin.de\/dahme-heideseen\/spinne-des-jahres-die-baldachin-spinne\/","title":{"rendered":"Spinne des Jahres: die Baldachin-Spinne"},"content":{"rendered":"<div id=\"attachment_694\" style=\"width: 630px\" class=\"wp-caption aligncenter\"><a href=\"https:\/\/www.naturparkmagazin.de\/dahme-heideseen\/wp-content\/uploads\/sites\/37\/Baldachinspinne.jpg\"><img aria-describedby=\"caption-attachment-694\" decoding=\"async\" loading=\"lazy\" class=\"size-medium wp-image-694\" alt=\"Baldachinspinne (Foto: W. Klaeber)\" src=\"https:\/\/www.naturparkmagazin.de\/dahme-heideseen\/wp-content\/uploads\/sites\/37\/Baldachinspinne-620x470.jpg\" width=\"620\" height=\"470\" \/><\/a><p id=\"caption-attachment-694\" class=\"wp-caption-text\">Baldachinspinne (Foto: W. Klaeber)<\/p><\/div>\n<p>In loser Folge stellen wir Ihnen durch das Jahr die Natur des Jahres 2014 vor. <!--more-->Die Spinne des Jahres wurde ausgew\u00e4hlt von der von der <a title=\"Arachnologischen Gesellschaft e.V.\" href=\"http:\/\/www.arages.de\" target=\"_blank\">Arachnologischen Gesellschaft e.V.<\/a><\/p>\n<p>Baldachinspinnen, wir zeigen hier die Art Nerine radiata, kommen mit zahlreichen Arten in der Landschaft vor. Der Name kommt von der Form der Fangnetze. Diese treten\u00a0 insbesondere bei Tau- und Raureifbildung markant in Erscheinung. Baldachinspinnen k\u00f6nnen, wie viele andere Spinnen auch, Flugf\u00e4den herstellen, woebei die den Hinterleib in die Luft strecken. Ist der Faden lang genug, wird er vom Wind erfasst. So k\u00f6nnen die Tiere gro\u00dfe H\u00f6hen erreichen und weite Strecken \u201efliegen\u201c. Das Bild der Baldachinspinne zeigt ein Tier am P\u00e4tzer Hintersee.<\/p>\n","protected":false},"excerpt":{"rendered":"<p>In loser Folge stellen wir Ihnen durch das Jahr die Natur des Jahres 2014 vor. Die Baldachinspinne wurde ausgew\u00e4hlt von der von der Arachnologischen Gesellschaft e.V..<\/p>\n","protected":false},"author":48,"featured_media":0,"comment_status":"open","ping_status":"open","sticky":false,"template":"","format":"standard","meta":[],"categories":[7],"tags":[],"yoast_head":"<!-- This site is optimized with the Yoast SEO plugin v19.10 - https:\/\/yoast.com\/wordpress\/plugins\/seo\/ -->\n<title>Spinne des Jahres: die Baldachin-Spinne - Naturpark Dahme-Heideseen<\/title>\n<meta name=\"robots\" content=\"index, follow, max-snippet:-1, max-image-preview:large, max-video-preview:-1\" \/>\n<link rel=\"canonical\" href=\"https:\/\/www.naturparkmagazin.de\/dahme-heideseen\/spinne-des-jahres-die-baldachin-spinne\/\" \/>\n<meta property=\"og:locale\" content=\"de_DE\" \/>\n<meta property=\"og:type\" content=\"article\" \/>\n<meta property=\"og:title\" content=\"Spinne des Jahres: die Baldachin-Spinne - Naturpark Dahme-Heideseen\" \/>\n<meta property=\"og:description\" content=\"In loser Folge stellen wir Ihnen durch das Jahr die Natur des Jahres 2014 vor. Die Baldachinspinne wurde ausgew\u00e4hlt von der von der Arachnologischen Gesellschaft e.V..\" \/>\n<meta property=\"og:url\" content=\"https:\/\/www.naturparkmagazin.de\/dahme-heideseen\/spinne-des-jahres-die-baldachin-spinne\/\" \/>\n<meta property=\"og:site_name\" content=\"Naturpark Dahme-Heideseen\" \/>\n<meta property=\"article:published_time\" content=\"2014-09-19T08:23:48+00:00\" \/>\n<meta property=\"article:modified_time\" content=\"2014-09-29T11:52:21+00:00\" \/>\n<meta property=\"og:image\" content=\"https:\/\/www.naturparkmagazin.de\/dahme-heideseen\/wp-content\/uploads\/sites\/37\/Baldachinspinne-620x470.jpg\" \/>\n<meta name=\"author\" content=\"hanssonnenberg\" \/>\n<meta name=\"twitter:label1\" content=\"Verfasst von\" \/>\n\t<meta name=\"twitter:data1\" content=\"hanssonnenberg\" \/>\n\t<meta name=\"twitter:label2\" content=\"Gesch\u00e4tzte Lesezeit\" \/>\n\t<meta name=\"twitter:data2\" content=\"1\u00a0Minute\" \/>\n<script type=\"application\/ld+json\" class=\"yoast-schema-graph\">{\"@context\":\"https:\/\/schema.org\",\"@graph\":[{\"@type\":\"WebPage\",\"@id\":\"https:\/\/www.naturparkmagazin.de\/dahme-heideseen\/spinne-des-jahres-die-baldachin-spinne\/\",\"url\":\"https:\/\/www.naturparkmagazin.de\/dahme-heideseen\/spinne-des-jahres-die-baldachin-spinne\/\",\"name\":\"Spinne des Jahres: die Baldachin-Spinne - Naturpark Dahme-Heideseen\",\"isPartOf\":{\"@id\":\"https:\/\/www.naturparkmagazin.de\/dahme-heideseen\/#website\"},\"datePublished\":\"2014-09-19T08:23:48+00:00\",\"dateModified\":\"2014-09-29T11:52:21+00:00\",\"author\":{\"@id\":\"https:\/\/www.naturparkmagazin.de\/dahme-heideseen\/#\/schema\/person\/c81c96c3a1f5ee7bffff8b8022c105f0\"},\"breadcrumb\":{\"@id\":\"https:\/\/www.naturparkmagazin.de\/dahme-heideseen\/spinne-des-jahres-die-baldachin-spinne\/#breadcrumb\"},\"inLanguage\":\"de\",\"potentialAction\":[{\"@type\":\"ReadAction\",\"target\":[\"https:\/\/www.naturparkmagazin.de\/dahme-heideseen\/spinne-des-jahres-die-baldachin-spinne\/\"]}]},{\"@type\":\"BreadcrumbList\",\"@id\":\"https:\/\/www.naturparkmagazin.de\/dahme-heideseen\/spinne-des-jahres-die-baldachin-spinne\/#breadcrumb\",\"itemListElement\":[{\"@type\":\"ListItem\",\"position\":1,\"name\":\"Home\",\"item\":\"https:\/\/www.naturparkmagazin.de\/dahme-heideseen\/\"},{\"@type\":\"ListItem\",\"position\":2,\"name\":\"Spinne des Jahres: die Baldachin-Spinne\"}]},{\"@type\":\"WebSite\",\"@id\":\"https:\/\/www.naturparkmagazin.de\/dahme-heideseen\/#website\",\"url\":\"https:\/\/www.naturparkmagazin.de\/dahme-heideseen\/\",\"name\":\"Naturpark Dahme-Heideseen\",\"description\":\"\",\"potentialAction\":[{\"@type\":\"SearchAction\",\"target\":{\"@type\":\"EntryPoint\",\"urlTemplate\":\"https:\/\/www.naturparkmagazin.de\/dahme-heideseen\/?s={search_term_string}\"},\"query-input\":\"required name=search_term_string\"}],\"inLanguage\":\"de\"},{\"@type\":\"Person\",\"@id\":\"https:\/\/www.naturparkmagazin.de\/dahme-heideseen\/#\/schema\/person\/c81c96c3a1f5ee7bffff8b8022c105f0\",\"name\":\"hanssonnenberg\",\"url\":\"https:\/\/www.naturparkmagazin.de\/dahme-heideseen\/author\/hanssonnenberg\/\"}]}<\/script>\n<!-- \/ Yoast SEO plugin. -->","yoast_head_json":{"title":"Spinne des Jahres: die Baldachin-Spinne - Naturpark Dahme-Heideseen","robots":{"index":"index","follow":"follow","max-snippet":"max-snippet:-1","max-image-preview":"max-image-preview:large","max-video-preview":"max-video-preview:-1"},"canonical":"https:\/\/www.naturparkmagazin.de\/dahme-heideseen\/spinne-des-jahres-die-baldachin-spinne\/","og_locale":"de_DE","og_type":"article","og_title":"Spinne des Jahres: die Baldachin-Spinne - Naturpark Dahme-Heideseen","og_description":"In loser Folge stellen wir Ihnen durch das Jahr die Natur des Jahres 2014 vor. Die Baldachinspinne wurde ausgew\u00e4hlt von der von der Arachnologischen Gesellschaft e.V..","og_url":"https:\/\/www.naturparkmagazin.de\/dahme-heideseen\/spinne-des-jahres-die-baldachin-spinne\/","og_site_name":"Naturpark Dahme-Heideseen","article_published_time":"2014-09-19T08:23:48+00:00","article_modified_time":"2014-09-29T11:52:21+00:00","og_image":[{"url":"https:\/\/www.naturparkmagazin.de\/dahme-heideseen\/wp-content\/uploads\/sites\/37\/Baldachinspinne-620x470.jpg"}],"author":"hanssonnenberg","twitter_misc":{"Verfasst von":"hanssonnenberg","Gesch\u00e4tzte Lesezeit":"1\u00a0Minute"},"schema":{"@context":"https:\/\/schema.org","@graph":[{"@type":"WebPage","@id":"https:\/\/www.naturparkmagazin.de\/dahme-heideseen\/spinne-des-jahres-die-baldachin-spinne\/","url":"https:\/\/www.naturparkmagazin.de\/dahme-heideseen\/spinne-des-jahres-die-baldachin-spinne\/","name":"Spinne des Jahres: die Baldachin-Spinne - Naturpark Dahme-Heideseen","isPartOf":{"@id":"https:\/\/www.naturparkmagazin.de\/dahme-heideseen\/#website"},"datePublished":"2014-09-19T08:23:48+00:00","dateModified":"2014-09-29T11:52:21+00:00","author":{"@id":"https:\/\/www.naturparkmagazin.de\/dahme-heideseen\/#\/schema\/person\/c81c96c3a1f5ee7bffff8b8022c105f0"},"breadcrumb":{"@id":"https:\/\/www.naturparkmagazin.de\/dahme-heideseen\/spinne-des-jahres-die-baldachin-spinne\/#breadcrumb"},"inLanguage":"de","potentialAction":[{"@type":"ReadAction","target":["https:\/\/www.naturparkmagazin.de\/dahme-heideseen\/spinne-des-jahres-die-baldachin-spinne\/"]}]},{"@type":"BreadcrumbList","@id":"https:\/\/www.naturparkmagazin.de\/dahme-heideseen\/spinne-des-jahres-die-baldachin-spinne\/#breadcrumb","itemListElement":[{"@type":"ListItem","position":1,"name":"Home","item":"https:\/\/www.naturparkmagazin.de\/dahme-heideseen\/"},{"@type":"ListItem","position":2,"name":"Spinne des Jahres: die Baldachin-Spinne"}]},{"@type":"WebSite","@id":"https:\/\/www.naturparkmagazin.de\/dahme-heideseen\/#website","url":"https:\/\/www.naturparkmagazin.de\/dahme-heideseen\/","name":"Naturpark Dahme-Heideseen","description":"","potentialAction":[{"@type":"SearchAction","target":{"@type":"EntryPoint","urlTemplate":"https:\/\/www.naturparkmagazin.de\/dahme-heideseen\/?s={search_term_string}"},"query-input":"required name=search_term_string"}],"inLanguage":"de"},{"@type":"Person","@id":"https:\/\/www.naturparkmagazin.de\/dahme-heideseen\/#\/schema\/person\/c81c96c3a1f5ee7bffff8b8022c105f0","name":"hanssonnenberg","url":"https:\/\/www.naturparkmagazin.de\/dahme-heideseen\/author\/hanssonnenberg\/"}]}},"_links":{"self":[{"href":"https:\/\/www.naturparkmagazin.de\/dahme-heideseen\/wp-json\/wp\/v2\/posts\/693"}],"collection":[{"href":"https:\/\/www.naturparkmagazin.de\/dahme-heideseen\/wp-json\/wp\/v2\/posts"}],"about":[{"href":"https:\/\/www.naturparkmagazin.de\/dahme-heideseen\/wp-json\/wp\/v2\/types\/post"}],"author":[{"embeddable":true,"href":"https:\/\/www.naturparkmagazin.de\/dahme-heideseen\/wp-json\/wp\/v2\/users\/48"}],"replies":[{"embeddable":true,"href":"https:\/\/www.naturparkmagazin.de\/dahme-heideseen\/wp-json\/wp\/v2\/comments?post=693"}],"version-history":[{"count":5,"href":"https:\/\/www.naturparkmagazin.de\/dahme-heideseen\/wp-json\/wp\/v2\/posts\/693\/revisions"}],"predecessor-version":[{"id":761,"href":"https:\/\/www.naturparkmagazin.de\/dahme-heideseen\/wp-json\/wp\/v2\/posts\/693\/revisions\/761"}],"wp:attachment":[{"href":"https:\/\/www.naturparkmagazin.de\/dahme-heideseen\/wp-json\/wp\/v2\/media?parent=693"}],"wp:term":[{"taxonomy":"category","embeddable":true,"href":"https:\/\/www.naturparkmagazin.de\/dahme-heideseen\/wp-json\/wp\/v2\/categories?post=693"},{"taxonomy":"post_tag","embeddable":true,"href":"https:\/\/www.naturparkmagazin.de\/dahme-heideseen\/wp-json\/wp\/v2\/tags?post=693"}],"curies":[{"name":"wp","href":"https:\/\/api.w.org\/{rel}","templated":true}]}}