{"id":7015,"date":"2025-04-10T15:33:09","date_gmt":"2025-04-10T13:33:09","guid":{"rendered":"https:\/\/www.naturparkmagazin.de\/dahme-heideseen\/?p=7015"},"modified":"2025-04-10T15:33:09","modified_gmt":"2025-04-10T13:33:09","slug":"mitwandern-im-naturpark","status":"publish","type":"post","link":"https:\/\/www.naturparkmagazin.de\/dahme-heideseen\/mitwandern-im-naturpark\/","title":{"rendered":"Mitwandern im Naturpark"},"content":{"rendered":"<p>Anl\u00e4sslich des Tages der Parke bietet der Berliner Wanderverband e.V. gef\u00fchrte Wanderungen durch Brandenburger Naturlandschaften. Mit dabei sind dieses Jahr im Naturpark Dahme-Heideseen auch Wanderungen vom Tourismusverband Dahme-Seenland und Zertifizierten Natur- und Landschaftsf\u00fchrenden.<\/p>\n<p>Der Tag der Parke findet am 24. Mai statt und feiert die Gr\u00fcndung des ersten Nationalparks in Europa vor \u00fcber 100 Jahren. Er hebt die gesetzliche Unterst\u00fctzung vieler weiterer gesch\u00fctzter Landschaften hervor, die seitdem entstanden sind. In Brandenburg gibt es mittlerweile 11 Naturparke, drei Biosph\u00e4renreservate und einen Nationalpark, die eine beeindruckende Vielfalt an \u00f6kologischen und kulturellen Besonderheiten bieten.<\/p>\n<p>Ziel des Wandertages und des Europ\u00e4ischen Tags der Parke ist es, den Menschen die M\u00f6glichkeit zu geben, die Natur hautnah zu erleben und den Wert intakter \u00d6kosysteme zu erkennen.<\/p>\n<p>Die Touren werden von erfahrenen Wanderleiterinnen und Wanderleitern des Berliner Wanderverbandes sowie von Fachleuten aus den Naturlandschaften begleitet. So ist nicht nur der Genuss der Natur garantiert, sondern auch ein lehrreicher und unterhaltsamer Tag.<\/p>\n<p>Die Wanderungen f\u00fchren durch abwechslungsreiche Landschaften, vorbei an idyllischen Seen und durch weitl\u00e4ufige W\u00e4lder. Ob gem\u00fctliche Spazierg\u00e4nge oder anspruchsvollere Touren \u2013 f\u00fcr jeden Wanderfreund ist etwas dabei. Zudem sind die Wanderungen so organisiert, dass sie bequem mit \u00f6ffentlichen Verkehrsmitteln erreicht werden k\u00f6nnen.<\/p>\n<p>Die Teilnahme an den gef\u00fchrten Wanderungen bietet eine einmalige Gelegenheit, die Natursch\u00f6nheiten Brandenburgs hautnah zu erleben und sich mit den Zielen und der Bedeutung der Naturschutzgebiete vertraut zu machen.<\/p>\n<p>Weitere Informationen zu den einzelnen Veranstaltungen sind auf www.natur-brandenburg.de sowie im <a class=\"link-external-blank\" href=\"https:\/\/berliner-wanderverband.de\/bwv\/?ziel=Wanderplan&amp;kat=L1\" target=\"_blank\" rel=\"noopener noreferrer\">Berlin-Brandenburger Wanderplan<\/a> (Schutzgeb\u00fchr 3 Euro) erh\u00e4ltlich.<\/p>\n<p>&nbsp;<\/p>\n<p><strong>Wanderungen durch den Naturpark Dahme-Heideseen<\/strong><\/p>\n<ul>\n<li>Sa 24. Mai | Durch das urspr\u00fcngliche Dahmetal | 10:00 Uhr Bf Oderin | Tourismusverband Dahme-Seenland e.V. | 14 km | Anmeldung unter Telefon 03375 252025 oder <a href=\"https:\/\/www.dahme-heideseen-naturpark.de\/\" data-mailto-token=\"ocknvq,kphqBfcjoguggpncpf0fg\" data-mailto-vector=\"2\">info(at)dahmeseenland(dot)de<\/a><\/li>\n<li>Sa 24. Mai | Rundwanderung Sutschketal | ab Bf K\u00f6nigs Wusterhausen | 18 km | <a class=\"link-external-blank\" href=\"https:\/\/www.derdenwaldliebt.de\/\" target=\"_blank\" rel=\"noopener noreferrer\">Anmeldung bei ZNL Markus Jeschar<\/a><\/li>\n<li>Sa 1 .Juni | Salzwiesen Storkow | 09:30 Uhr Bf K\u00f6nigs Wusterhausen | Eifelverein Berlin e.V. | 11 km | <a class=\"link-external-blank\" href=\"https:\/\/berliner-wanderverband.de\/bwv\/?ziel=KontaktMgl&amp;kat=L1\" target=\"_blank\" rel=\"noopener noreferrer\">Anmeldung bei Petra Wetzel<\/a><\/li>\n<li>So 6. Juli | Wolziger See | 08:00 Uhr Bln Ostkreuz | C\u00f6penicker Wanderfreunde | 17 km | <a class=\"link-external-blank\" href=\"https:\/\/berliner-wanderverband.de\/bwv\/?ziel=KontaktMgl&amp;kat=L1\" target=\"_blank\" rel=\"noopener noreferrer\">Anmeldung bei Kerstin Deutschland<\/a><\/li>\n<li>Sa 19. Juli | P\u00e4tzer Vordersee | 08:00 Uhr Bln Ostkreuz | C\u00f6penicker Wanderfreunde | 17 km | <a class=\"link-external-blank\" href=\"https:\/\/berliner-wanderverband.de\/bwv\/?ziel=KontaktMgl&amp;kat=L1\" target=\"_blank\" rel=\"noopener noreferrer\">Anmeldung bei Kerstin Deutschland<\/a><\/li>\n<li>So 27. Juli | Von Halbe nach Oderin | 08:45 Bln Hauptbahnhof | Eifelverein Berlin e.V. | 18 km | <a class=\"link-external-blank\" href=\"https:\/\/berliner-wanderverband.de\/bwv\/?ziel=KontaktMgl&amp;kat=L1\" target=\"_blank\" rel=\"noopener noreferrer\">Anmeldung bei Renate Bittrich<\/a><\/li>\n<li>Sa 23. August | Von Hohenbr\u00fcck nach Wendisch Rietz | 08:35 Uhr Bln Ostkreuz | Berliner Wanderclub e.V. | 23 km | <a class=\"link-external-blank\" href=\"https:\/\/berliner-wanderverband.de\/bwv\/?ziel=KontaktMgl&amp;kat=L1\" target=\"_blank\" rel=\"noopener noreferrer\">Anmeldung bei Helga N\u00f6ther<\/a><\/li>\n<li>Mi 27. August | So nah ist Philadelphia | 10:00 Uhr Bln Ostkreuz | Wanderverein Fontane \u00b491 e.V. | 12 km | <a class=\"link-external-blank\" href=\"https:\/\/berliner-wanderverband.de\/bwv\/?ziel=KontaktMgl&amp;kat=L1\" target=\"_blank\" rel=\"noopener noreferrer\">Anmeldung bei Dorothea Waldeck<\/a><\/li>\n<li>So 31. August | Von Hohenbr\u00fcck nach Halbe | 8:30 Uhr Bln Alexanderplatz | Berliner Wanderclub e.V. | 26 km | <a class=\"link-external-blank\" href=\"https:\/\/berliner-wanderverband.de\/bwv\/?ziel=KontaktMgl&amp;kat=L1\" target=\"_blank\" rel=\"noopener noreferrer\">Anmeldung bei Volkmar Schmidt<\/a><\/li>\n<li>So 7. September | Von Halbe nach W\u00fcnsdorf | 09:00 Uhr Bln Ostkreuz | Berliner Wanderclub e.V. | 29 km | <a class=\"link-external-blank\" href=\"https:\/\/berliner-wanderverband.de\/bwv\/?ziel=KontaktMgl&amp;kat=L1\" target=\"_blank\" rel=\"noopener noreferrer\">Anmeldung bei Volkmar Schmidt<\/a><\/li>\n<li>Sa 27. September | Seelandschaft zwischen Klein Eichholz und Prieros | 09:40 Uhr Bf K\u00f6nigs Wusterhausen | Wanderverein Fontane \u00b490 e.V. | 22 km | <a class=\"link-external-blank\" href=\"https:\/\/berliner-wanderverband.de\/bwv\/?ziel=KontaktMgl&amp;kat=L1\" target=\"_blank\" rel=\"noopener noreferrer\">Anmeldung bei Michael Rumpf<\/a><\/li>\n<li>So 12. Oktober | Klein K\u00f6riser See &#8211; Tonsee | 09:20 Uhr Bf K\u00f6nigs Wusterhausen | Eifelverein Berlin e.V. | 17 km | <a class=\"link-external-blank\" href=\"https:\/\/berliner-wanderverband.de\/bwv\/?ziel=KontaktMgl&amp;kat=L1\" target=\"_blank\" rel=\"noopener noreferrer\">Anmeldung bei Petra Wetzel<\/a><\/li>\n<li>Sa 25. Oktober | Miethsluch und Dahmekanal | 09:00 Uhr Bln Ostkreuz | SV Empor Berlin e.V., Abteilung Wandern | 14 km | <a class=\"link-external-blank\" href=\"https:\/\/berliner-wanderverband.de\/bwv\/?ziel=KontaktMgl&amp;kat=L1\" target=\"_blank\" rel=\"noopener noreferrer\">Anmeldung bei Eckehard Heiber<\/a><\/li>\n<li>So 9. November | Seeblick Gro\u00df K\u00f6ris | 08:00 Uhr Bln Ostkreuz | C\u00f6penicker Wanderfreunde | 17 km | <a class=\"link-external-blank\" href=\"https:\/\/berliner-wanderverband.de\/bwv\/?ziel=KontaktMgl&amp;kat=L1\" target=\"_blank\" rel=\"noopener noreferrer\">Anmeldung bei Kerstin Deutschland<\/a><\/li>\n<li>Sa 22. November | An der Schm\u00f6lde | 09:00 Uhr Bf K\u00f6nigs Wusterhausen | Wanderverein Fontane \u00b490 e.V. | 22 km | <a class=\"link-external-blank\" href=\"https:\/\/berliner-wanderverband.de\/bwv\/?ziel=KontaktMgl&amp;kat=L1\" target=\"_blank\" rel=\"noopener noreferrer\">Anmeldung bei Egon Poppe<\/a><\/li>\n<li>Sa 22. November | Um Seen und die W\u00fcste Sahara | 09:30 Uhr Bf K\u00f6nigs Wusterhausen | SV Empor Berlin e.V., Abteilung Wandern | 22 km | <a class=\"link-external-blank\" href=\"https:\/\/berliner-wanderverband.de\/bwv\/?ziel=KontaktMgl&amp;kat=L1\" target=\"_blank\" rel=\"noopener noreferrer\">Anmeldung bei Eckehard Heiber<\/a><\/li>\n<li>Sa 6. Dezember | Zum Weihnachtsmarkt auf Burg Storkow | 09:30 Bf K\u00f6nigs Wusterhausen | Eifelverein Berlin e.V. | 17 km | <a class=\"link-external-blank\" href=\"https:\/\/berliner-wanderverband.de\/bwv\/?ziel=KontaktMgl&amp;kat=L1\" target=\"_blank\" rel=\"noopener noreferrer\">Anmeldung bei Renate Bittrich<\/a><\/li>\n<\/ul>\n<p><strong>Bitte melden Sie sich f\u00fcr die Wanderungen vorab bei den jeweiligen AnsprechpartnerInnen an.<\/strong><\/p>\n","protected":false},"excerpt":{"rendered":"<p>Anl\u00e4sslich des Tages der Parke bietet der Berliner Wanderverband e.V. gef\u00fchrte Wanderungen durch Brandenburger Naturlandschaften. Mit dabei sind dieses Jahr im Naturpark Dahme-Heideseen auch Wanderungen vom Tourismusverband Dahme-Seenland und Zertifizierten Natur- und Landschaftsf\u00fchrenden.<\/p>\n","protected":false},"author":83,"featured_media":7016,"comment_status":"open","ping_status":"open","sticky":false,"template":"","format":"standard","meta":[],"categories":[617],"tags":[],"yoast_head":"<!-- This site is optimized with the Yoast SEO plugin v19.10 - https:\/\/yoast.com\/wordpress\/plugins\/seo\/ -->\n<title>Mitwandern im Naturpark - Naturpark Dahme-Heideseen<\/title>\n<meta name=\"robots\" content=\"index, follow, max-snippet:-1, max-image-preview:large, max-video-preview:-1\" \/>\n<link rel=\"canonical\" href=\"https:\/\/www.naturparkmagazin.de\/dahme-heideseen\/mitwandern-im-naturpark\/\" \/>\n<meta property=\"og:locale\" content=\"de_DE\" \/>\n<meta property=\"og:type\" content=\"article\" \/>\n<meta property=\"og:title\" content=\"Mitwandern im Naturpark - Naturpark Dahme-Heideseen\" \/>\n<meta property=\"og:description\" content=\"Anl\u00e4sslich des Tages der Parke bietet der Berliner Wanderverband e.V. gef\u00fchrte Wanderungen durch Brandenburger Naturlandschaften. Mit dabei sind dieses Jahr im Naturpark Dahme-Heideseen auch Wanderungen vom Tourismusverband Dahme-Seenland und Zertifizierten Natur- und Landschaftsf\u00fchrenden.\" \/>\n<meta property=\"og:url\" content=\"https:\/\/www.naturparkmagazin.de\/dahme-heideseen\/mitwandern-im-naturpark\/\" \/>\n<meta property=\"og:site_name\" content=\"Naturpark Dahme-Heideseen\" \/>\n<meta property=\"article:published_time\" content=\"2025-04-10T13:33:09+00:00\" \/>\n<meta property=\"og:image\" content=\"https:\/\/www.naturparkmagazin.de\/dahme-heideseen\/wp-content\/uploads\/sites\/37\/Mitwandern-2025.jpg\" \/>\n\t<meta property=\"og:image:width\" content=\"1080\" \/>\n\t<meta property=\"og:image:height\" content=\"1350\" \/>\n\t<meta property=\"og:image:type\" content=\"image\/jpeg\" \/>\n<meta name=\"author\" content=\"Astrid Osenbr\u00fcck\" \/>\n<meta name=\"twitter:label1\" content=\"Verfasst von\" \/>\n\t<meta name=\"twitter:data1\" content=\"Astrid Osenbr\u00fcck\" \/>\n\t<meta name=\"twitter:label2\" content=\"Gesch\u00e4tzte Lesezeit\" \/>\n\t<meta name=\"twitter:data2\" content=\"4\u00a0Minuten\" \/>\n<script type=\"application\/ld+json\" class=\"yoast-schema-graph\">{\"@context\":\"https:\/\/schema.org\",\"@graph\":[{\"@type\":\"WebPage\",\"@id\":\"https:\/\/www.naturparkmagazin.de\/dahme-heideseen\/mitwandern-im-naturpark\/\",\"url\":\"https:\/\/www.naturparkmagazin.de\/dahme-heideseen\/mitwandern-im-naturpark\/\",\"name\":\"Mitwandern im Naturpark - Naturpark Dahme-Heideseen\",\"isPartOf\":{\"@id\":\"https:\/\/www.naturparkmagazin.de\/dahme-heideseen\/#website\"},\"datePublished\":\"2025-04-10T13:33:09+00:00\",\"dateModified\":\"2025-04-10T13:33:09+00:00\",\"author\":{\"@id\":\"https:\/\/www.naturparkmagazin.de\/dahme-heideseen\/#\/schema\/person\/a0510aafafdf8183c95fc98faf0c9f21\"},\"breadcrumb\":{\"@id\":\"https:\/\/www.naturparkmagazin.de\/dahme-heideseen\/mitwandern-im-naturpark\/#breadcrumb\"},\"inLanguage\":\"de\",\"potentialAction\":[{\"@type\":\"ReadAction\",\"target\":[\"https:\/\/www.naturparkmagazin.de\/dahme-heideseen\/mitwandern-im-naturpark\/\"]}]},{\"@type\":\"BreadcrumbList\",\"@id\":\"https:\/\/www.naturparkmagazin.de\/dahme-heideseen\/mitwandern-im-naturpark\/#breadcrumb\",\"itemListElement\":[{\"@type\":\"ListItem\",\"position\":1,\"name\":\"Home\",\"item\":\"https:\/\/www.naturparkmagazin.de\/dahme-heideseen\/\"},{\"@type\":\"ListItem\",\"position\":2,\"name\":\"Mitwandern im Naturpark\"}]},{\"@type\":\"WebSite\",\"@id\":\"https:\/\/www.naturparkmagazin.de\/dahme-heideseen\/#website\",\"url\":\"https:\/\/www.naturparkmagazin.de\/dahme-heideseen\/\",\"name\":\"Naturpark Dahme-Heideseen\",\"description\":\"\",\"potentialAction\":[{\"@type\":\"SearchAction\",\"target\":{\"@type\":\"EntryPoint\",\"urlTemplate\":\"https:\/\/www.naturparkmagazin.de\/dahme-heideseen\/?s={search_term_string}\"},\"query-input\":\"required name=search_term_string\"}],\"inLanguage\":\"de\"},{\"@type\":\"Person\",\"@id\":\"https:\/\/www.naturparkmagazin.de\/dahme-heideseen\/#\/schema\/person\/a0510aafafdf8183c95fc98faf0c9f21\",\"name\":\"Astrid Osenbr\u00fcck\",\"sameAs\":[\"http:\/\/www.dahme-heideseen-naturpark.de\"],\"url\":\"https:\/\/www.naturparkmagazin.de\/dahme-heideseen\/author\/astridosenbrueck\/\"}]}<\/script>\n<!-- \/ Yoast SEO plugin. -->","yoast_head_json":{"title":"Mitwandern im Naturpark - Naturpark Dahme-Heideseen","robots":{"index":"index","follow":"follow","max-snippet":"max-snippet:-1","max-image-preview":"max-image-preview:large","max-video-preview":"max-video-preview:-1"},"canonical":"https:\/\/www.naturparkmagazin.de\/dahme-heideseen\/mitwandern-im-naturpark\/","og_locale":"de_DE","og_type":"article","og_title":"Mitwandern im Naturpark - Naturpark Dahme-Heideseen","og_description":"Anl\u00e4sslich des Tages der Parke bietet der Berliner Wanderverband e.V. gef\u00fchrte Wanderungen durch Brandenburger Naturlandschaften. Mit dabei sind dieses Jahr im Naturpark Dahme-Heideseen auch Wanderungen vom Tourismusverband Dahme-Seenland und Zertifizierten Natur- und Landschaftsf\u00fchrenden.","og_url":"https:\/\/www.naturparkmagazin.de\/dahme-heideseen\/mitwandern-im-naturpark\/","og_site_name":"Naturpark Dahme-Heideseen","article_published_time":"2025-04-10T13:33:09+00:00","og_image":[{"width":1080,"height":1350,"url":"https:\/\/www.naturparkmagazin.de\/dahme-heideseen\/wp-content\/uploads\/sites\/37\/Mitwandern-2025.jpg","type":"image\/jpeg"}],"author":"Astrid Osenbr\u00fcck","twitter_misc":{"Verfasst von":"Astrid Osenbr\u00fcck","Gesch\u00e4tzte Lesezeit":"4\u00a0Minuten"},"schema":{"@context":"https:\/\/schema.org","@graph":[{"@type":"WebPage","@id":"https:\/\/www.naturparkmagazin.de\/dahme-heideseen\/mitwandern-im-naturpark\/","url":"https:\/\/www.naturparkmagazin.de\/dahme-heideseen\/mitwandern-im-naturpark\/","name":"Mitwandern im Naturpark - Naturpark Dahme-Heideseen","isPartOf":{"@id":"https:\/\/www.naturparkmagazin.de\/dahme-heideseen\/#website"},"datePublished":"2025-04-10T13:33:09+00:00","dateModified":"2025-04-10T13:33:09+00:00","author":{"@id":"https:\/\/www.naturparkmagazin.de\/dahme-heideseen\/#\/schema\/person\/a0510aafafdf8183c95fc98faf0c9f21"},"breadcrumb":{"@id":"https:\/\/www.naturparkmagazin.de\/dahme-heideseen\/mitwandern-im-naturpark\/#breadcrumb"},"inLanguage":"de","potentialAction":[{"@type":"ReadAction","target":["https:\/\/www.naturparkmagazin.de\/dahme-heideseen\/mitwandern-im-naturpark\/"]}]},{"@type":"BreadcrumbList","@id":"https:\/\/www.naturparkmagazin.de\/dahme-heideseen\/mitwandern-im-naturpark\/#breadcrumb","itemListElement":[{"@type":"ListItem","position":1,"name":"Home","item":"https:\/\/www.naturparkmagazin.de\/dahme-heideseen\/"},{"@type":"ListItem","position":2,"name":"Mitwandern im Naturpark"}]},{"@type":"WebSite","@id":"https:\/\/www.naturparkmagazin.de\/dahme-heideseen\/#website","url":"https:\/\/www.naturparkmagazin.de\/dahme-heideseen\/","name":"Naturpark Dahme-Heideseen","description":"","potentialAction":[{"@type":"SearchAction","target":{"@type":"EntryPoint","urlTemplate":"https:\/\/www.naturparkmagazin.de\/dahme-heideseen\/?s={search_term_string}"},"query-input":"required name=search_term_string"}],"inLanguage":"de"},{"@type":"Person","@id":"https:\/\/www.naturparkmagazin.de\/dahme-heideseen\/#\/schema\/person\/a0510aafafdf8183c95fc98faf0c9f21","name":"Astrid Osenbr\u00fcck","sameAs":["http:\/\/www.dahme-heideseen-naturpark.de"],"url":"https:\/\/www.naturparkmagazin.de\/dahme-heideseen\/author\/astridosenbrueck\/"}]}},"_links":{"self":[{"href":"https:\/\/www.naturparkmagazin.de\/dahme-heideseen\/wp-json\/wp\/v2\/posts\/7015"}],"collection":[{"href":"https:\/\/www.naturparkmagazin.de\/dahme-heideseen\/wp-json\/wp\/v2\/posts"}],"about":[{"href":"https:\/\/www.naturparkmagazin.de\/dahme-heideseen\/wp-json\/wp\/v2\/types\/post"}],"author":[{"embeddable":true,"href":"https:\/\/www.naturparkmagazin.de\/dahme-heideseen\/wp-json\/wp\/v2\/users\/83"}],"replies":[{"embeddable":true,"href":"https:\/\/www.naturparkmagazin.de\/dahme-heideseen\/wp-json\/wp\/v2\/comments?post=7015"}],"version-history":[{"count":1,"href":"https:\/\/www.naturparkmagazin.de\/dahme-heideseen\/wp-json\/wp\/v2\/posts\/7015\/revisions"}],"predecessor-version":[{"id":7017,"href":"https:\/\/www.naturparkmagazin.de\/dahme-heideseen\/wp-json\/wp\/v2\/posts\/7015\/revisions\/7017"}],"wp:featuredmedia":[{"embeddable":true,"href":"https:\/\/www.naturparkmagazin.de\/dahme-heideseen\/wp-json\/wp\/v2\/media\/7016"}],"wp:attachment":[{"href":"https:\/\/www.naturparkmagazin.de\/dahme-heideseen\/wp-json\/wp\/v2\/media?parent=7015"}],"wp:term":[{"taxonomy":"category","embeddable":true,"href":"https:\/\/www.naturparkmagazin.de\/dahme-heideseen\/wp-json\/wp\/v2\/categories?post=7015"},{"taxonomy":"post_tag","embeddable":true,"href":"https:\/\/www.naturparkmagazin.de\/dahme-heideseen\/wp-json\/wp\/v2\/tags?post=7015"}],"curies":[{"name":"wp","href":"https:\/\/api.w.org\/{rel}","templated":true}]}}