{"id":703,"date":"2014-09-19T09:44:31","date_gmt":"2014-09-19T07:44:31","guid":{"rendered":"http:\/\/www.naturparkmagazin.de\/dahme-heideseen\/?p=703"},"modified":"2014-09-29T11:09:35","modified_gmt":"2014-09-29T09:09:35","slug":"farbiger-denkmaltag-in-gross-koeris","status":"publish","type":"post","link":"https:\/\/www.naturparkmagazin.de\/dahme-heideseen\/farbiger-denkmaltag-in-gross-koeris\/","title":{"rendered":"Farbiger Denkmaltag in Gro\u00df K\u00f6ris"},"content":{"rendered":"<p>Farbe, das war das Thema des bundesweit ausgetragenen Tages des offenen Denkmals am Sonntag, den 14. September 2014. <!--more-->Farbig war auch das Programm, zu dem der Naturpark Dahme-Heideseen und Partner in die Gemeinde Gro\u00df K\u00f6ris einluden. Am fr\u00fchen Sonntagmorgen sah es leider gar nicht farbig aus. Es regnete, der Himmel war Grau in Grau. P\u00fcnktlich zur Programmer\u00f6ffnung kl\u00e4rte sich der Himmel doch noch auf und so konnte der Denkmaltag rund um die denkmalgesch\u00fctzte Christuskirche ohne Regenschirme beginnen.<\/p>\n<div id=\"attachment_653\" style=\"width: 630px\" class=\"wp-caption aligncenter\"><a href=\"https:\/\/www.naturparkmagazin.de\/dahme-heideseen\/wp-content\/uploads\/sites\/37\/Cristuskirche2009_klein.jpg\"><img aria-describedby=\"caption-attachment-653\" decoding=\"async\" loading=\"lazy\" class=\"size-medium wp-image-653\" alt=\"Denkmalgesch\u00fctzte Christuskirche in Gro\u00df K\u00f6ris (Foto: Sonnenberg)\" src=\"https:\/\/www.naturparkmagazin.de\/dahme-heideseen\/wp-content\/uploads\/sites\/37\/Cristuskirche2009_klein-620x465.jpg\" width=\"620\" height=\"465\" srcset=\"https:\/\/www.naturparkmagazin.de\/dahme-heideseen\/wp-content\/uploads\/sites\/37\/Cristuskirche2009_klein-620x465.jpg 620w, https:\/\/www.naturparkmagazin.de\/dahme-heideseen\/wp-content\/uploads\/sites\/37\/Cristuskirche2009_klein-300x225.jpg 300w, https:\/\/www.naturparkmagazin.de\/dahme-heideseen\/wp-content\/uploads\/sites\/37\/Cristuskirche2009_klein-580x435.jpg 580w, https:\/\/www.naturparkmagazin.de\/dahme-heideseen\/wp-content\/uploads\/sites\/37\/Cristuskirche2009_klein-420x315.jpg 420w, https:\/\/www.naturparkmagazin.de\/dahme-heideseen\/wp-content\/uploads\/sites\/37\/Cristuskirche2009_klein-180x135.jpg 180w, https:\/\/www.naturparkmagazin.de\/dahme-heideseen\/wp-content\/uploads\/sites\/37\/Cristuskirche2009_klein-95x71.jpg 95w, https:\/\/www.naturparkmagazin.de\/dahme-heideseen\/wp-content\/uploads\/sites\/37\/Cristuskirche2009_klein-200x150.jpg 200w, https:\/\/www.naturparkmagazin.de\/dahme-heideseen\/wp-content\/uploads\/sites\/37\/Cristuskirche2009_klein.jpg 640w\" sizes=\"(max-width: 620px) 100vw, 620px\" \/><\/a><p id=\"caption-attachment-653\" class=\"wp-caption-text\">Denkmalgesch\u00fctzte Christuskirche in Gro\u00df K\u00f6ris (Foto: Sonnenberg)<\/p><\/div>\n<p>F\u00fcr die im von 1914 bis 1916 erbaute restaurierte Christuskirche mit ihren Blumen-\u00a0und Sternenornamenten gab es wohl kaum ein besseres Motte wie \u201eFarbe\u201c als das diesj\u00e4hrige Thema des Denkmaltags. Die urspr\u00fcngliche Innenausmahlung im Jugendstiel, entworfen vom Architekten der Kirche Georg B\u00fcttner, wurde in den 1960er Jahren einfarbig \u00fcbermalt. In den Jahren 2006 bis 2010 erfolgte die aufwendige Sanierung und Restaurierung der Innenbemalung mit Pflanzen- und Bl\u00fctenmotiven und einem sich \u00fcber das Kirchenschiff erstreckenden Sternenhimmel. Die Erneuerung der Innenausmalung war nur m\u00f6glich, weil sich viele Freunde der Kirche mit Spenden an der Finanzierung beteiligten. So konnten und k\u00f6nnen die Sterne an der Kirchendecke von Spendern sozusagen \u201eerworben werden\u201c. Die Geschichte der Christuskirche, ihre architektonischen Besonderheiten sowie viele Geschichten und\u00a0 Details wurden den Besuchern von J\u00f6rg Stiehl im Rahmen seiner F\u00fchrungen erkl\u00e4rt. Bei dem evangelischen Gottesdienst am Nachmittag mit der Besonderheit einer goldenen und diamantenen Konfirmation nahm Pfarrerin Brigitte M\u00fcller-Lindern das Nachdenken \u00fcber den Begriff Denkmal und den Denkmaltag in ihrer Predigt auf.<\/p>\n<div id=\"attachment_711\" style=\"width: 630px\" class=\"wp-caption aligncenter\"><a href=\"https:\/\/www.naturparkmagazin.de\/dahme-heideseen\/wp-content\/uploads\/sites\/37\/wmh-1.jpg\"><img aria-describedby=\"caption-attachment-711\" decoding=\"async\" loading=\"lazy\" class=\"size-medium wp-image-711\" alt=\"Ziegelpflaster in der Seebadstra\u00dfe\" src=\"https:\/\/www.naturparkmagazin.de\/dahme-heideseen\/wp-content\/uploads\/sites\/37\/wmh-1-620x415.jpg\" width=\"620\" height=\"415\" srcset=\"https:\/\/www.naturparkmagazin.de\/dahme-heideseen\/wp-content\/uploads\/sites\/37\/wmh-1-620x415.jpg 620w, https:\/\/www.naturparkmagazin.de\/dahme-heideseen\/wp-content\/uploads\/sites\/37\/wmh-1-300x201.jpg 300w, https:\/\/www.naturparkmagazin.de\/dahme-heideseen\/wp-content\/uploads\/sites\/37\/wmh-1-940x629.jpg 940w, https:\/\/www.naturparkmagazin.de\/dahme-heideseen\/wp-content\/uploads\/sites\/37\/wmh-1-670x449.jpg 670w, https:\/\/www.naturparkmagazin.de\/dahme-heideseen\/wp-content\/uploads\/sites\/37\/wmh-1-200x134.jpg 200w, https:\/\/www.naturparkmagazin.de\/dahme-heideseen\/wp-content\/uploads\/sites\/37\/wmh-1.jpg 1147w\" sizes=\"(max-width: 620px) 100vw, 620px\" \/><\/a><p id=\"caption-attachment-711\" class=\"wp-caption-text\">Ziegelpflaster in der Seebadstra\u00dfe<\/p><\/div>\n<p>Die Geschichte der Ortsentwicklung von Gro\u00df K\u00f6ris seit 150 Jahren war das Thema von Reinhard Geister. Der Weg f\u00fchrte \u00fcber die historischen Stra\u00dfenanbindungen mit ihren Ziegel- und Kopfsteinpflasterbelegen \u00fcber die Zugbr\u00fccke bis zu den Naturdenkmalen \u201eDrei Eichen\u201c und \u201eBackofenkiefer\u201c. Einzigartig im Landkreis Dahme-Spreewald, wenn nicht sogar in ganz Brandenburg ist das im Fischgr\u00e4tenmuster verlegte Pflaster aus L\u00f6ptener Tonziegeln in der Seebadstra\u00dfe.<\/p>\n<div id=\"attachment_706\" style=\"width: 546px\" class=\"wp-caption aligncenter\"><a href=\"https:\/\/www.naturparkmagazin.de\/dahme-heideseen\/wp-content\/uploads\/sites\/37\/Zugbr\u00fccke.jpg\"><img aria-describedby=\"caption-attachment-706\" decoding=\"async\" loading=\"lazy\" class=\"size-full wp-image-706\" alt=\"Zugbr\u00fccke\" src=\"https:\/\/www.naturparkmagazin.de\/dahme-heideseen\/wp-content\/uploads\/sites\/37\/Zugbr\u00fccke.jpg\" width=\"536\" height=\"800\" srcset=\"https:\/\/www.naturparkmagazin.de\/dahme-heideseen\/wp-content\/uploads\/sites\/37\/Zugbr\u00fccke.jpg 536w, https:\/\/www.naturparkmagazin.de\/dahme-heideseen\/wp-content\/uploads\/sites\/37\/Zugbr\u00fccke-300x448.jpg 300w, https:\/\/www.naturparkmagazin.de\/dahme-heideseen\/wp-content\/uploads\/sites\/37\/Zugbr\u00fccke-200x299.jpg 200w\" sizes=\"(max-width: 536px) 100vw, 536px\" \/><\/a><p id=\"caption-attachment-706\" class=\"wp-caption-text\">Zugbr\u00fccke<\/p><\/div>\n<p>Weit aus bekannter ist mit Sicherheit die Zugbr\u00fccke von Gro\u00df K\u00f6ris. Sie wird seit 1855 erw\u00e4hnt und ist zusammen mit dem Br\u00fcckenw\u00e4rterh\u00e4uschen in die Liste der Baudenkmal aufgenommen. Wer kann die Geschichte der Zugbr\u00fccke anschaulicher und lebhafter erkl\u00e4ren als Jutta Spigalski? Kein Frage, niemand! Lange hat sie die Zugbr\u00fccke bedient und so \u00fcbernahm sie am Denkmaltag den Part der \u201eGeschichte der Zugbr\u00fccke\u201c. Nat\u00fcrlich spielt das Thema Farbe auch bei der Zugbr\u00fccke eine Rolle, wird diese doch nach ihrem letzten Anstrich auch als Gro\u00df K\u00f6riser Blaues Wunder bezeichnet.<\/p>\n<p>Weitere Angebote zum Denkmaltag waren eine Wanderung auf dem neuen Rundwanderweg um die K\u00f6riser Heideseen, dem Ro\u00dfkardt- und G\u00fcldensee\u201c \u00a0und eine von der Naturwacht gef\u00fchrte Radtour. Diese f\u00fchrte durch sattgr\u00fcne W\u00e4lder, \u00fcber gelbe Sandschellen und vorbei an blauen See bis zur Germanischen Siedlung in Klein K\u00f6ris. Hier zeigt der Verein Germanische Siedlung, welche Bedeutung Farbe bei unseren Vorfahren vor 2000 Jahren\nhatte.<\/p>\n<p>An der Christuskirche informierte die Naturwacht \u00fcber den Naturpark und seine Besonderheiten. Die Volkshochschule Dahme-Spreewald bot einen Malwettbewerb f\u00fcr Kinder an. ANIMATA &#8211; Allianz der Unternehmerinnen Berlin-Brandenburg e.V. stellte ein Kooperationsprojekt zur Seideherstellung Kambodscha vor. Der Fremdenverkehrsverein Schenkenland-Tourist und der Gemeindekirchenrat Gro\u00df K\u00f6ris sorgten mit Imbiss, Kaffe und Kuchen sowie dem sowie dem\u00a0 wichtigen \u201edrum-Herum\u201c aus \u00dcberzelten und Sitzb\u00e4nken f\u00fcr eine sch\u00f6ne Stimmung und Gastlichkeit.<\/p>\n<p>Zum Abschluss des Denkmaltags wurde eine Infotafel f\u00fcr die anl\u00e4sslich des Denkmaltages in der Gro\u00df K\u00f6riser Seebadstra\u00dfe neu gepflanzten drei Maulbeerb\u00e4ume eingeweiht. Die Geschichte der urspr\u00fcnglich aus China stammenden Maulbeerb\u00e4ume l\u00e4sst sich in Brandenburg bis zu 300 Jahre zur\u00fcckverfolgen. Die Bl\u00e4tter der Maulbeeren sind die einstigen Futterpflanzen f\u00fcr die Schmetterlinge der Seidenraupen. Sie waren also fr\u00fcher unverzichtbar f\u00fcr die auch fr\u00fcher hier betriebene Seidenraupenzucht. Neben den neu gepflanzten Maulbeeren gibt es sogar noch alte B\u00e4ume in der Umgebung, so zum Beispiel in Teupitz, M\u00fcnchehofe und Motzen. Die Neupflanzungen in Gro\u00df K\u00f6ris wurden aus Spendenmitteln des Naturwacht sowie Unterst\u00fctzung vom Schenkenland-Tourist e.V. und der Firma Mattigka \u2013 Sand- und Kiesgruben GmbH finanziert. Stefan Selent vom Restaurant \u201eM\u00e4rkische Riviera\u201c will sich in den n\u00e4chsten Jahren um das Gedeihen der jungen Maulbeeren k\u00fcmmern.<\/p>\n<div id=\"attachment_707\" style=\"width: 630px\" class=\"wp-caption aligncenter\"><a href=\"https:\/\/www.naturparkmagazin.de\/dahme-heideseen\/wp-content\/uploads\/sites\/37\/Denkmaltag_vor-der-Tafel.jpg\"><img aria-describedby=\"caption-attachment-707\" decoding=\"async\" loading=\"lazy\" class=\"size-medium wp-image-707\" alt=\"Abschluss des Denkmaltages vor der neuen Infotafel - Dank allen Beteiligten\" src=\"https:\/\/www.naturparkmagazin.de\/dahme-heideseen\/wp-content\/uploads\/sites\/37\/Denkmaltag_vor-der-Tafel-620x465.jpg\" width=\"620\" height=\"465\" srcset=\"https:\/\/www.naturparkmagazin.de\/dahme-heideseen\/wp-content\/uploads\/sites\/37\/Denkmaltag_vor-der-Tafel-620x465.jpg 620w, https:\/\/www.naturparkmagazin.de\/dahme-heideseen\/wp-content\/uploads\/sites\/37\/Denkmaltag_vor-der-Tafel-300x225.jpg 300w, https:\/\/www.naturparkmagazin.de\/dahme-heideseen\/wp-content\/uploads\/sites\/37\/Denkmaltag_vor-der-Tafel-580x435.jpg 580w, https:\/\/www.naturparkmagazin.de\/dahme-heideseen\/wp-content\/uploads\/sites\/37\/Denkmaltag_vor-der-Tafel-420x315.jpg 420w, https:\/\/www.naturparkmagazin.de\/dahme-heideseen\/wp-content\/uploads\/sites\/37\/Denkmaltag_vor-der-Tafel-180x135.jpg 180w, https:\/\/www.naturparkmagazin.de\/dahme-heideseen\/wp-content\/uploads\/sites\/37\/Denkmaltag_vor-der-Tafel-95x71.jpg 95w, https:\/\/www.naturparkmagazin.de\/dahme-heideseen\/wp-content\/uploads\/sites\/37\/Denkmaltag_vor-der-Tafel-670x503.jpg 670w, https:\/\/www.naturparkmagazin.de\/dahme-heideseen\/wp-content\/uploads\/sites\/37\/Denkmaltag_vor-der-Tafel-200x150.jpg 200w, https:\/\/www.naturparkmagazin.de\/dahme-heideseen\/wp-content\/uploads\/sites\/37\/Denkmaltag_vor-der-Tafel.jpg 800w\" sizes=\"(max-width: 620px) 100vw, 620px\" \/><\/a><p id=\"caption-attachment-707\" class=\"wp-caption-text\">Abschluss des Denkmaltages vor der neuen Infotafel &#8211; Dank allen Beteiligten<\/p><\/div>\n<p>&nbsp;<\/p>\n","protected":false},"excerpt":{"rendered":"<p>Farbe, das war das Thema des bundesweit ausgetragenen Tages des offenen Denkmals am Sonntag, den 14. September 2014. <\/p>\n","protected":false},"author":48,"featured_media":704,"comment_status":"open","ping_status":"open","sticky":false,"template":"","format":"standard","meta":[],"categories":[7],"tags":[],"yoast_head":"<!-- This site is optimized with the Yoast SEO plugin v19.10 - https:\/\/yoast.com\/wordpress\/plugins\/seo\/ -->\n<title>Farbiger Denkmaltag in Gro\u00df K\u00f6ris - Naturpark Dahme-Heideseen<\/title>\n<meta name=\"robots\" content=\"index, follow, max-snippet:-1, max-image-preview:large, max-video-preview:-1\" \/>\n<link rel=\"canonical\" href=\"https:\/\/www.naturparkmagazin.de\/dahme-heideseen\/farbiger-denkmaltag-in-gross-koeris\/\" \/>\n<meta property=\"og:locale\" content=\"de_DE\" \/>\n<meta property=\"og:type\" content=\"article\" \/>\n<meta property=\"og:title\" content=\"Farbiger Denkmaltag in Gro\u00df K\u00f6ris - Naturpark Dahme-Heideseen\" \/>\n<meta property=\"og:description\" content=\"Farbe, das war das Thema des bundesweit ausgetragenen Tages des offenen Denkmals am Sonntag, den 14. September 2014.\" \/>\n<meta property=\"og:url\" content=\"https:\/\/www.naturparkmagazin.de\/dahme-heideseen\/farbiger-denkmaltag-in-gross-koeris\/\" \/>\n<meta property=\"og:site_name\" content=\"Naturpark Dahme-Heideseen\" \/>\n<meta property=\"article:published_time\" content=\"2014-09-19T07:44:31+00:00\" \/>\n<meta property=\"article:modified_time\" content=\"2014-09-29T09:09:35+00:00\" \/>\n<meta property=\"og:image\" content=\"https:\/\/www.naturparkmagazin.de\/dahme-heideseen\/wp-content\/uploads\/sites\/37\/Christuskirche_innenbemalung.jpg\" \/>\n\t<meta property=\"og:image:width\" content=\"680\" \/>\n\t<meta property=\"og:image:height\" content=\"600\" \/>\n\t<meta property=\"og:image:type\" content=\"image\/jpeg\" \/>\n<meta name=\"author\" content=\"hanssonnenberg\" \/>\n<meta name=\"twitter:label1\" content=\"Verfasst von\" \/>\n\t<meta name=\"twitter:data1\" content=\"hanssonnenberg\" \/>\n\t<meta name=\"twitter:label2\" content=\"Gesch\u00e4tzte Lesezeit\" \/>\n\t<meta name=\"twitter:data2\" content=\"4\u00a0Minuten\" \/>\n<script type=\"application\/ld+json\" class=\"yoast-schema-graph\">{\"@context\":\"https:\/\/schema.org\",\"@graph\":[{\"@type\":\"WebPage\",\"@id\":\"https:\/\/www.naturparkmagazin.de\/dahme-heideseen\/farbiger-denkmaltag-in-gross-koeris\/\",\"url\":\"https:\/\/www.naturparkmagazin.de\/dahme-heideseen\/farbiger-denkmaltag-in-gross-koeris\/\",\"name\":\"Farbiger Denkmaltag in Gro\u00df K\u00f6ris - Naturpark Dahme-Heideseen\",\"isPartOf\":{\"@id\":\"https:\/\/www.naturparkmagazin.de\/dahme-heideseen\/#website\"},\"datePublished\":\"2014-09-19T07:44:31+00:00\",\"dateModified\":\"2014-09-29T09:09:35+00:00\",\"author\":{\"@id\":\"https:\/\/www.naturparkmagazin.de\/dahme-heideseen\/#\/schema\/person\/c81c96c3a1f5ee7bffff8b8022c105f0\"},\"breadcrumb\":{\"@id\":\"https:\/\/www.naturparkmagazin.de\/dahme-heideseen\/farbiger-denkmaltag-in-gross-koeris\/#breadcrumb\"},\"inLanguage\":\"de\",\"potentialAction\":[{\"@type\":\"ReadAction\",\"target\":[\"https:\/\/www.naturparkmagazin.de\/dahme-heideseen\/farbiger-denkmaltag-in-gross-koeris\/\"]}]},{\"@type\":\"BreadcrumbList\",\"@id\":\"https:\/\/www.naturparkmagazin.de\/dahme-heideseen\/farbiger-denkmaltag-in-gross-koeris\/#breadcrumb\",\"itemListElement\":[{\"@type\":\"ListItem\",\"position\":1,\"name\":\"Home\",\"item\":\"https:\/\/www.naturparkmagazin.de\/dahme-heideseen\/\"},{\"@type\":\"ListItem\",\"position\":2,\"name\":\"Farbiger Denkmaltag in Gro\u00df K\u00f6ris\"}]},{\"@type\":\"WebSite\",\"@id\":\"https:\/\/www.naturparkmagazin.de\/dahme-heideseen\/#website\",\"url\":\"https:\/\/www.naturparkmagazin.de\/dahme-heideseen\/\",\"name\":\"Naturpark Dahme-Heideseen\",\"description\":\"\",\"potentialAction\":[{\"@type\":\"SearchAction\",\"target\":{\"@type\":\"EntryPoint\",\"urlTemplate\":\"https:\/\/www.naturparkmagazin.de\/dahme-heideseen\/?s={search_term_string}\"},\"query-input\":\"required name=search_term_string\"}],\"inLanguage\":\"de\"},{\"@type\":\"Person\",\"@id\":\"https:\/\/www.naturparkmagazin.de\/dahme-heideseen\/#\/schema\/person\/c81c96c3a1f5ee7bffff8b8022c105f0\",\"name\":\"hanssonnenberg\",\"url\":\"https:\/\/www.naturparkmagazin.de\/dahme-heideseen\/author\/hanssonnenberg\/\"}]}<\/script>\n<!-- \/ Yoast SEO plugin. -->","yoast_head_json":{"title":"Farbiger Denkmaltag in Gro\u00df K\u00f6ris - Naturpark Dahme-Heideseen","robots":{"index":"index","follow":"follow","max-snippet":"max-snippet:-1","max-image-preview":"max-image-preview:large","max-video-preview":"max-video-preview:-1"},"canonical":"https:\/\/www.naturparkmagazin.de\/dahme-heideseen\/farbiger-denkmaltag-in-gross-koeris\/","og_locale":"de_DE","og_type":"article","og_title":"Farbiger Denkmaltag in Gro\u00df K\u00f6ris - Naturpark Dahme-Heideseen","og_description":"Farbe, das war das Thema des bundesweit ausgetragenen Tages des offenen Denkmals am Sonntag, den 14. September 2014.","og_url":"https:\/\/www.naturparkmagazin.de\/dahme-heideseen\/farbiger-denkmaltag-in-gross-koeris\/","og_site_name":"Naturpark Dahme-Heideseen","article_published_time":"2014-09-19T07:44:31+00:00","article_modified_time":"2014-09-29T09:09:35+00:00","og_image":[{"width":680,"height":600,"url":"https:\/\/www.naturparkmagazin.de\/dahme-heideseen\/wp-content\/uploads\/sites\/37\/Christuskirche_innenbemalung.jpg","type":"image\/jpeg"}],"author":"hanssonnenberg","twitter_misc":{"Verfasst von":"hanssonnenberg","Gesch\u00e4tzte Lesezeit":"4\u00a0Minuten"},"schema":{"@context":"https:\/\/schema.org","@graph":[{"@type":"WebPage","@id":"https:\/\/www.naturparkmagazin.de\/dahme-heideseen\/farbiger-denkmaltag-in-gross-koeris\/","url":"https:\/\/www.naturparkmagazin.de\/dahme-heideseen\/farbiger-denkmaltag-in-gross-koeris\/","name":"Farbiger Denkmaltag in Gro\u00df K\u00f6ris - Naturpark Dahme-Heideseen","isPartOf":{"@id":"https:\/\/www.naturparkmagazin.de\/dahme-heideseen\/#website"},"datePublished":"2014-09-19T07:44:31+00:00","dateModified":"2014-09-29T09:09:35+00:00","author":{"@id":"https:\/\/www.naturparkmagazin.de\/dahme-heideseen\/#\/schema\/person\/c81c96c3a1f5ee7bffff8b8022c105f0"},"breadcrumb":{"@id":"https:\/\/www.naturparkmagazin.de\/dahme-heideseen\/farbiger-denkmaltag-in-gross-koeris\/#breadcrumb"},"inLanguage":"de","potentialAction":[{"@type":"ReadAction","target":["https:\/\/www.naturparkmagazin.de\/dahme-heideseen\/farbiger-denkmaltag-in-gross-koeris\/"]}]},{"@type":"BreadcrumbList","@id":"https:\/\/www.naturparkmagazin.de\/dahme-heideseen\/farbiger-denkmaltag-in-gross-koeris\/#breadcrumb","itemListElement":[{"@type":"ListItem","position":1,"name":"Home","item":"https:\/\/www.naturparkmagazin.de\/dahme-heideseen\/"},{"@type":"ListItem","position":2,"name":"Farbiger Denkmaltag in Gro\u00df K\u00f6ris"}]},{"@type":"WebSite","@id":"https:\/\/www.naturparkmagazin.de\/dahme-heideseen\/#website","url":"https:\/\/www.naturparkmagazin.de\/dahme-heideseen\/","name":"Naturpark Dahme-Heideseen","description":"","potentialAction":[{"@type":"SearchAction","target":{"@type":"EntryPoint","urlTemplate":"https:\/\/www.naturparkmagazin.de\/dahme-heideseen\/?s={search_term_string}"},"query-input":"required name=search_term_string"}],"inLanguage":"de"},{"@type":"Person","@id":"https:\/\/www.naturparkmagazin.de\/dahme-heideseen\/#\/schema\/person\/c81c96c3a1f5ee7bffff8b8022c105f0","name":"hanssonnenberg","url":"https:\/\/www.naturparkmagazin.de\/dahme-heideseen\/author\/hanssonnenberg\/"}]}},"_links":{"self":[{"href":"https:\/\/www.naturparkmagazin.de\/dahme-heideseen\/wp-json\/wp\/v2\/posts\/703"}],"collection":[{"href":"https:\/\/www.naturparkmagazin.de\/dahme-heideseen\/wp-json\/wp\/v2\/posts"}],"about":[{"href":"https:\/\/www.naturparkmagazin.de\/dahme-heideseen\/wp-json\/wp\/v2\/types\/post"}],"author":[{"embeddable":true,"href":"https:\/\/www.naturparkmagazin.de\/dahme-heideseen\/wp-json\/wp\/v2\/users\/48"}],"replies":[{"embeddable":true,"href":"https:\/\/www.naturparkmagazin.de\/dahme-heideseen\/wp-json\/wp\/v2\/comments?post=703"}],"version-history":[{"count":5,"href":"https:\/\/www.naturparkmagazin.de\/dahme-heideseen\/wp-json\/wp\/v2\/posts\/703\/revisions"}],"predecessor-version":[{"id":752,"href":"https:\/\/www.naturparkmagazin.de\/dahme-heideseen\/wp-json\/wp\/v2\/posts\/703\/revisions\/752"}],"wp:featuredmedia":[{"embeddable":true,"href":"https:\/\/www.naturparkmagazin.de\/dahme-heideseen\/wp-json\/wp\/v2\/media\/704"}],"wp:attachment":[{"href":"https:\/\/www.naturparkmagazin.de\/dahme-heideseen\/wp-json\/wp\/v2\/media?parent=703"}],"wp:term":[{"taxonomy":"category","embeddable":true,"href":"https:\/\/www.naturparkmagazin.de\/dahme-heideseen\/wp-json\/wp\/v2\/categories?post=703"},{"taxonomy":"post_tag","embeddable":true,"href":"https:\/\/www.naturparkmagazin.de\/dahme-heideseen\/wp-json\/wp\/v2\/tags?post=703"}],"curies":[{"name":"wp","href":"https:\/\/api.w.org\/{rel}","templated":true}]}}