{"id":7094,"date":"2025-05-20T15:17:45","date_gmt":"2025-05-20T13:17:45","guid":{"rendered":"https:\/\/www.naturparkmagazin.de\/dahme-heideseen\/?p=7094"},"modified":"2025-05-20T15:17:45","modified_gmt":"2025-05-20T13:17:45","slug":"burgenland-in-kinderhand-kinderkulturfestival","status":"publish","type":"post","link":"https:\/\/www.naturparkmagazin.de\/dahme-heideseen\/burgenland-in-kinderhand-kinderkulturfestival\/","title":{"rendered":"Burgenland in Kinderhand &#8211; KinderKulturFestival"},"content":{"rendered":"<p>Am 1. Juni erwartet die Besucher auf der Burg Storkow ein unvergessliches Kinder-Kultur-Festival zum Kindertag!<\/p>\n<p>Das Storkower Burgenland ist an diesem Tag in Kinderhand.<\/p>\n<p>&nbsp;<\/p>\n<p>Das Festival bringt Kreativit\u00e4t, Freude und Vielfalt direkt in die Herzen der Kinder. Abwechslungsreiche Angebote von regionalen Akteuren und Vereinen laden zum Singen, Tanzen, Toben, Basteln und geselligen Beisammensein ein.<\/p>\n<p>Auf der B\u00fchne treten die aus dem Kinderradio bekannten Musiker \u201eIch &amp; Herr Meyer\u201c und \u201eAnton\u201c auf. Die Trommelgruppe \u201eDie Sambakids\u201c, das Storkower Stadtmaskottchen Storki und Prinzessin Lila mit Toli, dem Drachen, sorgen f\u00fcr heitere Stimmung.<\/p>\n<p>Die Storkower Feuerwehr ist vor Ort und l\u00e4sst mit ihrem Feuerwehrfahrzeug Kinderaugen strahlen.<\/p>\n<p>&nbsp;<\/p>\n<p>Eine H\u00fcpfburg, Kinderschminken, Mitmach-Aktionen, verschiedene Bastelangebote und eine Tombola garantieren Spa\u00df und Abwechslung.<\/p>\n<p>&nbsp;<\/p>\n<p>Es werden jede Menge leckere Speisen f\u00fcr gro\u00dfe als auch kleine Feinschmecker angeboten!<\/p>\n<p>Kommt vorbei und lasst euch \u00fcberraschen \u2013 es wird lecker und lustig!<\/p>\n<p>&nbsp;<\/p>\n<p>Das Fest wird von der Stadt Storkow (Mark) in Zusammenarbeit mit Vereinen, Institutionen und Ehren\u00e4mtern organisiert und ist vom Bundesprogramm \u201eDemokratie leben!\u201c gef\u00f6rdert.<\/p>\n<p>&nbsp;<\/p>\n<p>Die Stadt Storkow (Mark) freut sich, wenn viele G\u00e4ste mit dem Zug oder mit dem Fahrrad zum Fest kommen. F\u00fcr alle, die mit dem Auto anreisen, stehen Parkpl\u00e4tze auf der Festwiese zur Verf\u00fcgung.<\/p>\n<p>Eintritt frei<\/p>\n","protected":false},"excerpt":{"rendered":"<p>Am 1. Juni erwartet die Besucher auf der Burg Storkow ein unvergessliches Kinder-Kultur-Festival zum Kindertag!<\/p>\n","protected":false},"author":83,"featured_media":7062,"comment_status":"open","ping_status":"open","sticky":false,"template":"","format":"standard","meta":[],"categories":[11],"tags":[],"yoast_head":"<!-- This site is optimized with the Yoast SEO plugin v19.10 - https:\/\/yoast.com\/wordpress\/plugins\/seo\/ -->\n<title>Burgenland in Kinderhand - KinderKulturFestival - Naturpark Dahme-Heideseen<\/title>\n<meta name=\"robots\" content=\"index, follow, max-snippet:-1, max-image-preview:large, max-video-preview:-1\" \/>\n<link rel=\"canonical\" href=\"https:\/\/www.naturparkmagazin.de\/dahme-heideseen\/burgenland-in-kinderhand-kinderkulturfestival\/\" \/>\n<meta property=\"og:locale\" content=\"de_DE\" \/>\n<meta property=\"og:type\" content=\"article\" \/>\n<meta property=\"og:title\" content=\"Burgenland in Kinderhand - KinderKulturFestival - Naturpark Dahme-Heideseen\" \/>\n<meta property=\"og:description\" content=\"Am 1. Juni erwartet die Besucher auf der Burg Storkow ein unvergessliches Kinder-Kultur-Festival zum Kindertag!\" \/>\n<meta property=\"og:url\" content=\"https:\/\/www.naturparkmagazin.de\/dahme-heideseen\/burgenland-in-kinderhand-kinderkulturfestival\/\" \/>\n<meta property=\"og:site_name\" content=\"Naturpark Dahme-Heideseen\" \/>\n<meta property=\"article:published_time\" content=\"2025-05-20T13:17:45+00:00\" \/>\n<meta property=\"og:image\" content=\"https:\/\/www.naturparkmagazin.de\/dahme-heideseen\/wp-content\/uploads\/sites\/37\/Burgenland.jpg\" \/>\n\t<meta property=\"og:image:width\" content=\"1153\" \/>\n\t<meta property=\"og:image:height\" content=\"814\" \/>\n\t<meta property=\"og:image:type\" content=\"image\/jpeg\" \/>\n<meta name=\"author\" content=\"Astrid Osenbr\u00fcck\" \/>\n<meta name=\"twitter:label1\" content=\"Verfasst von\" \/>\n\t<meta name=\"twitter:data1\" content=\"Astrid Osenbr\u00fcck\" \/>\n\t<meta name=\"twitter:label2\" content=\"Gesch\u00e4tzte Lesezeit\" \/>\n\t<meta name=\"twitter:data2\" content=\"2\u00a0Minuten\" \/>\n<script type=\"application\/ld+json\" class=\"yoast-schema-graph\">{\"@context\":\"https:\/\/schema.org\",\"@graph\":[{\"@type\":\"WebPage\",\"@id\":\"https:\/\/www.naturparkmagazin.de\/dahme-heideseen\/burgenland-in-kinderhand-kinderkulturfestival\/\",\"url\":\"https:\/\/www.naturparkmagazin.de\/dahme-heideseen\/burgenland-in-kinderhand-kinderkulturfestival\/\",\"name\":\"Burgenland in Kinderhand - KinderKulturFestival - Naturpark Dahme-Heideseen\",\"isPartOf\":{\"@id\":\"https:\/\/www.naturparkmagazin.de\/dahme-heideseen\/#website\"},\"datePublished\":\"2025-05-20T13:17:45+00:00\",\"dateModified\":\"2025-05-20T13:17:45+00:00\",\"author\":{\"@id\":\"https:\/\/www.naturparkmagazin.de\/dahme-heideseen\/#\/schema\/person\/a0510aafafdf8183c95fc98faf0c9f21\"},\"breadcrumb\":{\"@id\":\"https:\/\/www.naturparkmagazin.de\/dahme-heideseen\/burgenland-in-kinderhand-kinderkulturfestival\/#breadcrumb\"},\"inLanguage\":\"de\",\"potentialAction\":[{\"@type\":\"ReadAction\",\"target\":[\"https:\/\/www.naturparkmagazin.de\/dahme-heideseen\/burgenland-in-kinderhand-kinderkulturfestival\/\"]}]},{\"@type\":\"BreadcrumbList\",\"@id\":\"https:\/\/www.naturparkmagazin.de\/dahme-heideseen\/burgenland-in-kinderhand-kinderkulturfestival\/#breadcrumb\",\"itemListElement\":[{\"@type\":\"ListItem\",\"position\":1,\"name\":\"Home\",\"item\":\"https:\/\/www.naturparkmagazin.de\/dahme-heideseen\/\"},{\"@type\":\"ListItem\",\"position\":2,\"name\":\"Burgenland in Kinderhand &#8211; KinderKulturFestival\"}]},{\"@type\":\"WebSite\",\"@id\":\"https:\/\/www.naturparkmagazin.de\/dahme-heideseen\/#website\",\"url\":\"https:\/\/www.naturparkmagazin.de\/dahme-heideseen\/\",\"name\":\"Naturpark Dahme-Heideseen\",\"description\":\"\",\"potentialAction\":[{\"@type\":\"SearchAction\",\"target\":{\"@type\":\"EntryPoint\",\"urlTemplate\":\"https:\/\/www.naturparkmagazin.de\/dahme-heideseen\/?s={search_term_string}\"},\"query-input\":\"required name=search_term_string\"}],\"inLanguage\":\"de\"},{\"@type\":\"Person\",\"@id\":\"https:\/\/www.naturparkmagazin.de\/dahme-heideseen\/#\/schema\/person\/a0510aafafdf8183c95fc98faf0c9f21\",\"name\":\"Astrid Osenbr\u00fcck\",\"sameAs\":[\"http:\/\/www.dahme-heideseen-naturpark.de\"],\"url\":\"https:\/\/www.naturparkmagazin.de\/dahme-heideseen\/author\/astridosenbrueck\/\"}]}<\/script>\n<!-- \/ Yoast SEO plugin. -->","yoast_head_json":{"title":"Burgenland in Kinderhand - KinderKulturFestival - Naturpark Dahme-Heideseen","robots":{"index":"index","follow":"follow","max-snippet":"max-snippet:-1","max-image-preview":"max-image-preview:large","max-video-preview":"max-video-preview:-1"},"canonical":"https:\/\/www.naturparkmagazin.de\/dahme-heideseen\/burgenland-in-kinderhand-kinderkulturfestival\/","og_locale":"de_DE","og_type":"article","og_title":"Burgenland in Kinderhand - KinderKulturFestival - Naturpark Dahme-Heideseen","og_description":"Am 1. Juni erwartet die Besucher auf der Burg Storkow ein unvergessliches Kinder-Kultur-Festival zum Kindertag!","og_url":"https:\/\/www.naturparkmagazin.de\/dahme-heideseen\/burgenland-in-kinderhand-kinderkulturfestival\/","og_site_name":"Naturpark Dahme-Heideseen","article_published_time":"2025-05-20T13:17:45+00:00","og_image":[{"width":1153,"height":814,"url":"https:\/\/www.naturparkmagazin.de\/dahme-heideseen\/wp-content\/uploads\/sites\/37\/Burgenland.jpg","type":"image\/jpeg"}],"author":"Astrid Osenbr\u00fcck","twitter_misc":{"Verfasst von":"Astrid Osenbr\u00fcck","Gesch\u00e4tzte Lesezeit":"2\u00a0Minuten"},"schema":{"@context":"https:\/\/schema.org","@graph":[{"@type":"WebPage","@id":"https:\/\/www.naturparkmagazin.de\/dahme-heideseen\/burgenland-in-kinderhand-kinderkulturfestival\/","url":"https:\/\/www.naturparkmagazin.de\/dahme-heideseen\/burgenland-in-kinderhand-kinderkulturfestival\/","name":"Burgenland in Kinderhand - KinderKulturFestival - Naturpark Dahme-Heideseen","isPartOf":{"@id":"https:\/\/www.naturparkmagazin.de\/dahme-heideseen\/#website"},"datePublished":"2025-05-20T13:17:45+00:00","dateModified":"2025-05-20T13:17:45+00:00","author":{"@id":"https:\/\/www.naturparkmagazin.de\/dahme-heideseen\/#\/schema\/person\/a0510aafafdf8183c95fc98faf0c9f21"},"breadcrumb":{"@id":"https:\/\/www.naturparkmagazin.de\/dahme-heideseen\/burgenland-in-kinderhand-kinderkulturfestival\/#breadcrumb"},"inLanguage":"de","potentialAction":[{"@type":"ReadAction","target":["https:\/\/www.naturparkmagazin.de\/dahme-heideseen\/burgenland-in-kinderhand-kinderkulturfestival\/"]}]},{"@type":"BreadcrumbList","@id":"https:\/\/www.naturparkmagazin.de\/dahme-heideseen\/burgenland-in-kinderhand-kinderkulturfestival\/#breadcrumb","itemListElement":[{"@type":"ListItem","position":1,"name":"Home","item":"https:\/\/www.naturparkmagazin.de\/dahme-heideseen\/"},{"@type":"ListItem","position":2,"name":"Burgenland in Kinderhand &#8211; KinderKulturFestival"}]},{"@type":"WebSite","@id":"https:\/\/www.naturparkmagazin.de\/dahme-heideseen\/#website","url":"https:\/\/www.naturparkmagazin.de\/dahme-heideseen\/","name":"Naturpark Dahme-Heideseen","description":"","potentialAction":[{"@type":"SearchAction","target":{"@type":"EntryPoint","urlTemplate":"https:\/\/www.naturparkmagazin.de\/dahme-heideseen\/?s={search_term_string}"},"query-input":"required name=search_term_string"}],"inLanguage":"de"},{"@type":"Person","@id":"https:\/\/www.naturparkmagazin.de\/dahme-heideseen\/#\/schema\/person\/a0510aafafdf8183c95fc98faf0c9f21","name":"Astrid Osenbr\u00fcck","sameAs":["http:\/\/www.dahme-heideseen-naturpark.de"],"url":"https:\/\/www.naturparkmagazin.de\/dahme-heideseen\/author\/astridosenbrueck\/"}]}},"_links":{"self":[{"href":"https:\/\/www.naturparkmagazin.de\/dahme-heideseen\/wp-json\/wp\/v2\/posts\/7094"}],"collection":[{"href":"https:\/\/www.naturparkmagazin.de\/dahme-heideseen\/wp-json\/wp\/v2\/posts"}],"about":[{"href":"https:\/\/www.naturparkmagazin.de\/dahme-heideseen\/wp-json\/wp\/v2\/types\/post"}],"author":[{"embeddable":true,"href":"https:\/\/www.naturparkmagazin.de\/dahme-heideseen\/wp-json\/wp\/v2\/users\/83"}],"replies":[{"embeddable":true,"href":"https:\/\/www.naturparkmagazin.de\/dahme-heideseen\/wp-json\/wp\/v2\/comments?post=7094"}],"version-history":[{"count":1,"href":"https:\/\/www.naturparkmagazin.de\/dahme-heideseen\/wp-json\/wp\/v2\/posts\/7094\/revisions"}],"predecessor-version":[{"id":7095,"href":"https:\/\/www.naturparkmagazin.de\/dahme-heideseen\/wp-json\/wp\/v2\/posts\/7094\/revisions\/7095"}],"wp:featuredmedia":[{"embeddable":true,"href":"https:\/\/www.naturparkmagazin.de\/dahme-heideseen\/wp-json\/wp\/v2\/media\/7062"}],"wp:attachment":[{"href":"https:\/\/www.naturparkmagazin.de\/dahme-heideseen\/wp-json\/wp\/v2\/media?parent=7094"}],"wp:term":[{"taxonomy":"category","embeddable":true,"href":"https:\/\/www.naturparkmagazin.de\/dahme-heideseen\/wp-json\/wp\/v2\/categories?post=7094"},{"taxonomy":"post_tag","embeddable":true,"href":"https:\/\/www.naturparkmagazin.de\/dahme-heideseen\/wp-json\/wp\/v2\/tags?post=7094"}],"curies":[{"name":"wp","href":"https:\/\/api.w.org\/{rel}","templated":true}]}}