{"id":7096,"date":"2025-05-20T15:21:49","date_gmt":"2025-05-20T13:21:49","guid":{"rendered":"https:\/\/www.naturparkmagazin.de\/dahme-heideseen\/?p=7096"},"modified":"2025-05-20T15:21:49","modified_gmt":"2025-05-20T13:21:49","slug":"waldkino-hammer-spielzeit-2025-es-geht-weiter","status":"publish","type":"post","link":"https:\/\/www.naturparkmagazin.de\/dahme-heideseen\/waldkino-hammer-spielzeit-2025-es-geht-weiter\/","title":{"rendered":"Waldkino Hammer \u2013 Spielzeit 2025 \u2013 Es geht weiter!"},"content":{"rendered":"<p>Das beliebte Waldkino Hammer wird fortgesetzt: Auch in diesem Jahr d\u00fcrfen sich Filmfreunde auf unvergessliche Kinoabende freuen. Die 12. Spielzeit des Waldkinos verspricht erneut atmosph\u00e4rische Waldabende mit sorgf\u00e4ltig ausgew\u00e4hlten Filmen inmitten der Natur.<\/p>\n<p>Nach dem Ausscheiden des langj\u00e4hrigen Leiters der Oberf\u00f6rsterei Hammer und Mitbegr\u00fcnders des Waldkinos, Tim Ness, geht das Staffelholz an den neuen Leiter in Hammer \u00fcber. Somit bleibt der\ntraditionsreiche Veranstaltungsort im Wald erhalten. Zahlreiche Nachfragen aus dem Publikum und von Unterst\u00fctzerinnen und Unterst\u00fctzern machten deutlich, wie sehr das Waldkino als kultureller\nTreffpunkt gesch\u00e4tzt wird. Auch das Amt Schenkenl\u00e4ndchen hatte sein Interesse an diesem besonderen Veranstaltungsformat durch seine schon vorab gegebene Zusage zur Fortsetzung seiner\nUnterst\u00fctzung ausgedr\u00fcckt.\nAls Kurator des Waldkinos hatte Wolfgang Georgsdorf beim neuen Leiter des Forstbetriebs Hammer von Anfang an ein offenes Tor und Ohr. Arne Barkhausen f\u00fchrt das Engagement f\u00fcr das Waldkino sehr gern fort, ist selbst begeisterter Kinofreund mit Vorliebe f\u00fcr gute und k\u00fcnstlerisch wertvolle Filme, die es selten bei uns in die Kinos schaffen. Und so gingen auch die gemeinsamen \u00dcberlegungen zum diesj\u00e4hrigen Programm z\u00fcgig und produktiv voran &#8211; rechtzeitig zum Saisonstart liegt es vor:<\/p>\n<p>30. Mai 2025, 20:00 Uhr: <strong>Tale of a Forest (M\u00e4tsen Tarina &#8211; Wunder des Waldes)<\/strong>\n(Doku\/Essay \/ FIN 2012\/ 75 min \/FSK 0)<\/p>\n<p>27. Juni 2025, 20:00 Uhr: <strong>Macht Energie (aka Unter Strom)<\/strong>\n(Doku \/ AUT\/EU 2014 \/ 91 min \/ FSK 0)<\/p>\n<p>25. Juli 2025, 20:00 Uhr: <strong>Animal Farm (Aufstand der Tiere)<\/strong>\n(Animations-Spielfilm \/ GB 1954 \/ 72 min \/ FSK 6)<\/p>\n<p>29. August 2025, 20:00 Uhr: <strong>Power to Change (Die Energierebellion)<\/strong>\n(Doku \/ D 2016 \/ 90 min \/ FSK 0)<\/p>\n<p>26. September 2025, 20:00 Uhr: <strong>In Liebe, Eure Hilde<\/strong>\n(Spielfilm \/ D 2024 \/ 124 min \/ FSK 12\/14)<\/p>\n<p>Und nat\u00fcrlich wie immer bei Essen und Trinken und mit Produkten der Oberf\u00f6rsterei Hammer.<\/p>\n","protected":false},"excerpt":{"rendered":"<p>Waldkino startet in die 12. Saison<\/p>\n","protected":false},"author":83,"featured_media":4447,"comment_status":"open","ping_status":"open","sticky":false,"template":"","format":"standard","meta":[],"categories":[7],"tags":[],"yoast_head":"<!-- This site is optimized with the Yoast SEO plugin v19.10 - https:\/\/yoast.com\/wordpress\/plugins\/seo\/ -->\n<title>Waldkino Hammer \u2013 Spielzeit 2025 \u2013 Es geht weiter! - Naturpark Dahme-Heideseen<\/title>\n<meta name=\"robots\" content=\"index, follow, max-snippet:-1, max-image-preview:large, max-video-preview:-1\" \/>\n<link rel=\"canonical\" href=\"https:\/\/www.naturparkmagazin.de\/dahme-heideseen\/waldkino-hammer-spielzeit-2025-es-geht-weiter\/\" \/>\n<meta property=\"og:locale\" content=\"de_DE\" \/>\n<meta property=\"og:type\" content=\"article\" \/>\n<meta property=\"og:title\" content=\"Waldkino Hammer \u2013 Spielzeit 2025 \u2013 Es geht weiter! - Naturpark Dahme-Heideseen\" \/>\n<meta property=\"og:description\" content=\"Waldkino startet in die 12. Saison\" \/>\n<meta property=\"og:url\" content=\"https:\/\/www.naturparkmagazin.de\/dahme-heideseen\/waldkino-hammer-spielzeit-2025-es-geht-weiter\/\" \/>\n<meta property=\"og:site_name\" content=\"Naturpark Dahme-Heideseen\" \/>\n<meta property=\"article:published_time\" content=\"2025-05-20T13:21:49+00:00\" \/>\n<meta property=\"og:image\" content=\"https:\/\/www.naturparkmagazin.de\/dahme-heideseen\/wp-content\/uploads\/sites\/37\/Forsthaus-Hammer_Foto-Hans-Sonnenberg.jpg\" \/>\n\t<meta property=\"og:image:width\" content=\"1000\" \/>\n\t<meta property=\"og:image:height\" content=\"711\" \/>\n\t<meta property=\"og:image:type\" content=\"image\/jpeg\" \/>\n<meta name=\"author\" content=\"Astrid Osenbr\u00fcck\" \/>\n<meta name=\"twitter:label1\" content=\"Verfasst von\" \/>\n\t<meta name=\"twitter:data1\" content=\"Astrid Osenbr\u00fcck\" \/>\n\t<meta name=\"twitter:label2\" content=\"Gesch\u00e4tzte Lesezeit\" \/>\n\t<meta name=\"twitter:data2\" content=\"2\u00a0Minuten\" \/>\n<script type=\"application\/ld+json\" class=\"yoast-schema-graph\">{\"@context\":\"https:\/\/schema.org\",\"@graph\":[{\"@type\":\"WebPage\",\"@id\":\"https:\/\/www.naturparkmagazin.de\/dahme-heideseen\/waldkino-hammer-spielzeit-2025-es-geht-weiter\/\",\"url\":\"https:\/\/www.naturparkmagazin.de\/dahme-heideseen\/waldkino-hammer-spielzeit-2025-es-geht-weiter\/\",\"name\":\"Waldkino Hammer \u2013 Spielzeit 2025 \u2013 Es geht weiter! - Naturpark Dahme-Heideseen\",\"isPartOf\":{\"@id\":\"https:\/\/www.naturparkmagazin.de\/dahme-heideseen\/#website\"},\"datePublished\":\"2025-05-20T13:21:49+00:00\",\"dateModified\":\"2025-05-20T13:21:49+00:00\",\"author\":{\"@id\":\"https:\/\/www.naturparkmagazin.de\/dahme-heideseen\/#\/schema\/person\/a0510aafafdf8183c95fc98faf0c9f21\"},\"breadcrumb\":{\"@id\":\"https:\/\/www.naturparkmagazin.de\/dahme-heideseen\/waldkino-hammer-spielzeit-2025-es-geht-weiter\/#breadcrumb\"},\"inLanguage\":\"de\",\"potentialAction\":[{\"@type\":\"ReadAction\",\"target\":[\"https:\/\/www.naturparkmagazin.de\/dahme-heideseen\/waldkino-hammer-spielzeit-2025-es-geht-weiter\/\"]}]},{\"@type\":\"BreadcrumbList\",\"@id\":\"https:\/\/www.naturparkmagazin.de\/dahme-heideseen\/waldkino-hammer-spielzeit-2025-es-geht-weiter\/#breadcrumb\",\"itemListElement\":[{\"@type\":\"ListItem\",\"position\":1,\"name\":\"Home\",\"item\":\"https:\/\/www.naturparkmagazin.de\/dahme-heideseen\/\"},{\"@type\":\"ListItem\",\"position\":2,\"name\":\"Waldkino Hammer \u2013 Spielzeit 2025 \u2013 Es geht weiter!\"}]},{\"@type\":\"WebSite\",\"@id\":\"https:\/\/www.naturparkmagazin.de\/dahme-heideseen\/#website\",\"url\":\"https:\/\/www.naturparkmagazin.de\/dahme-heideseen\/\",\"name\":\"Naturpark Dahme-Heideseen\",\"description\":\"\",\"potentialAction\":[{\"@type\":\"SearchAction\",\"target\":{\"@type\":\"EntryPoint\",\"urlTemplate\":\"https:\/\/www.naturparkmagazin.de\/dahme-heideseen\/?s={search_term_string}\"},\"query-input\":\"required name=search_term_string\"}],\"inLanguage\":\"de\"},{\"@type\":\"Person\",\"@id\":\"https:\/\/www.naturparkmagazin.de\/dahme-heideseen\/#\/schema\/person\/a0510aafafdf8183c95fc98faf0c9f21\",\"name\":\"Astrid Osenbr\u00fcck\",\"sameAs\":[\"http:\/\/www.dahme-heideseen-naturpark.de\"],\"url\":\"https:\/\/www.naturparkmagazin.de\/dahme-heideseen\/author\/astridosenbrueck\/\"}]}<\/script>\n<!-- \/ Yoast SEO plugin. -->","yoast_head_json":{"title":"Waldkino Hammer \u2013 Spielzeit 2025 \u2013 Es geht weiter! - Naturpark Dahme-Heideseen","robots":{"index":"index","follow":"follow","max-snippet":"max-snippet:-1","max-image-preview":"max-image-preview:large","max-video-preview":"max-video-preview:-1"},"canonical":"https:\/\/www.naturparkmagazin.de\/dahme-heideseen\/waldkino-hammer-spielzeit-2025-es-geht-weiter\/","og_locale":"de_DE","og_type":"article","og_title":"Waldkino Hammer \u2013 Spielzeit 2025 \u2013 Es geht weiter! - Naturpark Dahme-Heideseen","og_description":"Waldkino startet in die 12. Saison","og_url":"https:\/\/www.naturparkmagazin.de\/dahme-heideseen\/waldkino-hammer-spielzeit-2025-es-geht-weiter\/","og_site_name":"Naturpark Dahme-Heideseen","article_published_time":"2025-05-20T13:21:49+00:00","og_image":[{"width":1000,"height":711,"url":"https:\/\/www.naturparkmagazin.de\/dahme-heideseen\/wp-content\/uploads\/sites\/37\/Forsthaus-Hammer_Foto-Hans-Sonnenberg.jpg","type":"image\/jpeg"}],"author":"Astrid Osenbr\u00fcck","twitter_misc":{"Verfasst von":"Astrid Osenbr\u00fcck","Gesch\u00e4tzte Lesezeit":"2\u00a0Minuten"},"schema":{"@context":"https:\/\/schema.org","@graph":[{"@type":"WebPage","@id":"https:\/\/www.naturparkmagazin.de\/dahme-heideseen\/waldkino-hammer-spielzeit-2025-es-geht-weiter\/","url":"https:\/\/www.naturparkmagazin.de\/dahme-heideseen\/waldkino-hammer-spielzeit-2025-es-geht-weiter\/","name":"Waldkino Hammer \u2013 Spielzeit 2025 \u2013 Es geht weiter! - Naturpark Dahme-Heideseen","isPartOf":{"@id":"https:\/\/www.naturparkmagazin.de\/dahme-heideseen\/#website"},"datePublished":"2025-05-20T13:21:49+00:00","dateModified":"2025-05-20T13:21:49+00:00","author":{"@id":"https:\/\/www.naturparkmagazin.de\/dahme-heideseen\/#\/schema\/person\/a0510aafafdf8183c95fc98faf0c9f21"},"breadcrumb":{"@id":"https:\/\/www.naturparkmagazin.de\/dahme-heideseen\/waldkino-hammer-spielzeit-2025-es-geht-weiter\/#breadcrumb"},"inLanguage":"de","potentialAction":[{"@type":"ReadAction","target":["https:\/\/www.naturparkmagazin.de\/dahme-heideseen\/waldkino-hammer-spielzeit-2025-es-geht-weiter\/"]}]},{"@type":"BreadcrumbList","@id":"https:\/\/www.naturparkmagazin.de\/dahme-heideseen\/waldkino-hammer-spielzeit-2025-es-geht-weiter\/#breadcrumb","itemListElement":[{"@type":"ListItem","position":1,"name":"Home","item":"https:\/\/www.naturparkmagazin.de\/dahme-heideseen\/"},{"@type":"ListItem","position":2,"name":"Waldkino Hammer \u2013 Spielzeit 2025 \u2013 Es geht weiter!"}]},{"@type":"WebSite","@id":"https:\/\/www.naturparkmagazin.de\/dahme-heideseen\/#website","url":"https:\/\/www.naturparkmagazin.de\/dahme-heideseen\/","name":"Naturpark Dahme-Heideseen","description":"","potentialAction":[{"@type":"SearchAction","target":{"@type":"EntryPoint","urlTemplate":"https:\/\/www.naturparkmagazin.de\/dahme-heideseen\/?s={search_term_string}"},"query-input":"required name=search_term_string"}],"inLanguage":"de"},{"@type":"Person","@id":"https:\/\/www.naturparkmagazin.de\/dahme-heideseen\/#\/schema\/person\/a0510aafafdf8183c95fc98faf0c9f21","name":"Astrid Osenbr\u00fcck","sameAs":["http:\/\/www.dahme-heideseen-naturpark.de"],"url":"https:\/\/www.naturparkmagazin.de\/dahme-heideseen\/author\/astridosenbrueck\/"}]}},"_links":{"self":[{"href":"https:\/\/www.naturparkmagazin.de\/dahme-heideseen\/wp-json\/wp\/v2\/posts\/7096"}],"collection":[{"href":"https:\/\/www.naturparkmagazin.de\/dahme-heideseen\/wp-json\/wp\/v2\/posts"}],"about":[{"href":"https:\/\/www.naturparkmagazin.de\/dahme-heideseen\/wp-json\/wp\/v2\/types\/post"}],"author":[{"embeddable":true,"href":"https:\/\/www.naturparkmagazin.de\/dahme-heideseen\/wp-json\/wp\/v2\/users\/83"}],"replies":[{"embeddable":true,"href":"https:\/\/www.naturparkmagazin.de\/dahme-heideseen\/wp-json\/wp\/v2\/comments?post=7096"}],"version-history":[{"count":1,"href":"https:\/\/www.naturparkmagazin.de\/dahme-heideseen\/wp-json\/wp\/v2\/posts\/7096\/revisions"}],"predecessor-version":[{"id":7097,"href":"https:\/\/www.naturparkmagazin.de\/dahme-heideseen\/wp-json\/wp\/v2\/posts\/7096\/revisions\/7097"}],"wp:featuredmedia":[{"embeddable":true,"href":"https:\/\/www.naturparkmagazin.de\/dahme-heideseen\/wp-json\/wp\/v2\/media\/4447"}],"wp:attachment":[{"href":"https:\/\/www.naturparkmagazin.de\/dahme-heideseen\/wp-json\/wp\/v2\/media?parent=7096"}],"wp:term":[{"taxonomy":"category","embeddable":true,"href":"https:\/\/www.naturparkmagazin.de\/dahme-heideseen\/wp-json\/wp\/v2\/categories?post=7096"},{"taxonomy":"post_tag","embeddable":true,"href":"https:\/\/www.naturparkmagazin.de\/dahme-heideseen\/wp-json\/wp\/v2\/tags?post=7096"}],"curies":[{"name":"wp","href":"https:\/\/api.w.org\/{rel}","templated":true}]}}