{"id":717,"date":"2014-09-19T15:27:40","date_gmt":"2014-09-19T13:27:40","guid":{"rendered":"http:\/\/www.naturparkmagazin.de\/dahme-heideseen\/?p=717"},"modified":"2014-09-29T11:12:57","modified_gmt":"2014-09-29T09:12:57","slug":"hoffest-auf-der-burg-storkow-am-21-september","status":"publish","type":"post","link":"https:\/\/www.naturparkmagazin.de\/dahme-heideseen\/hoffest-auf-der-burg-storkow-am-21-september\/","title":{"rendered":"Hoffest auf der Burg Storkow am 21. September"},"content":{"rendered":"<p><b>Jubil\u00e4um: Zum 5. Mal j\u00e4hrt sich das Storkower Hoffest auf der Burg<!--more--><\/b><\/p>\n<p>Diesen Sonntag, den 21. September findet auf der Burg Storkow das inzwischen 5. Hoffest und der kleine gr\u00fcne Herbstmarkt auf dem Marktplatz statt. Die Besucher erwartet von 11 bis 18 Uhr ein abwechslungsreiches Programm f\u00fcr Ohren, Augen und Gaumen: regionale Landwirte, H\u00e4ndler und Gastronomen pr\u00e4sentieren ihre Spezialit\u00e4ten an unterschiedlichsten Verkaufs- und Schaust\u00e4nden. Erfrischende Kostproben, herzhafte Leckerbissen und s\u00fc\u00dfes Backwerk sorgen f\u00fcr das leibliche Wohl. Beschwingte Unterhaltung, Ritterspiele, Bogenschie\u00dfen mit der Rittergilde und spielerische Aktionen laden zum geselligen Beisammensein ein. Das Hoffest ist Teil der bundesweiten Aktion \u201eTag der Regionen\u201c.<\/p>\n<p>Der Eintritt zum Hoffest und zum Herbstmarkt ist frei.<\/p>\n<div id=\"attachment_722\" style=\"width: 312px\" class=\"wp-caption aligncenter\"><a href=\"https:\/\/www.naturparkmagazin.de\/dahme-heideseen\/wp-content\/uploads\/sites\/37\/Flyer_RS.jpg\"><img aria-describedby=\"caption-attachment-722\" decoding=\"async\" loading=\"lazy\" class=\"size-full wp-image-722\" alt=\"Flyer\" src=\"https:\/\/www.naturparkmagazin.de\/dahme-heideseen\/wp-content\/uploads\/sites\/37\/Flyer_RS.jpg\" width=\"302\" height=\"640\" \/><\/a><p id=\"caption-attachment-722\" class=\"wp-caption-text\">Flyer<\/p><\/div>\n<p>&nbsp;<\/p>\n<p>&nbsp;<\/p>\n<p>Burg Storkow<\/p>\n<p>Schlo\u00dfstra\u00dfe 6<\/p>\n<p>15859 Storkow (Mark)<\/p>\n<p>Tel: 033678- 44993<\/p>\n<p><a title=\"Stadt Storkow\" href=\"http:\/\/www.storkow.de\" target=\"_blank\">Stadt Storkow<\/a><\/p>\n<p>&nbsp;<\/p>\n","protected":false},"excerpt":{"rendered":"<p>Jubil\u00e4um: Zum 5. Mal j\u00e4hrt sich das Storkower Hoffest auf der Burg<\/p>\n","protected":false},"author":48,"featured_media":0,"comment_status":"open","ping_status":"open","sticky":false,"template":"","format":"standard","meta":[],"categories":[1],"tags":[],"yoast_head":"<!-- This site is optimized with the Yoast SEO plugin v19.10 - https:\/\/yoast.com\/wordpress\/plugins\/seo\/ -->\n<title>Hoffest auf der Burg Storkow am 21. September - Naturpark Dahme-Heideseen<\/title>\n<meta name=\"robots\" content=\"index, follow, max-snippet:-1, max-image-preview:large, max-video-preview:-1\" \/>\n<link rel=\"canonical\" href=\"https:\/\/www.naturparkmagazin.de\/dahme-heideseen\/hoffest-auf-der-burg-storkow-am-21-september\/\" \/>\n<meta property=\"og:locale\" content=\"de_DE\" \/>\n<meta property=\"og:type\" content=\"article\" \/>\n<meta property=\"og:title\" content=\"Hoffest auf der Burg Storkow am 21. September - Naturpark Dahme-Heideseen\" \/>\n<meta property=\"og:description\" content=\"Jubil\u00e4um: Zum 5. Mal j\u00e4hrt sich das Storkower Hoffest auf der Burg\" \/>\n<meta property=\"og:url\" content=\"https:\/\/www.naturparkmagazin.de\/dahme-heideseen\/hoffest-auf-der-burg-storkow-am-21-september\/\" \/>\n<meta property=\"og:site_name\" content=\"Naturpark Dahme-Heideseen\" \/>\n<meta property=\"article:published_time\" content=\"2014-09-19T13:27:40+00:00\" \/>\n<meta property=\"article:modified_time\" content=\"2014-09-29T09:12:57+00:00\" \/>\n<meta property=\"og:image\" content=\"https:\/\/www.naturparkmagazin.de\/dahme-heideseen\/wp-content\/uploads\/sites\/37\/Flyer_RS.jpg\" \/>\n<meta name=\"author\" content=\"hanssonnenberg\" \/>\n<meta name=\"twitter:label1\" content=\"Verfasst von\" \/>\n\t<meta name=\"twitter:data1\" content=\"hanssonnenberg\" \/>\n\t<meta name=\"twitter:label2\" content=\"Gesch\u00e4tzte Lesezeit\" \/>\n\t<meta name=\"twitter:data2\" content=\"1\u00a0Minute\" \/>\n<script type=\"application\/ld+json\" class=\"yoast-schema-graph\">{\"@context\":\"https:\/\/schema.org\",\"@graph\":[{\"@type\":\"WebPage\",\"@id\":\"https:\/\/www.naturparkmagazin.de\/dahme-heideseen\/hoffest-auf-der-burg-storkow-am-21-september\/\",\"url\":\"https:\/\/www.naturparkmagazin.de\/dahme-heideseen\/hoffest-auf-der-burg-storkow-am-21-september\/\",\"name\":\"Hoffest auf der Burg Storkow am 21. September - Naturpark Dahme-Heideseen\",\"isPartOf\":{\"@id\":\"https:\/\/www.naturparkmagazin.de\/dahme-heideseen\/#website\"},\"datePublished\":\"2014-09-19T13:27:40+00:00\",\"dateModified\":\"2014-09-29T09:12:57+00:00\",\"author\":{\"@id\":\"https:\/\/www.naturparkmagazin.de\/dahme-heideseen\/#\/schema\/person\/c81c96c3a1f5ee7bffff8b8022c105f0\"},\"breadcrumb\":{\"@id\":\"https:\/\/www.naturparkmagazin.de\/dahme-heideseen\/hoffest-auf-der-burg-storkow-am-21-september\/#breadcrumb\"},\"inLanguage\":\"de\",\"potentialAction\":[{\"@type\":\"ReadAction\",\"target\":[\"https:\/\/www.naturparkmagazin.de\/dahme-heideseen\/hoffest-auf-der-burg-storkow-am-21-september\/\"]}]},{\"@type\":\"BreadcrumbList\",\"@id\":\"https:\/\/www.naturparkmagazin.de\/dahme-heideseen\/hoffest-auf-der-burg-storkow-am-21-september\/#breadcrumb\",\"itemListElement\":[{\"@type\":\"ListItem\",\"position\":1,\"name\":\"Home\",\"item\":\"https:\/\/www.naturparkmagazin.de\/dahme-heideseen\/\"},{\"@type\":\"ListItem\",\"position\":2,\"name\":\"Hoffest auf der Burg Storkow am 21. September\"}]},{\"@type\":\"WebSite\",\"@id\":\"https:\/\/www.naturparkmagazin.de\/dahme-heideseen\/#website\",\"url\":\"https:\/\/www.naturparkmagazin.de\/dahme-heideseen\/\",\"name\":\"Naturpark Dahme-Heideseen\",\"description\":\"\",\"potentialAction\":[{\"@type\":\"SearchAction\",\"target\":{\"@type\":\"EntryPoint\",\"urlTemplate\":\"https:\/\/www.naturparkmagazin.de\/dahme-heideseen\/?s={search_term_string}\"},\"query-input\":\"required name=search_term_string\"}],\"inLanguage\":\"de\"},{\"@type\":\"Person\",\"@id\":\"https:\/\/www.naturparkmagazin.de\/dahme-heideseen\/#\/schema\/person\/c81c96c3a1f5ee7bffff8b8022c105f0\",\"name\":\"hanssonnenberg\",\"url\":\"https:\/\/www.naturparkmagazin.de\/dahme-heideseen\/author\/hanssonnenberg\/\"}]}<\/script>\n<!-- \/ Yoast SEO plugin. -->","yoast_head_json":{"title":"Hoffest auf der Burg Storkow am 21. September - Naturpark Dahme-Heideseen","robots":{"index":"index","follow":"follow","max-snippet":"max-snippet:-1","max-image-preview":"max-image-preview:large","max-video-preview":"max-video-preview:-1"},"canonical":"https:\/\/www.naturparkmagazin.de\/dahme-heideseen\/hoffest-auf-der-burg-storkow-am-21-september\/","og_locale":"de_DE","og_type":"article","og_title":"Hoffest auf der Burg Storkow am 21. September - Naturpark Dahme-Heideseen","og_description":"Jubil\u00e4um: Zum 5. Mal j\u00e4hrt sich das Storkower Hoffest auf der Burg","og_url":"https:\/\/www.naturparkmagazin.de\/dahme-heideseen\/hoffest-auf-der-burg-storkow-am-21-september\/","og_site_name":"Naturpark Dahme-Heideseen","article_published_time":"2014-09-19T13:27:40+00:00","article_modified_time":"2014-09-29T09:12:57+00:00","og_image":[{"url":"https:\/\/www.naturparkmagazin.de\/dahme-heideseen\/wp-content\/uploads\/sites\/37\/Flyer_RS.jpg"}],"author":"hanssonnenberg","twitter_misc":{"Verfasst von":"hanssonnenberg","Gesch\u00e4tzte Lesezeit":"1\u00a0Minute"},"schema":{"@context":"https:\/\/schema.org","@graph":[{"@type":"WebPage","@id":"https:\/\/www.naturparkmagazin.de\/dahme-heideseen\/hoffest-auf-der-burg-storkow-am-21-september\/","url":"https:\/\/www.naturparkmagazin.de\/dahme-heideseen\/hoffest-auf-der-burg-storkow-am-21-september\/","name":"Hoffest auf der Burg Storkow am 21. September - Naturpark Dahme-Heideseen","isPartOf":{"@id":"https:\/\/www.naturparkmagazin.de\/dahme-heideseen\/#website"},"datePublished":"2014-09-19T13:27:40+00:00","dateModified":"2014-09-29T09:12:57+00:00","author":{"@id":"https:\/\/www.naturparkmagazin.de\/dahme-heideseen\/#\/schema\/person\/c81c96c3a1f5ee7bffff8b8022c105f0"},"breadcrumb":{"@id":"https:\/\/www.naturparkmagazin.de\/dahme-heideseen\/hoffest-auf-der-burg-storkow-am-21-september\/#breadcrumb"},"inLanguage":"de","potentialAction":[{"@type":"ReadAction","target":["https:\/\/www.naturparkmagazin.de\/dahme-heideseen\/hoffest-auf-der-burg-storkow-am-21-september\/"]}]},{"@type":"BreadcrumbList","@id":"https:\/\/www.naturparkmagazin.de\/dahme-heideseen\/hoffest-auf-der-burg-storkow-am-21-september\/#breadcrumb","itemListElement":[{"@type":"ListItem","position":1,"name":"Home","item":"https:\/\/www.naturparkmagazin.de\/dahme-heideseen\/"},{"@type":"ListItem","position":2,"name":"Hoffest auf der Burg Storkow am 21. September"}]},{"@type":"WebSite","@id":"https:\/\/www.naturparkmagazin.de\/dahme-heideseen\/#website","url":"https:\/\/www.naturparkmagazin.de\/dahme-heideseen\/","name":"Naturpark Dahme-Heideseen","description":"","potentialAction":[{"@type":"SearchAction","target":{"@type":"EntryPoint","urlTemplate":"https:\/\/www.naturparkmagazin.de\/dahme-heideseen\/?s={search_term_string}"},"query-input":"required name=search_term_string"}],"inLanguage":"de"},{"@type":"Person","@id":"https:\/\/www.naturparkmagazin.de\/dahme-heideseen\/#\/schema\/person\/c81c96c3a1f5ee7bffff8b8022c105f0","name":"hanssonnenberg","url":"https:\/\/www.naturparkmagazin.de\/dahme-heideseen\/author\/hanssonnenberg\/"}]}},"_links":{"self":[{"href":"https:\/\/www.naturparkmagazin.de\/dahme-heideseen\/wp-json\/wp\/v2\/posts\/717"}],"collection":[{"href":"https:\/\/www.naturparkmagazin.de\/dahme-heideseen\/wp-json\/wp\/v2\/posts"}],"about":[{"href":"https:\/\/www.naturparkmagazin.de\/dahme-heideseen\/wp-json\/wp\/v2\/types\/post"}],"author":[{"embeddable":true,"href":"https:\/\/www.naturparkmagazin.de\/dahme-heideseen\/wp-json\/wp\/v2\/users\/48"}],"replies":[{"embeddable":true,"href":"https:\/\/www.naturparkmagazin.de\/dahme-heideseen\/wp-json\/wp\/v2\/comments?post=717"}],"version-history":[{"count":3,"href":"https:\/\/www.naturparkmagazin.de\/dahme-heideseen\/wp-json\/wp\/v2\/posts\/717\/revisions"}],"predecessor-version":[{"id":723,"href":"https:\/\/www.naturparkmagazin.de\/dahme-heideseen\/wp-json\/wp\/v2\/posts\/717\/revisions\/723"}],"wp:attachment":[{"href":"https:\/\/www.naturparkmagazin.de\/dahme-heideseen\/wp-json\/wp\/v2\/media?parent=717"}],"wp:term":[{"taxonomy":"category","embeddable":true,"href":"https:\/\/www.naturparkmagazin.de\/dahme-heideseen\/wp-json\/wp\/v2\/categories?post=717"},{"taxonomy":"post_tag","embeddable":true,"href":"https:\/\/www.naturparkmagazin.de\/dahme-heideseen\/wp-json\/wp\/v2\/tags?post=717"}],"curies":[{"name":"wp","href":"https:\/\/api.w.org\/{rel}","templated":true}]}}