{"id":7198,"date":"2025-06-19T14:06:19","date_gmt":"2025-06-19T12:06:19","guid":{"rendered":"https:\/\/www.naturparkmagazin.de\/dahme-heideseen\/?p=7198"},"modified":"2025-06-19T14:06:19","modified_gmt":"2025-06-19T12:06:19","slug":"rohrdommel-zaehlung-2025","status":"publish","type":"post","link":"https:\/\/www.naturparkmagazin.de\/dahme-heideseen\/rohrdommel-zaehlung-2025\/","title":{"rendered":"Rohrdommel-Z\u00e4hlung 2025"},"content":{"rendered":"<h3>Rohrdommel-Z\u00e4hlung 2025 \u2013 Erfolgreiche Bestandsaufnahme an der Seenkette<\/h3>\n<p>Die diesj\u00e4hrige Rohrdommel-Z\u00e4hlung 2025 fand unter idealen Bedingungen statt: Mildes Wetter und nahezu windstille Abende sorgten f\u00fcr beste Voraussetzungen. Insgesamt waren 18 engagierte Teilnehmer*innen an 16 verschiedenen Standorten im Einsatz, darunter zwei Aussichtst\u00fcrme, die jeweils doppelt besetzt wurden \u2013 einmal oben und einmal am Fu\u00df des Turms.<\/p>\n<p>Die Auswertung der Beobachtungen gestaltete sich wie im Vorjahr anspruchsvoll: Insgesamt konnten 55 Rufers\u00e4tze erfasst werden, die anhand von Zeitangaben und Richtungspfeilen sorgf\u00e4ltig zugeordnet wurden. Erfreulicherweise wurden 10 rufende M\u00e4nnchen an der Seenkette nachgewiesen, was den stabilen Bestand der Art unterstreicht.<\/p>\n<p>Spannend war die Erkenntnis, dass jede Rohrdommel von durchschnittlich 3,9 Personen wahrgenommen wurde, wobei die Anzahl der Zuh\u00f6rer je nach Standort zwischen 2 und 8 variierte. Die Lautst\u00e4rke und Wahrnehmbarkeit der Rufe schwankte dabei stark: So erschienen die Rufe am Bugker See, trotz nur etwa 350 Metern Entfernung, relativ leise und schwach. Gleichzeitig konnten dieselben Rufe aus bis zu 3.300 Metern Entfernung an vier weiteren Standorten geh\u00f6rt werden.<\/p>\n<p>Interessanterweise wurden die Rufe in diesem Jahr von erh\u00f6hten Standorten aus besser wahrgenommen, w\u00e4hrend es im vergangenen Jahr genau andersherum war. Dies zeigt, dass neben der H\u00f6he des Beobachtungspunktes \u00fcber dem Wasserspiegel oder der Gel\u00e4ndeoberfl\u00e4che auch weitere Faktoren eine Rolle spielen.<\/p>\n<p>Wir m\u00f6chten uns herzlich bei allen Teilnehmer*innen bedanken, die mit ihrem Engagement diese wichtige Z\u00e4hlung erm\u00f6glicht haben. Nur durch die Unterst\u00fctzung vieler Freiwilliger kann eine so genaue Bestandsaufnahme der Rohrdommel durchgef\u00fchrt werden.<\/p>\n","protected":false},"excerpt":{"rendered":"<p>Bestandsaufnahme an der Gro\u00df Schauener Seenkette<\/p>\n","protected":false},"author":83,"featured_media":7183,"comment_status":"open","ping_status":"open","sticky":false,"template":"","format":"standard","meta":[],"categories":[7],"tags":[],"yoast_head":"<!-- This site is optimized with the Yoast SEO plugin v19.10 - https:\/\/yoast.com\/wordpress\/plugins\/seo\/ -->\n<title>Rohrdommel-Z\u00e4hlung 2025 - Naturpark Dahme-Heideseen<\/title>\n<meta name=\"robots\" content=\"index, follow, max-snippet:-1, max-image-preview:large, max-video-preview:-1\" \/>\n<link rel=\"canonical\" href=\"https:\/\/www.naturparkmagazin.de\/dahme-heideseen\/rohrdommel-zaehlung-2025\/\" \/>\n<meta property=\"og:locale\" content=\"de_DE\" \/>\n<meta property=\"og:type\" content=\"article\" \/>\n<meta property=\"og:title\" content=\"Rohrdommel-Z\u00e4hlung 2025 - Naturpark Dahme-Heideseen\" \/>\n<meta property=\"og:description\" content=\"Bestandsaufnahme an der Gro\u00df Schauener Seenkette\" \/>\n<meta property=\"og:url\" content=\"https:\/\/www.naturparkmagazin.de\/dahme-heideseen\/rohrdommel-zaehlung-2025\/\" \/>\n<meta property=\"og:site_name\" content=\"Naturpark Dahme-Heideseen\" \/>\n<meta property=\"article:published_time\" content=\"2025-06-19T12:06:19+00:00\" \/>\n<meta property=\"og:image\" content=\"https:\/\/www.naturparkmagazin.de\/dahme-heideseen\/wp-content\/uploads\/sites\/37\/Rohrdommel-vom-Holztum-Selchow-Theresa-Schwalbe.jpg\" \/>\n\t<meta property=\"og:image:width\" content=\"1383\" \/>\n\t<meta property=\"og:image:height\" content=\"1037\" \/>\n\t<meta property=\"og:image:type\" content=\"image\/jpeg\" \/>\n<meta name=\"author\" content=\"Astrid Osenbr\u00fcck\" \/>\n<meta name=\"twitter:label1\" content=\"Verfasst von\" \/>\n\t<meta name=\"twitter:data1\" content=\"Astrid Osenbr\u00fcck\" \/>\n\t<meta name=\"twitter:label2\" content=\"Gesch\u00e4tzte Lesezeit\" \/>\n\t<meta name=\"twitter:data2\" content=\"2\u00a0Minuten\" \/>\n<script type=\"application\/ld+json\" class=\"yoast-schema-graph\">{\"@context\":\"https:\/\/schema.org\",\"@graph\":[{\"@type\":\"WebPage\",\"@id\":\"https:\/\/www.naturparkmagazin.de\/dahme-heideseen\/rohrdommel-zaehlung-2025\/\",\"url\":\"https:\/\/www.naturparkmagazin.de\/dahme-heideseen\/rohrdommel-zaehlung-2025\/\",\"name\":\"Rohrdommel-Z\u00e4hlung 2025 - Naturpark Dahme-Heideseen\",\"isPartOf\":{\"@id\":\"https:\/\/www.naturparkmagazin.de\/dahme-heideseen\/#website\"},\"datePublished\":\"2025-06-19T12:06:19+00:00\",\"dateModified\":\"2025-06-19T12:06:19+00:00\",\"author\":{\"@id\":\"https:\/\/www.naturparkmagazin.de\/dahme-heideseen\/#\/schema\/person\/a0510aafafdf8183c95fc98faf0c9f21\"},\"breadcrumb\":{\"@id\":\"https:\/\/www.naturparkmagazin.de\/dahme-heideseen\/rohrdommel-zaehlung-2025\/#breadcrumb\"},\"inLanguage\":\"de\",\"potentialAction\":[{\"@type\":\"ReadAction\",\"target\":[\"https:\/\/www.naturparkmagazin.de\/dahme-heideseen\/rohrdommel-zaehlung-2025\/\"]}]},{\"@type\":\"BreadcrumbList\",\"@id\":\"https:\/\/www.naturparkmagazin.de\/dahme-heideseen\/rohrdommel-zaehlung-2025\/#breadcrumb\",\"itemListElement\":[{\"@type\":\"ListItem\",\"position\":1,\"name\":\"Home\",\"item\":\"https:\/\/www.naturparkmagazin.de\/dahme-heideseen\/\"},{\"@type\":\"ListItem\",\"position\":2,\"name\":\"Rohrdommel-Z\u00e4hlung 2025\"}]},{\"@type\":\"WebSite\",\"@id\":\"https:\/\/www.naturparkmagazin.de\/dahme-heideseen\/#website\",\"url\":\"https:\/\/www.naturparkmagazin.de\/dahme-heideseen\/\",\"name\":\"Naturpark Dahme-Heideseen\",\"description\":\"\",\"potentialAction\":[{\"@type\":\"SearchAction\",\"target\":{\"@type\":\"EntryPoint\",\"urlTemplate\":\"https:\/\/www.naturparkmagazin.de\/dahme-heideseen\/?s={search_term_string}\"},\"query-input\":\"required name=search_term_string\"}],\"inLanguage\":\"de\"},{\"@type\":\"Person\",\"@id\":\"https:\/\/www.naturparkmagazin.de\/dahme-heideseen\/#\/schema\/person\/a0510aafafdf8183c95fc98faf0c9f21\",\"name\":\"Astrid Osenbr\u00fcck\",\"sameAs\":[\"http:\/\/www.dahme-heideseen-naturpark.de\"],\"url\":\"https:\/\/www.naturparkmagazin.de\/dahme-heideseen\/author\/astridosenbrueck\/\"}]}<\/script>\n<!-- \/ Yoast SEO plugin. -->","yoast_head_json":{"title":"Rohrdommel-Z\u00e4hlung 2025 - Naturpark Dahme-Heideseen","robots":{"index":"index","follow":"follow","max-snippet":"max-snippet:-1","max-image-preview":"max-image-preview:large","max-video-preview":"max-video-preview:-1"},"canonical":"https:\/\/www.naturparkmagazin.de\/dahme-heideseen\/rohrdommel-zaehlung-2025\/","og_locale":"de_DE","og_type":"article","og_title":"Rohrdommel-Z\u00e4hlung 2025 - Naturpark Dahme-Heideseen","og_description":"Bestandsaufnahme an der Gro\u00df Schauener Seenkette","og_url":"https:\/\/www.naturparkmagazin.de\/dahme-heideseen\/rohrdommel-zaehlung-2025\/","og_site_name":"Naturpark Dahme-Heideseen","article_published_time":"2025-06-19T12:06:19+00:00","og_image":[{"width":1383,"height":1037,"url":"https:\/\/www.naturparkmagazin.de\/dahme-heideseen\/wp-content\/uploads\/sites\/37\/Rohrdommel-vom-Holztum-Selchow-Theresa-Schwalbe.jpg","type":"image\/jpeg"}],"author":"Astrid Osenbr\u00fcck","twitter_misc":{"Verfasst von":"Astrid Osenbr\u00fcck","Gesch\u00e4tzte Lesezeit":"2\u00a0Minuten"},"schema":{"@context":"https:\/\/schema.org","@graph":[{"@type":"WebPage","@id":"https:\/\/www.naturparkmagazin.de\/dahme-heideseen\/rohrdommel-zaehlung-2025\/","url":"https:\/\/www.naturparkmagazin.de\/dahme-heideseen\/rohrdommel-zaehlung-2025\/","name":"Rohrdommel-Z\u00e4hlung 2025 - Naturpark Dahme-Heideseen","isPartOf":{"@id":"https:\/\/www.naturparkmagazin.de\/dahme-heideseen\/#website"},"datePublished":"2025-06-19T12:06:19+00:00","dateModified":"2025-06-19T12:06:19+00:00","author":{"@id":"https:\/\/www.naturparkmagazin.de\/dahme-heideseen\/#\/schema\/person\/a0510aafafdf8183c95fc98faf0c9f21"},"breadcrumb":{"@id":"https:\/\/www.naturparkmagazin.de\/dahme-heideseen\/rohrdommel-zaehlung-2025\/#breadcrumb"},"inLanguage":"de","potentialAction":[{"@type":"ReadAction","target":["https:\/\/www.naturparkmagazin.de\/dahme-heideseen\/rohrdommel-zaehlung-2025\/"]}]},{"@type":"BreadcrumbList","@id":"https:\/\/www.naturparkmagazin.de\/dahme-heideseen\/rohrdommel-zaehlung-2025\/#breadcrumb","itemListElement":[{"@type":"ListItem","position":1,"name":"Home","item":"https:\/\/www.naturparkmagazin.de\/dahme-heideseen\/"},{"@type":"ListItem","position":2,"name":"Rohrdommel-Z\u00e4hlung 2025"}]},{"@type":"WebSite","@id":"https:\/\/www.naturparkmagazin.de\/dahme-heideseen\/#website","url":"https:\/\/www.naturparkmagazin.de\/dahme-heideseen\/","name":"Naturpark Dahme-Heideseen","description":"","potentialAction":[{"@type":"SearchAction","target":{"@type":"EntryPoint","urlTemplate":"https:\/\/www.naturparkmagazin.de\/dahme-heideseen\/?s={search_term_string}"},"query-input":"required name=search_term_string"}],"inLanguage":"de"},{"@type":"Person","@id":"https:\/\/www.naturparkmagazin.de\/dahme-heideseen\/#\/schema\/person\/a0510aafafdf8183c95fc98faf0c9f21","name":"Astrid Osenbr\u00fcck","sameAs":["http:\/\/www.dahme-heideseen-naturpark.de"],"url":"https:\/\/www.naturparkmagazin.de\/dahme-heideseen\/author\/astridosenbrueck\/"}]}},"_links":{"self":[{"href":"https:\/\/www.naturparkmagazin.de\/dahme-heideseen\/wp-json\/wp\/v2\/posts\/7198"}],"collection":[{"href":"https:\/\/www.naturparkmagazin.de\/dahme-heideseen\/wp-json\/wp\/v2\/posts"}],"about":[{"href":"https:\/\/www.naturparkmagazin.de\/dahme-heideseen\/wp-json\/wp\/v2\/types\/post"}],"author":[{"embeddable":true,"href":"https:\/\/www.naturparkmagazin.de\/dahme-heideseen\/wp-json\/wp\/v2\/users\/83"}],"replies":[{"embeddable":true,"href":"https:\/\/www.naturparkmagazin.de\/dahme-heideseen\/wp-json\/wp\/v2\/comments?post=7198"}],"version-history":[{"count":1,"href":"https:\/\/www.naturparkmagazin.de\/dahme-heideseen\/wp-json\/wp\/v2\/posts\/7198\/revisions"}],"predecessor-version":[{"id":7199,"href":"https:\/\/www.naturparkmagazin.de\/dahme-heideseen\/wp-json\/wp\/v2\/posts\/7198\/revisions\/7199"}],"wp:featuredmedia":[{"embeddable":true,"href":"https:\/\/www.naturparkmagazin.de\/dahme-heideseen\/wp-json\/wp\/v2\/media\/7183"}],"wp:attachment":[{"href":"https:\/\/www.naturparkmagazin.de\/dahme-heideseen\/wp-json\/wp\/v2\/media?parent=7198"}],"wp:term":[{"taxonomy":"category","embeddable":true,"href":"https:\/\/www.naturparkmagazin.de\/dahme-heideseen\/wp-json\/wp\/v2\/categories?post=7198"},{"taxonomy":"post_tag","embeddable":true,"href":"https:\/\/www.naturparkmagazin.de\/dahme-heideseen\/wp-json\/wp\/v2\/tags?post=7198"}],"curies":[{"name":"wp","href":"https:\/\/api.w.org\/{rel}","templated":true}]}}