{"id":724,"date":"2014-09-19T16:15:28","date_gmt":"2014-09-19T14:15:28","guid":{"rendered":"http:\/\/www.naturparkmagazin.de\/dahme-heideseen\/?p=724"},"modified":"2014-09-29T11:09:49","modified_gmt":"2014-09-29T09:09:49","slug":"pilz-des-jahres-der-tiegelteuerling","status":"publish","type":"post","link":"https:\/\/www.naturparkmagazin.de\/dahme-heideseen\/pilz-des-jahres-der-tiegelteuerling\/","title":{"rendered":"Pilz des Jahres &#8211; der Tiegelteuerling"},"content":{"rendered":"<p>In loser Folge stellen wir Ihnen durch das Jahr die Natur des Jahres 2014 vor.<!--more-->Der Pilz des Jahres wurde ausgew\u00e4hlt von der von der\u00a0 <a title=\"Deutsche Gesellschaft f\u00fcr Mykologie\" href=\"http:\/\/www.dgfm-ev.de\" target=\"_blank\">Deutschen Gesellschaft f\u00fcr Mykologie.<\/a> Mit der Wahl des Tiegelteuerlings zum Pilz des Jahres soll auf die gro\u00dfe Bedeutung der Pilze in den nat\u00fcrlichen Stoffkreisl\u00e4ufen aufmerksam gemacht werden. Es sind in erster Linie die oft im Verborgenen wirkenden Fadenwesen, die mit ihren Enzymen abgestorbene, organische Stoffe wie Holz, Bl\u00e4tter, Nadeln zersetzen und somit wieder f\u00fcr die Pflanzenwelt verf\u00fcgbar machen.<\/p>\n<p>Von den zahlreichen Teuerlingsarten zeigen wir den Gestreiften Teuerling (Cyathus striatus)- aufgenommen in der Uckermark. Der Name Teuerling bezieht sich auf die Sporenkapseln, die an kleine Geldm\u00fcnzen erinnern.<\/p>\n<div id=\"attachment_725\" style=\"width: 630px\" class=\"wp-caption aligncenter\"><a href=\"https:\/\/www.naturparkmagazin.de\/dahme-heideseen\/wp-content\/uploads\/sites\/37\/IMG_20140127_111501.jpg\"><img aria-describedby=\"caption-attachment-725\" decoding=\"async\" loading=\"lazy\" class=\"size-medium wp-image-725\" alt=\"Teuerling (Foto W. Klaeber)\" src=\"https:\/\/www.naturparkmagazin.de\/dahme-heideseen\/wp-content\/uploads\/sites\/37\/IMG_20140127_111501-620x586.jpg\" width=\"620\" height=\"586\" srcset=\"https:\/\/www.naturparkmagazin.de\/dahme-heideseen\/wp-content\/uploads\/sites\/37\/IMG_20140127_111501-620x586.jpg 620w, https:\/\/www.naturparkmagazin.de\/dahme-heideseen\/wp-content\/uploads\/sites\/37\/IMG_20140127_111501-300x284.jpg 300w, https:\/\/www.naturparkmagazin.de\/dahme-heideseen\/wp-content\/uploads\/sites\/37\/IMG_20140127_111501-940x889.jpg 940w, https:\/\/www.naturparkmagazin.de\/dahme-heideseen\/wp-content\/uploads\/sites\/37\/IMG_20140127_111501-670x634.jpg 670w, https:\/\/www.naturparkmagazin.de\/dahme-heideseen\/wp-content\/uploads\/sites\/37\/IMG_20140127_111501-200x189.jpg 200w, https:\/\/www.naturparkmagazin.de\/dahme-heideseen\/wp-content\/uploads\/sites\/37\/IMG_20140127_111501.jpg 1809w\" sizes=\"(max-width: 620px) 100vw, 620px\" \/><\/a><p id=\"caption-attachment-725\" class=\"wp-caption-text\">Teuerling (Foto W. Klaeber)<\/p><\/div>\n<p>Weiter Naturfotos finden Sie im <a title=\"Bildarchiv Nabu Dahmeland\" href=\"http:\/\/www.bildarchiv-nabu-dahmeland.de\/\" target=\"_blank\">Bildarchiv des NABU Dahmeland<\/a><\/p>\n<p>&nbsp;<\/p>\n<p>&nbsp;<\/p>\n<p>&nbsp;<\/p>\n","protected":false},"excerpt":{"rendered":"<p>Mit der Wahl des Tiegelteuerlings zum &#8222;Pilz des Jahres&#8220; soll auf die gro\u00dfe Bedeutung der Pilze in den nat\u00fcrlichen Stoffkreisl\u00e4ufen aufmerksam gemacht werden. <\/p>\n","protected":false},"author":48,"featured_media":725,"comment_status":"open","ping_status":"open","sticky":false,"template":"","format":"standard","meta":[],"categories":[7],"tags":[],"yoast_head":"<!-- This site is optimized with the Yoast SEO plugin v19.10 - https:\/\/yoast.com\/wordpress\/plugins\/seo\/ -->\n<title>Pilz des Jahres - der Tiegelteuerling - Naturpark Dahme-Heideseen<\/title>\n<meta name=\"robots\" content=\"index, follow, max-snippet:-1, max-image-preview:large, max-video-preview:-1\" \/>\n<link rel=\"canonical\" href=\"https:\/\/www.naturparkmagazin.de\/dahme-heideseen\/pilz-des-jahres-der-tiegelteuerling\/\" \/>\n<meta property=\"og:locale\" content=\"de_DE\" \/>\n<meta property=\"og:type\" content=\"article\" \/>\n<meta property=\"og:title\" content=\"Pilz des Jahres - der Tiegelteuerling - Naturpark Dahme-Heideseen\" \/>\n<meta property=\"og:description\" content=\"Mit der Wahl des Tiegelteuerlings zum &quot;Pilz des Jahres&quot; soll auf die gro\u00dfe Bedeutung der Pilze in den nat\u00fcrlichen Stoffkreisl\u00e4ufen aufmerksam gemacht werden.\" \/>\n<meta property=\"og:url\" content=\"https:\/\/www.naturparkmagazin.de\/dahme-heideseen\/pilz-des-jahres-der-tiegelteuerling\/\" \/>\n<meta property=\"og:site_name\" content=\"Naturpark Dahme-Heideseen\" \/>\n<meta property=\"article:published_time\" content=\"2014-09-19T14:15:28+00:00\" \/>\n<meta property=\"article:modified_time\" content=\"2014-09-29T09:09:49+00:00\" \/>\n<meta property=\"og:image\" content=\"https:\/\/www.naturparkmagazin.de\/dahme-heideseen\/wp-content\/uploads\/sites\/37\/IMG_20140127_111501.jpg\" \/>\n\t<meta property=\"og:image:width\" content=\"1809\" \/>\n\t<meta property=\"og:image:height\" content=\"1711\" \/>\n\t<meta property=\"og:image:type\" content=\"image\/jpeg\" \/>\n<meta name=\"author\" content=\"hanssonnenberg\" \/>\n<meta name=\"twitter:label1\" content=\"Verfasst von\" \/>\n\t<meta name=\"twitter:data1\" content=\"hanssonnenberg\" \/>\n\t<meta name=\"twitter:label2\" content=\"Gesch\u00e4tzte Lesezeit\" \/>\n\t<meta name=\"twitter:data2\" content=\"1\u00a0Minute\" \/>\n<script type=\"application\/ld+json\" class=\"yoast-schema-graph\">{\"@context\":\"https:\/\/schema.org\",\"@graph\":[{\"@type\":\"WebPage\",\"@id\":\"https:\/\/www.naturparkmagazin.de\/dahme-heideseen\/pilz-des-jahres-der-tiegelteuerling\/\",\"url\":\"https:\/\/www.naturparkmagazin.de\/dahme-heideseen\/pilz-des-jahres-der-tiegelteuerling\/\",\"name\":\"Pilz des Jahres - der Tiegelteuerling - Naturpark Dahme-Heideseen\",\"isPartOf\":{\"@id\":\"https:\/\/www.naturparkmagazin.de\/dahme-heideseen\/#website\"},\"datePublished\":\"2014-09-19T14:15:28+00:00\",\"dateModified\":\"2014-09-29T09:09:49+00:00\",\"author\":{\"@id\":\"https:\/\/www.naturparkmagazin.de\/dahme-heideseen\/#\/schema\/person\/c81c96c3a1f5ee7bffff8b8022c105f0\"},\"breadcrumb\":{\"@id\":\"https:\/\/www.naturparkmagazin.de\/dahme-heideseen\/pilz-des-jahres-der-tiegelteuerling\/#breadcrumb\"},\"inLanguage\":\"de\",\"potentialAction\":[{\"@type\":\"ReadAction\",\"target\":[\"https:\/\/www.naturparkmagazin.de\/dahme-heideseen\/pilz-des-jahres-der-tiegelteuerling\/\"]}]},{\"@type\":\"BreadcrumbList\",\"@id\":\"https:\/\/www.naturparkmagazin.de\/dahme-heideseen\/pilz-des-jahres-der-tiegelteuerling\/#breadcrumb\",\"itemListElement\":[{\"@type\":\"ListItem\",\"position\":1,\"name\":\"Home\",\"item\":\"https:\/\/www.naturparkmagazin.de\/dahme-heideseen\/\"},{\"@type\":\"ListItem\",\"position\":2,\"name\":\"Pilz des Jahres &#8211; der Tiegelteuerling\"}]},{\"@type\":\"WebSite\",\"@id\":\"https:\/\/www.naturparkmagazin.de\/dahme-heideseen\/#website\",\"url\":\"https:\/\/www.naturparkmagazin.de\/dahme-heideseen\/\",\"name\":\"Naturpark Dahme-Heideseen\",\"description\":\"\",\"potentialAction\":[{\"@type\":\"SearchAction\",\"target\":{\"@type\":\"EntryPoint\",\"urlTemplate\":\"https:\/\/www.naturparkmagazin.de\/dahme-heideseen\/?s={search_term_string}\"},\"query-input\":\"required name=search_term_string\"}],\"inLanguage\":\"de\"},{\"@type\":\"Person\",\"@id\":\"https:\/\/www.naturparkmagazin.de\/dahme-heideseen\/#\/schema\/person\/c81c96c3a1f5ee7bffff8b8022c105f0\",\"name\":\"hanssonnenberg\",\"url\":\"https:\/\/www.naturparkmagazin.de\/dahme-heideseen\/author\/hanssonnenberg\/\"}]}<\/script>\n<!-- \/ Yoast SEO plugin. -->","yoast_head_json":{"title":"Pilz des Jahres - der Tiegelteuerling - Naturpark Dahme-Heideseen","robots":{"index":"index","follow":"follow","max-snippet":"max-snippet:-1","max-image-preview":"max-image-preview:large","max-video-preview":"max-video-preview:-1"},"canonical":"https:\/\/www.naturparkmagazin.de\/dahme-heideseen\/pilz-des-jahres-der-tiegelteuerling\/","og_locale":"de_DE","og_type":"article","og_title":"Pilz des Jahres - der Tiegelteuerling - Naturpark Dahme-Heideseen","og_description":"Mit der Wahl des Tiegelteuerlings zum \"Pilz des Jahres\" soll auf die gro\u00dfe Bedeutung der Pilze in den nat\u00fcrlichen Stoffkreisl\u00e4ufen aufmerksam gemacht werden.","og_url":"https:\/\/www.naturparkmagazin.de\/dahme-heideseen\/pilz-des-jahres-der-tiegelteuerling\/","og_site_name":"Naturpark Dahme-Heideseen","article_published_time":"2014-09-19T14:15:28+00:00","article_modified_time":"2014-09-29T09:09:49+00:00","og_image":[{"width":1809,"height":1711,"url":"https:\/\/www.naturparkmagazin.de\/dahme-heideseen\/wp-content\/uploads\/sites\/37\/IMG_20140127_111501.jpg","type":"image\/jpeg"}],"author":"hanssonnenberg","twitter_misc":{"Verfasst von":"hanssonnenberg","Gesch\u00e4tzte Lesezeit":"1\u00a0Minute"},"schema":{"@context":"https:\/\/schema.org","@graph":[{"@type":"WebPage","@id":"https:\/\/www.naturparkmagazin.de\/dahme-heideseen\/pilz-des-jahres-der-tiegelteuerling\/","url":"https:\/\/www.naturparkmagazin.de\/dahme-heideseen\/pilz-des-jahres-der-tiegelteuerling\/","name":"Pilz des Jahres - der Tiegelteuerling - Naturpark Dahme-Heideseen","isPartOf":{"@id":"https:\/\/www.naturparkmagazin.de\/dahme-heideseen\/#website"},"datePublished":"2014-09-19T14:15:28+00:00","dateModified":"2014-09-29T09:09:49+00:00","author":{"@id":"https:\/\/www.naturparkmagazin.de\/dahme-heideseen\/#\/schema\/person\/c81c96c3a1f5ee7bffff8b8022c105f0"},"breadcrumb":{"@id":"https:\/\/www.naturparkmagazin.de\/dahme-heideseen\/pilz-des-jahres-der-tiegelteuerling\/#breadcrumb"},"inLanguage":"de","potentialAction":[{"@type":"ReadAction","target":["https:\/\/www.naturparkmagazin.de\/dahme-heideseen\/pilz-des-jahres-der-tiegelteuerling\/"]}]},{"@type":"BreadcrumbList","@id":"https:\/\/www.naturparkmagazin.de\/dahme-heideseen\/pilz-des-jahres-der-tiegelteuerling\/#breadcrumb","itemListElement":[{"@type":"ListItem","position":1,"name":"Home","item":"https:\/\/www.naturparkmagazin.de\/dahme-heideseen\/"},{"@type":"ListItem","position":2,"name":"Pilz des Jahres &#8211; der Tiegelteuerling"}]},{"@type":"WebSite","@id":"https:\/\/www.naturparkmagazin.de\/dahme-heideseen\/#website","url":"https:\/\/www.naturparkmagazin.de\/dahme-heideseen\/","name":"Naturpark Dahme-Heideseen","description":"","potentialAction":[{"@type":"SearchAction","target":{"@type":"EntryPoint","urlTemplate":"https:\/\/www.naturparkmagazin.de\/dahme-heideseen\/?s={search_term_string}"},"query-input":"required name=search_term_string"}],"inLanguage":"de"},{"@type":"Person","@id":"https:\/\/www.naturparkmagazin.de\/dahme-heideseen\/#\/schema\/person\/c81c96c3a1f5ee7bffff8b8022c105f0","name":"hanssonnenberg","url":"https:\/\/www.naturparkmagazin.de\/dahme-heideseen\/author\/hanssonnenberg\/"}]}},"_links":{"self":[{"href":"https:\/\/www.naturparkmagazin.de\/dahme-heideseen\/wp-json\/wp\/v2\/posts\/724"}],"collection":[{"href":"https:\/\/www.naturparkmagazin.de\/dahme-heideseen\/wp-json\/wp\/v2\/posts"}],"about":[{"href":"https:\/\/www.naturparkmagazin.de\/dahme-heideseen\/wp-json\/wp\/v2\/types\/post"}],"author":[{"embeddable":true,"href":"https:\/\/www.naturparkmagazin.de\/dahme-heideseen\/wp-json\/wp\/v2\/users\/48"}],"replies":[{"embeddable":true,"href":"https:\/\/www.naturparkmagazin.de\/dahme-heideseen\/wp-json\/wp\/v2\/comments?post=724"}],"version-history":[{"count":3,"href":"https:\/\/www.naturparkmagazin.de\/dahme-heideseen\/wp-json\/wp\/v2\/posts\/724\/revisions"}],"predecessor-version":[{"id":749,"href":"https:\/\/www.naturparkmagazin.de\/dahme-heideseen\/wp-json\/wp\/v2\/posts\/724\/revisions\/749"}],"wp:featuredmedia":[{"embeddable":true,"href":"https:\/\/www.naturparkmagazin.de\/dahme-heideseen\/wp-json\/wp\/v2\/media\/725"}],"wp:attachment":[{"href":"https:\/\/www.naturparkmagazin.de\/dahme-heideseen\/wp-json\/wp\/v2\/media?parent=724"}],"wp:term":[{"taxonomy":"category","embeddable":true,"href":"https:\/\/www.naturparkmagazin.de\/dahme-heideseen\/wp-json\/wp\/v2\/categories?post=724"},{"taxonomy":"post_tag","embeddable":true,"href":"https:\/\/www.naturparkmagazin.de\/dahme-heideseen\/wp-json\/wp\/v2\/tags?post=724"}],"curies":[{"name":"wp","href":"https:\/\/api.w.org\/{rel}","templated":true}]}}