{"id":731,"date":"2014-09-19T13:32:58","date_gmt":"2014-09-19T11:32:58","guid":{"rendered":"http:\/\/www.naturparkmagazin.de\/dahme-heideseen\/?p=731"},"modified":"2014-09-29T11:09:58","modified_gmt":"2014-09-29T09:09:58","slug":"liebe-leserinnen-liebe-leser-3","status":"publish","type":"post","link":"https:\/\/www.naturparkmagazin.de\/dahme-heideseen\/liebe-leserinnen-liebe-leser-3\/","title":{"rendered":"Liebe Leserinnen, liebe Leser"},"content":{"rendered":"<p>es ist schon wieder so weit.\u00a0 Die hellen Tage werden deutlich k\u00fcrzer, die dunklen N\u00e4chte l\u00e4nger. Der Herbst steht vor der T\u00fcr, besser gesagt, er hat die T\u00fcr schon aufgesto\u00dfen. Hinter der T\u00fcr warten aber ganz einzigartige Naturerlebnisse. Die Zugv\u00f6gel kommen. Unsere Naturw\u00e4chter laden im Oktober ein zur Beobachtung der Rast- und Schlafpl\u00e4tze der nordischen G\u00e4nse. Die Hecken werden bunt vom sich f\u00e4rbenden Laub. In den W\u00e4ldern wachsen unz\u00e4hlige Pilze. Alleine die Farbpalette der T\u00e4ublinge ist riesig.<\/p>\n<p>Viel Freude beim Lesen w\u00fcnscht<\/p>\n<p>Hans Sonnenberg<\/p>\n","protected":false},"excerpt":{"rendered":"<p>es ist schon wieder so weit.\u00a0 Die hellen Tage werden deutlich k\u00fcrzer, die dunklen N\u00e4chte l\u00e4nger. Der Herbst steht vor der T\u00fcr, besser gesagt, er hat die T\u00fcr schon aufgesto\u00dfen. Hinter der T\u00fcr warten aber ganz einzigartige Naturerlebnisse. Die Zugv\u00f6gel kommen. Unsere Naturw\u00e4chter laden im Oktober ein zur Beobachtung der Rast- und Schlafpl\u00e4tze der nordischen<\/p>\n","protected":false},"author":48,"featured_media":0,"comment_status":"open","ping_status":"open","sticky":false,"template":"","format":"standard","meta":[],"categories":[52],"tags":[],"yoast_head":"<!-- This site is optimized with the Yoast SEO plugin v19.10 - https:\/\/yoast.com\/wordpress\/plugins\/seo\/ -->\n<title>Liebe Leserinnen, liebe Leser - Naturpark Dahme-Heideseen<\/title>\n<meta name=\"robots\" content=\"index, follow, max-snippet:-1, max-image-preview:large, max-video-preview:-1\" \/>\n<link rel=\"canonical\" href=\"https:\/\/www.naturparkmagazin.de\/dahme-heideseen\/liebe-leserinnen-liebe-leser-3\/\" \/>\n<meta property=\"og:locale\" content=\"de_DE\" \/>\n<meta property=\"og:type\" content=\"article\" \/>\n<meta property=\"og:title\" content=\"Liebe Leserinnen, liebe Leser - Naturpark Dahme-Heideseen\" \/>\n<meta property=\"og:description\" content=\"es ist schon wieder so weit.\u00a0 Die hellen Tage werden deutlich k\u00fcrzer, die dunklen N\u00e4chte l\u00e4nger. Der Herbst steht vor der T\u00fcr, besser gesagt, er hat die T\u00fcr schon aufgesto\u00dfen. Hinter der T\u00fcr warten aber ganz einzigartige Naturerlebnisse. Die Zugv\u00f6gel kommen. Unsere Naturw\u00e4chter laden im Oktober ein zur Beobachtung der Rast- und Schlafpl\u00e4tze der nordischen\" \/>\n<meta property=\"og:url\" content=\"https:\/\/www.naturparkmagazin.de\/dahme-heideseen\/liebe-leserinnen-liebe-leser-3\/\" \/>\n<meta property=\"og:site_name\" content=\"Naturpark Dahme-Heideseen\" \/>\n<meta property=\"article:published_time\" content=\"2014-09-19T11:32:58+00:00\" \/>\n<meta property=\"article:modified_time\" content=\"2014-09-29T09:09:58+00:00\" \/>\n<meta name=\"author\" content=\"hanssonnenberg\" \/>\n<meta name=\"twitter:label1\" content=\"Verfasst von\" \/>\n\t<meta name=\"twitter:data1\" content=\"hanssonnenberg\" \/>\n\t<meta name=\"twitter:label2\" content=\"Gesch\u00e4tzte Lesezeit\" \/>\n\t<meta name=\"twitter:data2\" content=\"1\u00a0Minute\" \/>\n<script type=\"application\/ld+json\" class=\"yoast-schema-graph\">{\"@context\":\"https:\/\/schema.org\",\"@graph\":[{\"@type\":\"WebPage\",\"@id\":\"https:\/\/www.naturparkmagazin.de\/dahme-heideseen\/liebe-leserinnen-liebe-leser-3\/\",\"url\":\"https:\/\/www.naturparkmagazin.de\/dahme-heideseen\/liebe-leserinnen-liebe-leser-3\/\",\"name\":\"Liebe Leserinnen, liebe Leser - Naturpark Dahme-Heideseen\",\"isPartOf\":{\"@id\":\"https:\/\/www.naturparkmagazin.de\/dahme-heideseen\/#website\"},\"datePublished\":\"2014-09-19T11:32:58+00:00\",\"dateModified\":\"2014-09-29T09:09:58+00:00\",\"author\":{\"@id\":\"https:\/\/www.naturparkmagazin.de\/dahme-heideseen\/#\/schema\/person\/c81c96c3a1f5ee7bffff8b8022c105f0\"},\"breadcrumb\":{\"@id\":\"https:\/\/www.naturparkmagazin.de\/dahme-heideseen\/liebe-leserinnen-liebe-leser-3\/#breadcrumb\"},\"inLanguage\":\"de\",\"potentialAction\":[{\"@type\":\"ReadAction\",\"target\":[\"https:\/\/www.naturparkmagazin.de\/dahme-heideseen\/liebe-leserinnen-liebe-leser-3\/\"]}]},{\"@type\":\"BreadcrumbList\",\"@id\":\"https:\/\/www.naturparkmagazin.de\/dahme-heideseen\/liebe-leserinnen-liebe-leser-3\/#breadcrumb\",\"itemListElement\":[{\"@type\":\"ListItem\",\"position\":1,\"name\":\"Home\",\"item\":\"https:\/\/www.naturparkmagazin.de\/dahme-heideseen\/\"},{\"@type\":\"ListItem\",\"position\":2,\"name\":\"Liebe Leserinnen, liebe Leser\"}]},{\"@type\":\"WebSite\",\"@id\":\"https:\/\/www.naturparkmagazin.de\/dahme-heideseen\/#website\",\"url\":\"https:\/\/www.naturparkmagazin.de\/dahme-heideseen\/\",\"name\":\"Naturpark Dahme-Heideseen\",\"description\":\"\",\"potentialAction\":[{\"@type\":\"SearchAction\",\"target\":{\"@type\":\"EntryPoint\",\"urlTemplate\":\"https:\/\/www.naturparkmagazin.de\/dahme-heideseen\/?s={search_term_string}\"},\"query-input\":\"required name=search_term_string\"}],\"inLanguage\":\"de\"},{\"@type\":\"Person\",\"@id\":\"https:\/\/www.naturparkmagazin.de\/dahme-heideseen\/#\/schema\/person\/c81c96c3a1f5ee7bffff8b8022c105f0\",\"name\":\"hanssonnenberg\",\"url\":\"https:\/\/www.naturparkmagazin.de\/dahme-heideseen\/author\/hanssonnenberg\/\"}]}<\/script>\n<!-- \/ Yoast SEO plugin. -->","yoast_head_json":{"title":"Liebe Leserinnen, liebe Leser - Naturpark Dahme-Heideseen","robots":{"index":"index","follow":"follow","max-snippet":"max-snippet:-1","max-image-preview":"max-image-preview:large","max-video-preview":"max-video-preview:-1"},"canonical":"https:\/\/www.naturparkmagazin.de\/dahme-heideseen\/liebe-leserinnen-liebe-leser-3\/","og_locale":"de_DE","og_type":"article","og_title":"Liebe Leserinnen, liebe Leser - Naturpark Dahme-Heideseen","og_description":"es ist schon wieder so weit.\u00a0 Die hellen Tage werden deutlich k\u00fcrzer, die dunklen N\u00e4chte l\u00e4nger. Der Herbst steht vor der T\u00fcr, besser gesagt, er hat die T\u00fcr schon aufgesto\u00dfen. Hinter der T\u00fcr warten aber ganz einzigartige Naturerlebnisse. Die Zugv\u00f6gel kommen. Unsere Naturw\u00e4chter laden im Oktober ein zur Beobachtung der Rast- und Schlafpl\u00e4tze der nordischen","og_url":"https:\/\/www.naturparkmagazin.de\/dahme-heideseen\/liebe-leserinnen-liebe-leser-3\/","og_site_name":"Naturpark Dahme-Heideseen","article_published_time":"2014-09-19T11:32:58+00:00","article_modified_time":"2014-09-29T09:09:58+00:00","author":"hanssonnenberg","twitter_misc":{"Verfasst von":"hanssonnenberg","Gesch\u00e4tzte Lesezeit":"1\u00a0Minute"},"schema":{"@context":"https:\/\/schema.org","@graph":[{"@type":"WebPage","@id":"https:\/\/www.naturparkmagazin.de\/dahme-heideseen\/liebe-leserinnen-liebe-leser-3\/","url":"https:\/\/www.naturparkmagazin.de\/dahme-heideseen\/liebe-leserinnen-liebe-leser-3\/","name":"Liebe Leserinnen, liebe Leser - Naturpark Dahme-Heideseen","isPartOf":{"@id":"https:\/\/www.naturparkmagazin.de\/dahme-heideseen\/#website"},"datePublished":"2014-09-19T11:32:58+00:00","dateModified":"2014-09-29T09:09:58+00:00","author":{"@id":"https:\/\/www.naturparkmagazin.de\/dahme-heideseen\/#\/schema\/person\/c81c96c3a1f5ee7bffff8b8022c105f0"},"breadcrumb":{"@id":"https:\/\/www.naturparkmagazin.de\/dahme-heideseen\/liebe-leserinnen-liebe-leser-3\/#breadcrumb"},"inLanguage":"de","potentialAction":[{"@type":"ReadAction","target":["https:\/\/www.naturparkmagazin.de\/dahme-heideseen\/liebe-leserinnen-liebe-leser-3\/"]}]},{"@type":"BreadcrumbList","@id":"https:\/\/www.naturparkmagazin.de\/dahme-heideseen\/liebe-leserinnen-liebe-leser-3\/#breadcrumb","itemListElement":[{"@type":"ListItem","position":1,"name":"Home","item":"https:\/\/www.naturparkmagazin.de\/dahme-heideseen\/"},{"@type":"ListItem","position":2,"name":"Liebe Leserinnen, liebe Leser"}]},{"@type":"WebSite","@id":"https:\/\/www.naturparkmagazin.de\/dahme-heideseen\/#website","url":"https:\/\/www.naturparkmagazin.de\/dahme-heideseen\/","name":"Naturpark Dahme-Heideseen","description":"","potentialAction":[{"@type":"SearchAction","target":{"@type":"EntryPoint","urlTemplate":"https:\/\/www.naturparkmagazin.de\/dahme-heideseen\/?s={search_term_string}"},"query-input":"required name=search_term_string"}],"inLanguage":"de"},{"@type":"Person","@id":"https:\/\/www.naturparkmagazin.de\/dahme-heideseen\/#\/schema\/person\/c81c96c3a1f5ee7bffff8b8022c105f0","name":"hanssonnenberg","url":"https:\/\/www.naturparkmagazin.de\/dahme-heideseen\/author\/hanssonnenberg\/"}]}},"_links":{"self":[{"href":"https:\/\/www.naturparkmagazin.de\/dahme-heideseen\/wp-json\/wp\/v2\/posts\/731"}],"collection":[{"href":"https:\/\/www.naturparkmagazin.de\/dahme-heideseen\/wp-json\/wp\/v2\/posts"}],"about":[{"href":"https:\/\/www.naturparkmagazin.de\/dahme-heideseen\/wp-json\/wp\/v2\/types\/post"}],"author":[{"embeddable":true,"href":"https:\/\/www.naturparkmagazin.de\/dahme-heideseen\/wp-json\/wp\/v2\/users\/48"}],"replies":[{"embeddable":true,"href":"https:\/\/www.naturparkmagazin.de\/dahme-heideseen\/wp-json\/wp\/v2\/comments?post=731"}],"version-history":[{"count":1,"href":"https:\/\/www.naturparkmagazin.de\/dahme-heideseen\/wp-json\/wp\/v2\/posts\/731\/revisions"}],"predecessor-version":[{"id":732,"href":"https:\/\/www.naturparkmagazin.de\/dahme-heideseen\/wp-json\/wp\/v2\/posts\/731\/revisions\/732"}],"wp:attachment":[{"href":"https:\/\/www.naturparkmagazin.de\/dahme-heideseen\/wp-json\/wp\/v2\/media?parent=731"}],"wp:term":[{"taxonomy":"category","embeddable":true,"href":"https:\/\/www.naturparkmagazin.de\/dahme-heideseen\/wp-json\/wp\/v2\/categories?post=731"},{"taxonomy":"post_tag","embeddable":true,"href":"https:\/\/www.naturparkmagazin.de\/dahme-heideseen\/wp-json\/wp\/v2\/tags?post=731"}],"curies":[{"name":"wp","href":"https:\/\/api.w.org\/{rel}","templated":true}]}}