{"id":733,"date":"2014-09-19T13:43:24","date_gmt":"2014-09-19T11:43:24","guid":{"rendered":"http:\/\/www.naturparkmagazin.de\/dahme-heideseen\/?p=733"},"modified":"2014-09-29T11:14:44","modified_gmt":"2014-09-29T09:14:44","slug":"hoch-aus-dem-nodern-einladung-zur-vogelbeobachtung","status":"publish","type":"post","link":"https:\/\/www.naturparkmagazin.de\/dahme-heideseen\/hoch-aus-dem-nodern-einladung-zur-vogelbeobachtung\/","title":{"rendered":"Hoch aus dem Nodern &#8211; Einladung zur Vogelbeobachtung"},"content":{"rendered":"<p><b>Beobachtung am Rast- und Schlafplatz nordischer G\u00e4nse am 25. Oktober. <!--more--><\/b>Wenn es Herbst wird, ist das Land Brandenburg \u201eder warme S\u00fcden\u201c f\u00fcr die nordischen G\u00e4nse.\u00a0 Solange Nahrungsangebote zu finden sind, verweilen diese V\u00f6gel auch in unserem Naturpark. Die Naturwacht l\u00e4dt zu einer Exkursion zu den Rast- und Schlafpl\u00e4tzen der G\u00e4ste aus dem Norden rund um die Kossenblatter Seen und den Wulfersdorfer Fischteich ein. Die G\u00e4nse k\u00f6nnen auf den \u00c4sungsfl\u00e4chen mit dem Spektiv gut beobachtet werden. Der abendliche Einflug auf die Gew\u00e4sser ist ein imposantes Naturschauspiel.<\/p>\n<div>\n<p>\u00a0Treffpunkt f\u00fcr diese etwa dreist\u00fcndige Ranger-Tour ist am 25. Oktober 2014 um 16:00 Uhr am Ortsausgang Giesensdorf in Richtung Wulfersdorf (LOS). Um eine Spende f\u00fcr Naturschutzprojekte wird gebeten. Bitte melden sie sich bis zum 22.10.2014 an unter:<\/p>\n<p>Telefon Naturwacht \u00a0 033768\u00a0 50 118\u00a0 oder\u00a0 0170\u00a0 5745 189 oder per Mail unter dahme-heideseen@naturwacht.de<\/p>\n<p>Warme Kleidung, feste Schuhe, Fernglas und vielleicht die Thermoskanne nicht vergessen!<\/p>\n<div id=\"attachment_735\" style=\"width: 630px\" class=\"wp-caption aligncenter\"><a href=\"https:\/\/www.naturparkmagazin.de\/dahme-heideseen\/wp-content\/uploads\/sites\/37\/g\u00e4nse.jpg\"><img aria-describedby=\"caption-attachment-735\" decoding=\"async\" loading=\"lazy\" class=\"size-medium wp-image-735\" alt=\"Blessg\u00e4nse (W. Klaeber)\" src=\"https:\/\/www.naturparkmagazin.de\/dahme-heideseen\/wp-content\/uploads\/sites\/37\/g\u00e4nse-620x203.jpg\" width=\"620\" height=\"203\" \/><\/a><p id=\"caption-attachment-735\" class=\"wp-caption-text\">Blessg\u00e4nse (W. Klaeber)<\/p><\/div>\n<p>&nbsp;<\/p>\n<p>Mehr zum Thema Vogelzug gibt es unter:\u00a0\u00a0\u00a0\u00a0 <a title=\"Naturwacht Brandenburg\" href=\"http:\/\/www.naturwacht.de\" target=\"_blank\">www.naturwacht.de<\/a><\/p>\n<\/div>\n","protected":false},"excerpt":{"rendered":"<p>Wenn es Herbst wird, ist das Land Brandenburg \u201eder warme S\u00fcden\u201c f\u00fcr die nordischen G\u00e4nse. Die Naturwacht l\u00e4dt zu einer Exkursion zu den Rast- und Schlafpl\u00e4tzen der G\u00e4ste aus dem Norden rund um die Kossenblatter Seen und den Wulfersdorfer Fischteich ein. <\/p>\n","protected":false},"author":48,"featured_media":734,"comment_status":"open","ping_status":"open","sticky":false,"template":"","format":"standard","meta":[],"categories":[11],"tags":[],"yoast_head":"<!-- This site is optimized with the Yoast SEO plugin v19.10 - https:\/\/yoast.com\/wordpress\/plugins\/seo\/ -->\n<title>Hoch aus dem Nodern - Einladung zur Vogelbeobachtung - Naturpark Dahme-Heideseen<\/title>\n<meta name=\"robots\" content=\"index, follow, max-snippet:-1, max-image-preview:large, max-video-preview:-1\" \/>\n<link rel=\"canonical\" href=\"https:\/\/www.naturparkmagazin.de\/dahme-heideseen\/hoch-aus-dem-nodern-einladung-zur-vogelbeobachtung\/\" \/>\n<meta property=\"og:locale\" content=\"de_DE\" \/>\n<meta property=\"og:type\" content=\"article\" \/>\n<meta property=\"og:title\" content=\"Hoch aus dem Nodern - Einladung zur Vogelbeobachtung - Naturpark Dahme-Heideseen\" \/>\n<meta property=\"og:description\" content=\"Wenn es Herbst wird, ist das Land Brandenburg \u201eder warme S\u00fcden\u201c f\u00fcr die nordischen G\u00e4nse. Die Naturwacht l\u00e4dt zu einer Exkursion zu den Rast- und Schlafpl\u00e4tzen der G\u00e4ste aus dem Norden rund um die Kossenblatter Seen und den Wulfersdorfer Fischteich ein.\" \/>\n<meta property=\"og:url\" content=\"https:\/\/www.naturparkmagazin.de\/dahme-heideseen\/hoch-aus-dem-nodern-einladung-zur-vogelbeobachtung\/\" \/>\n<meta property=\"og:site_name\" content=\"Naturpark Dahme-Heideseen\" \/>\n<meta property=\"article:published_time\" content=\"2014-09-19T11:43:24+00:00\" \/>\n<meta property=\"article:modified_time\" content=\"2014-09-29T09:14:44+00:00\" \/>\n<meta property=\"og:image\" content=\"https:\/\/www.naturparkmagazin.de\/dahme-heideseen\/wp-content\/uploads\/sites\/37\/nordische-Gaense.jpg\" \/>\n\t<meta property=\"og:image:width\" content=\"1024\" \/>\n\t<meta property=\"og:image:height\" content=\"722\" \/>\n\t<meta property=\"og:image:type\" content=\"image\/jpeg\" \/>\n<meta name=\"author\" content=\"hanssonnenberg\" \/>\n<meta name=\"twitter:label1\" content=\"Verfasst von\" \/>\n\t<meta name=\"twitter:data1\" content=\"hanssonnenberg\" \/>\n\t<meta name=\"twitter:label2\" content=\"Gesch\u00e4tzte Lesezeit\" \/>\n\t<meta name=\"twitter:data2\" content=\"1\u00a0Minute\" \/>\n<script type=\"application\/ld+json\" class=\"yoast-schema-graph\">{\"@context\":\"https:\/\/schema.org\",\"@graph\":[{\"@type\":\"WebPage\",\"@id\":\"https:\/\/www.naturparkmagazin.de\/dahme-heideseen\/hoch-aus-dem-nodern-einladung-zur-vogelbeobachtung\/\",\"url\":\"https:\/\/www.naturparkmagazin.de\/dahme-heideseen\/hoch-aus-dem-nodern-einladung-zur-vogelbeobachtung\/\",\"name\":\"Hoch aus dem Nodern - Einladung zur Vogelbeobachtung - Naturpark Dahme-Heideseen\",\"isPartOf\":{\"@id\":\"https:\/\/www.naturparkmagazin.de\/dahme-heideseen\/#website\"},\"datePublished\":\"2014-09-19T11:43:24+00:00\",\"dateModified\":\"2014-09-29T09:14:44+00:00\",\"author\":{\"@id\":\"https:\/\/www.naturparkmagazin.de\/dahme-heideseen\/#\/schema\/person\/c81c96c3a1f5ee7bffff8b8022c105f0\"},\"breadcrumb\":{\"@id\":\"https:\/\/www.naturparkmagazin.de\/dahme-heideseen\/hoch-aus-dem-nodern-einladung-zur-vogelbeobachtung\/#breadcrumb\"},\"inLanguage\":\"de\",\"potentialAction\":[{\"@type\":\"ReadAction\",\"target\":[\"https:\/\/www.naturparkmagazin.de\/dahme-heideseen\/hoch-aus-dem-nodern-einladung-zur-vogelbeobachtung\/\"]}]},{\"@type\":\"BreadcrumbList\",\"@id\":\"https:\/\/www.naturparkmagazin.de\/dahme-heideseen\/hoch-aus-dem-nodern-einladung-zur-vogelbeobachtung\/#breadcrumb\",\"itemListElement\":[{\"@type\":\"ListItem\",\"position\":1,\"name\":\"Home\",\"item\":\"https:\/\/www.naturparkmagazin.de\/dahme-heideseen\/\"},{\"@type\":\"ListItem\",\"position\":2,\"name\":\"Hoch aus dem Nodern &#8211; Einladung zur Vogelbeobachtung\"}]},{\"@type\":\"WebSite\",\"@id\":\"https:\/\/www.naturparkmagazin.de\/dahme-heideseen\/#website\",\"url\":\"https:\/\/www.naturparkmagazin.de\/dahme-heideseen\/\",\"name\":\"Naturpark Dahme-Heideseen\",\"description\":\"\",\"potentialAction\":[{\"@type\":\"SearchAction\",\"target\":{\"@type\":\"EntryPoint\",\"urlTemplate\":\"https:\/\/www.naturparkmagazin.de\/dahme-heideseen\/?s={search_term_string}\"},\"query-input\":\"required name=search_term_string\"}],\"inLanguage\":\"de\"},{\"@type\":\"Person\",\"@id\":\"https:\/\/www.naturparkmagazin.de\/dahme-heideseen\/#\/schema\/person\/c81c96c3a1f5ee7bffff8b8022c105f0\",\"name\":\"hanssonnenberg\",\"url\":\"https:\/\/www.naturparkmagazin.de\/dahme-heideseen\/author\/hanssonnenberg\/\"}]}<\/script>\n<!-- \/ Yoast SEO plugin. -->","yoast_head_json":{"title":"Hoch aus dem Nodern - Einladung zur Vogelbeobachtung - Naturpark Dahme-Heideseen","robots":{"index":"index","follow":"follow","max-snippet":"max-snippet:-1","max-image-preview":"max-image-preview:large","max-video-preview":"max-video-preview:-1"},"canonical":"https:\/\/www.naturparkmagazin.de\/dahme-heideseen\/hoch-aus-dem-nodern-einladung-zur-vogelbeobachtung\/","og_locale":"de_DE","og_type":"article","og_title":"Hoch aus dem Nodern - Einladung zur Vogelbeobachtung - Naturpark Dahme-Heideseen","og_description":"Wenn es Herbst wird, ist das Land Brandenburg \u201eder warme S\u00fcden\u201c f\u00fcr die nordischen G\u00e4nse. Die Naturwacht l\u00e4dt zu einer Exkursion zu den Rast- und Schlafpl\u00e4tzen der G\u00e4ste aus dem Norden rund um die Kossenblatter Seen und den Wulfersdorfer Fischteich ein.","og_url":"https:\/\/www.naturparkmagazin.de\/dahme-heideseen\/hoch-aus-dem-nodern-einladung-zur-vogelbeobachtung\/","og_site_name":"Naturpark Dahme-Heideseen","article_published_time":"2014-09-19T11:43:24+00:00","article_modified_time":"2014-09-29T09:14:44+00:00","og_image":[{"width":1024,"height":722,"url":"https:\/\/www.naturparkmagazin.de\/dahme-heideseen\/wp-content\/uploads\/sites\/37\/nordische-Gaense.jpg","type":"image\/jpeg"}],"author":"hanssonnenberg","twitter_misc":{"Verfasst von":"hanssonnenberg","Gesch\u00e4tzte Lesezeit":"1\u00a0Minute"},"schema":{"@context":"https:\/\/schema.org","@graph":[{"@type":"WebPage","@id":"https:\/\/www.naturparkmagazin.de\/dahme-heideseen\/hoch-aus-dem-nodern-einladung-zur-vogelbeobachtung\/","url":"https:\/\/www.naturparkmagazin.de\/dahme-heideseen\/hoch-aus-dem-nodern-einladung-zur-vogelbeobachtung\/","name":"Hoch aus dem Nodern - Einladung zur Vogelbeobachtung - Naturpark Dahme-Heideseen","isPartOf":{"@id":"https:\/\/www.naturparkmagazin.de\/dahme-heideseen\/#website"},"datePublished":"2014-09-19T11:43:24+00:00","dateModified":"2014-09-29T09:14:44+00:00","author":{"@id":"https:\/\/www.naturparkmagazin.de\/dahme-heideseen\/#\/schema\/person\/c81c96c3a1f5ee7bffff8b8022c105f0"},"breadcrumb":{"@id":"https:\/\/www.naturparkmagazin.de\/dahme-heideseen\/hoch-aus-dem-nodern-einladung-zur-vogelbeobachtung\/#breadcrumb"},"inLanguage":"de","potentialAction":[{"@type":"ReadAction","target":["https:\/\/www.naturparkmagazin.de\/dahme-heideseen\/hoch-aus-dem-nodern-einladung-zur-vogelbeobachtung\/"]}]},{"@type":"BreadcrumbList","@id":"https:\/\/www.naturparkmagazin.de\/dahme-heideseen\/hoch-aus-dem-nodern-einladung-zur-vogelbeobachtung\/#breadcrumb","itemListElement":[{"@type":"ListItem","position":1,"name":"Home","item":"https:\/\/www.naturparkmagazin.de\/dahme-heideseen\/"},{"@type":"ListItem","position":2,"name":"Hoch aus dem Nodern &#8211; Einladung zur Vogelbeobachtung"}]},{"@type":"WebSite","@id":"https:\/\/www.naturparkmagazin.de\/dahme-heideseen\/#website","url":"https:\/\/www.naturparkmagazin.de\/dahme-heideseen\/","name":"Naturpark Dahme-Heideseen","description":"","potentialAction":[{"@type":"SearchAction","target":{"@type":"EntryPoint","urlTemplate":"https:\/\/www.naturparkmagazin.de\/dahme-heideseen\/?s={search_term_string}"},"query-input":"required name=search_term_string"}],"inLanguage":"de"},{"@type":"Person","@id":"https:\/\/www.naturparkmagazin.de\/dahme-heideseen\/#\/schema\/person\/c81c96c3a1f5ee7bffff8b8022c105f0","name":"hanssonnenberg","url":"https:\/\/www.naturparkmagazin.de\/dahme-heideseen\/author\/hanssonnenberg\/"}]}},"_links":{"self":[{"href":"https:\/\/www.naturparkmagazin.de\/dahme-heideseen\/wp-json\/wp\/v2\/posts\/733"}],"collection":[{"href":"https:\/\/www.naturparkmagazin.de\/dahme-heideseen\/wp-json\/wp\/v2\/posts"}],"about":[{"href":"https:\/\/www.naturparkmagazin.de\/dahme-heideseen\/wp-json\/wp\/v2\/types\/post"}],"author":[{"embeddable":true,"href":"https:\/\/www.naturparkmagazin.de\/dahme-heideseen\/wp-json\/wp\/v2\/users\/48"}],"replies":[{"embeddable":true,"href":"https:\/\/www.naturparkmagazin.de\/dahme-heideseen\/wp-json\/wp\/v2\/comments?post=733"}],"version-history":[{"count":4,"href":"https:\/\/www.naturparkmagazin.de\/dahme-heideseen\/wp-json\/wp\/v2\/posts\/733\/revisions"}],"predecessor-version":[{"id":759,"href":"https:\/\/www.naturparkmagazin.de\/dahme-heideseen\/wp-json\/wp\/v2\/posts\/733\/revisions\/759"}],"wp:featuredmedia":[{"embeddable":true,"href":"https:\/\/www.naturparkmagazin.de\/dahme-heideseen\/wp-json\/wp\/v2\/media\/734"}],"wp:attachment":[{"href":"https:\/\/www.naturparkmagazin.de\/dahme-heideseen\/wp-json\/wp\/v2\/media?parent=733"}],"wp:term":[{"taxonomy":"category","embeddable":true,"href":"https:\/\/www.naturparkmagazin.de\/dahme-heideseen\/wp-json\/wp\/v2\/categories?post=733"},{"taxonomy":"post_tag","embeddable":true,"href":"https:\/\/www.naturparkmagazin.de\/dahme-heideseen\/wp-json\/wp\/v2\/tags?post=733"}],"curies":[{"name":"wp","href":"https:\/\/api.w.org\/{rel}","templated":true}]}}