{"id":7353,"date":"2025-08-21T13:50:34","date_gmt":"2025-08-21T11:50:34","guid":{"rendered":"https:\/\/www.naturparkmagazin.de\/dahme-heideseen\/?p=7353"},"modified":"2025-07-31T09:35:40","modified_gmt":"2025-07-31T07:35:40","slug":"tage-der-offenen-molkerei-in-muenchehofe","status":"publish","type":"post","link":"https:\/\/www.naturparkmagazin.de\/dahme-heideseen\/tage-der-offenen-molkerei-in-muenchehofe\/","title":{"rendered":"Tage der offenen Molkerei in M\u00fcnchehofe"},"content":{"rendered":"<div class=\"entry-content\">\n<h2>Tage der offenen Molkerei in M\u00fcnchehofe<\/h2>\n<h3>Ein Fest f\u00fcr die ganze Familie<\/h3>\n<p>Am 20. September \u00f6ffnen wir wieder unsere Tore f\u00fcr den Tag der offenen Molkerei in M\u00fcnchehofe. Unsere Veranstaltung richtet sich an alle, die mehr \u00fcber nachhaltige Milchproduktion erfahren m\u00f6chten. Von 10 \u2013 16 Uhr stellen wir ein buntes Programm f\u00fcr die gesamte Familie auf die Beine.<\/p>\n<h3>Entdecke unsere Molkerei hautnah<\/h3>\n<p>Unser Molkereibetrieb in M\u00fcnchehofe liegt etwa 70 km s\u00fcdlich von Berlin, umgeben von weiten Kiefernw\u00e4ldern, gr\u00fcnen Wiesen und saftigen Weiden. Vor dieser malerischen Kulisse zeigen wir euch, wie wir unsere Bio-Milchprodukte herstellen. \u00dcber einen gl\u00e4sernen Gang k\u00f6nnen Besucher unseren K\u00e4sern bei der Arbeit zusehen und einen Blick in unser gut gef\u00fclltes K\u00e4selager werfen .<\/p>\n<h3>Regionale Leckereien und Bio-Genuss<\/h3>\n<p>Neben spannenden Einblicken in unsere Produktion, erwarten euch in unserem Hofladen regionale K\u00f6stlichkeiten. Von frischer Bio-Milch, \u00fcber handgemachte Butter bis hin zu verschiedenen K\u00e4sesorten \u2013 hier kommt jeder auf seinen Geschmack. Und wer noch mehr Bio-Produkte m\u00f6chte, findet bei uns auch Obst, Gem\u00fcse, Brot, Backwaren und andere Spezialit\u00e4ten aus der Region . Ein Besuch lohnt sich also nicht nur f\u00fcr die Wissensdurstigen, sondern auch f\u00fcr die Gourmets unter euch.<\/p>\n<h3>Unterhaltsames und lehrreiches Programm<\/h3>\n<p>W\u00e4hrend der Tage der offenen Molkerei haben wir ein umfassendes Programm geplant, das f\u00fcr jeden etwas bietet. Von Betriebsf\u00fchrungen, bei denen wir die Herstellung unserer Bio-Produkte erkl\u00e4ren, bis hin zu speziellen Kinderaktivit\u00e4ten. Hier wird spielerisch Wissen vermittelt und die Kleinen k\u00f6nnen sich austoben .<\/p>\n<h3>\u00a0Inspiration f\u00fcr eine nachhaltige Zukunft<\/h3>\n<p>Unsere Tage der offenen Molkerei sind nicht nur eine Gelegenheit, einen Blick hinter die Kulissen zu werfen, sondern auch eine Einladung zum Austausch. Wir erz\u00e4hlen euch von unseren hohen Anforderungen an Tierwohl, nachhaltige Landwirtschaft und wie unser \u201eQualit\u00e4tsversprechen\u201c sicherstellt, dass nur die besten Zutaten in unsere Produkte kommen .<\/p>\n<h3>Ein Ausflug in die wundervolle Natur des Spreewalds<\/h3>\n<p>Wenn ihr schon einmal da seid, bietet sich auch ein Abstecher in den nahegelegenen Spreewald an. Mit seinen Wasser- und Radwegen l\u00e4dt er euch zu erholsamen Ausfl\u00fcgen ein und ist ein idealer Ort, um den Alltag hinter sich zu lassen. Ein Kurzurlaub f\u00fcr die ganze Familie ist hier garantiert.<\/p>\n<h3>Wir freuen uns auf euren Besuch<\/h3>\n<p>Markiert euch den 20.09. fett im Kalender, packt eure Familie ein und kommt zu uns nach M\u00fcnchehofe. Die Tage der offenen Molkerei versprechen ein Erlebnis f\u00fcr Gro\u00df und Klein und bieten reichlich Gelegenheit, mehr \u00fcber nachhaltige Milchproduktion zu lernen, leckere Bio-Produkte zu probieren und einfach eine gute Zeit zu haben.<\/p>\n<p>F\u00fcr mehr Informationen \u00fcber unsere Bio-Produkte und Veranstaltung News, besucht unsere Website. Dort findet ihr auch weitere Details zu unserem Standort in M\u00fcnchehofe und unseren hohen Standards in Sachen Nachhaltigkeit und Tierwohl .<\/p>\n<p>Also, worauf wartet ihr noch? Wir freuen uns auf euch!<\/p>\n<\/div>\n<p><span class=\"post-meta-infos\"><span class=\"blog-author minor-meta\">von <span class=\"entry-author-link\"><span class=\"author\"><span class=\"fn\"><a title=\"Beitr\u00e4ge von Josephine Heinze\" href=\"https:\/\/glaeserne-molkerei.de\/author\/josephine-heinzeglaeserne-molkerei-de\/\" rel=\"author\">Josephine Heinze<\/a><\/span><\/span><\/span><\/span><\/span><\/p>\n","protected":false},"excerpt":{"rendered":"<p>Ein Fest f\u00fcr die ganze Familie<\/p>\n","protected":false},"author":83,"featured_media":5513,"comment_status":"open","ping_status":"open","sticky":false,"template":"","format":"standard","meta":[],"categories":[11],"tags":[],"yoast_head":"<!-- This site is optimized with the Yoast SEO plugin v19.10 - https:\/\/yoast.com\/wordpress\/plugins\/seo\/ -->\n<title>Tage der offenen Molkerei in M\u00fcnchehofe - Naturpark Dahme-Heideseen<\/title>\n<meta name=\"robots\" content=\"index, follow, max-snippet:-1, max-image-preview:large, max-video-preview:-1\" \/>\n<link rel=\"canonical\" href=\"https:\/\/www.naturparkmagazin.de\/dahme-heideseen\/?p=7353\" \/>\n<meta property=\"og:locale\" content=\"de_DE\" \/>\n<meta property=\"og:type\" content=\"article\" \/>\n<meta property=\"og:title\" content=\"Tage der offenen Molkerei in M\u00fcnchehofe - Naturpark Dahme-Heideseen\" \/>\n<meta property=\"og:description\" content=\"Ein Fest f\u00fcr die ganze Familie\" \/>\n<meta property=\"og:url\" content=\"https:\/\/www.naturparkmagazin.de\/dahme-heideseen\/?p=7353\" \/>\n<meta property=\"og:site_name\" content=\"Naturpark Dahme-Heideseen\" \/>\n<meta property=\"article:published_time\" content=\"2025-08-21T11:50:34+00:00\" \/>\n<meta property=\"article:modified_time\" content=\"2025-07-31T07:35:40+00:00\" \/>\n<meta property=\"og:image\" content=\"https:\/\/www.naturparkmagazin.de\/dahme-heideseen\/wp-content\/uploads\/sites\/37\/Glaeserne-Molkerei_Foto-Carsten-Preuss.jpg\" \/>\n\t<meta property=\"og:image:width\" content=\"1095\" \/>\n\t<meta property=\"og:image:height\" content=\"730\" \/>\n\t<meta property=\"og:image:type\" content=\"image\/jpeg\" \/>\n<meta name=\"author\" content=\"Astrid Osenbr\u00fcck\" \/>\n<meta name=\"twitter:label1\" content=\"Verfasst von\" \/>\n\t<meta name=\"twitter:data1\" content=\"Astrid Osenbr\u00fcck\" \/>\n\t<meta name=\"twitter:label2\" content=\"Gesch\u00e4tzte Lesezeit\" \/>\n\t<meta name=\"twitter:data2\" content=\"3\u00a0Minuten\" \/>\n<script type=\"application\/ld+json\" class=\"yoast-schema-graph\">{\"@context\":\"https:\/\/schema.org\",\"@graph\":[{\"@type\":\"WebPage\",\"@id\":\"https:\/\/www.naturparkmagazin.de\/dahme-heideseen\/?p=7353\",\"url\":\"https:\/\/www.naturparkmagazin.de\/dahme-heideseen\/?p=7353\",\"name\":\"Tage der offenen Molkerei in M\u00fcnchehofe - Naturpark Dahme-Heideseen\",\"isPartOf\":{\"@id\":\"https:\/\/www.naturparkmagazin.de\/dahme-heideseen\/#website\"},\"datePublished\":\"2025-08-21T11:50:34+00:00\",\"dateModified\":\"2025-07-31T07:35:40+00:00\",\"author\":{\"@id\":\"https:\/\/www.naturparkmagazin.de\/dahme-heideseen\/#\/schema\/person\/a0510aafafdf8183c95fc98faf0c9f21\"},\"breadcrumb\":{\"@id\":\"https:\/\/www.naturparkmagazin.de\/dahme-heideseen\/?p=7353#breadcrumb\"},\"inLanguage\":\"de\",\"potentialAction\":[{\"@type\":\"ReadAction\",\"target\":[\"https:\/\/www.naturparkmagazin.de\/dahme-heideseen\/?p=7353\"]}]},{\"@type\":\"BreadcrumbList\",\"@id\":\"https:\/\/www.naturparkmagazin.de\/dahme-heideseen\/?p=7353#breadcrumb\",\"itemListElement\":[{\"@type\":\"ListItem\",\"position\":1,\"name\":\"Home\",\"item\":\"https:\/\/www.naturparkmagazin.de\/dahme-heideseen\/\"},{\"@type\":\"ListItem\",\"position\":2,\"name\":\"Tage der offenen Molkerei in M\u00fcnchehofe\"}]},{\"@type\":\"WebSite\",\"@id\":\"https:\/\/www.naturparkmagazin.de\/dahme-heideseen\/#website\",\"url\":\"https:\/\/www.naturparkmagazin.de\/dahme-heideseen\/\",\"name\":\"Naturpark Dahme-Heideseen\",\"description\":\"\",\"potentialAction\":[{\"@type\":\"SearchAction\",\"target\":{\"@type\":\"EntryPoint\",\"urlTemplate\":\"https:\/\/www.naturparkmagazin.de\/dahme-heideseen\/?s={search_term_string}\"},\"query-input\":\"required name=search_term_string\"}],\"inLanguage\":\"de\"},{\"@type\":\"Person\",\"@id\":\"https:\/\/www.naturparkmagazin.de\/dahme-heideseen\/#\/schema\/person\/a0510aafafdf8183c95fc98faf0c9f21\",\"name\":\"Astrid Osenbr\u00fcck\",\"sameAs\":[\"http:\/\/www.dahme-heideseen-naturpark.de\"],\"url\":\"https:\/\/www.naturparkmagazin.de\/dahme-heideseen\/author\/astridosenbrueck\/\"}]}<\/script>\n<!-- \/ Yoast SEO plugin. -->","yoast_head_json":{"title":"Tage der offenen Molkerei in M\u00fcnchehofe - Naturpark Dahme-Heideseen","robots":{"index":"index","follow":"follow","max-snippet":"max-snippet:-1","max-image-preview":"max-image-preview:large","max-video-preview":"max-video-preview:-1"},"canonical":"https:\/\/www.naturparkmagazin.de\/dahme-heideseen\/?p=7353","og_locale":"de_DE","og_type":"article","og_title":"Tage der offenen Molkerei in M\u00fcnchehofe - Naturpark Dahme-Heideseen","og_description":"Ein Fest f\u00fcr die ganze Familie","og_url":"https:\/\/www.naturparkmagazin.de\/dahme-heideseen\/?p=7353","og_site_name":"Naturpark Dahme-Heideseen","article_published_time":"2025-08-21T11:50:34+00:00","article_modified_time":"2025-07-31T07:35:40+00:00","og_image":[{"width":1095,"height":730,"url":"https:\/\/www.naturparkmagazin.de\/dahme-heideseen\/wp-content\/uploads\/sites\/37\/Glaeserne-Molkerei_Foto-Carsten-Preuss.jpg","type":"image\/jpeg"}],"author":"Astrid Osenbr\u00fcck","twitter_misc":{"Verfasst von":"Astrid Osenbr\u00fcck","Gesch\u00e4tzte Lesezeit":"3\u00a0Minuten"},"schema":{"@context":"https:\/\/schema.org","@graph":[{"@type":"WebPage","@id":"https:\/\/www.naturparkmagazin.de\/dahme-heideseen\/?p=7353","url":"https:\/\/www.naturparkmagazin.de\/dahme-heideseen\/?p=7353","name":"Tage der offenen Molkerei in M\u00fcnchehofe - Naturpark Dahme-Heideseen","isPartOf":{"@id":"https:\/\/www.naturparkmagazin.de\/dahme-heideseen\/#website"},"datePublished":"2025-08-21T11:50:34+00:00","dateModified":"2025-07-31T07:35:40+00:00","author":{"@id":"https:\/\/www.naturparkmagazin.de\/dahme-heideseen\/#\/schema\/person\/a0510aafafdf8183c95fc98faf0c9f21"},"breadcrumb":{"@id":"https:\/\/www.naturparkmagazin.de\/dahme-heideseen\/?p=7353#breadcrumb"},"inLanguage":"de","potentialAction":[{"@type":"ReadAction","target":["https:\/\/www.naturparkmagazin.de\/dahme-heideseen\/?p=7353"]}]},{"@type":"BreadcrumbList","@id":"https:\/\/www.naturparkmagazin.de\/dahme-heideseen\/?p=7353#breadcrumb","itemListElement":[{"@type":"ListItem","position":1,"name":"Home","item":"https:\/\/www.naturparkmagazin.de\/dahme-heideseen\/"},{"@type":"ListItem","position":2,"name":"Tage der offenen Molkerei in M\u00fcnchehofe"}]},{"@type":"WebSite","@id":"https:\/\/www.naturparkmagazin.de\/dahme-heideseen\/#website","url":"https:\/\/www.naturparkmagazin.de\/dahme-heideseen\/","name":"Naturpark Dahme-Heideseen","description":"","potentialAction":[{"@type":"SearchAction","target":{"@type":"EntryPoint","urlTemplate":"https:\/\/www.naturparkmagazin.de\/dahme-heideseen\/?s={search_term_string}"},"query-input":"required name=search_term_string"}],"inLanguage":"de"},{"@type":"Person","@id":"https:\/\/www.naturparkmagazin.de\/dahme-heideseen\/#\/schema\/person\/a0510aafafdf8183c95fc98faf0c9f21","name":"Astrid Osenbr\u00fcck","sameAs":["http:\/\/www.dahme-heideseen-naturpark.de"],"url":"https:\/\/www.naturparkmagazin.de\/dahme-heideseen\/author\/astridosenbrueck\/"}]}},"_links":{"self":[{"href":"https:\/\/www.naturparkmagazin.de\/dahme-heideseen\/wp-json\/wp\/v2\/posts\/7353"}],"collection":[{"href":"https:\/\/www.naturparkmagazin.de\/dahme-heideseen\/wp-json\/wp\/v2\/posts"}],"about":[{"href":"https:\/\/www.naturparkmagazin.de\/dahme-heideseen\/wp-json\/wp\/v2\/types\/post"}],"author":[{"embeddable":true,"href":"https:\/\/www.naturparkmagazin.de\/dahme-heideseen\/wp-json\/wp\/v2\/users\/83"}],"replies":[{"embeddable":true,"href":"https:\/\/www.naturparkmagazin.de\/dahme-heideseen\/wp-json\/wp\/v2\/comments?post=7353"}],"version-history":[{"count":1,"href":"https:\/\/www.naturparkmagazin.de\/dahme-heideseen\/wp-json\/wp\/v2\/posts\/7353\/revisions"}],"predecessor-version":[{"id":7354,"href":"https:\/\/www.naturparkmagazin.de\/dahme-heideseen\/wp-json\/wp\/v2\/posts\/7353\/revisions\/7354"}],"wp:featuredmedia":[{"embeddable":true,"href":"https:\/\/www.naturparkmagazin.de\/dahme-heideseen\/wp-json\/wp\/v2\/media\/5513"}],"wp:attachment":[{"href":"https:\/\/www.naturparkmagazin.de\/dahme-heideseen\/wp-json\/wp\/v2\/media?parent=7353"}],"wp:term":[{"taxonomy":"category","embeddable":true,"href":"https:\/\/www.naturparkmagazin.de\/dahme-heideseen\/wp-json\/wp\/v2\/categories?post=7353"},{"taxonomy":"post_tag","embeddable":true,"href":"https:\/\/www.naturparkmagazin.de\/dahme-heideseen\/wp-json\/wp\/v2\/tags?post=7353"}],"curies":[{"name":"wp","href":"https:\/\/api.w.org\/{rel}","templated":true}]}}