{"id":7446,"date":"2025-09-25T08:44:19","date_gmt":"2025-09-25T06:44:19","guid":{"rendered":"https:\/\/www.naturparkmagazin.de\/dahme-heideseen\/?p=7446"},"modified":"2025-09-25T08:44:19","modified_gmt":"2025-09-25T06:44:19","slug":"ausstellungseroeffnung-zeichnen-nach-der-natur","status":"publish","type":"post","link":"https:\/\/www.naturparkmagazin.de\/dahme-heideseen\/ausstellungseroeffnung-zeichnen-nach-der-natur\/","title":{"rendered":"Ausstellungser\u00f6ffnung: Zeichnen nach der Natur"},"content":{"rendered":"<p>In der Ausstellung wird eine Auswahl an Zeichnungen, die im Rahmen des VHS-Kurses \u201eZeichnen nach der Natur\u201c entstanden sind, pr\u00e4sentiert. Im Mittelpunkt steht die intensive Auseinandersetzung mit der Vielfalt der Natur \u2013 von der Muschel bis zum K\u00e4fer, von der Feder bis zum Vogelpr\u00e4parat.\nMit dem Bleistift als schlichtem, aber ausdrucksstarkem Werkzeug wurden Naturobjekte genau beobachtet und zeichnerisch erfasst. Dabei ging es nicht allein um technische Pr\u00e4zision, sondern ebenso um ein waches Sehen, das Erkennen von Formen, Strukturen und feinen Details.\nDie ausgestellten Arbeiten geben einen eindrucksvollen Einblick in vielf\u00e4ltige k\u00fcnstlerische Zug\u00e4nge zur Natur. Sie laden dazu ein, die Sch\u00f6nheit der nat\u00fcrlichen Welt aus neuen Blickwinkeln zu erleben.<\/p>\n<p>Ausstellungser\u00f6ffnung am 10. Oktober 2025 um 19:00 Uhr in der Stadtbibliothek K\u00f6nigs Wusterhausen.<\/p>\n<p>Mit Beitr\u00e4gen der Illustratorin Inka Lumer, von Teresa Zeuner (Mitarbeiterin des Naturparks Dahme-Heideseen) und Mirjam Loehr (Rangerin des Naturparks Dahme-Heideseen), die einen Vortrag zum Thema \u201eLebendiges Totholz\u201c halten wird. Im Anschluss laden wir zu einem gemeinsamen Gespr\u00e4ch ein.<\/p>\n<p>&nbsp;<\/p>\n<p><a href=\"https:\/\/www.vhs-dahme-spreewald.de\/kurse\/politik-gesellschaft-umwelt\/kurs\/Ausstellung-Zeichnen-nach-der-Natur\/A27-103-1F\">Anmeldung hier..<\/a><\/p>\n","protected":false},"excerpt":{"rendered":"<p>In Kooperation mit der VHS Dahme-Spreewald und der Stadtbibliothek K\u00f6nigs Wusterhausen<\/p>\n","protected":false},"author":83,"featured_media":6472,"comment_status":"open","ping_status":"open","sticky":false,"template":"","format":"standard","meta":[],"categories":[11],"tags":[],"yoast_head":"<!-- This site is optimized with the Yoast SEO plugin v19.10 - https:\/\/yoast.com\/wordpress\/plugins\/seo\/ -->\n<title>Ausstellungser\u00f6ffnung: Zeichnen nach der Natur - Naturpark Dahme-Heideseen<\/title>\n<meta name=\"robots\" content=\"index, follow, max-snippet:-1, max-image-preview:large, max-video-preview:-1\" \/>\n<link rel=\"canonical\" href=\"https:\/\/www.naturparkmagazin.de\/dahme-heideseen\/ausstellungseroeffnung-zeichnen-nach-der-natur\/\" \/>\n<meta property=\"og:locale\" content=\"de_DE\" \/>\n<meta property=\"og:type\" content=\"article\" \/>\n<meta property=\"og:title\" content=\"Ausstellungser\u00f6ffnung: Zeichnen nach der Natur - Naturpark Dahme-Heideseen\" \/>\n<meta property=\"og:description\" content=\"In Kooperation mit der VHS Dahme-Spreewald und der Stadtbibliothek K\u00f6nigs Wusterhausen\" \/>\n<meta property=\"og:url\" content=\"https:\/\/www.naturparkmagazin.de\/dahme-heideseen\/ausstellungseroeffnung-zeichnen-nach-der-natur\/\" \/>\n<meta property=\"og:site_name\" content=\"Naturpark Dahme-Heideseen\" \/>\n<meta property=\"article:published_time\" content=\"2025-09-25T06:44:19+00:00\" \/>\n<meta property=\"og:image\" content=\"https:\/\/www.naturparkmagazin.de\/dahme-heideseen\/wp-content\/uploads\/sites\/37\/Zeichenkurs6_18092024_Teresa-Zeuner.jpg\" \/>\n\t<meta property=\"og:image:width\" content=\"1210\" \/>\n\t<meta property=\"og:image:height\" content=\"908\" \/>\n\t<meta property=\"og:image:type\" content=\"image\/jpeg\" \/>\n<meta name=\"author\" content=\"Astrid Osenbr\u00fcck\" \/>\n<meta name=\"twitter:label1\" content=\"Verfasst von\" \/>\n\t<meta name=\"twitter:data1\" content=\"Astrid Osenbr\u00fcck\" \/>\n\t<meta name=\"twitter:label2\" content=\"Gesch\u00e4tzte Lesezeit\" \/>\n\t<meta name=\"twitter:data2\" content=\"1\u00a0Minute\" \/>\n<script type=\"application\/ld+json\" class=\"yoast-schema-graph\">{\"@context\":\"https:\/\/schema.org\",\"@graph\":[{\"@type\":\"WebPage\",\"@id\":\"https:\/\/www.naturparkmagazin.de\/dahme-heideseen\/ausstellungseroeffnung-zeichnen-nach-der-natur\/\",\"url\":\"https:\/\/www.naturparkmagazin.de\/dahme-heideseen\/ausstellungseroeffnung-zeichnen-nach-der-natur\/\",\"name\":\"Ausstellungser\u00f6ffnung: Zeichnen nach der Natur - Naturpark Dahme-Heideseen\",\"isPartOf\":{\"@id\":\"https:\/\/www.naturparkmagazin.de\/dahme-heideseen\/#website\"},\"datePublished\":\"2025-09-25T06:44:19+00:00\",\"dateModified\":\"2025-09-25T06:44:19+00:00\",\"author\":{\"@id\":\"https:\/\/www.naturparkmagazin.de\/dahme-heideseen\/#\/schema\/person\/a0510aafafdf8183c95fc98faf0c9f21\"},\"breadcrumb\":{\"@id\":\"https:\/\/www.naturparkmagazin.de\/dahme-heideseen\/ausstellungseroeffnung-zeichnen-nach-der-natur\/#breadcrumb\"},\"inLanguage\":\"de\",\"potentialAction\":[{\"@type\":\"ReadAction\",\"target\":[\"https:\/\/www.naturparkmagazin.de\/dahme-heideseen\/ausstellungseroeffnung-zeichnen-nach-der-natur\/\"]}]},{\"@type\":\"BreadcrumbList\",\"@id\":\"https:\/\/www.naturparkmagazin.de\/dahme-heideseen\/ausstellungseroeffnung-zeichnen-nach-der-natur\/#breadcrumb\",\"itemListElement\":[{\"@type\":\"ListItem\",\"position\":1,\"name\":\"Home\",\"item\":\"https:\/\/www.naturparkmagazin.de\/dahme-heideseen\/\"},{\"@type\":\"ListItem\",\"position\":2,\"name\":\"Ausstellungser\u00f6ffnung: Zeichnen nach der Natur\"}]},{\"@type\":\"WebSite\",\"@id\":\"https:\/\/www.naturparkmagazin.de\/dahme-heideseen\/#website\",\"url\":\"https:\/\/www.naturparkmagazin.de\/dahme-heideseen\/\",\"name\":\"Naturpark Dahme-Heideseen\",\"description\":\"\",\"potentialAction\":[{\"@type\":\"SearchAction\",\"target\":{\"@type\":\"EntryPoint\",\"urlTemplate\":\"https:\/\/www.naturparkmagazin.de\/dahme-heideseen\/?s={search_term_string}\"},\"query-input\":\"required name=search_term_string\"}],\"inLanguage\":\"de\"},{\"@type\":\"Person\",\"@id\":\"https:\/\/www.naturparkmagazin.de\/dahme-heideseen\/#\/schema\/person\/a0510aafafdf8183c95fc98faf0c9f21\",\"name\":\"Astrid Osenbr\u00fcck\",\"sameAs\":[\"http:\/\/www.dahme-heideseen-naturpark.de\"],\"url\":\"https:\/\/www.naturparkmagazin.de\/dahme-heideseen\/author\/astridosenbrueck\/\"}]}<\/script>\n<!-- \/ Yoast SEO plugin. -->","yoast_head_json":{"title":"Ausstellungser\u00f6ffnung: Zeichnen nach der Natur - Naturpark Dahme-Heideseen","robots":{"index":"index","follow":"follow","max-snippet":"max-snippet:-1","max-image-preview":"max-image-preview:large","max-video-preview":"max-video-preview:-1"},"canonical":"https:\/\/www.naturparkmagazin.de\/dahme-heideseen\/ausstellungseroeffnung-zeichnen-nach-der-natur\/","og_locale":"de_DE","og_type":"article","og_title":"Ausstellungser\u00f6ffnung: Zeichnen nach der Natur - Naturpark Dahme-Heideseen","og_description":"In Kooperation mit der VHS Dahme-Spreewald und der Stadtbibliothek K\u00f6nigs Wusterhausen","og_url":"https:\/\/www.naturparkmagazin.de\/dahme-heideseen\/ausstellungseroeffnung-zeichnen-nach-der-natur\/","og_site_name":"Naturpark Dahme-Heideseen","article_published_time":"2025-09-25T06:44:19+00:00","og_image":[{"width":1210,"height":908,"url":"https:\/\/www.naturparkmagazin.de\/dahme-heideseen\/wp-content\/uploads\/sites\/37\/Zeichenkurs6_18092024_Teresa-Zeuner.jpg","type":"image\/jpeg"}],"author":"Astrid Osenbr\u00fcck","twitter_misc":{"Verfasst von":"Astrid Osenbr\u00fcck","Gesch\u00e4tzte Lesezeit":"1\u00a0Minute"},"schema":{"@context":"https:\/\/schema.org","@graph":[{"@type":"WebPage","@id":"https:\/\/www.naturparkmagazin.de\/dahme-heideseen\/ausstellungseroeffnung-zeichnen-nach-der-natur\/","url":"https:\/\/www.naturparkmagazin.de\/dahme-heideseen\/ausstellungseroeffnung-zeichnen-nach-der-natur\/","name":"Ausstellungser\u00f6ffnung: Zeichnen nach der Natur - Naturpark Dahme-Heideseen","isPartOf":{"@id":"https:\/\/www.naturparkmagazin.de\/dahme-heideseen\/#website"},"datePublished":"2025-09-25T06:44:19+00:00","dateModified":"2025-09-25T06:44:19+00:00","author":{"@id":"https:\/\/www.naturparkmagazin.de\/dahme-heideseen\/#\/schema\/person\/a0510aafafdf8183c95fc98faf0c9f21"},"breadcrumb":{"@id":"https:\/\/www.naturparkmagazin.de\/dahme-heideseen\/ausstellungseroeffnung-zeichnen-nach-der-natur\/#breadcrumb"},"inLanguage":"de","potentialAction":[{"@type":"ReadAction","target":["https:\/\/www.naturparkmagazin.de\/dahme-heideseen\/ausstellungseroeffnung-zeichnen-nach-der-natur\/"]}]},{"@type":"BreadcrumbList","@id":"https:\/\/www.naturparkmagazin.de\/dahme-heideseen\/ausstellungseroeffnung-zeichnen-nach-der-natur\/#breadcrumb","itemListElement":[{"@type":"ListItem","position":1,"name":"Home","item":"https:\/\/www.naturparkmagazin.de\/dahme-heideseen\/"},{"@type":"ListItem","position":2,"name":"Ausstellungser\u00f6ffnung: Zeichnen nach der Natur"}]},{"@type":"WebSite","@id":"https:\/\/www.naturparkmagazin.de\/dahme-heideseen\/#website","url":"https:\/\/www.naturparkmagazin.de\/dahme-heideseen\/","name":"Naturpark Dahme-Heideseen","description":"","potentialAction":[{"@type":"SearchAction","target":{"@type":"EntryPoint","urlTemplate":"https:\/\/www.naturparkmagazin.de\/dahme-heideseen\/?s={search_term_string}"},"query-input":"required name=search_term_string"}],"inLanguage":"de"},{"@type":"Person","@id":"https:\/\/www.naturparkmagazin.de\/dahme-heideseen\/#\/schema\/person\/a0510aafafdf8183c95fc98faf0c9f21","name":"Astrid Osenbr\u00fcck","sameAs":["http:\/\/www.dahme-heideseen-naturpark.de"],"url":"https:\/\/www.naturparkmagazin.de\/dahme-heideseen\/author\/astridosenbrueck\/"}]}},"_links":{"self":[{"href":"https:\/\/www.naturparkmagazin.de\/dahme-heideseen\/wp-json\/wp\/v2\/posts\/7446"}],"collection":[{"href":"https:\/\/www.naturparkmagazin.de\/dahme-heideseen\/wp-json\/wp\/v2\/posts"}],"about":[{"href":"https:\/\/www.naturparkmagazin.de\/dahme-heideseen\/wp-json\/wp\/v2\/types\/post"}],"author":[{"embeddable":true,"href":"https:\/\/www.naturparkmagazin.de\/dahme-heideseen\/wp-json\/wp\/v2\/users\/83"}],"replies":[{"embeddable":true,"href":"https:\/\/www.naturparkmagazin.de\/dahme-heideseen\/wp-json\/wp\/v2\/comments?post=7446"}],"version-history":[{"count":1,"href":"https:\/\/www.naturparkmagazin.de\/dahme-heideseen\/wp-json\/wp\/v2\/posts\/7446\/revisions"}],"predecessor-version":[{"id":7447,"href":"https:\/\/www.naturparkmagazin.de\/dahme-heideseen\/wp-json\/wp\/v2\/posts\/7446\/revisions\/7447"}],"wp:featuredmedia":[{"embeddable":true,"href":"https:\/\/www.naturparkmagazin.de\/dahme-heideseen\/wp-json\/wp\/v2\/media\/6472"}],"wp:attachment":[{"href":"https:\/\/www.naturparkmagazin.de\/dahme-heideseen\/wp-json\/wp\/v2\/media?parent=7446"}],"wp:term":[{"taxonomy":"category","embeddable":true,"href":"https:\/\/www.naturparkmagazin.de\/dahme-heideseen\/wp-json\/wp\/v2\/categories?post=7446"},{"taxonomy":"post_tag","embeddable":true,"href":"https:\/\/www.naturparkmagazin.de\/dahme-heideseen\/wp-json\/wp\/v2\/tags?post=7446"}],"curies":[{"name":"wp","href":"https:\/\/api.w.org\/{rel}","templated":true}]}}