{"id":766,"date":"2014-10-23T16:49:20","date_gmt":"2014-10-23T14:49:20","guid":{"rendered":"http:\/\/www.naturparkmagazin.de\/dahme-heideseen\/?p=766"},"modified":"2014-10-28T17:37:15","modified_gmt":"2014-10-28T16:37:15","slug":"zum-vormerken-vortrag-ueber-die-wissenschaftler-walter-kirsche-und-adolf-straus","status":"publish","type":"post","link":"https:\/\/www.naturparkmagazin.de\/dahme-heideseen\/zum-vormerken-vortrag-ueber-die-wissenschaftler-walter-kirsche-und-adolf-straus\/","title":{"rendered":"Zum Vormerken: Vortrag \u00fcber die Wissenschaftler Walter Kirsche und Adolf Straus"},"content":{"rendered":"<p>Am 5. Dezember 2014 l\u00e4dt der F\u00f6rderverein Haus der Natur in Potsdam zur Veranstaltung\u00a0 <strong>&#8222;\u00dcber die Mauer &#8211; Deutsch-deutsche Kontakte im Naturschutz&#8220;<\/strong> ein<strong>. <\/strong><\/p>\n<p>Hans Sonnenberg vom Naturpark Dahme-Heideseen wird hierbei mit dem Beitrag &#8222;<span style=\"font-size: small\"><strong>Isolation &#8211; <\/strong>Lebenswege von\u00a0 Walter Kirsche und Adolf Straus&#8220; vertreten sein.\u00a0 <!--more-->Beide Wissenschaftler und Natursch\u00fctzer lebten im Dahmeland. Ihre Lebenswege wurde durch die Teilung Deutschlands gepr\u00e4gt.<\/span><\/p>\n<p>Der F\u00f6rderverein Haus der Natur veranstaltet am 5. Dezember 2014 in Potsdam eine Tagung zum Thema<\/p>\n<p><strong>\u00dcber die Mauer &#8211; Deutsch-deutsche Kontakte im Naturschutz\n<\/strong>\nVeranstaltungsort: Haus der Natur Potsdam, Lindenstr. 34, 14467 Potsdam\nZeit: 5. Dezember 2014<\/p>\n<p>2014 j\u00e4hrt sich das 25-j\u00e4hrige Jubil\u00e4um des Mauerfalls. Mit der Gr\u00fcndung der beiden deutschen Staaten 1949 wurde Deutschland geteilt. Der Bau der Mauer 1961 durch die DDR versch\u00e4rfte die Abgrenzung und erschwerte \u00fcber Jahrzehnte Kontakte zwischen den Menschen in den beiden Staaten.<\/p>\n<p>Im Naturschutz gab es dennoch viele Versuche, trotz der politischen Abgrenzung zu Gleichgesinnten in Ost und West Kontakt zu halten. Auf welchen Wegen gelangten Informationen \u201e\u00fcber die \u201eMauer\u201c? Wie wurden pers\u00f6nliche und fachliche Kontakte aufrechterhalten? Welche Erfolge, aber auch welche Probleme hatten diejenigen, die versuchten, das Trennende in Zeiten der Teilung zu \u00fcberwinden. Dar\u00fcber wollen wir diskutieren und miteinander ins Gespr\u00e4ch kommen.\nMit Vortr\u00e4gen von Dr. Hans-Werner Frohn, Sybille Knospe, Hans Sonnenberg, Dr. Uwe Wegener, Dr. Eugeniusz Nowak.<\/p>\n<p>Das detaillierte Programm der Veranstaltung werden wir im November versenden. Es ist dann auch auf unserer Webseite <a title=\"Haus der Natur Potsdam\" href=\"http:\/\/www.hausdernatur-potsdam.de\" target=\"_blank\">Haus der Natur<\/a>\u00a0 zu finden. Bitte merken Sie sich bei Interesse das Datum in Ihrem Terminkalender vor. Wir w\u00fcrden uns freuen, wenn Sie am 5. Dezember 2014 an unserer Tagung teilnehmen.<\/p>\n<p>Kontakt:<\/p>\n<p>F\u00f6rderverein Haus der Natur\nLindenstr. 34\n14467 Potsdam\nFon 0331-2015525\nFax 0331-2015527\ne-mail:haus-der-natur@t-online.de\n<a href=\"http:\/\/www.hausdernatur-potsdam.de\" target=\"_blank\">www.hausdernatur-potsdam.de<\/a><\/p>\n<p>&nbsp;<\/p>\n<div id=\"attachment_769\" style=\"width: 630px\" class=\"wp-caption aligncenter\"><a href=\"https:\/\/www.naturparkmagazin.de\/dahme-heideseen\/wp-content\/uploads\/sites\/37\/kiesgrube.jpg\"><img aria-describedby=\"caption-attachment-769\" decoding=\"async\" loading=\"lazy\" class=\"size-medium wp-image-769\" alt=\"Historsiche Aufnahme der P\u00e4tzer Kiesgrube (Foto: W. Klaeber - www.bildarchiv-nabu-dahmeland.de\" src=\"https:\/\/www.naturparkmagazin.de\/dahme-heideseen\/wp-content\/uploads\/sites\/37\/kiesgrube-620x613.jpg\" width=\"620\" height=\"613\" \/><\/a><p id=\"caption-attachment-769\" class=\"wp-caption-text\">Historsiche Aufnahme der P\u00e4tzer Kiesgrube (Foto: W. Klaeber &#8211; www.bildarchiv-nabu-dahmeland.de<\/p><\/div>\n<p>&nbsp;<\/p>\n","protected":false},"excerpt":{"rendered":"<p>Am 5. Dezember 2014 l\u00e4dt der F\u00f6rderverein Haus der Natur in Potsdam zur Veranstaltung  &#8222;\u00dcber die Mauer &#8211; Deutsch-deutsche Kontakte im Naturschutz&#8220; ein.<\/p>\n","protected":false},"author":48,"featured_media":767,"comment_status":"open","ping_status":"open","sticky":false,"template":"","format":"standard","meta":[],"categories":[7],"tags":[],"yoast_head":"<!-- This site is optimized with the Yoast SEO plugin v19.10 - https:\/\/yoast.com\/wordpress\/plugins\/seo\/ -->\n<title>Zum Vormerken: Vortrag \u00fcber die Wissenschaftler Walter Kirsche und Adolf Straus - Naturpark Dahme-Heideseen<\/title>\n<meta name=\"robots\" content=\"index, follow, max-snippet:-1, max-image-preview:large, max-video-preview:-1\" \/>\n<link rel=\"canonical\" href=\"https:\/\/www.naturparkmagazin.de\/dahme-heideseen\/zum-vormerken-vortrag-ueber-die-wissenschaftler-walter-kirsche-und-adolf-straus\/\" \/>\n<meta property=\"og:locale\" content=\"de_DE\" \/>\n<meta property=\"og:type\" content=\"article\" \/>\n<meta property=\"og:title\" content=\"Zum Vormerken: Vortrag \u00fcber die Wissenschaftler Walter Kirsche und Adolf Straus - Naturpark Dahme-Heideseen\" \/>\n<meta property=\"og:description\" content=\"Am 5. Dezember 2014 l\u00e4dt der F\u00f6rderverein Haus der Natur in Potsdam zur Veranstaltung &quot;\u00dcber die Mauer - Deutsch-deutsche Kontakte im Naturschutz&quot; ein.\" \/>\n<meta property=\"og:url\" content=\"https:\/\/www.naturparkmagazin.de\/dahme-heideseen\/zum-vormerken-vortrag-ueber-die-wissenschaftler-walter-kirsche-und-adolf-straus\/\" \/>\n<meta property=\"og:site_name\" content=\"Naturpark Dahme-Heideseen\" \/>\n<meta property=\"article:published_time\" content=\"2014-10-23T14:49:20+00:00\" \/>\n<meta property=\"article:modified_time\" content=\"2014-10-28T16:37:15+00:00\" \/>\n<meta property=\"og:image\" content=\"https:\/\/www.naturparkmagazin.de\/dahme-heideseen\/wp-content\/uploads\/sites\/37\/Kirsche_K\u00e4fer.jpg\" \/>\n\t<meta property=\"og:image:width\" content=\"682\" \/>\n\t<meta property=\"og:image:height\" content=\"768\" \/>\n\t<meta property=\"og:image:type\" content=\"image\/jpeg\" \/>\n<meta name=\"author\" content=\"hanssonnenberg\" \/>\n<meta name=\"twitter:label1\" content=\"Verfasst von\" \/>\n\t<meta name=\"twitter:data1\" content=\"hanssonnenberg\" \/>\n\t<meta name=\"twitter:label2\" content=\"Gesch\u00e4tzte Lesezeit\" \/>\n\t<meta name=\"twitter:data2\" content=\"2\u00a0Minuten\" \/>\n<script type=\"application\/ld+json\" class=\"yoast-schema-graph\">{\"@context\":\"https:\/\/schema.org\",\"@graph\":[{\"@type\":\"WebPage\",\"@id\":\"https:\/\/www.naturparkmagazin.de\/dahme-heideseen\/zum-vormerken-vortrag-ueber-die-wissenschaftler-walter-kirsche-und-adolf-straus\/\",\"url\":\"https:\/\/www.naturparkmagazin.de\/dahme-heideseen\/zum-vormerken-vortrag-ueber-die-wissenschaftler-walter-kirsche-und-adolf-straus\/\",\"name\":\"Zum Vormerken: Vortrag \u00fcber die Wissenschaftler Walter Kirsche und Adolf Straus - Naturpark Dahme-Heideseen\",\"isPartOf\":{\"@id\":\"https:\/\/www.naturparkmagazin.de\/dahme-heideseen\/#website\"},\"datePublished\":\"2014-10-23T14:49:20+00:00\",\"dateModified\":\"2014-10-28T16:37:15+00:00\",\"author\":{\"@id\":\"https:\/\/www.naturparkmagazin.de\/dahme-heideseen\/#\/schema\/person\/c81c96c3a1f5ee7bffff8b8022c105f0\"},\"breadcrumb\":{\"@id\":\"https:\/\/www.naturparkmagazin.de\/dahme-heideseen\/zum-vormerken-vortrag-ueber-die-wissenschaftler-walter-kirsche-und-adolf-straus\/#breadcrumb\"},\"inLanguage\":\"de\",\"potentialAction\":[{\"@type\":\"ReadAction\",\"target\":[\"https:\/\/www.naturparkmagazin.de\/dahme-heideseen\/zum-vormerken-vortrag-ueber-die-wissenschaftler-walter-kirsche-und-adolf-straus\/\"]}]},{\"@type\":\"BreadcrumbList\",\"@id\":\"https:\/\/www.naturparkmagazin.de\/dahme-heideseen\/zum-vormerken-vortrag-ueber-die-wissenschaftler-walter-kirsche-und-adolf-straus\/#breadcrumb\",\"itemListElement\":[{\"@type\":\"ListItem\",\"position\":1,\"name\":\"Home\",\"item\":\"https:\/\/www.naturparkmagazin.de\/dahme-heideseen\/\"},{\"@type\":\"ListItem\",\"position\":2,\"name\":\"Zum Vormerken: Vortrag \u00fcber die Wissenschaftler Walter Kirsche und Adolf Straus\"}]},{\"@type\":\"WebSite\",\"@id\":\"https:\/\/www.naturparkmagazin.de\/dahme-heideseen\/#website\",\"url\":\"https:\/\/www.naturparkmagazin.de\/dahme-heideseen\/\",\"name\":\"Naturpark Dahme-Heideseen\",\"description\":\"\",\"potentialAction\":[{\"@type\":\"SearchAction\",\"target\":{\"@type\":\"EntryPoint\",\"urlTemplate\":\"https:\/\/www.naturparkmagazin.de\/dahme-heideseen\/?s={search_term_string}\"},\"query-input\":\"required name=search_term_string\"}],\"inLanguage\":\"de\"},{\"@type\":\"Person\",\"@id\":\"https:\/\/www.naturparkmagazin.de\/dahme-heideseen\/#\/schema\/person\/c81c96c3a1f5ee7bffff8b8022c105f0\",\"name\":\"hanssonnenberg\",\"url\":\"https:\/\/www.naturparkmagazin.de\/dahme-heideseen\/author\/hanssonnenberg\/\"}]}<\/script>\n<!-- \/ Yoast SEO plugin. -->","yoast_head_json":{"title":"Zum Vormerken: Vortrag \u00fcber die Wissenschaftler Walter Kirsche und Adolf Straus - Naturpark Dahme-Heideseen","robots":{"index":"index","follow":"follow","max-snippet":"max-snippet:-1","max-image-preview":"max-image-preview:large","max-video-preview":"max-video-preview:-1"},"canonical":"https:\/\/www.naturparkmagazin.de\/dahme-heideseen\/zum-vormerken-vortrag-ueber-die-wissenschaftler-walter-kirsche-und-adolf-straus\/","og_locale":"de_DE","og_type":"article","og_title":"Zum Vormerken: Vortrag \u00fcber die Wissenschaftler Walter Kirsche und Adolf Straus - Naturpark Dahme-Heideseen","og_description":"Am 5. Dezember 2014 l\u00e4dt der F\u00f6rderverein Haus der Natur in Potsdam zur Veranstaltung \"\u00dcber die Mauer - Deutsch-deutsche Kontakte im Naturschutz\" ein.","og_url":"https:\/\/www.naturparkmagazin.de\/dahme-heideseen\/zum-vormerken-vortrag-ueber-die-wissenschaftler-walter-kirsche-und-adolf-straus\/","og_site_name":"Naturpark Dahme-Heideseen","article_published_time":"2014-10-23T14:49:20+00:00","article_modified_time":"2014-10-28T16:37:15+00:00","og_image":[{"width":682,"height":768,"url":"https:\/\/www.naturparkmagazin.de\/dahme-heideseen\/wp-content\/uploads\/sites\/37\/Kirsche_K\u00e4fer.jpg","type":"image\/jpeg"}],"author":"hanssonnenberg","twitter_misc":{"Verfasst von":"hanssonnenberg","Gesch\u00e4tzte Lesezeit":"2\u00a0Minuten"},"schema":{"@context":"https:\/\/schema.org","@graph":[{"@type":"WebPage","@id":"https:\/\/www.naturparkmagazin.de\/dahme-heideseen\/zum-vormerken-vortrag-ueber-die-wissenschaftler-walter-kirsche-und-adolf-straus\/","url":"https:\/\/www.naturparkmagazin.de\/dahme-heideseen\/zum-vormerken-vortrag-ueber-die-wissenschaftler-walter-kirsche-und-adolf-straus\/","name":"Zum Vormerken: Vortrag \u00fcber die Wissenschaftler Walter Kirsche und Adolf Straus - Naturpark Dahme-Heideseen","isPartOf":{"@id":"https:\/\/www.naturparkmagazin.de\/dahme-heideseen\/#website"},"datePublished":"2014-10-23T14:49:20+00:00","dateModified":"2014-10-28T16:37:15+00:00","author":{"@id":"https:\/\/www.naturparkmagazin.de\/dahme-heideseen\/#\/schema\/person\/c81c96c3a1f5ee7bffff8b8022c105f0"},"breadcrumb":{"@id":"https:\/\/www.naturparkmagazin.de\/dahme-heideseen\/zum-vormerken-vortrag-ueber-die-wissenschaftler-walter-kirsche-und-adolf-straus\/#breadcrumb"},"inLanguage":"de","potentialAction":[{"@type":"ReadAction","target":["https:\/\/www.naturparkmagazin.de\/dahme-heideseen\/zum-vormerken-vortrag-ueber-die-wissenschaftler-walter-kirsche-und-adolf-straus\/"]}]},{"@type":"BreadcrumbList","@id":"https:\/\/www.naturparkmagazin.de\/dahme-heideseen\/zum-vormerken-vortrag-ueber-die-wissenschaftler-walter-kirsche-und-adolf-straus\/#breadcrumb","itemListElement":[{"@type":"ListItem","position":1,"name":"Home","item":"https:\/\/www.naturparkmagazin.de\/dahme-heideseen\/"},{"@type":"ListItem","position":2,"name":"Zum Vormerken: Vortrag \u00fcber die Wissenschaftler Walter Kirsche und Adolf Straus"}]},{"@type":"WebSite","@id":"https:\/\/www.naturparkmagazin.de\/dahme-heideseen\/#website","url":"https:\/\/www.naturparkmagazin.de\/dahme-heideseen\/","name":"Naturpark Dahme-Heideseen","description":"","potentialAction":[{"@type":"SearchAction","target":{"@type":"EntryPoint","urlTemplate":"https:\/\/www.naturparkmagazin.de\/dahme-heideseen\/?s={search_term_string}"},"query-input":"required name=search_term_string"}],"inLanguage":"de"},{"@type":"Person","@id":"https:\/\/www.naturparkmagazin.de\/dahme-heideseen\/#\/schema\/person\/c81c96c3a1f5ee7bffff8b8022c105f0","name":"hanssonnenberg","url":"https:\/\/www.naturparkmagazin.de\/dahme-heideseen\/author\/hanssonnenberg\/"}]}},"_links":{"self":[{"href":"https:\/\/www.naturparkmagazin.de\/dahme-heideseen\/wp-json\/wp\/v2\/posts\/766"}],"collection":[{"href":"https:\/\/www.naturparkmagazin.de\/dahme-heideseen\/wp-json\/wp\/v2\/posts"}],"about":[{"href":"https:\/\/www.naturparkmagazin.de\/dahme-heideseen\/wp-json\/wp\/v2\/types\/post"}],"author":[{"embeddable":true,"href":"https:\/\/www.naturparkmagazin.de\/dahme-heideseen\/wp-json\/wp\/v2\/users\/48"}],"replies":[{"embeddable":true,"href":"https:\/\/www.naturparkmagazin.de\/dahme-heideseen\/wp-json\/wp\/v2\/comments?post=766"}],"version-history":[{"count":6,"href":"https:\/\/www.naturparkmagazin.de\/dahme-heideseen\/wp-json\/wp\/v2\/posts\/766\/revisions"}],"predecessor-version":[{"id":791,"href":"https:\/\/www.naturparkmagazin.de\/dahme-heideseen\/wp-json\/wp\/v2\/posts\/766\/revisions\/791"}],"wp:featuredmedia":[{"embeddable":true,"href":"https:\/\/www.naturparkmagazin.de\/dahme-heideseen\/wp-json\/wp\/v2\/media\/767"}],"wp:attachment":[{"href":"https:\/\/www.naturparkmagazin.de\/dahme-heideseen\/wp-json\/wp\/v2\/media?parent=766"}],"wp:term":[{"taxonomy":"category","embeddable":true,"href":"https:\/\/www.naturparkmagazin.de\/dahme-heideseen\/wp-json\/wp\/v2\/categories?post=766"},{"taxonomy":"post_tag","embeddable":true,"href":"https:\/\/www.naturparkmagazin.de\/dahme-heideseen\/wp-json\/wp\/v2\/tags?post=766"}],"curies":[{"name":"wp","href":"https:\/\/api.w.org\/{rel}","templated":true}]}}