{"id":774,"date":"2014-10-23T17:19:39","date_gmt":"2014-10-23T15:19:39","guid":{"rendered":"http:\/\/www.naturparkmagazin.de\/dahme-heideseen\/?p=774"},"modified":"2014-11-03T16:24:17","modified_gmt":"2014-11-03T15:24:17","slug":"naturschutznachmittag-in-koenigs-wusterhausen-sandige-rasen-und-ein-neues-jahrebuch","status":"publish","type":"post","link":"https:\/\/www.naturparkmagazin.de\/dahme-heideseen\/naturschutznachmittag-in-koenigs-wusterhausen-sandige-rasen-und-ein-neues-jahrebuch\/","title":{"rendered":"Naturschutznachmittag in K\u00f6nigs Wusterhausen &#8211; Sandige Rasen und ein neues JahreBuch"},"content":{"rendered":"<p>Der Naturpark Dahme-Heidseen, der Naturschutzfonds Brandenburg und der NABU Dahmeland laden ein zu einem Naturschutz-Nachmittag.<\/p>\n<p><strong> Mittwoch 26. November, um 15 Uhr im B\u00fcrgerhaus Hans Eisler in K\u00f6nigs Wusterhausen<\/strong><!--more-->Im der Region des Naturparks Dahme-Heideseen wird ein Life-Naturschutzprojekt zum Erhalt der trockenrasen mit den hier lebenden Tieren und Pflanzen umgesetzt. Wir wollen Ihnen das Projekt vorstellen. An dieem Nachmittag wird es vor allem und die Bem\u00fchungen um den Erhalt und Wiederansiedlung seltener und bedrohter Pflanzen gehen.<\/p>\n<p>\u00dcber das Naturschutzprojet &#8222;Life-Sandrasen&#8220; k\u00f6nnen sie nat\u00fcrlich auch in dem neuen JahreBuch lesen, dass wir Ihnen vorstellen werden. Das druckfrische Buch enth\u00e4lt nat\u00fcrlich viele weitere tolle Beitr\u00e4ge in Wort und Bild.<\/p>\n<div id=\"attachment_46\" style=\"width: 630px\" class=\"wp-caption aligncenter\"><a href=\"https:\/\/www.naturparkmagazin.de\/dahme-heideseen\/wp-content\/uploads\/sites\/37\/Wilder-Sand-Thymian.jpg\"><img aria-describedby=\"caption-attachment-46\" decoding=\"async\" loading=\"lazy\" class=\"size-medium wp-image-46\" alt=\"Foto: Wolfgang Klaeber - www.bildarchiv-nabu-dahmeland.de\" src=\"https:\/\/www.naturparkmagazin.de\/dahme-heideseen\/wp-content\/uploads\/sites\/37\/Wilder-Sand-Thymian-620x442.jpg\" width=\"620\" height=\"442\" \/><\/a><p id=\"caption-attachment-46\" class=\"wp-caption-text\">Foto: Wolfgang Klaeber &#8211; www.bildarchiv-nabu-dahmeland.de<\/p><\/div>\n<p><strong>&#8222;Sandige Rasen und ein neues JahreBuch&#8220;<\/strong>\nModeration Holger R\u00f6\u00dfling<\/p>\n<p><strong>&#8222;LIFE Sandrasen&#8220; &#8211; eine kurze Einf\u00fchrung<\/strong>\nPamela Hafner (Naturschutzfonds Brandenburg)<\/p>\n<p><strong>Biotop- und Bodenkartierung vorhandener und m\u00f6gliche Sandrasenfl\u00e4chen<\/strong>\nChristian Hoffmann und Beate Gall<\/p>\n<p><strong>Pflanzen sammeln f\u00fcr das Naturschutzprojekt Sandrasen<\/strong>\nHannes Hause (Naturwacht Dahme-Heideseen)<\/p>\n<p><strong>Anzucht und Wiederausbringung von Trockenrasenpflanzen<\/strong>\nChristina Gr\u00e4tz (Nagola Re GmbH) und Gabriele Wei\u00df (ecostrat GmbH Berlin)<\/p>\n<p><strong>Untersuchungen zur Aufzucht der Wiesen-K\u00fcchenschelle in Erhaltungskultur als Voraussetzung f\u00fcr die Wiederausbringung<\/strong>\nWibke Wolf (IfA\u00d6 Rostock)<\/p>\n<p><strong>&#8222;Der Schweinewinkel bei Bestensee&#8220;<\/strong>\nVegetationsver\u00e4nderung an einem Trockenrasenstandort am P\u00e4tzer Hintersee\nHanna Sonnenberg &#8211; Universit\u00e4t Potsdam<\/p>\n<p><strong>Vorstellung des neuen JahreBuchs 2015<\/strong>\nHans Sonnenberg<\/p>\n<p><a href=\"https:\/\/www.naturparkmagazin.de\/dahme-heideseen\/wp-content\/uploads\/sites\/37\/Einladung_Naturschutznachmittag_web_Format.jpg\"><img decoding=\"async\" loading=\"lazy\" class=\"aligncenter size-full wp-image-795\" alt=\"Einladung_Naturschutznachmittag_web_Format\" src=\"https:\/\/www.naturparkmagazin.de\/dahme-heideseen\/wp-content\/uploads\/sites\/37\/Einladung_Naturschutznachmittag_web_Format.jpg\" width=\"453\" height=\"640\" srcset=\"https:\/\/www.naturparkmagazin.de\/dahme-heideseen\/wp-content\/uploads\/sites\/37\/Einladung_Naturschutznachmittag_web_Format.jpg 453w, https:\/\/www.naturparkmagazin.de\/dahme-heideseen\/wp-content\/uploads\/sites\/37\/Einladung_Naturschutznachmittag_web_Format-300x424.jpg 300w, https:\/\/www.naturparkmagazin.de\/dahme-heideseen\/wp-content\/uploads\/sites\/37\/Einladung_Naturschutznachmittag_web_Format-200x283.jpg 200w\" sizes=\"(max-width: 453px) 100vw, 453px\" \/><\/a><\/p>\n<p>Treff:<\/p>\n<p>Mittwoch 26. November 15 (bis 18 Uhr)\n<a title=\"B\u00fcrgerhaus Hans Eisler\" href=\"http:\/\/veranstaltungen.meinestadt.de\/koenigs-wusterhausen\/location-detail\/2296003\" target=\"_blank\">B\u00fcrgerhaus Hans Eisler<\/a>\n15711 K\u00f6nigs Wusterhausen\nEichenalle 12<\/p>\n<p><a title=\"Life sandrasen\" href=\"http:\/\/www.sandrasen.de\/\" target=\"_blank\">Infos zum Life Projekt Sandrasen im Dahme-Seengebiet<\/a><\/p>\n<div id=\"attachment_382\" style=\"width: 458px\" class=\"wp-caption alignleft\"><a href=\"https:\/\/www.naturparkmagazin.de\/dahme-heideseen\/wp-content\/uploads\/sites\/37\/Logo_LIFE_Sandrasen_einzeilig_nichttransparent.jpg\"><img aria-describedby=\"caption-attachment-382\" decoding=\"async\" loading=\"lazy\" class=\"size-full wp-image-382\" alt=\"Life-Projekt Sandrasen im Dahme-Seengebiet\" src=\"https:\/\/www.naturparkmagazin.de\/dahme-heideseen\/wp-content\/uploads\/sites\/37\/Logo_LIFE_Sandrasen_einzeilig_nichttransparent.jpg\" width=\"448\" height=\"110\" srcset=\"https:\/\/www.naturparkmagazin.de\/dahme-heideseen\/wp-content\/uploads\/sites\/37\/Logo_LIFE_Sandrasen_einzeilig_nichttransparent.jpg 448w, https:\/\/www.naturparkmagazin.de\/dahme-heideseen\/wp-content\/uploads\/sites\/37\/Logo_LIFE_Sandrasen_einzeilig_nichttransparent-300x74.jpg 300w, https:\/\/www.naturparkmagazin.de\/dahme-heideseen\/wp-content\/uploads\/sites\/37\/Logo_LIFE_Sandrasen_einzeilig_nichttransparent-200x49.jpg 200w\" sizes=\"(max-width: 448px) 100vw, 448px\" \/><\/a><p id=\"caption-attachment-382\" class=\"wp-caption-text\">Life-Projekt Sandrasen im Dahme-Seengebiet<\/p><\/div>\n","protected":false},"excerpt":{"rendered":"<p>Der Naturpark Dahme-Heidseen, der Naturschutzfonds Brandenburg und der NABU Dahmeland laden ein zu einem Naturschutz-Nachmittag am Mittwoch, 26. November 15 Uhr im B\u00fcrgerhaus Hans Eisler in K\u00f6nigs Wusterhausen.<\/p>\n","protected":false},"author":48,"featured_media":780,"comment_status":"open","ping_status":"open","sticky":false,"template":"","format":"standard","meta":[],"categories":[11],"tags":[],"yoast_head":"<!-- This site is optimized with the Yoast SEO plugin v19.10 - https:\/\/yoast.com\/wordpress\/plugins\/seo\/ -->\n<title>Naturschutznachmittag in K\u00f6nigs Wusterhausen - Sandige Rasen und ein neues JahreBuch - Naturpark Dahme-Heideseen<\/title>\n<meta name=\"robots\" content=\"index, follow, max-snippet:-1, max-image-preview:large, max-video-preview:-1\" \/>\n<link rel=\"canonical\" href=\"https:\/\/www.naturparkmagazin.de\/dahme-heideseen\/naturschutznachmittag-in-koenigs-wusterhausen-sandige-rasen-und-ein-neues-jahrebuch\/\" \/>\n<meta property=\"og:locale\" content=\"de_DE\" \/>\n<meta property=\"og:type\" content=\"article\" \/>\n<meta property=\"og:title\" content=\"Naturschutznachmittag in K\u00f6nigs Wusterhausen - Sandige Rasen und ein neues JahreBuch - Naturpark Dahme-Heideseen\" \/>\n<meta property=\"og:description\" content=\"Der Naturpark Dahme-Heidseen, der Naturschutzfonds Brandenburg und der NABU Dahmeland laden ein zu einem Naturschutz-Nachmittag am Mittwoch, 26. November 15 Uhr im B\u00fcrgerhaus Hans Eisler in K\u00f6nigs Wusterhausen.\" \/>\n<meta property=\"og:url\" content=\"https:\/\/www.naturparkmagazin.de\/dahme-heideseen\/naturschutznachmittag-in-koenigs-wusterhausen-sandige-rasen-und-ein-neues-jahrebuch\/\" \/>\n<meta property=\"og:site_name\" content=\"Naturpark Dahme-Heideseen\" \/>\n<meta property=\"article:published_time\" content=\"2014-10-23T15:19:39+00:00\" \/>\n<meta property=\"article:modified_time\" content=\"2014-11-03T15:24:17+00:00\" \/>\n<meta property=\"og:image\" content=\"https:\/\/www.naturparkmagazin.de\/dahme-heideseen\/wp-content\/uploads\/sites\/37\/Wiesen-K\u00fcchenschelle.jpg\" \/>\n\t<meta property=\"og:image:width\" content=\"614\" \/>\n\t<meta property=\"og:image:height\" content=\"768\" \/>\n\t<meta property=\"og:image:type\" content=\"image\/jpeg\" \/>\n<meta name=\"author\" content=\"hanssonnenberg\" \/>\n<meta name=\"twitter:label1\" content=\"Verfasst von\" \/>\n\t<meta name=\"twitter:data1\" content=\"hanssonnenberg\" \/>\n\t<meta name=\"twitter:label2\" content=\"Gesch\u00e4tzte Lesezeit\" \/>\n\t<meta name=\"twitter:data2\" content=\"1\u00a0Minute\" \/>\n<script type=\"application\/ld+json\" class=\"yoast-schema-graph\">{\"@context\":\"https:\/\/schema.org\",\"@graph\":[{\"@type\":\"WebPage\",\"@id\":\"https:\/\/www.naturparkmagazin.de\/dahme-heideseen\/naturschutznachmittag-in-koenigs-wusterhausen-sandige-rasen-und-ein-neues-jahrebuch\/\",\"url\":\"https:\/\/www.naturparkmagazin.de\/dahme-heideseen\/naturschutznachmittag-in-koenigs-wusterhausen-sandige-rasen-und-ein-neues-jahrebuch\/\",\"name\":\"Naturschutznachmittag in K\u00f6nigs Wusterhausen - Sandige Rasen und ein neues JahreBuch - Naturpark Dahme-Heideseen\",\"isPartOf\":{\"@id\":\"https:\/\/www.naturparkmagazin.de\/dahme-heideseen\/#website\"},\"datePublished\":\"2014-10-23T15:19:39+00:00\",\"dateModified\":\"2014-11-03T15:24:17+00:00\",\"author\":{\"@id\":\"https:\/\/www.naturparkmagazin.de\/dahme-heideseen\/#\/schema\/person\/c81c96c3a1f5ee7bffff8b8022c105f0\"},\"breadcrumb\":{\"@id\":\"https:\/\/www.naturparkmagazin.de\/dahme-heideseen\/naturschutznachmittag-in-koenigs-wusterhausen-sandige-rasen-und-ein-neues-jahrebuch\/#breadcrumb\"},\"inLanguage\":\"de\",\"potentialAction\":[{\"@type\":\"ReadAction\",\"target\":[\"https:\/\/www.naturparkmagazin.de\/dahme-heideseen\/naturschutznachmittag-in-koenigs-wusterhausen-sandige-rasen-und-ein-neues-jahrebuch\/\"]}]},{\"@type\":\"BreadcrumbList\",\"@id\":\"https:\/\/www.naturparkmagazin.de\/dahme-heideseen\/naturschutznachmittag-in-koenigs-wusterhausen-sandige-rasen-und-ein-neues-jahrebuch\/#breadcrumb\",\"itemListElement\":[{\"@type\":\"ListItem\",\"position\":1,\"name\":\"Home\",\"item\":\"https:\/\/www.naturparkmagazin.de\/dahme-heideseen\/\"},{\"@type\":\"ListItem\",\"position\":2,\"name\":\"Naturschutznachmittag in K\u00f6nigs Wusterhausen &#8211; Sandige Rasen und ein neues JahreBuch\"}]},{\"@type\":\"WebSite\",\"@id\":\"https:\/\/www.naturparkmagazin.de\/dahme-heideseen\/#website\",\"url\":\"https:\/\/www.naturparkmagazin.de\/dahme-heideseen\/\",\"name\":\"Naturpark Dahme-Heideseen\",\"description\":\"\",\"potentialAction\":[{\"@type\":\"SearchAction\",\"target\":{\"@type\":\"EntryPoint\",\"urlTemplate\":\"https:\/\/www.naturparkmagazin.de\/dahme-heideseen\/?s={search_term_string}\"},\"query-input\":\"required name=search_term_string\"}],\"inLanguage\":\"de\"},{\"@type\":\"Person\",\"@id\":\"https:\/\/www.naturparkmagazin.de\/dahme-heideseen\/#\/schema\/person\/c81c96c3a1f5ee7bffff8b8022c105f0\",\"name\":\"hanssonnenberg\",\"url\":\"https:\/\/www.naturparkmagazin.de\/dahme-heideseen\/author\/hanssonnenberg\/\"}]}<\/script>\n<!-- \/ Yoast SEO plugin. -->","yoast_head_json":{"title":"Naturschutznachmittag in K\u00f6nigs Wusterhausen - Sandige Rasen und ein neues JahreBuch - Naturpark Dahme-Heideseen","robots":{"index":"index","follow":"follow","max-snippet":"max-snippet:-1","max-image-preview":"max-image-preview:large","max-video-preview":"max-video-preview:-1"},"canonical":"https:\/\/www.naturparkmagazin.de\/dahme-heideseen\/naturschutznachmittag-in-koenigs-wusterhausen-sandige-rasen-und-ein-neues-jahrebuch\/","og_locale":"de_DE","og_type":"article","og_title":"Naturschutznachmittag in K\u00f6nigs Wusterhausen - Sandige Rasen und ein neues JahreBuch - Naturpark Dahme-Heideseen","og_description":"Der Naturpark Dahme-Heidseen, der Naturschutzfonds Brandenburg und der NABU Dahmeland laden ein zu einem Naturschutz-Nachmittag am Mittwoch, 26. November 15 Uhr im B\u00fcrgerhaus Hans Eisler in K\u00f6nigs Wusterhausen.","og_url":"https:\/\/www.naturparkmagazin.de\/dahme-heideseen\/naturschutznachmittag-in-koenigs-wusterhausen-sandige-rasen-und-ein-neues-jahrebuch\/","og_site_name":"Naturpark Dahme-Heideseen","article_published_time":"2014-10-23T15:19:39+00:00","article_modified_time":"2014-11-03T15:24:17+00:00","og_image":[{"width":614,"height":768,"url":"https:\/\/www.naturparkmagazin.de\/dahme-heideseen\/wp-content\/uploads\/sites\/37\/Wiesen-K\u00fcchenschelle.jpg","type":"image\/jpeg"}],"author":"hanssonnenberg","twitter_misc":{"Verfasst von":"hanssonnenberg","Gesch\u00e4tzte Lesezeit":"1\u00a0Minute"},"schema":{"@context":"https:\/\/schema.org","@graph":[{"@type":"WebPage","@id":"https:\/\/www.naturparkmagazin.de\/dahme-heideseen\/naturschutznachmittag-in-koenigs-wusterhausen-sandige-rasen-und-ein-neues-jahrebuch\/","url":"https:\/\/www.naturparkmagazin.de\/dahme-heideseen\/naturschutznachmittag-in-koenigs-wusterhausen-sandige-rasen-und-ein-neues-jahrebuch\/","name":"Naturschutznachmittag in K\u00f6nigs Wusterhausen - Sandige Rasen und ein neues JahreBuch - Naturpark Dahme-Heideseen","isPartOf":{"@id":"https:\/\/www.naturparkmagazin.de\/dahme-heideseen\/#website"},"datePublished":"2014-10-23T15:19:39+00:00","dateModified":"2014-11-03T15:24:17+00:00","author":{"@id":"https:\/\/www.naturparkmagazin.de\/dahme-heideseen\/#\/schema\/person\/c81c96c3a1f5ee7bffff8b8022c105f0"},"breadcrumb":{"@id":"https:\/\/www.naturparkmagazin.de\/dahme-heideseen\/naturschutznachmittag-in-koenigs-wusterhausen-sandige-rasen-und-ein-neues-jahrebuch\/#breadcrumb"},"inLanguage":"de","potentialAction":[{"@type":"ReadAction","target":["https:\/\/www.naturparkmagazin.de\/dahme-heideseen\/naturschutznachmittag-in-koenigs-wusterhausen-sandige-rasen-und-ein-neues-jahrebuch\/"]}]},{"@type":"BreadcrumbList","@id":"https:\/\/www.naturparkmagazin.de\/dahme-heideseen\/naturschutznachmittag-in-koenigs-wusterhausen-sandige-rasen-und-ein-neues-jahrebuch\/#breadcrumb","itemListElement":[{"@type":"ListItem","position":1,"name":"Home","item":"https:\/\/www.naturparkmagazin.de\/dahme-heideseen\/"},{"@type":"ListItem","position":2,"name":"Naturschutznachmittag in K\u00f6nigs Wusterhausen &#8211; Sandige Rasen und ein neues JahreBuch"}]},{"@type":"WebSite","@id":"https:\/\/www.naturparkmagazin.de\/dahme-heideseen\/#website","url":"https:\/\/www.naturparkmagazin.de\/dahme-heideseen\/","name":"Naturpark Dahme-Heideseen","description":"","potentialAction":[{"@type":"SearchAction","target":{"@type":"EntryPoint","urlTemplate":"https:\/\/www.naturparkmagazin.de\/dahme-heideseen\/?s={search_term_string}"},"query-input":"required name=search_term_string"}],"inLanguage":"de"},{"@type":"Person","@id":"https:\/\/www.naturparkmagazin.de\/dahme-heideseen\/#\/schema\/person\/c81c96c3a1f5ee7bffff8b8022c105f0","name":"hanssonnenberg","url":"https:\/\/www.naturparkmagazin.de\/dahme-heideseen\/author\/hanssonnenberg\/"}]}},"_links":{"self":[{"href":"https:\/\/www.naturparkmagazin.de\/dahme-heideseen\/wp-json\/wp\/v2\/posts\/774"}],"collection":[{"href":"https:\/\/www.naturparkmagazin.de\/dahme-heideseen\/wp-json\/wp\/v2\/posts"}],"about":[{"href":"https:\/\/www.naturparkmagazin.de\/dahme-heideseen\/wp-json\/wp\/v2\/types\/post"}],"author":[{"embeddable":true,"href":"https:\/\/www.naturparkmagazin.de\/dahme-heideseen\/wp-json\/wp\/v2\/users\/48"}],"replies":[{"embeddable":true,"href":"https:\/\/www.naturparkmagazin.de\/dahme-heideseen\/wp-json\/wp\/v2\/comments?post=774"}],"version-history":[{"count":7,"href":"https:\/\/www.naturparkmagazin.de\/dahme-heideseen\/wp-json\/wp\/v2\/posts\/774\/revisions"}],"predecessor-version":[{"id":796,"href":"https:\/\/www.naturparkmagazin.de\/dahme-heideseen\/wp-json\/wp\/v2\/posts\/774\/revisions\/796"}],"wp:featuredmedia":[{"embeddable":true,"href":"https:\/\/www.naturparkmagazin.de\/dahme-heideseen\/wp-json\/wp\/v2\/media\/780"}],"wp:attachment":[{"href":"https:\/\/www.naturparkmagazin.de\/dahme-heideseen\/wp-json\/wp\/v2\/media?parent=774"}],"wp:term":[{"taxonomy":"category","embeddable":true,"href":"https:\/\/www.naturparkmagazin.de\/dahme-heideseen\/wp-json\/wp\/v2\/categories?post=774"},{"taxonomy":"post_tag","embeddable":true,"href":"https:\/\/www.naturparkmagazin.de\/dahme-heideseen\/wp-json\/wp\/v2\/tags?post=774"}],"curies":[{"name":"wp","href":"https:\/\/api.w.org\/{rel}","templated":true}]}}