{"id":7794,"date":"2026-01-19T14:37:49","date_gmt":"2026-01-19T13:37:49","guid":{"rendered":"https:\/\/www.naturparkmagazin.de\/dahme-heideseen\/?p=7794"},"modified":"2026-01-19T14:37:49","modified_gmt":"2026-01-19T13:37:49","slug":"naturpark-auf-der-gruenen-woche","status":"publish","type":"post","link":"https:\/\/www.naturparkmagazin.de\/dahme-heideseen\/naturpark-auf-der-gruenen-woche\/","title":{"rendered":"Naturpark auf der Gr\u00fcnen Woche"},"content":{"rendered":"<p>Der Naturpark Dahme-Heideseen pr\u00e4sentierte auf der Gr\u00fcnen Woche in der Brandenburghalle am Gemeinschaftsstand der Nationalen Naturlandschaften seine vielf\u00e4ltige Natur- und Kulturlandschaft. Unterst\u00fctzt wurde das Team dabei vom Naturparkpartner Happy Landscape, einem Garten- und Landschaftsplanungsbetrieb aus Storkow, der seit 2025 Teil des Partnernetzwerks ist.<\/p>\n<p>Am Gl\u00fccksrad und beim Gewinnspiel drehte sich alles um das Thema Artenvielfalt im Garten. Viele Besucherinnen und Besucher nutzten die Gelegenheit, ihr Wissen zu testen und sich inspirieren zu lassen, wie man den eigenen Garten naturnah gestalten kann.<\/p>\n<p>Der Stand entwickelte sich schnell zu einem lebendigen Treffpunkt f\u00fcr weitere Partner des Naturparks. Zu Gast waren unter anderem die Heideseesel aus Streganz, der Weinberg Gr\u00e4bendorf, die Burg Storkow sowie Imker Holger Ackermann und Melanie Kossatz vom Spreewaldverein.<\/p>\n<p>Diese Vielfalt zeigte eindrucksvoll, wie breit das Netzwerk des Naturparks aufgestellt ist.<\/p>\n<p>Ein besonderer H\u00f6hepunkt war die Verleihung des pro agro Marketingpreises in der Kategorie Ern\u00e4hrungswirtschaft. Den 1. Platz erhielt die Gl\u00e4serne Molkerei aus M\u00fcnchehofe f\u00fcr ihr neues Produkt \u201ehellwach\u201c \u2013 ein milchhaltiger Drink mit Fruchtgeschmack und Koffein. Die Molkerei ist seit 2024 Naturparkpartner und zeigt mit dieser Innovation, wie regionale Wertsch\u00f6pfung und moderne Produktideen zusammenfinden k\u00f6nnen.<\/p>\n<p>Dar\u00fcber hinaus bot die Messe Gelegenheit f\u00fcr viele spannende Gespr\u00e4che mit Vertreterinnen und Vertretern anderer Naturparke aus ganz Deutschland. Der Austausch \u00fcber Projekte, Herausforderungen und Ideen st\u00e4rkte das gemeinsame Ziel, Natur erlebbar zu machen und nachhaltig zu sch\u00fctzen.<\/p>\n<p>Der Auftritt des Naturparks Dahme-Heideseen auf der Gr\u00fcnen Woche zeigte, wie lebendig, engagiert und vielf\u00e4ltig die Region ist \u2013 und wie stark das Netzwerk der Naturparkpartner w\u00e4chst.<\/p>\n","protected":false},"excerpt":{"rendered":"<p>Der Naturpark Dahme-Heideseen pr\u00e4sentierte auf der Gr\u00fcnen Woche in der Brandenburghalle am Gemeinschaftsstand der Nationalen Naturlandschaften seine vielf\u00e4ltige Natur- und Kulturlandschaft. Unterst\u00fctzt wurde das Team dabei vom Naturparkpartner Happy Landscape, einem Garten- und Landschaftsplanungsbetrieb aus Storkow, der seit 2025 Teil des Partnernetzwerks ist. Am Gl\u00fccksrad und beim Gewinnspiel drehte sich alles um das Thema Artenvielfalt<\/p>\n","protected":false},"author":83,"featured_media":7796,"comment_status":"open","ping_status":"open","sticky":false,"template":"","format":"standard","meta":[],"categories":[1,7],"tags":[],"yoast_head":"<!-- This site is optimized with the Yoast SEO plugin v19.10 - https:\/\/yoast.com\/wordpress\/plugins\/seo\/ -->\n<title>Naturpark auf der Gr\u00fcnen Woche - Naturpark Dahme-Heideseen<\/title>\n<meta name=\"robots\" content=\"index, follow, max-snippet:-1, max-image-preview:large, max-video-preview:-1\" \/>\n<link rel=\"canonical\" href=\"https:\/\/www.naturparkmagazin.de\/dahme-heideseen\/naturpark-auf-der-gruenen-woche\/\" \/>\n<meta property=\"og:locale\" content=\"de_DE\" \/>\n<meta property=\"og:type\" content=\"article\" \/>\n<meta property=\"og:title\" content=\"Naturpark auf der Gr\u00fcnen Woche - Naturpark Dahme-Heideseen\" \/>\n<meta property=\"og:description\" content=\"Der Naturpark Dahme-Heideseen pr\u00e4sentierte auf der Gr\u00fcnen Woche in der Brandenburghalle am Gemeinschaftsstand der Nationalen Naturlandschaften seine vielf\u00e4ltige Natur- und Kulturlandschaft. Unterst\u00fctzt wurde das Team dabei vom Naturparkpartner Happy Landscape, einem Garten- und Landschaftsplanungsbetrieb aus Storkow, der seit 2025 Teil des Partnernetzwerks ist. Am Gl\u00fccksrad und beim Gewinnspiel drehte sich alles um das Thema Artenvielfalt\" \/>\n<meta property=\"og:url\" content=\"https:\/\/www.naturparkmagazin.de\/dahme-heideseen\/naturpark-auf-der-gruenen-woche\/\" \/>\n<meta property=\"og:site_name\" content=\"Naturpark Dahme-Heideseen\" \/>\n<meta property=\"article:published_time\" content=\"2026-01-19T13:37:49+00:00\" \/>\n<meta property=\"og:image\" content=\"https:\/\/www.naturparkmagazin.de\/dahme-heideseen\/wp-content\/uploads\/sites\/37\/Gruene-Woche.jpg\" \/>\n\t<meta property=\"og:image:width\" content=\"1674\" \/>\n\t<meta property=\"og:image:height\" content=\"1256\" \/>\n\t<meta property=\"og:image:type\" content=\"image\/jpeg\" \/>\n<meta name=\"author\" content=\"Astrid Osenbr\u00fcck\" \/>\n<meta name=\"twitter:label1\" content=\"Verfasst von\" \/>\n\t<meta name=\"twitter:data1\" content=\"Astrid Osenbr\u00fcck\" \/>\n\t<meta name=\"twitter:label2\" content=\"Gesch\u00e4tzte Lesezeit\" \/>\n\t<meta name=\"twitter:data2\" content=\"2\u00a0Minuten\" \/>\n<script type=\"application\/ld+json\" class=\"yoast-schema-graph\">{\"@context\":\"https:\/\/schema.org\",\"@graph\":[{\"@type\":\"WebPage\",\"@id\":\"https:\/\/www.naturparkmagazin.de\/dahme-heideseen\/naturpark-auf-der-gruenen-woche\/\",\"url\":\"https:\/\/www.naturparkmagazin.de\/dahme-heideseen\/naturpark-auf-der-gruenen-woche\/\",\"name\":\"Naturpark auf der Gr\u00fcnen Woche - Naturpark Dahme-Heideseen\",\"isPartOf\":{\"@id\":\"https:\/\/www.naturparkmagazin.de\/dahme-heideseen\/#website\"},\"datePublished\":\"2026-01-19T13:37:49+00:00\",\"dateModified\":\"2026-01-19T13:37:49+00:00\",\"author\":{\"@id\":\"https:\/\/www.naturparkmagazin.de\/dahme-heideseen\/#\/schema\/person\/a0510aafafdf8183c95fc98faf0c9f21\"},\"breadcrumb\":{\"@id\":\"https:\/\/www.naturparkmagazin.de\/dahme-heideseen\/naturpark-auf-der-gruenen-woche\/#breadcrumb\"},\"inLanguage\":\"de\",\"potentialAction\":[{\"@type\":\"ReadAction\",\"target\":[\"https:\/\/www.naturparkmagazin.de\/dahme-heideseen\/naturpark-auf-der-gruenen-woche\/\"]}]},{\"@type\":\"BreadcrumbList\",\"@id\":\"https:\/\/www.naturparkmagazin.de\/dahme-heideseen\/naturpark-auf-der-gruenen-woche\/#breadcrumb\",\"itemListElement\":[{\"@type\":\"ListItem\",\"position\":1,\"name\":\"Home\",\"item\":\"https:\/\/www.naturparkmagazin.de\/dahme-heideseen\/\"},{\"@type\":\"ListItem\",\"position\":2,\"name\":\"Naturpark auf der Gr\u00fcnen Woche\"}]},{\"@type\":\"WebSite\",\"@id\":\"https:\/\/www.naturparkmagazin.de\/dahme-heideseen\/#website\",\"url\":\"https:\/\/www.naturparkmagazin.de\/dahme-heideseen\/\",\"name\":\"Naturpark Dahme-Heideseen\",\"description\":\"\",\"potentialAction\":[{\"@type\":\"SearchAction\",\"target\":{\"@type\":\"EntryPoint\",\"urlTemplate\":\"https:\/\/www.naturparkmagazin.de\/dahme-heideseen\/?s={search_term_string}\"},\"query-input\":\"required name=search_term_string\"}],\"inLanguage\":\"de\"},{\"@type\":\"Person\",\"@id\":\"https:\/\/www.naturparkmagazin.de\/dahme-heideseen\/#\/schema\/person\/a0510aafafdf8183c95fc98faf0c9f21\",\"name\":\"Astrid Osenbr\u00fcck\",\"sameAs\":[\"http:\/\/www.dahme-heideseen-naturpark.de\"],\"url\":\"https:\/\/www.naturparkmagazin.de\/dahme-heideseen\/author\/astridosenbrueck\/\"}]}<\/script>\n<!-- \/ Yoast SEO plugin. -->","yoast_head_json":{"title":"Naturpark auf der Gr\u00fcnen Woche - Naturpark Dahme-Heideseen","robots":{"index":"index","follow":"follow","max-snippet":"max-snippet:-1","max-image-preview":"max-image-preview:large","max-video-preview":"max-video-preview:-1"},"canonical":"https:\/\/www.naturparkmagazin.de\/dahme-heideseen\/naturpark-auf-der-gruenen-woche\/","og_locale":"de_DE","og_type":"article","og_title":"Naturpark auf der Gr\u00fcnen Woche - Naturpark Dahme-Heideseen","og_description":"Der Naturpark Dahme-Heideseen pr\u00e4sentierte auf der Gr\u00fcnen Woche in der Brandenburghalle am Gemeinschaftsstand der Nationalen Naturlandschaften seine vielf\u00e4ltige Natur- und Kulturlandschaft. Unterst\u00fctzt wurde das Team dabei vom Naturparkpartner Happy Landscape, einem Garten- und Landschaftsplanungsbetrieb aus Storkow, der seit 2025 Teil des Partnernetzwerks ist. Am Gl\u00fccksrad und beim Gewinnspiel drehte sich alles um das Thema Artenvielfalt","og_url":"https:\/\/www.naturparkmagazin.de\/dahme-heideseen\/naturpark-auf-der-gruenen-woche\/","og_site_name":"Naturpark Dahme-Heideseen","article_published_time":"2026-01-19T13:37:49+00:00","og_image":[{"width":1674,"height":1256,"url":"https:\/\/www.naturparkmagazin.de\/dahme-heideseen\/wp-content\/uploads\/sites\/37\/Gruene-Woche.jpg","type":"image\/jpeg"}],"author":"Astrid Osenbr\u00fcck","twitter_misc":{"Verfasst von":"Astrid Osenbr\u00fcck","Gesch\u00e4tzte Lesezeit":"2\u00a0Minuten"},"schema":{"@context":"https:\/\/schema.org","@graph":[{"@type":"WebPage","@id":"https:\/\/www.naturparkmagazin.de\/dahme-heideseen\/naturpark-auf-der-gruenen-woche\/","url":"https:\/\/www.naturparkmagazin.de\/dahme-heideseen\/naturpark-auf-der-gruenen-woche\/","name":"Naturpark auf der Gr\u00fcnen Woche - Naturpark Dahme-Heideseen","isPartOf":{"@id":"https:\/\/www.naturparkmagazin.de\/dahme-heideseen\/#website"},"datePublished":"2026-01-19T13:37:49+00:00","dateModified":"2026-01-19T13:37:49+00:00","author":{"@id":"https:\/\/www.naturparkmagazin.de\/dahme-heideseen\/#\/schema\/person\/a0510aafafdf8183c95fc98faf0c9f21"},"breadcrumb":{"@id":"https:\/\/www.naturparkmagazin.de\/dahme-heideseen\/naturpark-auf-der-gruenen-woche\/#breadcrumb"},"inLanguage":"de","potentialAction":[{"@type":"ReadAction","target":["https:\/\/www.naturparkmagazin.de\/dahme-heideseen\/naturpark-auf-der-gruenen-woche\/"]}]},{"@type":"BreadcrumbList","@id":"https:\/\/www.naturparkmagazin.de\/dahme-heideseen\/naturpark-auf-der-gruenen-woche\/#breadcrumb","itemListElement":[{"@type":"ListItem","position":1,"name":"Home","item":"https:\/\/www.naturparkmagazin.de\/dahme-heideseen\/"},{"@type":"ListItem","position":2,"name":"Naturpark auf der Gr\u00fcnen Woche"}]},{"@type":"WebSite","@id":"https:\/\/www.naturparkmagazin.de\/dahme-heideseen\/#website","url":"https:\/\/www.naturparkmagazin.de\/dahme-heideseen\/","name":"Naturpark Dahme-Heideseen","description":"","potentialAction":[{"@type":"SearchAction","target":{"@type":"EntryPoint","urlTemplate":"https:\/\/www.naturparkmagazin.de\/dahme-heideseen\/?s={search_term_string}"},"query-input":"required name=search_term_string"}],"inLanguage":"de"},{"@type":"Person","@id":"https:\/\/www.naturparkmagazin.de\/dahme-heideseen\/#\/schema\/person\/a0510aafafdf8183c95fc98faf0c9f21","name":"Astrid Osenbr\u00fcck","sameAs":["http:\/\/www.dahme-heideseen-naturpark.de"],"url":"https:\/\/www.naturparkmagazin.de\/dahme-heideseen\/author\/astridosenbrueck\/"}]}},"_links":{"self":[{"href":"https:\/\/www.naturparkmagazin.de\/dahme-heideseen\/wp-json\/wp\/v2\/posts\/7794"}],"collection":[{"href":"https:\/\/www.naturparkmagazin.de\/dahme-heideseen\/wp-json\/wp\/v2\/posts"}],"about":[{"href":"https:\/\/www.naturparkmagazin.de\/dahme-heideseen\/wp-json\/wp\/v2\/types\/post"}],"author":[{"embeddable":true,"href":"https:\/\/www.naturparkmagazin.de\/dahme-heideseen\/wp-json\/wp\/v2\/users\/83"}],"replies":[{"embeddable":true,"href":"https:\/\/www.naturparkmagazin.de\/dahme-heideseen\/wp-json\/wp\/v2\/comments?post=7794"}],"version-history":[{"count":1,"href":"https:\/\/www.naturparkmagazin.de\/dahme-heideseen\/wp-json\/wp\/v2\/posts\/7794\/revisions"}],"predecessor-version":[{"id":7797,"href":"https:\/\/www.naturparkmagazin.de\/dahme-heideseen\/wp-json\/wp\/v2\/posts\/7794\/revisions\/7797"}],"wp:featuredmedia":[{"embeddable":true,"href":"https:\/\/www.naturparkmagazin.de\/dahme-heideseen\/wp-json\/wp\/v2\/media\/7796"}],"wp:attachment":[{"href":"https:\/\/www.naturparkmagazin.de\/dahme-heideseen\/wp-json\/wp\/v2\/media?parent=7794"}],"wp:term":[{"taxonomy":"category","embeddable":true,"href":"https:\/\/www.naturparkmagazin.de\/dahme-heideseen\/wp-json\/wp\/v2\/categories?post=7794"},{"taxonomy":"post_tag","embeddable":true,"href":"https:\/\/www.naturparkmagazin.de\/dahme-heideseen\/wp-json\/wp\/v2\/tags?post=7794"}],"curies":[{"name":"wp","href":"https:\/\/api.w.org\/{rel}","templated":true}]}}