{"id":803,"date":"2014-11-19T15:50:30","date_gmt":"2014-11-19T14:50:30","guid":{"rendered":"http:\/\/www.naturparkmagazin.de\/dahme-heideseen\/?p=803"},"modified":"2014-11-27T12:29:20","modified_gmt":"2014-11-27T11:29:20","slug":"noch-einmal-im-herbst-besuch-beim-baum-des-jahres-2014","status":"publish","type":"post","link":"https:\/\/www.naturparkmagazin.de\/dahme-heideseen\/noch-einmal-im-herbst-besuch-beim-baum-des-jahres-2014\/","title":{"rendered":"Noch einmal im Herbst &#8211; Besuch beim Baum des Jahres 2014"},"content":{"rendered":"<p>Die Trauben-Eiche ist der Baum des Jahres 2014.\u00a0 Auch und gerade im Herbst sind die B\u00e4ume mit ihrem Pr\u00e4chtigen Herbstlaub ein Hingucker.<\/p>\n<p><!--more--><\/p>\n<p>Das Jahr 2014 neigt sich dem Ende zu.\u00a0 Ein sicheres Zeichen ist die Ausrufung der Natur des Jahres 2015. Vor kurzem wurde der Habicht als Vogel des Jahres 2015\u00a0fest gelegt. Bevor nun bald der Baum des Jahres 2015 folgt, wollen wir in unsere kleinen Jahresreiche noch einmal an den Baumvertreter des Jahres 2014 &#8211; die <a title=\"Trauebn-Eiche in der Wikipedia\" href=\"http:\/\/de.wikipedia.org\/wiki\/Traubeneiche\" target=\"_blank\">Trauben-Eiche <\/a>erinnern.\u00a0 Neben der Stiel-Eiche ist sie die zweite heimische Eiche. Unterschieden lassen sich Trauben- und Stieleiche an der Blattform und den Stielen der Fruchth\u00fcllen. Die Trauben-Eiche hat als Baum, einen fast immer \u201edurchgehenden\u201c Stamm. Nat\u00fcrliche Vorkommen von Trauben-Eichen gibt es vor allem in den etwas n\u00e4hrstoffreicheren Gebieten der End- und Grundmor\u00e4nen. Die sch\u00f6nsten Trauben-Eichenbest\u00e4nde gibt es in der Dubrow sowie in den Radebergen und Katzenbergen.\u00a0 Es lohnt sich, diese Gebiete mit einem Spaziergang einmal zu erleben. Bitte bleiben Sie hier auf den Wegen, sie wandern in Naturschutzgebieten. Auch vom Wegesrand aus k\u00f6nnen Sie wunderbare Naturph\u00e4nomene beobachten. Hierzu geh\u00f6ren auch bereits gest\u00fcrzte \u201eUrwaldriesen\u201c.<\/p>\n<p><a title=\"Lage der Radeberge\" href=\"https:\/\/maps.google.de\/maps\/ms?gl=de&amp;ptab=2&amp;ie=UTF8&amp;oe=UTF8&amp;msa=0&amp;msid=206655200303229674032.0004b6deb91dc39499d1f&amp;dg=feature\" target=\"_blank\">Die Radeberge befidnen sich an der Bundestra\u00dfe B 179, zwischen P\u00e4tz und Neubr\u00fcck<\/a><\/p>\n<div id=\"attachment_804\" style=\"width: 630px\" class=\"wp-caption aligncenter\"><a href=\"https:\/\/www.naturparkmagazin.de\/dahme-heideseen\/wp-content\/uploads\/sites\/37\/trauebneiche.jpg\"><img aria-describedby=\"caption-attachment-804\" decoding=\"async\" loading=\"lazy\" class=\"size-medium wp-image-804\" alt=\"Traubeneiche in den Radebergen - Foto. W. Klaeber\" src=\"https:\/\/www.naturparkmagazin.de\/dahme-heideseen\/wp-content\/uploads\/sites\/37\/trauebneiche-620x442.jpg\" width=\"620\" height=\"442\" \/><\/a><p id=\"caption-attachment-804\" class=\"wp-caption-text\">Traubeneiche in den Radebergen &#8211; Foto. W. Klaeber<\/p><\/div>\n<p>&nbsp;<\/p>\n<p><a title=\"FFH Radeberge\" href=\"http:\/\/www.bfn.de\/0316_steckbriefe.html?&amp;tx_n2gebiete_pi1[bundeslandffh][0]=BB&amp;tx_n2gebiete_pi1[detail]=ffh&amp;tx_n2gebiete_pi1[searchffh]=Suche%20starten&amp;tx_n2gebiete_pi1[sitecode]=DE3748304&amp;tx_n2gebiete_pi1[spid]=4624\" target=\"_blank\">Steckbrief des Schutzgebiets Radeberge<\/a><\/p>\n<p>&nbsp;<\/p>\n","protected":false},"excerpt":{"rendered":"<p>Die Trauben-Eiche ist der Baum des Jahres 2014.  Auch und gerade im Herbst sind die B\u00e4ume mit ihrem pr\u00e4chtigen Herbstlaub ein Hingucker.<\/p>\n","protected":false},"author":48,"featured_media":805,"comment_status":"open","ping_status":"open","sticky":false,"template":"","format":"standard","meta":[],"categories":[617],"tags":[],"yoast_head":"<!-- This site is optimized with the Yoast SEO plugin v19.10 - https:\/\/yoast.com\/wordpress\/plugins\/seo\/ -->\n<title>Noch einmal im Herbst - Besuch beim Baum des Jahres 2014 - Naturpark Dahme-Heideseen<\/title>\n<meta name=\"robots\" content=\"index, follow, max-snippet:-1, max-image-preview:large, max-video-preview:-1\" \/>\n<link rel=\"canonical\" href=\"https:\/\/www.naturparkmagazin.de\/dahme-heideseen\/noch-einmal-im-herbst-besuch-beim-baum-des-jahres-2014\/\" \/>\n<meta property=\"og:locale\" content=\"de_DE\" \/>\n<meta property=\"og:type\" content=\"article\" \/>\n<meta property=\"og:title\" content=\"Noch einmal im Herbst - Besuch beim Baum des Jahres 2014 - Naturpark Dahme-Heideseen\" \/>\n<meta property=\"og:description\" content=\"Die Trauben-Eiche ist der Baum des Jahres 2014. Auch und gerade im Herbst sind die B\u00e4ume mit ihrem pr\u00e4chtigen Herbstlaub ein Hingucker.\" \/>\n<meta property=\"og:url\" content=\"https:\/\/www.naturparkmagazin.de\/dahme-heideseen\/noch-einmal-im-herbst-besuch-beim-baum-des-jahres-2014\/\" \/>\n<meta property=\"og:site_name\" content=\"Naturpark Dahme-Heideseen\" \/>\n<meta property=\"article:published_time\" content=\"2014-11-19T14:50:30+00:00\" \/>\n<meta property=\"article:modified_time\" content=\"2014-11-27T11:29:20+00:00\" \/>\n<meta property=\"og:image\" content=\"https:\/\/www.naturparkmagazin.de\/dahme-heideseen\/wp-content\/uploads\/sites\/37\/radeberge.jpg\" \/>\n\t<meta property=\"og:image:width\" content=\"1024\" \/>\n\t<meta property=\"og:image:height\" content=\"724\" \/>\n\t<meta property=\"og:image:type\" content=\"image\/jpeg\" \/>\n<meta name=\"author\" content=\"hanssonnenberg\" \/>\n<meta name=\"twitter:label1\" content=\"Verfasst von\" \/>\n\t<meta name=\"twitter:data1\" content=\"hanssonnenberg\" \/>\n\t<meta name=\"twitter:label2\" content=\"Gesch\u00e4tzte Lesezeit\" \/>\n\t<meta name=\"twitter:data2\" content=\"1\u00a0Minute\" \/>\n<script type=\"application\/ld+json\" class=\"yoast-schema-graph\">{\"@context\":\"https:\/\/schema.org\",\"@graph\":[{\"@type\":\"WebPage\",\"@id\":\"https:\/\/www.naturparkmagazin.de\/dahme-heideseen\/noch-einmal-im-herbst-besuch-beim-baum-des-jahres-2014\/\",\"url\":\"https:\/\/www.naturparkmagazin.de\/dahme-heideseen\/noch-einmal-im-herbst-besuch-beim-baum-des-jahres-2014\/\",\"name\":\"Noch einmal im Herbst - Besuch beim Baum des Jahres 2014 - Naturpark Dahme-Heideseen\",\"isPartOf\":{\"@id\":\"https:\/\/www.naturparkmagazin.de\/dahme-heideseen\/#website\"},\"datePublished\":\"2014-11-19T14:50:30+00:00\",\"dateModified\":\"2014-11-27T11:29:20+00:00\",\"author\":{\"@id\":\"https:\/\/www.naturparkmagazin.de\/dahme-heideseen\/#\/schema\/person\/c81c96c3a1f5ee7bffff8b8022c105f0\"},\"breadcrumb\":{\"@id\":\"https:\/\/www.naturparkmagazin.de\/dahme-heideseen\/noch-einmal-im-herbst-besuch-beim-baum-des-jahres-2014\/#breadcrumb\"},\"inLanguage\":\"de\",\"potentialAction\":[{\"@type\":\"ReadAction\",\"target\":[\"https:\/\/www.naturparkmagazin.de\/dahme-heideseen\/noch-einmal-im-herbst-besuch-beim-baum-des-jahres-2014\/\"]}]},{\"@type\":\"BreadcrumbList\",\"@id\":\"https:\/\/www.naturparkmagazin.de\/dahme-heideseen\/noch-einmal-im-herbst-besuch-beim-baum-des-jahres-2014\/#breadcrumb\",\"itemListElement\":[{\"@type\":\"ListItem\",\"position\":1,\"name\":\"Home\",\"item\":\"https:\/\/www.naturparkmagazin.de\/dahme-heideseen\/\"},{\"@type\":\"ListItem\",\"position\":2,\"name\":\"Noch einmal im Herbst &#8211; Besuch beim Baum des Jahres 2014\"}]},{\"@type\":\"WebSite\",\"@id\":\"https:\/\/www.naturparkmagazin.de\/dahme-heideseen\/#website\",\"url\":\"https:\/\/www.naturparkmagazin.de\/dahme-heideseen\/\",\"name\":\"Naturpark Dahme-Heideseen\",\"description\":\"\",\"potentialAction\":[{\"@type\":\"SearchAction\",\"target\":{\"@type\":\"EntryPoint\",\"urlTemplate\":\"https:\/\/www.naturparkmagazin.de\/dahme-heideseen\/?s={search_term_string}\"},\"query-input\":\"required name=search_term_string\"}],\"inLanguage\":\"de\"},{\"@type\":\"Person\",\"@id\":\"https:\/\/www.naturparkmagazin.de\/dahme-heideseen\/#\/schema\/person\/c81c96c3a1f5ee7bffff8b8022c105f0\",\"name\":\"hanssonnenberg\",\"url\":\"https:\/\/www.naturparkmagazin.de\/dahme-heideseen\/author\/hanssonnenberg\/\"}]}<\/script>\n<!-- \/ Yoast SEO plugin. -->","yoast_head_json":{"title":"Noch einmal im Herbst - Besuch beim Baum des Jahres 2014 - Naturpark Dahme-Heideseen","robots":{"index":"index","follow":"follow","max-snippet":"max-snippet:-1","max-image-preview":"max-image-preview:large","max-video-preview":"max-video-preview:-1"},"canonical":"https:\/\/www.naturparkmagazin.de\/dahme-heideseen\/noch-einmal-im-herbst-besuch-beim-baum-des-jahres-2014\/","og_locale":"de_DE","og_type":"article","og_title":"Noch einmal im Herbst - Besuch beim Baum des Jahres 2014 - Naturpark Dahme-Heideseen","og_description":"Die Trauben-Eiche ist der Baum des Jahres 2014. Auch und gerade im Herbst sind die B\u00e4ume mit ihrem pr\u00e4chtigen Herbstlaub ein Hingucker.","og_url":"https:\/\/www.naturparkmagazin.de\/dahme-heideseen\/noch-einmal-im-herbst-besuch-beim-baum-des-jahres-2014\/","og_site_name":"Naturpark Dahme-Heideseen","article_published_time":"2014-11-19T14:50:30+00:00","article_modified_time":"2014-11-27T11:29:20+00:00","og_image":[{"width":1024,"height":724,"url":"https:\/\/www.naturparkmagazin.de\/dahme-heideseen\/wp-content\/uploads\/sites\/37\/radeberge.jpg","type":"image\/jpeg"}],"author":"hanssonnenberg","twitter_misc":{"Verfasst von":"hanssonnenberg","Gesch\u00e4tzte Lesezeit":"1\u00a0Minute"},"schema":{"@context":"https:\/\/schema.org","@graph":[{"@type":"WebPage","@id":"https:\/\/www.naturparkmagazin.de\/dahme-heideseen\/noch-einmal-im-herbst-besuch-beim-baum-des-jahres-2014\/","url":"https:\/\/www.naturparkmagazin.de\/dahme-heideseen\/noch-einmal-im-herbst-besuch-beim-baum-des-jahres-2014\/","name":"Noch einmal im Herbst - Besuch beim Baum des Jahres 2014 - Naturpark Dahme-Heideseen","isPartOf":{"@id":"https:\/\/www.naturparkmagazin.de\/dahme-heideseen\/#website"},"datePublished":"2014-11-19T14:50:30+00:00","dateModified":"2014-11-27T11:29:20+00:00","author":{"@id":"https:\/\/www.naturparkmagazin.de\/dahme-heideseen\/#\/schema\/person\/c81c96c3a1f5ee7bffff8b8022c105f0"},"breadcrumb":{"@id":"https:\/\/www.naturparkmagazin.de\/dahme-heideseen\/noch-einmal-im-herbst-besuch-beim-baum-des-jahres-2014\/#breadcrumb"},"inLanguage":"de","potentialAction":[{"@type":"ReadAction","target":["https:\/\/www.naturparkmagazin.de\/dahme-heideseen\/noch-einmal-im-herbst-besuch-beim-baum-des-jahres-2014\/"]}]},{"@type":"BreadcrumbList","@id":"https:\/\/www.naturparkmagazin.de\/dahme-heideseen\/noch-einmal-im-herbst-besuch-beim-baum-des-jahres-2014\/#breadcrumb","itemListElement":[{"@type":"ListItem","position":1,"name":"Home","item":"https:\/\/www.naturparkmagazin.de\/dahme-heideseen\/"},{"@type":"ListItem","position":2,"name":"Noch einmal im Herbst &#8211; Besuch beim Baum des Jahres 2014"}]},{"@type":"WebSite","@id":"https:\/\/www.naturparkmagazin.de\/dahme-heideseen\/#website","url":"https:\/\/www.naturparkmagazin.de\/dahme-heideseen\/","name":"Naturpark Dahme-Heideseen","description":"","potentialAction":[{"@type":"SearchAction","target":{"@type":"EntryPoint","urlTemplate":"https:\/\/www.naturparkmagazin.de\/dahme-heideseen\/?s={search_term_string}"},"query-input":"required name=search_term_string"}],"inLanguage":"de"},{"@type":"Person","@id":"https:\/\/www.naturparkmagazin.de\/dahme-heideseen\/#\/schema\/person\/c81c96c3a1f5ee7bffff8b8022c105f0","name":"hanssonnenberg","url":"https:\/\/www.naturparkmagazin.de\/dahme-heideseen\/author\/hanssonnenberg\/"}]}},"_links":{"self":[{"href":"https:\/\/www.naturparkmagazin.de\/dahme-heideseen\/wp-json\/wp\/v2\/posts\/803"}],"collection":[{"href":"https:\/\/www.naturparkmagazin.de\/dahme-heideseen\/wp-json\/wp\/v2\/posts"}],"about":[{"href":"https:\/\/www.naturparkmagazin.de\/dahme-heideseen\/wp-json\/wp\/v2\/types\/post"}],"author":[{"embeddable":true,"href":"https:\/\/www.naturparkmagazin.de\/dahme-heideseen\/wp-json\/wp\/v2\/users\/48"}],"replies":[{"embeddable":true,"href":"https:\/\/www.naturparkmagazin.de\/dahme-heideseen\/wp-json\/wp\/v2\/comments?post=803"}],"version-history":[{"count":3,"href":"https:\/\/www.naturparkmagazin.de\/dahme-heideseen\/wp-json\/wp\/v2\/posts\/803\/revisions"}],"predecessor-version":[{"id":830,"href":"https:\/\/www.naturparkmagazin.de\/dahme-heideseen\/wp-json\/wp\/v2\/posts\/803\/revisions\/830"}],"wp:featuredmedia":[{"embeddable":true,"href":"https:\/\/www.naturparkmagazin.de\/dahme-heideseen\/wp-json\/wp\/v2\/media\/805"}],"wp:attachment":[{"href":"https:\/\/www.naturparkmagazin.de\/dahme-heideseen\/wp-json\/wp\/v2\/media?parent=803"}],"wp:term":[{"taxonomy":"category","embeddable":true,"href":"https:\/\/www.naturparkmagazin.de\/dahme-heideseen\/wp-json\/wp\/v2\/categories?post=803"},{"taxonomy":"post_tag","embeddable":true,"href":"https:\/\/www.naturparkmagazin.de\/dahme-heideseen\/wp-json\/wp\/v2\/tags?post=803"}],"curies":[{"name":"wp","href":"https:\/\/api.w.org\/{rel}","templated":true}]}}