{"id":808,"date":"2014-11-19T15:47:25","date_gmt":"2014-11-19T14:47:25","guid":{"rendered":"http:\/\/www.naturparkmagazin.de\/dahme-heideseen\/?p=808"},"modified":"2014-11-27T12:31:25","modified_gmt":"2014-11-27T11:31:25","slug":"ueber-die-mauer-deutsch-deutsche-kontakte-im-naturschutz","status":"publish","type":"post","link":"https:\/\/www.naturparkmagazin.de\/dahme-heideseen\/ueber-die-mauer-deutsch-deutsche-kontakte-im-naturschutz\/","title":{"rendered":"\u00dcber die Mauer  &#8211; Deutsch-deutsche Kontakte im Naturschutz"},"content":{"rendered":"<p>Am 5. Dezember 2014 l\u00e4dt der F\u00f6rderverein Haus der Natur in Potsdam zur Veranstaltung\u00a0 <strong>&#8222;\u00dcber die Mauer &#8211; Deutsch-deutsche Kontakte im Naturschutz&#8220;<\/strong> ein<strong>. <!--more--><\/strong><\/p>\n<p>Hans Sonnenberg vom Naturpark Dahme-Heideseen wird hierbei mit dem Beitrag &#8222;<strong>Isolation &#8211; Lebenswege von Walter Kirsche und Adolf Straus<\/strong>&#8220; vertreten sein.\u00a0 <img decoding=\"async\" title=\"Weiterlesen \u2026\" alt=\"\" src=\"https:\/\/www.naturparkmagazin.de\/dahme-heideseen\/wp-includes\/js\/tinymce\/plugins\/wordpress\/img\/trans.gif\" \/>Beide Wissenschaftler und Natursch\u00fctzer lebten im Dahmeland. Ihre Lebenswege wurden durch die Teilung Deutschlands gepr\u00e4gt.<\/p>\n<div id=\"attachment_809\" style=\"width: 630px\" class=\"wp-caption aligncenter\"><a href=\"https:\/\/www.naturparkmagazin.de\/dahme-heideseen\/wp-content\/uploads\/sites\/37\/Portrait_Straus_Kirsche.jpg\"><img aria-describedby=\"caption-attachment-809\" decoding=\"async\" loading=\"lazy\" class=\"size-medium wp-image-809\" alt=\"Adolf Straus und Walter Kirsche (Fotos: Privat; Klaus Sonnenberg)\" src=\"https:\/\/www.naturparkmagazin.de\/dahme-heideseen\/wp-content\/uploads\/sites\/37\/Portrait_Straus_Kirsche-620x399.jpg\" width=\"620\" height=\"399\" srcset=\"https:\/\/www.naturparkmagazin.de\/dahme-heideseen\/wp-content\/uploads\/sites\/37\/Portrait_Straus_Kirsche-620x399.jpg 620w, https:\/\/www.naturparkmagazin.de\/dahme-heideseen\/wp-content\/uploads\/sites\/37\/Portrait_Straus_Kirsche-300x193.jpg 300w, https:\/\/www.naturparkmagazin.de\/dahme-heideseen\/wp-content\/uploads\/sites\/37\/Portrait_Straus_Kirsche-670x431.jpg 670w, https:\/\/www.naturparkmagazin.de\/dahme-heideseen\/wp-content\/uploads\/sites\/37\/Portrait_Straus_Kirsche-200x129.jpg 200w, https:\/\/www.naturparkmagazin.de\/dahme-heideseen\/wp-content\/uploads\/sites\/37\/Portrait_Straus_Kirsche.jpg 823w\" sizes=\"(max-width: 620px) 100vw, 620px\" \/><\/a><p id=\"caption-attachment-809\" class=\"wp-caption-text\">Adolf Straus und Walter Kirsche (Fotos: Privat; Klaus Sonnenberg)<\/p><\/div>\n<p><!--more--><\/p>\n<p><strong>Tagung<\/strong><\/p>\n<p>5. Dezember 2014, 10.30 \u201316.30 Uhr\nHaus der Natur, Lindenstra\u00dfe 34, 14467 Potsdam<\/p>\n<p><strong>\u00dcber die Mauer &#8211; Deutsch-deutsche Kontakte im Naturschutz<\/strong><\/p>\n<p>Im Herbst 2014 wurde das 25-j\u00e4hrige Jubil\u00e4um der \u00d6ffnung der Mauer begangen. Seit 1949 war Deutschland geteilt. Der Bau der Mauer 1961 durch die DDR versch\u00e4rfte die Abgrenzung und erschwerte \u00fcber Jahrzehnte Kontakte zwischen den Menschen in den beiden Staaten.<\/p>\n<p>Im Naturschutz gab es dennoch viele Versuche, trotz der politischen Abgrenzung zu Gleichgesinnten in Ost und West Kontakt zu halten. Auf welchen Wegen gelangten Informationen \u201e\u00fcber die \u201eMauer\u201c? Wie wurden pers\u00f6nliche und fachliche Kontakte aufrechterhalten? Welche Erfolge, aber auch welche Probleme hatten diejenigen, die versuchten, das Trennende in Zeiten der Teilung zu \u00fcberwinden?<\/p>\n<p>Dazu wollen wir anl\u00e4sslich des 25. Jubil\u00e4ums des Herbstes 1989 R\u00fcckschau halten und diskutieren.<\/p>\n<p>Zu der Veranstaltung laden wir Sie herzlich ein.<\/p>\n<p>Regine Auster\nF\u00f6rderverein Haus der Natur<\/p>\n<p><strong>Programm<\/strong>\nab 10.00 Uhr Anmeldung<\/p>\n<p>10.30 Uhr\n<strong>Regine Auster<\/strong><\/p>\n<p>F\u00f6rderverein Haus der Natur\nArbeitskreis Naturschutzgeschichte\n<strong>Begr\u00fc\u00dfung<\/strong><\/p>\n<p>10.15 Uhr\n<strong>Dr. Hans-Werner Frohn<\/strong>\nStiftung Naturschutzgeschichte\nNaturschutz in Kalten Krieg\n<strong>Der DDR-Naturschutz als Retter eines amtlichen Naturschutzes auf Bundesebene im Westen Deutschlands<\/strong><\/p>\n<p>11.00 Uhr\n<strong>Sybille Knospe<\/strong>\nHaus der Naturpflege Bad Freienwalde\n<strong>Kurt Kretschmann &#8211; Naturschutz kennt keine Mauern<\/strong><\/p>\n<p><strong>Rolf G\u00f6pe<\/strong>l (Bremen)\n<strong>Kontakte zu Kurt Kretschmann \u2013 Praktische Erfahrungen seit 1956<\/strong><\/p>\n<p>12.00 Uhr\nMittagspause<\/p>\n<p>13.00 Uhr\n<strong>Prof. Dr. Herbert Sukopp<\/strong>\nInstitut f\u00fcr \u00d6kologie\/ TU Berlin\n<strong>Kontakte zwischen Botanikern in Berlin (West) und Brandenburg<\/strong><\/p>\n<p>13.30 Uhr\n<strong>Hans Sonnenberg<\/strong>\nNaturpark Dahme-Heideseen\nIsolation\n<strong>Lebenswege der Wissenschaftler Walter Kirsche und Adolf Straus<\/strong><\/p>\n<p>14.15 Uhr\nKaffeepause<\/p>\n<p>14.45 Uhr\n<strong>Dr. Uwe Wegener<\/strong>\n<strong>Fachliche Kontakte nach Westen im Sinne von Geobotanik, Umweltschutz und Naturschutz<\/strong><\/p>\n<p>15.30 Uhr\n<strong>Eugeniusz Nowak<\/strong>\n<strong>Vogelflug \u00fcber die Mauer <\/strong>\n<strong>Anmerkungen zu E. Stresemann, H. Schildmacher, H. Dathe und E. Rutschke<\/strong><\/p>\n<p>16.15 Abschlussdiskussion<\/p>\n<p>16.30 Ende der Veranstaltung<\/p>\n<p><strong>Anmeldung<\/strong>\nBitte melden Sie sich bis zum 1. Dezember 2014 an bei:\nF\u00f6rderverein Haus der Natur\nLindenstra\u00dfe 34\n14467 Potsdam<\/p>\n<p>Tel. 0331-2015525\nFax 0331-2015527\ne-mail: haus-der-natur@t-online.de\n<a title=\"Haus der Natur Potsdam\" href=\"http:\/\/www.hausdernatur-potsdam.de\" target=\"_blank\">www.hausdernatur-potsdam.de<\/a><\/p>\n<p>Anreise\nDas Haus der Natur befindet sich im Innenhof des Geb\u00e4udekomplexes Gro\u00dfes Waisenhaus zu Potsdam, Zugang \u00fcber Breite Stra\u00dfe, Linden\u2013 oder Spornstra\u00dfe. Bitte beachten Sie, dass in der Potsdamer Innenstadt nur begrenzte Parkm\u00f6glichkeiten zur Verf\u00fcgung stehen.<\/p>\n<p>Anfahrt mit \u00f6ffentlichen Verkehrsmitteln:\nDB- und S-Bahnhof Potsdam-Hauptbahnhof\nFu\u00dfweg zum Haus der Natur: 15 Minuten\nBus 606: Haltestelle Naturkundemuseum\nTram: 91, 92, 93, 96, 98, 99, Haltestelle Alter Markt<\/p>\n","protected":false},"excerpt":{"rendered":"<p>Am 5. Dezember 2014 l\u00e4dt der F\u00f6rderverein Haus der Natur in Potsdam zur Veranstaltung\u00a0 &#8222;\u00dcber die Mauer &#8211; Deutsch-deutsche Kontakte im Naturschutz&#8220; ein.<\/p>\n","protected":false},"author":48,"featured_media":767,"comment_status":"open","ping_status":"open","sticky":false,"template":"","format":"standard","meta":[],"categories":[11],"tags":[],"yoast_head":"<!-- This site is optimized with the Yoast SEO plugin v19.10 - https:\/\/yoast.com\/wordpress\/plugins\/seo\/ -->\n<title>\u00dcber die Mauer - Deutsch-deutsche Kontakte im Naturschutz - Naturpark Dahme-Heideseen<\/title>\n<meta name=\"robots\" content=\"index, follow, max-snippet:-1, max-image-preview:large, max-video-preview:-1\" \/>\n<link rel=\"canonical\" href=\"https:\/\/www.naturparkmagazin.de\/dahme-heideseen\/ueber-die-mauer-deutsch-deutsche-kontakte-im-naturschutz\/\" \/>\n<meta property=\"og:locale\" content=\"de_DE\" \/>\n<meta property=\"og:type\" content=\"article\" \/>\n<meta property=\"og:title\" content=\"\u00dcber die Mauer - Deutsch-deutsche Kontakte im Naturschutz - Naturpark Dahme-Heideseen\" \/>\n<meta property=\"og:description\" content=\"Am 5. Dezember 2014 l\u00e4dt der F\u00f6rderverein Haus der Natur in Potsdam zur Veranstaltung\u00a0 &#8222;\u00dcber die Mauer &#8211; Deutsch-deutsche Kontakte im Naturschutz&#8220; ein.\" \/>\n<meta property=\"og:url\" content=\"https:\/\/www.naturparkmagazin.de\/dahme-heideseen\/ueber-die-mauer-deutsch-deutsche-kontakte-im-naturschutz\/\" \/>\n<meta property=\"og:site_name\" content=\"Naturpark Dahme-Heideseen\" \/>\n<meta property=\"article:published_time\" content=\"2014-11-19T14:47:25+00:00\" \/>\n<meta property=\"article:modified_time\" content=\"2014-11-27T11:31:25+00:00\" \/>\n<meta property=\"og:image\" content=\"https:\/\/www.naturparkmagazin.de\/dahme-heideseen\/wp-content\/uploads\/sites\/37\/Kirsche_K\u00e4fer.jpg\" \/>\n\t<meta property=\"og:image:width\" content=\"682\" \/>\n\t<meta property=\"og:image:height\" content=\"768\" \/>\n\t<meta property=\"og:image:type\" content=\"image\/jpeg\" \/>\n<meta name=\"author\" content=\"hanssonnenberg\" \/>\n<meta name=\"twitter:label1\" content=\"Verfasst von\" \/>\n\t<meta name=\"twitter:data1\" content=\"hanssonnenberg\" \/>\n\t<meta name=\"twitter:label2\" content=\"Gesch\u00e4tzte Lesezeit\" \/>\n\t<meta name=\"twitter:data2\" content=\"2\u00a0Minuten\" \/>\n<script type=\"application\/ld+json\" class=\"yoast-schema-graph\">{\"@context\":\"https:\/\/schema.org\",\"@graph\":[{\"@type\":\"WebPage\",\"@id\":\"https:\/\/www.naturparkmagazin.de\/dahme-heideseen\/ueber-die-mauer-deutsch-deutsche-kontakte-im-naturschutz\/\",\"url\":\"https:\/\/www.naturparkmagazin.de\/dahme-heideseen\/ueber-die-mauer-deutsch-deutsche-kontakte-im-naturschutz\/\",\"name\":\"\u00dcber die Mauer - Deutsch-deutsche Kontakte im Naturschutz - Naturpark Dahme-Heideseen\",\"isPartOf\":{\"@id\":\"https:\/\/www.naturparkmagazin.de\/dahme-heideseen\/#website\"},\"datePublished\":\"2014-11-19T14:47:25+00:00\",\"dateModified\":\"2014-11-27T11:31:25+00:00\",\"author\":{\"@id\":\"https:\/\/www.naturparkmagazin.de\/dahme-heideseen\/#\/schema\/person\/c81c96c3a1f5ee7bffff8b8022c105f0\"},\"breadcrumb\":{\"@id\":\"https:\/\/www.naturparkmagazin.de\/dahme-heideseen\/ueber-die-mauer-deutsch-deutsche-kontakte-im-naturschutz\/#breadcrumb\"},\"inLanguage\":\"de\",\"potentialAction\":[{\"@type\":\"ReadAction\",\"target\":[\"https:\/\/www.naturparkmagazin.de\/dahme-heideseen\/ueber-die-mauer-deutsch-deutsche-kontakte-im-naturschutz\/\"]}]},{\"@type\":\"BreadcrumbList\",\"@id\":\"https:\/\/www.naturparkmagazin.de\/dahme-heideseen\/ueber-die-mauer-deutsch-deutsche-kontakte-im-naturschutz\/#breadcrumb\",\"itemListElement\":[{\"@type\":\"ListItem\",\"position\":1,\"name\":\"Home\",\"item\":\"https:\/\/www.naturparkmagazin.de\/dahme-heideseen\/\"},{\"@type\":\"ListItem\",\"position\":2,\"name\":\"\u00dcber die Mauer &#8211; Deutsch-deutsche Kontakte im Naturschutz\"}]},{\"@type\":\"WebSite\",\"@id\":\"https:\/\/www.naturparkmagazin.de\/dahme-heideseen\/#website\",\"url\":\"https:\/\/www.naturparkmagazin.de\/dahme-heideseen\/\",\"name\":\"Naturpark Dahme-Heideseen\",\"description\":\"\",\"potentialAction\":[{\"@type\":\"SearchAction\",\"target\":{\"@type\":\"EntryPoint\",\"urlTemplate\":\"https:\/\/www.naturparkmagazin.de\/dahme-heideseen\/?s={search_term_string}\"},\"query-input\":\"required name=search_term_string\"}],\"inLanguage\":\"de\"},{\"@type\":\"Person\",\"@id\":\"https:\/\/www.naturparkmagazin.de\/dahme-heideseen\/#\/schema\/person\/c81c96c3a1f5ee7bffff8b8022c105f0\",\"name\":\"hanssonnenberg\",\"url\":\"https:\/\/www.naturparkmagazin.de\/dahme-heideseen\/author\/hanssonnenberg\/\"}]}<\/script>\n<!-- \/ Yoast SEO plugin. -->","yoast_head_json":{"title":"\u00dcber die Mauer - Deutsch-deutsche Kontakte im Naturschutz - Naturpark Dahme-Heideseen","robots":{"index":"index","follow":"follow","max-snippet":"max-snippet:-1","max-image-preview":"max-image-preview:large","max-video-preview":"max-video-preview:-1"},"canonical":"https:\/\/www.naturparkmagazin.de\/dahme-heideseen\/ueber-die-mauer-deutsch-deutsche-kontakte-im-naturschutz\/","og_locale":"de_DE","og_type":"article","og_title":"\u00dcber die Mauer - Deutsch-deutsche Kontakte im Naturschutz - Naturpark Dahme-Heideseen","og_description":"Am 5. Dezember 2014 l\u00e4dt der F\u00f6rderverein Haus der Natur in Potsdam zur Veranstaltung\u00a0 &#8222;\u00dcber die Mauer &#8211; Deutsch-deutsche Kontakte im Naturschutz&#8220; ein.","og_url":"https:\/\/www.naturparkmagazin.de\/dahme-heideseen\/ueber-die-mauer-deutsch-deutsche-kontakte-im-naturschutz\/","og_site_name":"Naturpark Dahme-Heideseen","article_published_time":"2014-11-19T14:47:25+00:00","article_modified_time":"2014-11-27T11:31:25+00:00","og_image":[{"width":682,"height":768,"url":"https:\/\/www.naturparkmagazin.de\/dahme-heideseen\/wp-content\/uploads\/sites\/37\/Kirsche_K\u00e4fer.jpg","type":"image\/jpeg"}],"author":"hanssonnenberg","twitter_misc":{"Verfasst von":"hanssonnenberg","Gesch\u00e4tzte Lesezeit":"2\u00a0Minuten"},"schema":{"@context":"https:\/\/schema.org","@graph":[{"@type":"WebPage","@id":"https:\/\/www.naturparkmagazin.de\/dahme-heideseen\/ueber-die-mauer-deutsch-deutsche-kontakte-im-naturschutz\/","url":"https:\/\/www.naturparkmagazin.de\/dahme-heideseen\/ueber-die-mauer-deutsch-deutsche-kontakte-im-naturschutz\/","name":"\u00dcber die Mauer - Deutsch-deutsche Kontakte im Naturschutz - Naturpark Dahme-Heideseen","isPartOf":{"@id":"https:\/\/www.naturparkmagazin.de\/dahme-heideseen\/#website"},"datePublished":"2014-11-19T14:47:25+00:00","dateModified":"2014-11-27T11:31:25+00:00","author":{"@id":"https:\/\/www.naturparkmagazin.de\/dahme-heideseen\/#\/schema\/person\/c81c96c3a1f5ee7bffff8b8022c105f0"},"breadcrumb":{"@id":"https:\/\/www.naturparkmagazin.de\/dahme-heideseen\/ueber-die-mauer-deutsch-deutsche-kontakte-im-naturschutz\/#breadcrumb"},"inLanguage":"de","potentialAction":[{"@type":"ReadAction","target":["https:\/\/www.naturparkmagazin.de\/dahme-heideseen\/ueber-die-mauer-deutsch-deutsche-kontakte-im-naturschutz\/"]}]},{"@type":"BreadcrumbList","@id":"https:\/\/www.naturparkmagazin.de\/dahme-heideseen\/ueber-die-mauer-deutsch-deutsche-kontakte-im-naturschutz\/#breadcrumb","itemListElement":[{"@type":"ListItem","position":1,"name":"Home","item":"https:\/\/www.naturparkmagazin.de\/dahme-heideseen\/"},{"@type":"ListItem","position":2,"name":"\u00dcber die Mauer &#8211; Deutsch-deutsche Kontakte im Naturschutz"}]},{"@type":"WebSite","@id":"https:\/\/www.naturparkmagazin.de\/dahme-heideseen\/#website","url":"https:\/\/www.naturparkmagazin.de\/dahme-heideseen\/","name":"Naturpark Dahme-Heideseen","description":"","potentialAction":[{"@type":"SearchAction","target":{"@type":"EntryPoint","urlTemplate":"https:\/\/www.naturparkmagazin.de\/dahme-heideseen\/?s={search_term_string}"},"query-input":"required name=search_term_string"}],"inLanguage":"de"},{"@type":"Person","@id":"https:\/\/www.naturparkmagazin.de\/dahme-heideseen\/#\/schema\/person\/c81c96c3a1f5ee7bffff8b8022c105f0","name":"hanssonnenberg","url":"https:\/\/www.naturparkmagazin.de\/dahme-heideseen\/author\/hanssonnenberg\/"}]}},"_links":{"self":[{"href":"https:\/\/www.naturparkmagazin.de\/dahme-heideseen\/wp-json\/wp\/v2\/posts\/808"}],"collection":[{"href":"https:\/\/www.naturparkmagazin.de\/dahme-heideseen\/wp-json\/wp\/v2\/posts"}],"about":[{"href":"https:\/\/www.naturparkmagazin.de\/dahme-heideseen\/wp-json\/wp\/v2\/types\/post"}],"author":[{"embeddable":true,"href":"https:\/\/www.naturparkmagazin.de\/dahme-heideseen\/wp-json\/wp\/v2\/users\/48"}],"replies":[{"embeddable":true,"href":"https:\/\/www.naturparkmagazin.de\/dahme-heideseen\/wp-json\/wp\/v2\/comments?post=808"}],"version-history":[{"count":5,"href":"https:\/\/www.naturparkmagazin.de\/dahme-heideseen\/wp-json\/wp\/v2\/posts\/808\/revisions"}],"predecessor-version":[{"id":814,"href":"https:\/\/www.naturparkmagazin.de\/dahme-heideseen\/wp-json\/wp\/v2\/posts\/808\/revisions\/814"}],"wp:featuredmedia":[{"embeddable":true,"href":"https:\/\/www.naturparkmagazin.de\/dahme-heideseen\/wp-json\/wp\/v2\/media\/767"}],"wp:attachment":[{"href":"https:\/\/www.naturparkmagazin.de\/dahme-heideseen\/wp-json\/wp\/v2\/media?parent=808"}],"wp:term":[{"taxonomy":"category","embeddable":true,"href":"https:\/\/www.naturparkmagazin.de\/dahme-heideseen\/wp-json\/wp\/v2\/categories?post=808"},{"taxonomy":"post_tag","embeddable":true,"href":"https:\/\/www.naturparkmagazin.de\/dahme-heideseen\/wp-json\/wp\/v2\/tags?post=808"}],"curies":[{"name":"wp","href":"https:\/\/api.w.org\/{rel}","templated":true}]}}