{"id":816,"date":"2014-11-19T11:01:38","date_gmt":"2014-11-19T10:01:38","guid":{"rendered":"http:\/\/www.naturparkmagazin.de\/dahme-heideseen\/?p=816"},"modified":"2014-11-27T12:29:09","modified_gmt":"2014-11-27T11:29:09","slug":"liebe-leserinnen-liebe-leser-5","status":"publish","type":"post","link":"https:\/\/www.naturparkmagazin.de\/dahme-heideseen\/liebe-leserinnen-liebe-leser-5\/","title":{"rendered":"Liebe Leserinnen, liebe Leser,"},"content":{"rendered":"<p>am 9. November wurde mit vielen Feierlichkeiten an den Fall der Mauer und die endende Teilung Deutschlands erinnert. In Berlin stiegen an der fr\u00fcheren Mauer tausende Ballons in die Luft. Vielleicht sind einige von ihnen, nach ihrer von Wind und Auftrieb gelenkten Reise, \u00a0in einem der zahlreichen Schutzgebiete Brandenburgs gelandet. F\u00fcr den Naturschutz er\u00f6ffneten sich mit dem Mauerfall v\u00f6llig neue Perspektiven. Was alles und wie schnell dies in den Jahren nach 1989 passierte, davon werden sicher viele R\u00fcckblicke und Erinnerungen in den n\u00e4chsten Monaten berichten. Wichtig ist aber auch der Blick zur\u00fcck, in die Zeit vor 1989.\u00a0Hier m\u00f6chte ich Ihnen die Tagung \u00a0&#8222;<strong>\u00dcber die Mauer &#8211; deutsch-deutsche Kontakte im Naturschutz<\/strong>&#8220; am 5. Dezember im Potsdamer Haus der Natur empfehlen. Der Naturpark Dahme-Heideseen\u00a0wird hierbei mit dem Beitrag \u201cIsolation \u2013 Lebenswege von Walter Kirsche und Adolf Straus\u201d vertreten sein.\u00a0\u00a0<img decoding=\"async\" title=\"Weiterlesen \u2026\" alt=\"trans \u00dcber die Mauer    Deutsch deutsche Kontakte im Naturschutz\" src=\"https:\/\/www.naturparkmagazin.de\/dahme-heideseen\/wp-includes\/js\/tinymce\/plugins\/wordpress\/img\/trans.gif\" \/>Beide Wissenschaftler und Natursch\u00fctzer lebten im Dahmeland. Ihre Lebenswege wurden durch die Teilung Deutschlands gepr\u00e4gt.<\/p>\n<p>Viel Freude beim Lesen w\u00fcnscht<\/p>\n<p>Hans Sonnenberg<\/p>\n","protected":false},"excerpt":{"rendered":"<p>am 9. November wurde mit vielen Feierlichkeiten an den Fall der Mauer und die endende Teilung Deutschlands erinnert. In Berlin stiegen an der fr\u00fcheren Mauer tausende Ballons in die Luft. Vielleicht sind einige von ihnen, nach ihrer von Wind und Auftrieb gelenkten Reise, \u00a0in einem der zahlreichen Schutzgebiete Brandenburgs gelandet. F\u00fcr den Naturschutz er\u00f6ffneten sich<\/p>\n","protected":false},"author":48,"featured_media":0,"comment_status":"open","ping_status":"open","sticky":false,"template":"","format":"standard","meta":[],"categories":[52],"tags":[],"yoast_head":"<!-- This site is optimized with the Yoast SEO plugin v19.10 - https:\/\/yoast.com\/wordpress\/plugins\/seo\/ -->\n<title>Liebe Leserinnen, liebe Leser, - Naturpark Dahme-Heideseen<\/title>\n<meta name=\"robots\" content=\"index, follow, max-snippet:-1, max-image-preview:large, max-video-preview:-1\" \/>\n<link rel=\"canonical\" href=\"https:\/\/www.naturparkmagazin.de\/dahme-heideseen\/liebe-leserinnen-liebe-leser-5\/\" \/>\n<meta property=\"og:locale\" content=\"de_DE\" \/>\n<meta property=\"og:type\" content=\"article\" \/>\n<meta property=\"og:title\" content=\"Liebe Leserinnen, liebe Leser, - Naturpark Dahme-Heideseen\" \/>\n<meta property=\"og:description\" content=\"am 9. November wurde mit vielen Feierlichkeiten an den Fall der Mauer und die endende Teilung Deutschlands erinnert. In Berlin stiegen an der fr\u00fcheren Mauer tausende Ballons in die Luft. Vielleicht sind einige von ihnen, nach ihrer von Wind und Auftrieb gelenkten Reise, \u00a0in einem der zahlreichen Schutzgebiete Brandenburgs gelandet. F\u00fcr den Naturschutz er\u00f6ffneten sich\" \/>\n<meta property=\"og:url\" content=\"https:\/\/www.naturparkmagazin.de\/dahme-heideseen\/liebe-leserinnen-liebe-leser-5\/\" \/>\n<meta property=\"og:site_name\" content=\"Naturpark Dahme-Heideseen\" \/>\n<meta property=\"article:published_time\" content=\"2014-11-19T10:01:38+00:00\" \/>\n<meta property=\"article:modified_time\" content=\"2014-11-27T11:29:09+00:00\" \/>\n<meta property=\"og:image\" content=\"https:\/\/www.naturparkmagazin.de\/dahme-heideseen\/wp-includes\/js\/tinymce\/plugins\/wordpress\/img\/trans.gif\" \/>\n<meta name=\"author\" content=\"hanssonnenberg\" \/>\n<meta name=\"twitter:label1\" content=\"Verfasst von\" \/>\n\t<meta name=\"twitter:data1\" content=\"hanssonnenberg\" \/>\n\t<meta name=\"twitter:label2\" content=\"Gesch\u00e4tzte Lesezeit\" \/>\n\t<meta name=\"twitter:data2\" content=\"1\u00a0Minute\" \/>\n<script type=\"application\/ld+json\" class=\"yoast-schema-graph\">{\"@context\":\"https:\/\/schema.org\",\"@graph\":[{\"@type\":\"WebPage\",\"@id\":\"https:\/\/www.naturparkmagazin.de\/dahme-heideseen\/liebe-leserinnen-liebe-leser-5\/\",\"url\":\"https:\/\/www.naturparkmagazin.de\/dahme-heideseen\/liebe-leserinnen-liebe-leser-5\/\",\"name\":\"Liebe Leserinnen, liebe Leser, - Naturpark Dahme-Heideseen\",\"isPartOf\":{\"@id\":\"https:\/\/www.naturparkmagazin.de\/dahme-heideseen\/#website\"},\"datePublished\":\"2014-11-19T10:01:38+00:00\",\"dateModified\":\"2014-11-27T11:29:09+00:00\",\"author\":{\"@id\":\"https:\/\/www.naturparkmagazin.de\/dahme-heideseen\/#\/schema\/person\/c81c96c3a1f5ee7bffff8b8022c105f0\"},\"breadcrumb\":{\"@id\":\"https:\/\/www.naturparkmagazin.de\/dahme-heideseen\/liebe-leserinnen-liebe-leser-5\/#breadcrumb\"},\"inLanguage\":\"de\",\"potentialAction\":[{\"@type\":\"ReadAction\",\"target\":[\"https:\/\/www.naturparkmagazin.de\/dahme-heideseen\/liebe-leserinnen-liebe-leser-5\/\"]}]},{\"@type\":\"BreadcrumbList\",\"@id\":\"https:\/\/www.naturparkmagazin.de\/dahme-heideseen\/liebe-leserinnen-liebe-leser-5\/#breadcrumb\",\"itemListElement\":[{\"@type\":\"ListItem\",\"position\":1,\"name\":\"Home\",\"item\":\"https:\/\/www.naturparkmagazin.de\/dahme-heideseen\/\"},{\"@type\":\"ListItem\",\"position\":2,\"name\":\"Liebe Leserinnen, liebe Leser,\"}]},{\"@type\":\"WebSite\",\"@id\":\"https:\/\/www.naturparkmagazin.de\/dahme-heideseen\/#website\",\"url\":\"https:\/\/www.naturparkmagazin.de\/dahme-heideseen\/\",\"name\":\"Naturpark Dahme-Heideseen\",\"description\":\"\",\"potentialAction\":[{\"@type\":\"SearchAction\",\"target\":{\"@type\":\"EntryPoint\",\"urlTemplate\":\"https:\/\/www.naturparkmagazin.de\/dahme-heideseen\/?s={search_term_string}\"},\"query-input\":\"required name=search_term_string\"}],\"inLanguage\":\"de\"},{\"@type\":\"Person\",\"@id\":\"https:\/\/www.naturparkmagazin.de\/dahme-heideseen\/#\/schema\/person\/c81c96c3a1f5ee7bffff8b8022c105f0\",\"name\":\"hanssonnenberg\",\"url\":\"https:\/\/www.naturparkmagazin.de\/dahme-heideseen\/author\/hanssonnenberg\/\"}]}<\/script>\n<!-- \/ Yoast SEO plugin. -->","yoast_head_json":{"title":"Liebe Leserinnen, liebe Leser, - Naturpark Dahme-Heideseen","robots":{"index":"index","follow":"follow","max-snippet":"max-snippet:-1","max-image-preview":"max-image-preview:large","max-video-preview":"max-video-preview:-1"},"canonical":"https:\/\/www.naturparkmagazin.de\/dahme-heideseen\/liebe-leserinnen-liebe-leser-5\/","og_locale":"de_DE","og_type":"article","og_title":"Liebe Leserinnen, liebe Leser, - Naturpark Dahme-Heideseen","og_description":"am 9. November wurde mit vielen Feierlichkeiten an den Fall der Mauer und die endende Teilung Deutschlands erinnert. In Berlin stiegen an der fr\u00fcheren Mauer tausende Ballons in die Luft. Vielleicht sind einige von ihnen, nach ihrer von Wind und Auftrieb gelenkten Reise, \u00a0in einem der zahlreichen Schutzgebiete Brandenburgs gelandet. F\u00fcr den Naturschutz er\u00f6ffneten sich","og_url":"https:\/\/www.naturparkmagazin.de\/dahme-heideseen\/liebe-leserinnen-liebe-leser-5\/","og_site_name":"Naturpark Dahme-Heideseen","article_published_time":"2014-11-19T10:01:38+00:00","article_modified_time":"2014-11-27T11:29:09+00:00","og_image":[{"url":"https:\/\/www.naturparkmagazin.de\/dahme-heideseen\/wp-includes\/js\/tinymce\/plugins\/wordpress\/img\/trans.gif"}],"author":"hanssonnenberg","twitter_misc":{"Verfasst von":"hanssonnenberg","Gesch\u00e4tzte Lesezeit":"1\u00a0Minute"},"schema":{"@context":"https:\/\/schema.org","@graph":[{"@type":"WebPage","@id":"https:\/\/www.naturparkmagazin.de\/dahme-heideseen\/liebe-leserinnen-liebe-leser-5\/","url":"https:\/\/www.naturparkmagazin.de\/dahme-heideseen\/liebe-leserinnen-liebe-leser-5\/","name":"Liebe Leserinnen, liebe Leser, - Naturpark Dahme-Heideseen","isPartOf":{"@id":"https:\/\/www.naturparkmagazin.de\/dahme-heideseen\/#website"},"datePublished":"2014-11-19T10:01:38+00:00","dateModified":"2014-11-27T11:29:09+00:00","author":{"@id":"https:\/\/www.naturparkmagazin.de\/dahme-heideseen\/#\/schema\/person\/c81c96c3a1f5ee7bffff8b8022c105f0"},"breadcrumb":{"@id":"https:\/\/www.naturparkmagazin.de\/dahme-heideseen\/liebe-leserinnen-liebe-leser-5\/#breadcrumb"},"inLanguage":"de","potentialAction":[{"@type":"ReadAction","target":["https:\/\/www.naturparkmagazin.de\/dahme-heideseen\/liebe-leserinnen-liebe-leser-5\/"]}]},{"@type":"BreadcrumbList","@id":"https:\/\/www.naturparkmagazin.de\/dahme-heideseen\/liebe-leserinnen-liebe-leser-5\/#breadcrumb","itemListElement":[{"@type":"ListItem","position":1,"name":"Home","item":"https:\/\/www.naturparkmagazin.de\/dahme-heideseen\/"},{"@type":"ListItem","position":2,"name":"Liebe Leserinnen, liebe Leser,"}]},{"@type":"WebSite","@id":"https:\/\/www.naturparkmagazin.de\/dahme-heideseen\/#website","url":"https:\/\/www.naturparkmagazin.de\/dahme-heideseen\/","name":"Naturpark Dahme-Heideseen","description":"","potentialAction":[{"@type":"SearchAction","target":{"@type":"EntryPoint","urlTemplate":"https:\/\/www.naturparkmagazin.de\/dahme-heideseen\/?s={search_term_string}"},"query-input":"required name=search_term_string"}],"inLanguage":"de"},{"@type":"Person","@id":"https:\/\/www.naturparkmagazin.de\/dahme-heideseen\/#\/schema\/person\/c81c96c3a1f5ee7bffff8b8022c105f0","name":"hanssonnenberg","url":"https:\/\/www.naturparkmagazin.de\/dahme-heideseen\/author\/hanssonnenberg\/"}]}},"_links":{"self":[{"href":"https:\/\/www.naturparkmagazin.de\/dahme-heideseen\/wp-json\/wp\/v2\/posts\/816"}],"collection":[{"href":"https:\/\/www.naturparkmagazin.de\/dahme-heideseen\/wp-json\/wp\/v2\/posts"}],"about":[{"href":"https:\/\/www.naturparkmagazin.de\/dahme-heideseen\/wp-json\/wp\/v2\/types\/post"}],"author":[{"embeddable":true,"href":"https:\/\/www.naturparkmagazin.de\/dahme-heideseen\/wp-json\/wp\/v2\/users\/48"}],"replies":[{"embeddable":true,"href":"https:\/\/www.naturparkmagazin.de\/dahme-heideseen\/wp-json\/wp\/v2\/comments?post=816"}],"version-history":[{"count":2,"href":"https:\/\/www.naturparkmagazin.de\/dahme-heideseen\/wp-json\/wp\/v2\/posts\/816\/revisions"}],"predecessor-version":[{"id":827,"href":"https:\/\/www.naturparkmagazin.de\/dahme-heideseen\/wp-json\/wp\/v2\/posts\/816\/revisions\/827"}],"wp:attachment":[{"href":"https:\/\/www.naturparkmagazin.de\/dahme-heideseen\/wp-json\/wp\/v2\/media?parent=816"}],"wp:term":[{"taxonomy":"category","embeddable":true,"href":"https:\/\/www.naturparkmagazin.de\/dahme-heideseen\/wp-json\/wp\/v2\/categories?post=816"},{"taxonomy":"post_tag","embeddable":true,"href":"https:\/\/www.naturparkmagazin.de\/dahme-heideseen\/wp-json\/wp\/v2\/tags?post=816"}],"curies":[{"name":"wp","href":"https:\/\/api.w.org\/{rel}","templated":true}]}}