{"id":818,"date":"2014-11-19T22:52:18","date_gmt":"2014-11-19T21:52:18","guid":{"rendered":"http:\/\/www.naturparkmagazin.de\/dahme-heideseen\/?p=818"},"modified":"2014-11-27T12:28:57","modified_gmt":"2014-11-27T11:28:57","slug":"der-herbst-mit-unserer-herbstzeitlosen","status":"publish","type":"post","link":"https:\/\/www.naturparkmagazin.de\/dahme-heideseen\/der-herbst-mit-unserer-herbstzeitlosen\/","title":{"rendered":"Mitten im Herbst mit unserer Herbstzeitlosen"},"content":{"rendered":"<p>Das 3000. Bild ist im <a title=\"Bildarchiv NABU Dahmeland\" href=\"http:\/\/www.bildarchiv-nabu-dahmeland.de\/Default.aspx\" target=\"_blank\">Bildarchiv des NABU<\/a> eingestellt. Es ist ein Foto vom Pflegeeinsatz auf der Herbstzeitlosen-Wiese bei Teupitz. <!--more-->Wie schnell die Zeit vergeht, es ist ein &#8222;historisches&#8220; Bild. 21 Jahre ist es alt! 21 Jahre, so lange pflegen die Teupitzer Natursch\u00fctzer die wertvollen Herbstzeitlosen-Vorkommen im Naturschutzgebiet M\u00fchlenflie\u00df-S\u00e4gebach. Daf\u00fcr sagen wir hier: DANKE ! Ohne Euch g\u00e4be es diese so wundervolle Wiesenblume nicht mehr in unserer Landschaft.<\/p>\n<div id=\"attachment_820\" style=\"width: 630px\" class=\"wp-caption aligncenter\"><a href=\"https:\/\/www.naturparkmagazin.de\/dahme-heideseen\/wp-content\/uploads\/sites\/37\/arbeitseinsatz.jpg\"><img aria-describedby=\"caption-attachment-820\" decoding=\"async\" loading=\"lazy\" class=\"size-medium wp-image-820\" alt=\"Foto Hans Sonnenberg (www.bildarchiv-nabu-dahmeland.de)\" src=\"https:\/\/www.naturparkmagazin.de\/dahme-heideseen\/wp-content\/uploads\/sites\/37\/arbeitseinsatz-620x394.jpg\" width=\"620\" height=\"394\" srcset=\"https:\/\/www.naturparkmagazin.de\/dahme-heideseen\/wp-content\/uploads\/sites\/37\/arbeitseinsatz-620x394.jpg 620w, https:\/\/www.naturparkmagazin.de\/dahme-heideseen\/wp-content\/uploads\/sites\/37\/arbeitseinsatz-300x191.jpg 300w, https:\/\/www.naturparkmagazin.de\/dahme-heideseen\/wp-content\/uploads\/sites\/37\/arbeitseinsatz-940x598.jpg 940w, https:\/\/www.naturparkmagazin.de\/dahme-heideseen\/wp-content\/uploads\/sites\/37\/arbeitseinsatz-670x426.jpg 670w, https:\/\/www.naturparkmagazin.de\/dahme-heideseen\/wp-content\/uploads\/sites\/37\/arbeitseinsatz-200x127.jpg 200w, https:\/\/www.naturparkmagazin.de\/dahme-heideseen\/wp-content\/uploads\/sites\/37\/arbeitseinsatz.jpg 1208w\" sizes=\"(max-width: 620px) 100vw, 620px\" \/><\/a><p id=\"caption-attachment-820\" class=\"wp-caption-text\">Foto Hans Sonnenberg (www.bildarchiv-nabu-dahmeland.de)<\/p><\/div>\n<p><a title=\"Herbstzeitlose\" href=\"http:\/\/de.wikipedia.org\/wiki\/Herbstzeitlose\" target=\"_blank\">Herbstzeilose in der Wikipedia<\/a><\/p>\n<p>&nbsp;<\/p>\n<div id=\"attachment_821\" style=\"width: 475px\" class=\"wp-caption aligncenter\"><a href=\"https:\/\/www.naturparkmagazin.de\/dahme-heideseen\/wp-content\/uploads\/sites\/37\/herbstzeitlose2.jpg\"><img aria-describedby=\"caption-attachment-821\" decoding=\"async\" loading=\"lazy\" class=\"size-full wp-image-821\" alt=\"Foto: Hans Sonnenberg\" src=\"https:\/\/www.naturparkmagazin.de\/dahme-heideseen\/wp-content\/uploads\/sites\/37\/herbstzeitlose2.jpg\" width=\"465\" height=\"452\" srcset=\"https:\/\/www.naturparkmagazin.de\/dahme-heideseen\/wp-content\/uploads\/sites\/37\/herbstzeitlose2.jpg 465w, https:\/\/www.naturparkmagazin.de\/dahme-heideseen\/wp-content\/uploads\/sites\/37\/herbstzeitlose2-300x292.jpg 300w, https:\/\/www.naturparkmagazin.de\/dahme-heideseen\/wp-content\/uploads\/sites\/37\/herbstzeitlose2-30x30.jpg 30w, https:\/\/www.naturparkmagazin.de\/dahme-heideseen\/wp-content\/uploads\/sites\/37\/herbstzeitlose2-200x194.jpg 200w\" sizes=\"(max-width: 465px) 100vw, 465px\" \/><\/a><p id=\"caption-attachment-821\" class=\"wp-caption-text\">Foto: Hans Sonnenberg<\/p><\/div>\n<p><a title=\"Bildarchiv Nabu Dahmeland\" href=\"http:\/\/www.bildarchiv-nabu-dahmeland.de\/Default.aspx\" target=\"_blank\">Fotos aus der Natur und Landschaft des Dahmelandes<\/a><\/p>\n","protected":false},"excerpt":{"rendered":"<p>Das 3000. Bild ist im Bildarchiv des NABU eingestellt. Es ist ein Foto vom Pflegeeinsatz auf der Herbstzeitlosen-Wiese bei Teupitz. <\/p>\n","protected":false},"author":48,"featured_media":819,"comment_status":"open","ping_status":"open","sticky":false,"template":"","format":"standard","meta":[],"categories":[7],"tags":[],"yoast_head":"<!-- This site is optimized with the Yoast SEO plugin v19.10 - https:\/\/yoast.com\/wordpress\/plugins\/seo\/ -->\n<title>Mitten im Herbst mit unserer Herbstzeitlosen - Naturpark Dahme-Heideseen<\/title>\n<meta name=\"robots\" content=\"index, follow, max-snippet:-1, max-image-preview:large, max-video-preview:-1\" \/>\n<link rel=\"canonical\" href=\"https:\/\/www.naturparkmagazin.de\/dahme-heideseen\/der-herbst-mit-unserer-herbstzeitlosen\/\" \/>\n<meta property=\"og:locale\" content=\"de_DE\" \/>\n<meta property=\"og:type\" content=\"article\" \/>\n<meta property=\"og:title\" content=\"Mitten im Herbst mit unserer Herbstzeitlosen - Naturpark Dahme-Heideseen\" \/>\n<meta property=\"og:description\" content=\"Das 3000. Bild ist im Bildarchiv des NABU eingestellt. Es ist ein Foto vom Pflegeeinsatz auf der Herbstzeitlosen-Wiese bei Teupitz.\" \/>\n<meta property=\"og:url\" content=\"https:\/\/www.naturparkmagazin.de\/dahme-heideseen\/der-herbst-mit-unserer-herbstzeitlosen\/\" \/>\n<meta property=\"og:site_name\" content=\"Naturpark Dahme-Heideseen\" \/>\n<meta property=\"article:published_time\" content=\"2014-11-19T21:52:18+00:00\" \/>\n<meta property=\"article:modified_time\" content=\"2014-11-27T11:28:57+00:00\" \/>\n<meta property=\"og:image\" content=\"https:\/\/www.naturparkmagazin.de\/dahme-heideseen\/wp-content\/uploads\/sites\/37\/herbstzeitlose.jpg\" \/>\n\t<meta property=\"og:image:width\" content=\"1217\" \/>\n\t<meta property=\"og:image:height\" content=\"768\" \/>\n\t<meta property=\"og:image:type\" content=\"image\/jpeg\" \/>\n<meta name=\"author\" content=\"hanssonnenberg\" \/>\n<meta name=\"twitter:label1\" content=\"Verfasst von\" \/>\n\t<meta name=\"twitter:data1\" content=\"hanssonnenberg\" \/>\n\t<meta name=\"twitter:label2\" content=\"Gesch\u00e4tzte Lesezeit\" \/>\n\t<meta name=\"twitter:data2\" content=\"1\u00a0Minute\" \/>\n<script type=\"application\/ld+json\" class=\"yoast-schema-graph\">{\"@context\":\"https:\/\/schema.org\",\"@graph\":[{\"@type\":\"WebPage\",\"@id\":\"https:\/\/www.naturparkmagazin.de\/dahme-heideseen\/der-herbst-mit-unserer-herbstzeitlosen\/\",\"url\":\"https:\/\/www.naturparkmagazin.de\/dahme-heideseen\/der-herbst-mit-unserer-herbstzeitlosen\/\",\"name\":\"Mitten im Herbst mit unserer Herbstzeitlosen - Naturpark Dahme-Heideseen\",\"isPartOf\":{\"@id\":\"https:\/\/www.naturparkmagazin.de\/dahme-heideseen\/#website\"},\"datePublished\":\"2014-11-19T21:52:18+00:00\",\"dateModified\":\"2014-11-27T11:28:57+00:00\",\"author\":{\"@id\":\"https:\/\/www.naturparkmagazin.de\/dahme-heideseen\/#\/schema\/person\/c81c96c3a1f5ee7bffff8b8022c105f0\"},\"breadcrumb\":{\"@id\":\"https:\/\/www.naturparkmagazin.de\/dahme-heideseen\/der-herbst-mit-unserer-herbstzeitlosen\/#breadcrumb\"},\"inLanguage\":\"de\",\"potentialAction\":[{\"@type\":\"ReadAction\",\"target\":[\"https:\/\/www.naturparkmagazin.de\/dahme-heideseen\/der-herbst-mit-unserer-herbstzeitlosen\/\"]}]},{\"@type\":\"BreadcrumbList\",\"@id\":\"https:\/\/www.naturparkmagazin.de\/dahme-heideseen\/der-herbst-mit-unserer-herbstzeitlosen\/#breadcrumb\",\"itemListElement\":[{\"@type\":\"ListItem\",\"position\":1,\"name\":\"Home\",\"item\":\"https:\/\/www.naturparkmagazin.de\/dahme-heideseen\/\"},{\"@type\":\"ListItem\",\"position\":2,\"name\":\"Mitten im Herbst mit unserer Herbstzeitlosen\"}]},{\"@type\":\"WebSite\",\"@id\":\"https:\/\/www.naturparkmagazin.de\/dahme-heideseen\/#website\",\"url\":\"https:\/\/www.naturparkmagazin.de\/dahme-heideseen\/\",\"name\":\"Naturpark Dahme-Heideseen\",\"description\":\"\",\"potentialAction\":[{\"@type\":\"SearchAction\",\"target\":{\"@type\":\"EntryPoint\",\"urlTemplate\":\"https:\/\/www.naturparkmagazin.de\/dahme-heideseen\/?s={search_term_string}\"},\"query-input\":\"required name=search_term_string\"}],\"inLanguage\":\"de\"},{\"@type\":\"Person\",\"@id\":\"https:\/\/www.naturparkmagazin.de\/dahme-heideseen\/#\/schema\/person\/c81c96c3a1f5ee7bffff8b8022c105f0\",\"name\":\"hanssonnenberg\",\"url\":\"https:\/\/www.naturparkmagazin.de\/dahme-heideseen\/author\/hanssonnenberg\/\"}]}<\/script>\n<!-- \/ Yoast SEO plugin. -->","yoast_head_json":{"title":"Mitten im Herbst mit unserer Herbstzeitlosen - Naturpark Dahme-Heideseen","robots":{"index":"index","follow":"follow","max-snippet":"max-snippet:-1","max-image-preview":"max-image-preview:large","max-video-preview":"max-video-preview:-1"},"canonical":"https:\/\/www.naturparkmagazin.de\/dahme-heideseen\/der-herbst-mit-unserer-herbstzeitlosen\/","og_locale":"de_DE","og_type":"article","og_title":"Mitten im Herbst mit unserer Herbstzeitlosen - Naturpark Dahme-Heideseen","og_description":"Das 3000. Bild ist im Bildarchiv des NABU eingestellt. Es ist ein Foto vom Pflegeeinsatz auf der Herbstzeitlosen-Wiese bei Teupitz.","og_url":"https:\/\/www.naturparkmagazin.de\/dahme-heideseen\/der-herbst-mit-unserer-herbstzeitlosen\/","og_site_name":"Naturpark Dahme-Heideseen","article_published_time":"2014-11-19T21:52:18+00:00","article_modified_time":"2014-11-27T11:28:57+00:00","og_image":[{"width":1217,"height":768,"url":"https:\/\/www.naturparkmagazin.de\/dahme-heideseen\/wp-content\/uploads\/sites\/37\/herbstzeitlose.jpg","type":"image\/jpeg"}],"author":"hanssonnenberg","twitter_misc":{"Verfasst von":"hanssonnenberg","Gesch\u00e4tzte Lesezeit":"1\u00a0Minute"},"schema":{"@context":"https:\/\/schema.org","@graph":[{"@type":"WebPage","@id":"https:\/\/www.naturparkmagazin.de\/dahme-heideseen\/der-herbst-mit-unserer-herbstzeitlosen\/","url":"https:\/\/www.naturparkmagazin.de\/dahme-heideseen\/der-herbst-mit-unserer-herbstzeitlosen\/","name":"Mitten im Herbst mit unserer Herbstzeitlosen - Naturpark Dahme-Heideseen","isPartOf":{"@id":"https:\/\/www.naturparkmagazin.de\/dahme-heideseen\/#website"},"datePublished":"2014-11-19T21:52:18+00:00","dateModified":"2014-11-27T11:28:57+00:00","author":{"@id":"https:\/\/www.naturparkmagazin.de\/dahme-heideseen\/#\/schema\/person\/c81c96c3a1f5ee7bffff8b8022c105f0"},"breadcrumb":{"@id":"https:\/\/www.naturparkmagazin.de\/dahme-heideseen\/der-herbst-mit-unserer-herbstzeitlosen\/#breadcrumb"},"inLanguage":"de","potentialAction":[{"@type":"ReadAction","target":["https:\/\/www.naturparkmagazin.de\/dahme-heideseen\/der-herbst-mit-unserer-herbstzeitlosen\/"]}]},{"@type":"BreadcrumbList","@id":"https:\/\/www.naturparkmagazin.de\/dahme-heideseen\/der-herbst-mit-unserer-herbstzeitlosen\/#breadcrumb","itemListElement":[{"@type":"ListItem","position":1,"name":"Home","item":"https:\/\/www.naturparkmagazin.de\/dahme-heideseen\/"},{"@type":"ListItem","position":2,"name":"Mitten im Herbst mit unserer Herbstzeitlosen"}]},{"@type":"WebSite","@id":"https:\/\/www.naturparkmagazin.de\/dahme-heideseen\/#website","url":"https:\/\/www.naturparkmagazin.de\/dahme-heideseen\/","name":"Naturpark Dahme-Heideseen","description":"","potentialAction":[{"@type":"SearchAction","target":{"@type":"EntryPoint","urlTemplate":"https:\/\/www.naturparkmagazin.de\/dahme-heideseen\/?s={search_term_string}"},"query-input":"required name=search_term_string"}],"inLanguage":"de"},{"@type":"Person","@id":"https:\/\/www.naturparkmagazin.de\/dahme-heideseen\/#\/schema\/person\/c81c96c3a1f5ee7bffff8b8022c105f0","name":"hanssonnenberg","url":"https:\/\/www.naturparkmagazin.de\/dahme-heideseen\/author\/hanssonnenberg\/"}]}},"_links":{"self":[{"href":"https:\/\/www.naturparkmagazin.de\/dahme-heideseen\/wp-json\/wp\/v2\/posts\/818"}],"collection":[{"href":"https:\/\/www.naturparkmagazin.de\/dahme-heideseen\/wp-json\/wp\/v2\/posts"}],"about":[{"href":"https:\/\/www.naturparkmagazin.de\/dahme-heideseen\/wp-json\/wp\/v2\/types\/post"}],"author":[{"embeddable":true,"href":"https:\/\/www.naturparkmagazin.de\/dahme-heideseen\/wp-json\/wp\/v2\/users\/48"}],"replies":[{"embeddable":true,"href":"https:\/\/www.naturparkmagazin.de\/dahme-heideseen\/wp-json\/wp\/v2\/comments?post=818"}],"version-history":[{"count":5,"href":"https:\/\/www.naturparkmagazin.de\/dahme-heideseen\/wp-json\/wp\/v2\/posts\/818\/revisions"}],"predecessor-version":[{"id":833,"href":"https:\/\/www.naturparkmagazin.de\/dahme-heideseen\/wp-json\/wp\/v2\/posts\/818\/revisions\/833"}],"wp:featuredmedia":[{"embeddable":true,"href":"https:\/\/www.naturparkmagazin.de\/dahme-heideseen\/wp-json\/wp\/v2\/media\/819"}],"wp:attachment":[{"href":"https:\/\/www.naturparkmagazin.de\/dahme-heideseen\/wp-json\/wp\/v2\/media?parent=818"}],"wp:term":[{"taxonomy":"category","embeddable":true,"href":"https:\/\/www.naturparkmagazin.de\/dahme-heideseen\/wp-json\/wp\/v2\/categories?post=818"},{"taxonomy":"post_tag","embeddable":true,"href":"https:\/\/www.naturparkmagazin.de\/dahme-heideseen\/wp-json\/wp\/v2\/tags?post=818"}],"curies":[{"name":"wp","href":"https:\/\/api.w.org\/{rel}","templated":true}]}}