{"id":835,"date":"2014-12-15T14:28:35","date_gmt":"2014-12-15T13:28:35","guid":{"rendered":"http:\/\/www.naturparkmagazin.de\/dahme-heideseen\/?p=835"},"modified":"2014-12-18T11:19:19","modified_gmt":"2014-12-18T10:19:19","slug":"das-neue-jahrebuch-geht-auf-die-reise","status":"publish","type":"post","link":"https:\/\/www.naturparkmagazin.de\/dahme-heideseen\/das-neue-jahrebuch-geht-auf-die-reise\/","title":{"rendered":"Das neue JahreBuch geht auf die Reise"},"content":{"rendered":"<p>Das neue Jahrebuch 2015 ist da. Nach der Vorstellung am vergangenen Mittwoch in K\u00f6nigs Wusterhausen wird es nun f\u00fcr die Mitglieder des NABU Dahmeland einget\u00fctet und geht auf die Reise. Vielen Dank an alle flei\u00dfigen Helfer!<!--more--><\/p>\n<p>Das JahreBuch kann im regional Buchhandel, bei den Tourismusanbietern sowie in weiteren Verkausstellen f\u00fcr 7 Euro erworben werden.<\/p>\n<p><a href=\"https:\/\/www.naturparkmagazin.de\/dahme-heideseen\/wp-content\/uploads\/sites\/37\/cover2015.gif\"><img decoding=\"async\" loading=\"lazy\" class=\"aligncenter size-full wp-image-837\" alt=\"cover2015\" src=\"https:\/\/www.naturparkmagazin.de\/dahme-heideseen\/wp-content\/uploads\/sites\/37\/cover2015.gif\" width=\"562\" height=\"800\" \/><\/a><\/p>\n<div id=\"attachment_836\" style=\"width: 630px\" class=\"wp-caption aligncenter\"><a href=\"https:\/\/www.naturparkmagazin.de\/dahme-heideseen\/wp-content\/uploads\/sites\/37\/eint\u00fcten_klein.jpg\"><img aria-describedby=\"caption-attachment-836\" decoding=\"async\" loading=\"lazy\" class=\"size-medium wp-image-836\" alt=\"Eint\u00fcten des neuen JahreBuch (Foto: Sonnenberg)\" src=\"https:\/\/www.naturparkmagazin.de\/dahme-heideseen\/wp-content\/uploads\/sites\/37\/eint\u00fcten_klein-620x398.jpg\" width=\"620\" height=\"398\" srcset=\"https:\/\/www.naturparkmagazin.de\/dahme-heideseen\/wp-content\/uploads\/sites\/37\/eint\u00fcten_klein-620x398.jpg 620w, https:\/\/www.naturparkmagazin.de\/dahme-heideseen\/wp-content\/uploads\/sites\/37\/eint\u00fcten_klein-300x193.jpg 300w, https:\/\/www.naturparkmagazin.de\/dahme-heideseen\/wp-content\/uploads\/sites\/37\/eint\u00fcten_klein-670x430.jpg 670w, https:\/\/www.naturparkmagazin.de\/dahme-heideseen\/wp-content\/uploads\/sites\/37\/eint\u00fcten_klein-200x129.jpg 200w, https:\/\/www.naturparkmagazin.de\/dahme-heideseen\/wp-content\/uploads\/sites\/37\/eint\u00fcten_klein.jpg 800w\" sizes=\"(max-width: 620px) 100vw, 620px\" \/><\/a><p id=\"caption-attachment-836\" class=\"wp-caption-text\">Eint\u00fcten des neuen JahreBuch (Foto: Sonnenberg)<\/p><\/div>\n","protected":false},"excerpt":{"rendered":"<p>Das neue Jahrebuch 2015 ist da. Nach der Vorstellung am vergangenen Mittwoch in K\u00f6nigs Wusterhausen wird es nun f\u00fcr die Mitglieder des NABU Dahmeland einget\u00fctet und geht auf die Reise. Vielen Dank an alle flei\u00dfigen Helfer!<\/p>\n","protected":false},"author":48,"featured_media":836,"comment_status":"open","ping_status":"open","sticky":false,"template":"","format":"standard","meta":[],"categories":[7],"tags":[],"yoast_head":"<!-- This site is optimized with the Yoast SEO plugin v19.10 - https:\/\/yoast.com\/wordpress\/plugins\/seo\/ -->\n<title>Das neue JahreBuch geht auf die Reise - Naturpark Dahme-Heideseen<\/title>\n<meta name=\"robots\" content=\"index, follow, max-snippet:-1, max-image-preview:large, max-video-preview:-1\" \/>\n<link rel=\"canonical\" href=\"https:\/\/www.naturparkmagazin.de\/dahme-heideseen\/das-neue-jahrebuch-geht-auf-die-reise\/\" \/>\n<meta property=\"og:locale\" content=\"de_DE\" \/>\n<meta property=\"og:type\" content=\"article\" \/>\n<meta property=\"og:title\" content=\"Das neue JahreBuch geht auf die Reise - Naturpark Dahme-Heideseen\" \/>\n<meta property=\"og:description\" content=\"Das neue Jahrebuch 2015 ist da. Nach der Vorstellung am vergangenen Mittwoch in K\u00f6nigs Wusterhausen wird es nun f\u00fcr die Mitglieder des NABU Dahmeland einget\u00fctet und geht auf die Reise. Vielen Dank an alle flei\u00dfigen Helfer!\" \/>\n<meta property=\"og:url\" content=\"https:\/\/www.naturparkmagazin.de\/dahme-heideseen\/das-neue-jahrebuch-geht-auf-die-reise\/\" \/>\n<meta property=\"og:site_name\" content=\"Naturpark Dahme-Heideseen\" \/>\n<meta property=\"article:published_time\" content=\"2014-12-15T13:28:35+00:00\" \/>\n<meta property=\"article:modified_time\" content=\"2014-12-18T10:19:19+00:00\" \/>\n<meta property=\"og:image\" content=\"https:\/\/www.naturparkmagazin.de\/dahme-heideseen\/wp-content\/uploads\/sites\/37\/eint\u00fcten_klein.jpg\" \/>\n\t<meta property=\"og:image:width\" content=\"800\" \/>\n\t<meta property=\"og:image:height\" content=\"514\" \/>\n\t<meta property=\"og:image:type\" content=\"image\/jpeg\" \/>\n<meta name=\"author\" content=\"hanssonnenberg\" \/>\n<meta name=\"twitter:label1\" content=\"Verfasst von\" \/>\n\t<meta name=\"twitter:data1\" content=\"hanssonnenberg\" \/>\n<script type=\"application\/ld+json\" class=\"yoast-schema-graph\">{\"@context\":\"https:\/\/schema.org\",\"@graph\":[{\"@type\":\"WebPage\",\"@id\":\"https:\/\/www.naturparkmagazin.de\/dahme-heideseen\/das-neue-jahrebuch-geht-auf-die-reise\/\",\"url\":\"https:\/\/www.naturparkmagazin.de\/dahme-heideseen\/das-neue-jahrebuch-geht-auf-die-reise\/\",\"name\":\"Das neue JahreBuch geht auf die Reise - Naturpark Dahme-Heideseen\",\"isPartOf\":{\"@id\":\"https:\/\/www.naturparkmagazin.de\/dahme-heideseen\/#website\"},\"datePublished\":\"2014-12-15T13:28:35+00:00\",\"dateModified\":\"2014-12-18T10:19:19+00:00\",\"author\":{\"@id\":\"https:\/\/www.naturparkmagazin.de\/dahme-heideseen\/#\/schema\/person\/c81c96c3a1f5ee7bffff8b8022c105f0\"},\"breadcrumb\":{\"@id\":\"https:\/\/www.naturparkmagazin.de\/dahme-heideseen\/das-neue-jahrebuch-geht-auf-die-reise\/#breadcrumb\"},\"inLanguage\":\"de\",\"potentialAction\":[{\"@type\":\"ReadAction\",\"target\":[\"https:\/\/www.naturparkmagazin.de\/dahme-heideseen\/das-neue-jahrebuch-geht-auf-die-reise\/\"]}]},{\"@type\":\"BreadcrumbList\",\"@id\":\"https:\/\/www.naturparkmagazin.de\/dahme-heideseen\/das-neue-jahrebuch-geht-auf-die-reise\/#breadcrumb\",\"itemListElement\":[{\"@type\":\"ListItem\",\"position\":1,\"name\":\"Home\",\"item\":\"https:\/\/www.naturparkmagazin.de\/dahme-heideseen\/\"},{\"@type\":\"ListItem\",\"position\":2,\"name\":\"Das neue JahreBuch geht auf die Reise\"}]},{\"@type\":\"WebSite\",\"@id\":\"https:\/\/www.naturparkmagazin.de\/dahme-heideseen\/#website\",\"url\":\"https:\/\/www.naturparkmagazin.de\/dahme-heideseen\/\",\"name\":\"Naturpark Dahme-Heideseen\",\"description\":\"\",\"potentialAction\":[{\"@type\":\"SearchAction\",\"target\":{\"@type\":\"EntryPoint\",\"urlTemplate\":\"https:\/\/www.naturparkmagazin.de\/dahme-heideseen\/?s={search_term_string}\"},\"query-input\":\"required name=search_term_string\"}],\"inLanguage\":\"de\"},{\"@type\":\"Person\",\"@id\":\"https:\/\/www.naturparkmagazin.de\/dahme-heideseen\/#\/schema\/person\/c81c96c3a1f5ee7bffff8b8022c105f0\",\"name\":\"hanssonnenberg\",\"url\":\"https:\/\/www.naturparkmagazin.de\/dahme-heideseen\/author\/hanssonnenberg\/\"}]}<\/script>\n<!-- \/ Yoast SEO plugin. -->","yoast_head_json":{"title":"Das neue JahreBuch geht auf die Reise - Naturpark Dahme-Heideseen","robots":{"index":"index","follow":"follow","max-snippet":"max-snippet:-1","max-image-preview":"max-image-preview:large","max-video-preview":"max-video-preview:-1"},"canonical":"https:\/\/www.naturparkmagazin.de\/dahme-heideseen\/das-neue-jahrebuch-geht-auf-die-reise\/","og_locale":"de_DE","og_type":"article","og_title":"Das neue JahreBuch geht auf die Reise - Naturpark Dahme-Heideseen","og_description":"Das neue Jahrebuch 2015 ist da. Nach der Vorstellung am vergangenen Mittwoch in K\u00f6nigs Wusterhausen wird es nun f\u00fcr die Mitglieder des NABU Dahmeland einget\u00fctet und geht auf die Reise. Vielen Dank an alle flei\u00dfigen Helfer!","og_url":"https:\/\/www.naturparkmagazin.de\/dahme-heideseen\/das-neue-jahrebuch-geht-auf-die-reise\/","og_site_name":"Naturpark Dahme-Heideseen","article_published_time":"2014-12-15T13:28:35+00:00","article_modified_time":"2014-12-18T10:19:19+00:00","og_image":[{"width":800,"height":514,"url":"https:\/\/www.naturparkmagazin.de\/dahme-heideseen\/wp-content\/uploads\/sites\/37\/eint\u00fcten_klein.jpg","type":"image\/jpeg"}],"author":"hanssonnenberg","twitter_misc":{"Verfasst von":"hanssonnenberg"},"schema":{"@context":"https:\/\/schema.org","@graph":[{"@type":"WebPage","@id":"https:\/\/www.naturparkmagazin.de\/dahme-heideseen\/das-neue-jahrebuch-geht-auf-die-reise\/","url":"https:\/\/www.naturparkmagazin.de\/dahme-heideseen\/das-neue-jahrebuch-geht-auf-die-reise\/","name":"Das neue JahreBuch geht auf die Reise - Naturpark Dahme-Heideseen","isPartOf":{"@id":"https:\/\/www.naturparkmagazin.de\/dahme-heideseen\/#website"},"datePublished":"2014-12-15T13:28:35+00:00","dateModified":"2014-12-18T10:19:19+00:00","author":{"@id":"https:\/\/www.naturparkmagazin.de\/dahme-heideseen\/#\/schema\/person\/c81c96c3a1f5ee7bffff8b8022c105f0"},"breadcrumb":{"@id":"https:\/\/www.naturparkmagazin.de\/dahme-heideseen\/das-neue-jahrebuch-geht-auf-die-reise\/#breadcrumb"},"inLanguage":"de","potentialAction":[{"@type":"ReadAction","target":["https:\/\/www.naturparkmagazin.de\/dahme-heideseen\/das-neue-jahrebuch-geht-auf-die-reise\/"]}]},{"@type":"BreadcrumbList","@id":"https:\/\/www.naturparkmagazin.de\/dahme-heideseen\/das-neue-jahrebuch-geht-auf-die-reise\/#breadcrumb","itemListElement":[{"@type":"ListItem","position":1,"name":"Home","item":"https:\/\/www.naturparkmagazin.de\/dahme-heideseen\/"},{"@type":"ListItem","position":2,"name":"Das neue JahreBuch geht auf die Reise"}]},{"@type":"WebSite","@id":"https:\/\/www.naturparkmagazin.de\/dahme-heideseen\/#website","url":"https:\/\/www.naturparkmagazin.de\/dahme-heideseen\/","name":"Naturpark Dahme-Heideseen","description":"","potentialAction":[{"@type":"SearchAction","target":{"@type":"EntryPoint","urlTemplate":"https:\/\/www.naturparkmagazin.de\/dahme-heideseen\/?s={search_term_string}"},"query-input":"required name=search_term_string"}],"inLanguage":"de"},{"@type":"Person","@id":"https:\/\/www.naturparkmagazin.de\/dahme-heideseen\/#\/schema\/person\/c81c96c3a1f5ee7bffff8b8022c105f0","name":"hanssonnenberg","url":"https:\/\/www.naturparkmagazin.de\/dahme-heideseen\/author\/hanssonnenberg\/"}]}},"_links":{"self":[{"href":"https:\/\/www.naturparkmagazin.de\/dahme-heideseen\/wp-json\/wp\/v2\/posts\/835"}],"collection":[{"href":"https:\/\/www.naturparkmagazin.de\/dahme-heideseen\/wp-json\/wp\/v2\/posts"}],"about":[{"href":"https:\/\/www.naturparkmagazin.de\/dahme-heideseen\/wp-json\/wp\/v2\/types\/post"}],"author":[{"embeddable":true,"href":"https:\/\/www.naturparkmagazin.de\/dahme-heideseen\/wp-json\/wp\/v2\/users\/48"}],"replies":[{"embeddable":true,"href":"https:\/\/www.naturparkmagazin.de\/dahme-heideseen\/wp-json\/wp\/v2\/comments?post=835"}],"version-history":[{"count":4,"href":"https:\/\/www.naturparkmagazin.de\/dahme-heideseen\/wp-json\/wp\/v2\/posts\/835\/revisions"}],"predecessor-version":[{"id":841,"href":"https:\/\/www.naturparkmagazin.de\/dahme-heideseen\/wp-json\/wp\/v2\/posts\/835\/revisions\/841"}],"wp:featuredmedia":[{"embeddable":true,"href":"https:\/\/www.naturparkmagazin.de\/dahme-heideseen\/wp-json\/wp\/v2\/media\/836"}],"wp:attachment":[{"href":"https:\/\/www.naturparkmagazin.de\/dahme-heideseen\/wp-json\/wp\/v2\/media?parent=835"}],"wp:term":[{"taxonomy":"category","embeddable":true,"href":"https:\/\/www.naturparkmagazin.de\/dahme-heideseen\/wp-json\/wp\/v2\/categories?post=835"},{"taxonomy":"post_tag","embeddable":true,"href":"https:\/\/www.naturparkmagazin.de\/dahme-heideseen\/wp-json\/wp\/v2\/tags?post=835"}],"curies":[{"name":"wp","href":"https:\/\/api.w.org\/{rel}","templated":true}]}}