{"id":862,"date":"2014-12-18T15:50:09","date_gmt":"2014-12-18T14:50:09","guid":{"rendered":"http:\/\/www.naturparkmagazin.de\/dahme-heideseen\/?p=862"},"modified":"2014-12-18T15:50:09","modified_gmt":"2014-12-18T14:50:09","slug":"wandertipp-zwischen-den-jahren-rund-um-die-heideseen-von-gross-koeris","status":"publish","type":"post","link":"https:\/\/www.naturparkmagazin.de\/dahme-heideseen\/wandertipp-zwischen-den-jahren-rund-um-die-heideseen-von-gross-koeris\/","title":{"rendered":"Wandertipp zwischen den Jahren: &#8222;Rund um die Heideseen von Gro\u00df K\u00f6ris&#8220;"},"content":{"rendered":"<p>In diesem Jahr wurde ein neuer Wanderweg im Naturpark ausgewiesen. Er f\u00fchrt rund um die Heideseen von Gro\u00df K\u00f6ris. Beginnend am Bahof geht es zuerst durch den Ort bis zur denkmalgesch\u00fctzten Zugbr\u00fccke.<!--more--><\/p>\n<p>In diesem, nun zu Ende gehenden Jahr 2014\u00a0 wurde vom Fremdenverkehrsverein Schenkenlandtourist e.V. in Gro\u00df K\u00f6ris ein neuer Wanderweg ausgewiesen. Er f\u00fchrt durch den Ort und um einige der n\u00f6rdlich des Dorfes gelegenen Heideseen.\u00a0 Der Weg startet am Bahnhof, f\u00fchrt \u00fcber die Schranke in Richtung Ortsmitte, folgt solange der Berliner Stra\u00dfe, bis linkerhand nach Nordosten die Seebadstra\u00dfe abbiegt.\u00a0 Hier sollten sie die Blicke aufs Stra\u00dfenpflaster lenken und die hochkantig im Fischgr\u00e4tenmuster verlegten Ziegelsteine beachten (1). Im Dahmeland erlebte die Ziegelindustrie zum Ende des 19. Jahrhunderts einen regelrechten H\u00f6hepunkt, nahegelegene Ziegeleien gab es in Klein K\u00f6ris und in L\u00f6pten. Vermutlich haben wir es auf der Seestra\u00dfe mit Steinen von diesen Brennereien zu tun, denn der helle, ockerfarbene Ton ist typisch f\u00fcr die regionalen Ablagerungen.<\/p>\n<div id=\"attachment_863\" style=\"width: 630px\" class=\"wp-caption aligncenter\"><a href=\"https:\/\/www.naturparkmagazin.de\/dahme-heideseen\/wp-content\/uploads\/sites\/37\/Rundweg_karte.jpg\"><img aria-describedby=\"caption-attachment-863\" decoding=\"async\" loading=\"lazy\" class=\"size-medium wp-image-863\" alt=\"Rundweg  (Genehmigung dr Kartengrundlage Landesvermessung Brandenburg - GBG 1\/99)\" src=\"https:\/\/www.naturparkmagazin.de\/dahme-heideseen\/wp-content\/uploads\/sites\/37\/Rundweg_karte-620x839.jpg\" width=\"620\" height=\"839\" \/><\/a><p id=\"caption-attachment-863\" class=\"wp-caption-text\">Rundweg(Genehmigung dr Kartengrundlage Landesvermessung Brandenburg &#8211; GBG 1\/99)<\/p><\/div>\n<p>Schon bald gr\u00fc\u00dft zwischen den Baumwipfeln der spitze Turm der\u00a0 als Denkmal gesch\u00fctzten\u00a0 evangelischen Christus-Kirche mit ihrer floralen Innenausmalung im Jugendstiel (2) Vorbei an der Marina von Gro\u00df K\u00f6ris und Restaurationen tritt man auf das alte Stra\u00dfenpflaster der Lindenstra\u00dfe. Schon f\u00e4llt der n\u00e4chste Zeitzeuge auf: die denkmalgesch\u00fctzte Zugbr\u00fccke (3) . 1786 wurde sie das erste Mal erbaut, vorher war es eine abnehmbare Bohlenbr\u00fccke. Bis heute ist sie \u201eim Dienst\u201c und der Br\u00fcckenw\u00e4rter l\u00e4sst die \u00dcberspannung zwischen Schulzensee und Gro\u00dfem Moddersee st\u00fcndlich in die H\u00f6he steigen, um so die Wasserstra\u00dfe zwischen den Teupitzer und K\u00f6riser Gew\u00e4ssern freizugeben.<\/p>\n<p>N\u00f6rdlich der Zugbr\u00fccke erlangen wir den historischen Ortskern. Es sind nur wenige Geb\u00e4ude \u00fcbrig, die darauf schlie\u00dfen lassen. Dieses \u201eKopftuch-Viertel\u201c war Wohnort der Bauern und eine Br\u00fccke \u00fcber den Gro\u00df K\u00f6ris\u2018chen Kanal hatte immense Bedeutung f\u00fcr die Verbindung zwischen altem Dorfkern und dem neuerem Ortsteil s\u00fcdlich der Wasserstra\u00dfe.\u00a0 Vor allem Anfang des 20. Jahrhunderts siedelten sich entlang der Seebadstra\u00dfe Wochenendg\u00e4ste, Intellektuelle aus der Stadt und reichere B\u00fcrger an. Deshalb wird diese Seite des Ortes im Volksmund vornehm das \u201eHut-Viertel\u201c genannt.<\/p>\n<p>Das Naturdenkmal \u201eDrei Eichen\u201c am Stra\u00dfendreieck P\u00e4tzer- und Motzener Stra\u00dfe (4) hatte urspr\u00fcnglich drei stattliche Eichen, heute ist die Nummer drei bereits nachgepflanzt. Mit zunehmendem Alter werden diese B\u00e4ume f\u00fcr Insekten interessant, vor allem der Heldbock oder Gro\u00dfer Eichbock, findet in den alten Baumriesen seinen Lebensraum.<\/p>\n<p>Wir folgen der Motzener Stra\u00dfe und langsam bleibt der Ort hinter uns. Nach Westen biegen wir in den Gr\u00fcnen Weg ab, k\u00f6nnen bald den Gro\u00dfen Ro\u00dfkardtsee zwischen B\u00e4umen ersp\u00e4hen und finden M\u00f6glichkeiten, an sein Ufer zu treten (5). Mit fast 20 Meter Tiefe ist er ein beliebter Badesee.<\/p>\n<p>Dem aufmerksamen Wanderer fallen nicht nur B\u00e4ume stattlichen Alters auf, er nimmt auch unterschiedliche Waldbilder wahr. Neben dem klassischen Stangenforst sehen wir reichlich frischen Jungaufwuchs. Die Landschaft selbst zeigt sich sanft h\u00fcgelig und wir wissen, es handelt sich um Endmor\u00e4nen aus eisigen Zeiten.<\/p>\n<p>Wir erreichen die Bahnstrecke Berlin-Cottbus. In s\u00fcdwestlicher Richtung erstreckt sich die K\u00f6riser Mochheide. Moch ist ein alter Begriff f\u00fcr Moos. Fr\u00fcher wurden von\u00a0 solchen Fl\u00e4chen\u00a0 Nadeln, Flechten und Moose als Einstreu f\u00fcr den Stall zusammen geharkt. Die Senken in \u00f6stliche Richtung sind mit Erlenbruch und Laubwald bewachsenen. Sie geh\u00f6rten urspr\u00fcnglich zur Seenfl\u00e4che, die im Laufe vieler Jahre verlandet ist.<\/p>\n<p>Auf dem sandigen, trockenen Bahndamm findet sich ein besonderer Lebensraum: Sandrasen.\u00a0 In den n\u00e4chsten Jahren widmet sich das Projekt \u201eLIFE Sandrasen im Dahme-Seengebiet\u201c diesen selten gewordenen Trockenfl\u00e4chen. Die hier ans\u00e4ssigen Pflanzen und Tiere sind wahre \u00dcberlebensk\u00fcnstler, die mit extremen Bedingungen klar kommen. Stellvertretend sei die Sandstrohblume, auch Immortelle genannt. Trotz sengender Hitze und Trockenheit leuchten\u00a0 ihre gelben Bl\u00fcten durch den Sommer. Viele K\u00e4fer, Schmetterlinge und Heuschrecken nutzen\u00a0 solche Pflanzen als Nahrungsquellen.\u00a0 Eine Tafel zum Naturschutzprojekt \u201eSandrasen\u201c informiert hier \u00fcber die Entstehung der zu sch\u00fctzenden Lebensr\u00e4ume (6).<\/p>\n<p><a href=\"https:\/\/www.naturparkmagazin.de\/dahme-heideseen\/wp-content\/uploads\/sites\/37\/Bauernkiefer_Hofjagdweg_web.jpg\"><img decoding=\"async\" loading=\"lazy\" class=\"aligncenter size-medium wp-image-865\" alt=\"Bauernkiefer_Hofjagdweg_web\" src=\"https:\/\/www.naturparkmagazin.de\/dahme-heideseen\/wp-content\/uploads\/sites\/37\/Bauernkiefer_Hofjagdweg_web-620x414.jpg\" width=\"620\" height=\"414\" \/><\/a><\/p>\n<p>Dem Weg folgend begegnen uns dicke, alte Bauern-Kiefern (7). Sie erz\u00e4hlen von fr\u00fcherer Waldnutzung durch die hier ans\u00e4ssigen Bauern.\u00a0 Auf der Strecke bis zum G\u00fcldensee kommt man an weiteren trockenen Wiesenfl\u00e4chen vorbei, sogenannten Sandschellen. Fast unmerklich umrunden wir hier den Kleinen Ro\u00dfkardtsee, dessen Ufer vollst\u00e4ndig bebaut sind.<\/p>\n<p>Ein kurzes St\u00fcck des Weges, etwa 60 Meter, folgen wir der\u00a0 \u201eMotzener Stra\u00dfe\u201c\u00a0 und halten uns dann der Ausschilderung folgend\u00a0 in nordwestliche Richtung.\u00a0 Hier treffen wir erneut auf eine typische Sandrasen-Fl\u00e4che und dann entf\u00fchrt uns der Weg in den Trauben-Eichen-Kiefernwald (8). Auf einem idyllischen Uferweg umrunden wir den G\u00fcldensee. Mit sehr geringer Wassertiefe l\u00e4dt er nicht zum Baden ein, doch Seerosen und Schw\u00e4ne f\u00fchlen sich wohl. Am Nordufer kommen wir an Resten alter Anlagen aus der Zeit vor 1945 vorbei. Viel sch\u00f6ner jedoch ist der Ausblick auf den G\u00fcldensee, der ab und an durch die B\u00e4ume blinkt (9).<\/p>\n<p>Am Ostufer des G\u00fcldensees erreichen wir wieder die Motzener Stra\u00dfe. Sie ist Teil des Hofjagdweges. Entlang des asphaltierten Radweges kann man auf Spuren preu\u00dfischer Geschichte von K\u00f6nigs Wusterhausen bis in den Spreewald unterwegs sein. Auf dem R\u00fcckweg nach Gro\u00df K\u00f6ris erblicken wir hin und wieder stattliche dicke Bauern-Kiefern. Und die Lachten in den alten Harzb\u00e4umen (10) auf den D\u00fcnenz\u00fcgen erz\u00e4hlen aus der sozialistischen Forstwirtschaft. So schreiben die verschiedenen Waldbilder ihr eigenes Geschichtsbuch!<\/p>\n<p><a href=\"https:\/\/www.naturparkmagazin.de\/dahme-heideseen\/wp-content\/uploads\/sites\/37\/Ro\u00dfkardtsee_web.jpg\"><img decoding=\"async\" loading=\"lazy\" class=\"aligncenter size-medium wp-image-864\" alt=\"Ro\u00dfkardtsee_web\" src=\"https:\/\/www.naturparkmagazin.de\/dahme-heideseen\/wp-content\/uploads\/sites\/37\/Ro\u00dfkardtsee_web-620x414.jpg\" width=\"620\" height=\"414\" \/><\/a><\/p>\n<p>&nbsp;<\/p>\n","protected":false},"excerpt":{"rendered":"<p>In diesem Jahr wurde ein neuer Wanderweg im Naturpark ausgewiesen. Er f\u00fchrt rund um die Heideseen von Gro\u00df K\u00f6ris. Beginnend am Bahof geht es zuerst durch den Ort bis zur denkmalgesch\u00fctzten Zugbr\u00fccke.<\/p>\n","protected":false},"author":48,"featured_media":865,"comment_status":"open","ping_status":"open","sticky":false,"template":"","format":"standard","meta":[],"categories":[617],"tags":[],"yoast_head":"<!-- This site is optimized with the Yoast SEO plugin v19.10 - https:\/\/yoast.com\/wordpress\/plugins\/seo\/ -->\n<title>Wandertipp zwischen den Jahren: &quot;Rund um die Heideseen von Gro\u00df K\u00f6ris&quot; - Naturpark Dahme-Heideseen<\/title>\n<meta name=\"robots\" content=\"index, follow, max-snippet:-1, max-image-preview:large, max-video-preview:-1\" \/>\n<link rel=\"canonical\" href=\"https:\/\/www.naturparkmagazin.de\/dahme-heideseen\/wandertipp-zwischen-den-jahren-rund-um-die-heideseen-von-gross-koeris\/\" \/>\n<meta property=\"og:locale\" content=\"de_DE\" \/>\n<meta property=\"og:type\" content=\"article\" \/>\n<meta property=\"og:title\" content=\"Wandertipp zwischen den Jahren: &quot;Rund um die Heideseen von Gro\u00df K\u00f6ris&quot; - Naturpark Dahme-Heideseen\" \/>\n<meta property=\"og:description\" content=\"In diesem Jahr wurde ein neuer Wanderweg im Naturpark ausgewiesen. Er f\u00fchrt rund um die Heideseen von Gro\u00df K\u00f6ris. Beginnend am Bahof geht es zuerst durch den Ort bis zur denkmalgesch\u00fctzten Zugbr\u00fccke.\" \/>\n<meta property=\"og:url\" content=\"https:\/\/www.naturparkmagazin.de\/dahme-heideseen\/wandertipp-zwischen-den-jahren-rund-um-die-heideseen-von-gross-koeris\/\" \/>\n<meta property=\"og:site_name\" content=\"Naturpark Dahme-Heideseen\" \/>\n<meta property=\"article:published_time\" content=\"2014-12-18T14:50:09+00:00\" \/>\n<meta property=\"og:image\" content=\"https:\/\/www.naturparkmagazin.de\/dahme-heideseen\/wp-content\/uploads\/sites\/37\/Bauernkiefer_Hofjagdweg_web.jpg\" \/>\n\t<meta property=\"og:image:width\" content=\"640\" \/>\n\t<meta property=\"og:image:height\" content=\"428\" \/>\n\t<meta property=\"og:image:type\" content=\"image\/jpeg\" \/>\n<meta name=\"author\" content=\"hanssonnenberg\" \/>\n<meta name=\"twitter:label1\" content=\"Verfasst von\" \/>\n\t<meta name=\"twitter:data1\" content=\"hanssonnenberg\" \/>\n\t<meta name=\"twitter:label2\" content=\"Gesch\u00e4tzte Lesezeit\" \/>\n\t<meta name=\"twitter:data2\" content=\"5\u00a0Minuten\" \/>\n<script type=\"application\/ld+json\" class=\"yoast-schema-graph\">{\"@context\":\"https:\/\/schema.org\",\"@graph\":[{\"@type\":\"WebPage\",\"@id\":\"https:\/\/www.naturparkmagazin.de\/dahme-heideseen\/wandertipp-zwischen-den-jahren-rund-um-die-heideseen-von-gross-koeris\/\",\"url\":\"https:\/\/www.naturparkmagazin.de\/dahme-heideseen\/wandertipp-zwischen-den-jahren-rund-um-die-heideseen-von-gross-koeris\/\",\"name\":\"Wandertipp zwischen den Jahren: \\\"Rund um die Heideseen von Gro\u00df K\u00f6ris\\\" - Naturpark Dahme-Heideseen\",\"isPartOf\":{\"@id\":\"https:\/\/www.naturparkmagazin.de\/dahme-heideseen\/#website\"},\"datePublished\":\"2014-12-18T14:50:09+00:00\",\"dateModified\":\"2014-12-18T14:50:09+00:00\",\"author\":{\"@id\":\"https:\/\/www.naturparkmagazin.de\/dahme-heideseen\/#\/schema\/person\/c81c96c3a1f5ee7bffff8b8022c105f0\"},\"breadcrumb\":{\"@id\":\"https:\/\/www.naturparkmagazin.de\/dahme-heideseen\/wandertipp-zwischen-den-jahren-rund-um-die-heideseen-von-gross-koeris\/#breadcrumb\"},\"inLanguage\":\"de\",\"potentialAction\":[{\"@type\":\"ReadAction\",\"target\":[\"https:\/\/www.naturparkmagazin.de\/dahme-heideseen\/wandertipp-zwischen-den-jahren-rund-um-die-heideseen-von-gross-koeris\/\"]}]},{\"@type\":\"BreadcrumbList\",\"@id\":\"https:\/\/www.naturparkmagazin.de\/dahme-heideseen\/wandertipp-zwischen-den-jahren-rund-um-die-heideseen-von-gross-koeris\/#breadcrumb\",\"itemListElement\":[{\"@type\":\"ListItem\",\"position\":1,\"name\":\"Home\",\"item\":\"https:\/\/www.naturparkmagazin.de\/dahme-heideseen\/\"},{\"@type\":\"ListItem\",\"position\":2,\"name\":\"Wandertipp zwischen den Jahren: &#8222;Rund um die Heideseen von Gro\u00df K\u00f6ris&#8220;\"}]},{\"@type\":\"WebSite\",\"@id\":\"https:\/\/www.naturparkmagazin.de\/dahme-heideseen\/#website\",\"url\":\"https:\/\/www.naturparkmagazin.de\/dahme-heideseen\/\",\"name\":\"Naturpark Dahme-Heideseen\",\"description\":\"\",\"potentialAction\":[{\"@type\":\"SearchAction\",\"target\":{\"@type\":\"EntryPoint\",\"urlTemplate\":\"https:\/\/www.naturparkmagazin.de\/dahme-heideseen\/?s={search_term_string}\"},\"query-input\":\"required name=search_term_string\"}],\"inLanguage\":\"de\"},{\"@type\":\"Person\",\"@id\":\"https:\/\/www.naturparkmagazin.de\/dahme-heideseen\/#\/schema\/person\/c81c96c3a1f5ee7bffff8b8022c105f0\",\"name\":\"hanssonnenberg\",\"url\":\"https:\/\/www.naturparkmagazin.de\/dahme-heideseen\/author\/hanssonnenberg\/\"}]}<\/script>\n<!-- \/ Yoast SEO plugin. -->","yoast_head_json":{"title":"Wandertipp zwischen den Jahren: \"Rund um die Heideseen von Gro\u00df K\u00f6ris\" - Naturpark Dahme-Heideseen","robots":{"index":"index","follow":"follow","max-snippet":"max-snippet:-1","max-image-preview":"max-image-preview:large","max-video-preview":"max-video-preview:-1"},"canonical":"https:\/\/www.naturparkmagazin.de\/dahme-heideseen\/wandertipp-zwischen-den-jahren-rund-um-die-heideseen-von-gross-koeris\/","og_locale":"de_DE","og_type":"article","og_title":"Wandertipp zwischen den Jahren: \"Rund um die Heideseen von Gro\u00df K\u00f6ris\" - Naturpark Dahme-Heideseen","og_description":"In diesem Jahr wurde ein neuer Wanderweg im Naturpark ausgewiesen. Er f\u00fchrt rund um die Heideseen von Gro\u00df K\u00f6ris. Beginnend am Bahof geht es zuerst durch den Ort bis zur denkmalgesch\u00fctzten Zugbr\u00fccke.","og_url":"https:\/\/www.naturparkmagazin.de\/dahme-heideseen\/wandertipp-zwischen-den-jahren-rund-um-die-heideseen-von-gross-koeris\/","og_site_name":"Naturpark Dahme-Heideseen","article_published_time":"2014-12-18T14:50:09+00:00","og_image":[{"width":640,"height":428,"url":"https:\/\/www.naturparkmagazin.de\/dahme-heideseen\/wp-content\/uploads\/sites\/37\/Bauernkiefer_Hofjagdweg_web.jpg","type":"image\/jpeg"}],"author":"hanssonnenberg","twitter_misc":{"Verfasst von":"hanssonnenberg","Gesch\u00e4tzte Lesezeit":"5\u00a0Minuten"},"schema":{"@context":"https:\/\/schema.org","@graph":[{"@type":"WebPage","@id":"https:\/\/www.naturparkmagazin.de\/dahme-heideseen\/wandertipp-zwischen-den-jahren-rund-um-die-heideseen-von-gross-koeris\/","url":"https:\/\/www.naturparkmagazin.de\/dahme-heideseen\/wandertipp-zwischen-den-jahren-rund-um-die-heideseen-von-gross-koeris\/","name":"Wandertipp zwischen den Jahren: \"Rund um die Heideseen von Gro\u00df K\u00f6ris\" - Naturpark Dahme-Heideseen","isPartOf":{"@id":"https:\/\/www.naturparkmagazin.de\/dahme-heideseen\/#website"},"datePublished":"2014-12-18T14:50:09+00:00","dateModified":"2014-12-18T14:50:09+00:00","author":{"@id":"https:\/\/www.naturparkmagazin.de\/dahme-heideseen\/#\/schema\/person\/c81c96c3a1f5ee7bffff8b8022c105f0"},"breadcrumb":{"@id":"https:\/\/www.naturparkmagazin.de\/dahme-heideseen\/wandertipp-zwischen-den-jahren-rund-um-die-heideseen-von-gross-koeris\/#breadcrumb"},"inLanguage":"de","potentialAction":[{"@type":"ReadAction","target":["https:\/\/www.naturparkmagazin.de\/dahme-heideseen\/wandertipp-zwischen-den-jahren-rund-um-die-heideseen-von-gross-koeris\/"]}]},{"@type":"BreadcrumbList","@id":"https:\/\/www.naturparkmagazin.de\/dahme-heideseen\/wandertipp-zwischen-den-jahren-rund-um-die-heideseen-von-gross-koeris\/#breadcrumb","itemListElement":[{"@type":"ListItem","position":1,"name":"Home","item":"https:\/\/www.naturparkmagazin.de\/dahme-heideseen\/"},{"@type":"ListItem","position":2,"name":"Wandertipp zwischen den Jahren: &#8222;Rund um die Heideseen von Gro\u00df K\u00f6ris&#8220;"}]},{"@type":"WebSite","@id":"https:\/\/www.naturparkmagazin.de\/dahme-heideseen\/#website","url":"https:\/\/www.naturparkmagazin.de\/dahme-heideseen\/","name":"Naturpark Dahme-Heideseen","description":"","potentialAction":[{"@type":"SearchAction","target":{"@type":"EntryPoint","urlTemplate":"https:\/\/www.naturparkmagazin.de\/dahme-heideseen\/?s={search_term_string}"},"query-input":"required name=search_term_string"}],"inLanguage":"de"},{"@type":"Person","@id":"https:\/\/www.naturparkmagazin.de\/dahme-heideseen\/#\/schema\/person\/c81c96c3a1f5ee7bffff8b8022c105f0","name":"hanssonnenberg","url":"https:\/\/www.naturparkmagazin.de\/dahme-heideseen\/author\/hanssonnenberg\/"}]}},"_links":{"self":[{"href":"https:\/\/www.naturparkmagazin.de\/dahme-heideseen\/wp-json\/wp\/v2\/posts\/862"}],"collection":[{"href":"https:\/\/www.naturparkmagazin.de\/dahme-heideseen\/wp-json\/wp\/v2\/posts"}],"about":[{"href":"https:\/\/www.naturparkmagazin.de\/dahme-heideseen\/wp-json\/wp\/v2\/types\/post"}],"author":[{"embeddable":true,"href":"https:\/\/www.naturparkmagazin.de\/dahme-heideseen\/wp-json\/wp\/v2\/users\/48"}],"replies":[{"embeddable":true,"href":"https:\/\/www.naturparkmagazin.de\/dahme-heideseen\/wp-json\/wp\/v2\/comments?post=862"}],"version-history":[{"count":1,"href":"https:\/\/www.naturparkmagazin.de\/dahme-heideseen\/wp-json\/wp\/v2\/posts\/862\/revisions"}],"predecessor-version":[{"id":866,"href":"https:\/\/www.naturparkmagazin.de\/dahme-heideseen\/wp-json\/wp\/v2\/posts\/862\/revisions\/866"}],"wp:featuredmedia":[{"embeddable":true,"href":"https:\/\/www.naturparkmagazin.de\/dahme-heideseen\/wp-json\/wp\/v2\/media\/865"}],"wp:attachment":[{"href":"https:\/\/www.naturparkmagazin.de\/dahme-heideseen\/wp-json\/wp\/v2\/media?parent=862"}],"wp:term":[{"taxonomy":"category","embeddable":true,"href":"https:\/\/www.naturparkmagazin.de\/dahme-heideseen\/wp-json\/wp\/v2\/categories?post=862"},{"taxonomy":"post_tag","embeddable":true,"href":"https:\/\/www.naturparkmagazin.de\/dahme-heideseen\/wp-json\/wp\/v2\/tags?post=862"}],"curies":[{"name":"wp","href":"https:\/\/api.w.org\/{rel}","templated":true}]}}