{"id":901,"date":"2015-02-18T16:05:43","date_gmt":"2015-02-18T15:05:43","guid":{"rendered":"http:\/\/www.naturparkmagazin.de\/dahme-heideseen\/?p=901"},"modified":"2015-02-25T13:24:11","modified_gmt":"2015-02-25T12:24:11","slug":"die-wunderwelt-unserer-heimischen-schmetterlinge-libellen-und-kaefer","status":"publish","type":"post","link":"https:\/\/www.naturparkmagazin.de\/dahme-heideseen\/die-wunderwelt-unserer-heimischen-schmetterlinge-libellen-und-kaefer\/","title":{"rendered":"Die Wunderwelt unserer heimischen Schmetterlinge, Libellen und K\u00e4fer"},"content":{"rendered":"<p>Lichtbildervortrag von Anneli Kr\u00e4mer am 22. M\u00e4rz 2015\u00a0in der Dankeskirche in Halbe<!--more-->Die Naturfotografin Annelie Kr\u00e4mer begann 2005, Schmetterlinge, Insekten und K\u00e4fer in ihrer heimischen Umgebung, das ist vor allem die Landschaft vom s\u00fcdlichen Berliner Stadtrand bis in den Raum um M\u00fcnchehofe zu fotografieren. Zum besseren Verst\u00e4ndnis der Lebensweise von Schmetterling &amp; Co. wurde sie 2011 Mitglied der Fachgruppe Entomologie beim NABU Berlin. Das Ergebnis ihres Engagements sind atemberaubende Fotografien, die auch im diesj\u00e4hrigen Jahrebuch des NABU Dahmeland und des Naturpark Dahme-Heideseen ver\u00f6ffentlicht sind.<\/p>\n<p>Die Veranstaltung ist ein Beitrag zur Unterst\u00fctzung der Restaurierung der Dankeskirche in Halbe.\nDer Eintritt ist frei, es wird aber um eine Spende f\u00fcr die Sanierung der Kirche gebeten.<\/p>\n<p><b>Gemeindesaal der Dankeskirche Halbe<\/b>\nKirchstra\u00dfe 7\n15757 Halbe\n<a id=\"maplink_4c74cb87a155b0972f352af6cc78a713\" href=\"http:\/\/eingabe.events-in-brandenburg.de\/others\/map_popup.htm?extwin=1&amp;map_longval=13.703083992004&amp;map_latval=52.104763031006&amp;map_info=%3Cb%3EGemeindesaal+der+Dankeskirche+Halbe%3C%2Fb%3E%3Cbr+%2F%3EKirchstra%26szlig%3Be+7%3Cbr+%2F%3E15757++Halbe&amp;map_routeinfo=Gemeindesaal+der+Dankeskirche+Halbe%2C+Kirchstra%26szlig%3Be+7%2C+15757++Halbe\"><\/a><\/p>\n<div id=\"attachment_902\" style=\"width: 630px\" class=\"wp-caption aligncenter\"><a href=\"https:\/\/www.naturparkmagazin.de\/dahme-heideseen\/wp-content\/uploads\/sites\/37\/libellenhochzeit-b97e3b6a-53d4-4377-a78e-ccde3c926267.jpg\"><img aria-describedby=\"caption-attachment-902\" decoding=\"async\" loading=\"lazy\" class=\"size-medium wp-image-902\" alt=\"Libellenhochzeit (Fot Anneli Kr\u00e4mer)\" src=\"https:\/\/www.naturparkmagazin.de\/dahme-heideseen\/wp-content\/uploads\/sites\/37\/libellenhochzeit-b97e3b6a-53d4-4377-a78e-ccde3c926267-620x463.jpg\" width=\"620\" height=\"463\" srcset=\"https:\/\/www.naturparkmagazin.de\/dahme-heideseen\/wp-content\/uploads\/sites\/37\/libellenhochzeit-b97e3b6a-53d4-4377-a78e-ccde3c926267-620x463.jpg 620w, https:\/\/www.naturparkmagazin.de\/dahme-heideseen\/wp-content\/uploads\/sites\/37\/libellenhochzeit-b97e3b6a-53d4-4377-a78e-ccde3c926267-300x224.jpg 300w, https:\/\/www.naturparkmagazin.de\/dahme-heideseen\/wp-content\/uploads\/sites\/37\/libellenhochzeit-b97e3b6a-53d4-4377-a78e-ccde3c926267-940x702.jpg 940w, https:\/\/www.naturparkmagazin.de\/dahme-heideseen\/wp-content\/uploads\/sites\/37\/libellenhochzeit-b97e3b6a-53d4-4377-a78e-ccde3c926267-420x315.jpg 420w, https:\/\/www.naturparkmagazin.de\/dahme-heideseen\/wp-content\/uploads\/sites\/37\/libellenhochzeit-b97e3b6a-53d4-4377-a78e-ccde3c926267-180x135.jpg 180w, https:\/\/www.naturparkmagazin.de\/dahme-heideseen\/wp-content\/uploads\/sites\/37\/libellenhochzeit-b97e3b6a-53d4-4377-a78e-ccde3c926267-95x71.jpg 95w, https:\/\/www.naturparkmagazin.de\/dahme-heideseen\/wp-content\/uploads\/sites\/37\/libellenhochzeit-b97e3b6a-53d4-4377-a78e-ccde3c926267-670x500.jpg 670w, https:\/\/www.naturparkmagazin.de\/dahme-heideseen\/wp-content\/uploads\/sites\/37\/libellenhochzeit-b97e3b6a-53d4-4377-a78e-ccde3c926267-200x149.jpg 200w, https:\/\/www.naturparkmagazin.de\/dahme-heideseen\/wp-content\/uploads\/sites\/37\/libellenhochzeit-b97e3b6a-53d4-4377-a78e-ccde3c926267.jpg 1000w\" sizes=\"(max-width: 620px) 100vw, 620px\" \/><\/a><p id=\"caption-attachment-902\" class=\"wp-caption-text\">Libellenhochzeit (Fot Anneli Kr\u00e4mer)<\/p><\/div>\n<h4><\/h4>\n<p>Kontakt F\u00f6rderverein Dankeskirche Halbe:<\/p>\n<p>Eckart K\u00f6the\nTel.: +49 (0)033765 84962\n<a href=\"mailto:eckart.koethe@freizeitheim-halbe.de\">eckart.koethe@freizeitheim-halbe.de<\/a><\/p>\n<p><a title=\"Fotos von Anneli Kr\u00e4mer\" href=\"http:\/\/www.fotocommunity.de\/fotografin\/anneli-kraemer\/434388\" target=\"_blank\">Fotos von Anneli Kr\u00e4mer<\/a><\/p>\n<p>&nbsp;<\/p>\n","protected":false},"excerpt":{"rendered":"<p>Am 22. M\u00e4rz 2015 findet in der Dankeskirche in Halbe ein Lichtbildervortrag der Naturfotografin Anneli Kr\u00e4mer statt.<\/p>\n","protected":false},"author":48,"featured_media":880,"comment_status":"open","ping_status":"open","sticky":false,"template":"","format":"standard","meta":[],"categories":[11],"tags":[],"yoast_head":"<!-- This site is optimized with the Yoast SEO plugin v19.10 - https:\/\/yoast.com\/wordpress\/plugins\/seo\/ -->\n<title>Die Wunderwelt unserer heimischen Schmetterlinge, Libellen und K\u00e4fer - Naturpark Dahme-Heideseen<\/title>\n<meta name=\"robots\" content=\"index, follow, max-snippet:-1, max-image-preview:large, max-video-preview:-1\" \/>\n<link rel=\"canonical\" href=\"https:\/\/www.naturparkmagazin.de\/dahme-heideseen\/die-wunderwelt-unserer-heimischen-schmetterlinge-libellen-und-kaefer\/\" \/>\n<meta property=\"og:locale\" content=\"de_DE\" \/>\n<meta property=\"og:type\" content=\"article\" \/>\n<meta property=\"og:title\" content=\"Die Wunderwelt unserer heimischen Schmetterlinge, Libellen und K\u00e4fer - Naturpark Dahme-Heideseen\" \/>\n<meta property=\"og:description\" content=\"Am 22. M\u00e4rz 2015 findet in der Dankeskirche in Halbe ein Lichtbildervortrag der Naturfotografin Anneli Kr\u00e4mer statt.\" \/>\n<meta property=\"og:url\" content=\"https:\/\/www.naturparkmagazin.de\/dahme-heideseen\/die-wunderwelt-unserer-heimischen-schmetterlinge-libellen-und-kaefer\/\" \/>\n<meta property=\"og:site_name\" content=\"Naturpark Dahme-Heideseen\" \/>\n<meta property=\"article:published_time\" content=\"2015-02-18T15:05:43+00:00\" \/>\n<meta property=\"article:modified_time\" content=\"2015-02-25T12:24:11+00:00\" \/>\n<meta property=\"og:image\" content=\"https:\/\/www.naturparkmagazin.de\/dahme-heideseen\/wp-content\/uploads\/sites\/37\/HH-2-blau_mail.jpg\" \/>\n\t<meta property=\"og:image:width\" content=\"1000\" \/>\n\t<meta property=\"og:image:height\" content=\"954\" \/>\n\t<meta property=\"og:image:type\" content=\"image\/jpeg\" \/>\n<meta name=\"author\" content=\"hanssonnenberg\" \/>\n<meta name=\"twitter:label1\" content=\"Verfasst von\" \/>\n\t<meta name=\"twitter:data1\" content=\"hanssonnenberg\" \/>\n\t<meta name=\"twitter:label2\" content=\"Gesch\u00e4tzte Lesezeit\" \/>\n\t<meta name=\"twitter:data2\" content=\"1\u00a0Minute\" \/>\n<script type=\"application\/ld+json\" class=\"yoast-schema-graph\">{\"@context\":\"https:\/\/schema.org\",\"@graph\":[{\"@type\":\"WebPage\",\"@id\":\"https:\/\/www.naturparkmagazin.de\/dahme-heideseen\/die-wunderwelt-unserer-heimischen-schmetterlinge-libellen-und-kaefer\/\",\"url\":\"https:\/\/www.naturparkmagazin.de\/dahme-heideseen\/die-wunderwelt-unserer-heimischen-schmetterlinge-libellen-und-kaefer\/\",\"name\":\"Die Wunderwelt unserer heimischen Schmetterlinge, Libellen und K\u00e4fer - Naturpark Dahme-Heideseen\",\"isPartOf\":{\"@id\":\"https:\/\/www.naturparkmagazin.de\/dahme-heideseen\/#website\"},\"datePublished\":\"2015-02-18T15:05:43+00:00\",\"dateModified\":\"2015-02-25T12:24:11+00:00\",\"author\":{\"@id\":\"https:\/\/www.naturparkmagazin.de\/dahme-heideseen\/#\/schema\/person\/c81c96c3a1f5ee7bffff8b8022c105f0\"},\"breadcrumb\":{\"@id\":\"https:\/\/www.naturparkmagazin.de\/dahme-heideseen\/die-wunderwelt-unserer-heimischen-schmetterlinge-libellen-und-kaefer\/#breadcrumb\"},\"inLanguage\":\"de\",\"potentialAction\":[{\"@type\":\"ReadAction\",\"target\":[\"https:\/\/www.naturparkmagazin.de\/dahme-heideseen\/die-wunderwelt-unserer-heimischen-schmetterlinge-libellen-und-kaefer\/\"]}]},{\"@type\":\"BreadcrumbList\",\"@id\":\"https:\/\/www.naturparkmagazin.de\/dahme-heideseen\/die-wunderwelt-unserer-heimischen-schmetterlinge-libellen-und-kaefer\/#breadcrumb\",\"itemListElement\":[{\"@type\":\"ListItem\",\"position\":1,\"name\":\"Home\",\"item\":\"https:\/\/www.naturparkmagazin.de\/dahme-heideseen\/\"},{\"@type\":\"ListItem\",\"position\":2,\"name\":\"Die Wunderwelt unserer heimischen Schmetterlinge, Libellen und K\u00e4fer\"}]},{\"@type\":\"WebSite\",\"@id\":\"https:\/\/www.naturparkmagazin.de\/dahme-heideseen\/#website\",\"url\":\"https:\/\/www.naturparkmagazin.de\/dahme-heideseen\/\",\"name\":\"Naturpark Dahme-Heideseen\",\"description\":\"\",\"potentialAction\":[{\"@type\":\"SearchAction\",\"target\":{\"@type\":\"EntryPoint\",\"urlTemplate\":\"https:\/\/www.naturparkmagazin.de\/dahme-heideseen\/?s={search_term_string}\"},\"query-input\":\"required name=search_term_string\"}],\"inLanguage\":\"de\"},{\"@type\":\"Person\",\"@id\":\"https:\/\/www.naturparkmagazin.de\/dahme-heideseen\/#\/schema\/person\/c81c96c3a1f5ee7bffff8b8022c105f0\",\"name\":\"hanssonnenberg\",\"url\":\"https:\/\/www.naturparkmagazin.de\/dahme-heideseen\/author\/hanssonnenberg\/\"}]}<\/script>\n<!-- \/ Yoast SEO plugin. -->","yoast_head_json":{"title":"Die Wunderwelt unserer heimischen Schmetterlinge, Libellen und K\u00e4fer - Naturpark Dahme-Heideseen","robots":{"index":"index","follow":"follow","max-snippet":"max-snippet:-1","max-image-preview":"max-image-preview:large","max-video-preview":"max-video-preview:-1"},"canonical":"https:\/\/www.naturparkmagazin.de\/dahme-heideseen\/die-wunderwelt-unserer-heimischen-schmetterlinge-libellen-und-kaefer\/","og_locale":"de_DE","og_type":"article","og_title":"Die Wunderwelt unserer heimischen Schmetterlinge, Libellen und K\u00e4fer - Naturpark Dahme-Heideseen","og_description":"Am 22. M\u00e4rz 2015 findet in der Dankeskirche in Halbe ein Lichtbildervortrag der Naturfotografin Anneli Kr\u00e4mer statt.","og_url":"https:\/\/www.naturparkmagazin.de\/dahme-heideseen\/die-wunderwelt-unserer-heimischen-schmetterlinge-libellen-und-kaefer\/","og_site_name":"Naturpark Dahme-Heideseen","article_published_time":"2015-02-18T15:05:43+00:00","article_modified_time":"2015-02-25T12:24:11+00:00","og_image":[{"width":1000,"height":954,"url":"https:\/\/www.naturparkmagazin.de\/dahme-heideseen\/wp-content\/uploads\/sites\/37\/HH-2-blau_mail.jpg","type":"image\/jpeg"}],"author":"hanssonnenberg","twitter_misc":{"Verfasst von":"hanssonnenberg","Gesch\u00e4tzte Lesezeit":"1\u00a0Minute"},"schema":{"@context":"https:\/\/schema.org","@graph":[{"@type":"WebPage","@id":"https:\/\/www.naturparkmagazin.de\/dahme-heideseen\/die-wunderwelt-unserer-heimischen-schmetterlinge-libellen-und-kaefer\/","url":"https:\/\/www.naturparkmagazin.de\/dahme-heideseen\/die-wunderwelt-unserer-heimischen-schmetterlinge-libellen-und-kaefer\/","name":"Die Wunderwelt unserer heimischen Schmetterlinge, Libellen und K\u00e4fer - Naturpark Dahme-Heideseen","isPartOf":{"@id":"https:\/\/www.naturparkmagazin.de\/dahme-heideseen\/#website"},"datePublished":"2015-02-18T15:05:43+00:00","dateModified":"2015-02-25T12:24:11+00:00","author":{"@id":"https:\/\/www.naturparkmagazin.de\/dahme-heideseen\/#\/schema\/person\/c81c96c3a1f5ee7bffff8b8022c105f0"},"breadcrumb":{"@id":"https:\/\/www.naturparkmagazin.de\/dahme-heideseen\/die-wunderwelt-unserer-heimischen-schmetterlinge-libellen-und-kaefer\/#breadcrumb"},"inLanguage":"de","potentialAction":[{"@type":"ReadAction","target":["https:\/\/www.naturparkmagazin.de\/dahme-heideseen\/die-wunderwelt-unserer-heimischen-schmetterlinge-libellen-und-kaefer\/"]}]},{"@type":"BreadcrumbList","@id":"https:\/\/www.naturparkmagazin.de\/dahme-heideseen\/die-wunderwelt-unserer-heimischen-schmetterlinge-libellen-und-kaefer\/#breadcrumb","itemListElement":[{"@type":"ListItem","position":1,"name":"Home","item":"https:\/\/www.naturparkmagazin.de\/dahme-heideseen\/"},{"@type":"ListItem","position":2,"name":"Die Wunderwelt unserer heimischen Schmetterlinge, Libellen und K\u00e4fer"}]},{"@type":"WebSite","@id":"https:\/\/www.naturparkmagazin.de\/dahme-heideseen\/#website","url":"https:\/\/www.naturparkmagazin.de\/dahme-heideseen\/","name":"Naturpark Dahme-Heideseen","description":"","potentialAction":[{"@type":"SearchAction","target":{"@type":"EntryPoint","urlTemplate":"https:\/\/www.naturparkmagazin.de\/dahme-heideseen\/?s={search_term_string}"},"query-input":"required name=search_term_string"}],"inLanguage":"de"},{"@type":"Person","@id":"https:\/\/www.naturparkmagazin.de\/dahme-heideseen\/#\/schema\/person\/c81c96c3a1f5ee7bffff8b8022c105f0","name":"hanssonnenberg","url":"https:\/\/www.naturparkmagazin.de\/dahme-heideseen\/author\/hanssonnenberg\/"}]}},"_links":{"self":[{"href":"https:\/\/www.naturparkmagazin.de\/dahme-heideseen\/wp-json\/wp\/v2\/posts\/901"}],"collection":[{"href":"https:\/\/www.naturparkmagazin.de\/dahme-heideseen\/wp-json\/wp\/v2\/posts"}],"about":[{"href":"https:\/\/www.naturparkmagazin.de\/dahme-heideseen\/wp-json\/wp\/v2\/types\/post"}],"author":[{"embeddable":true,"href":"https:\/\/www.naturparkmagazin.de\/dahme-heideseen\/wp-json\/wp\/v2\/users\/48"}],"replies":[{"embeddable":true,"href":"https:\/\/www.naturparkmagazin.de\/dahme-heideseen\/wp-json\/wp\/v2\/comments?post=901"}],"version-history":[{"count":4,"href":"https:\/\/www.naturparkmagazin.de\/dahme-heideseen\/wp-json\/wp\/v2\/posts\/901\/revisions"}],"predecessor-version":[{"id":932,"href":"https:\/\/www.naturparkmagazin.de\/dahme-heideseen\/wp-json\/wp\/v2\/posts\/901\/revisions\/932"}],"wp:featuredmedia":[{"embeddable":true,"href":"https:\/\/www.naturparkmagazin.de\/dahme-heideseen\/wp-json\/wp\/v2\/media\/880"}],"wp:attachment":[{"href":"https:\/\/www.naturparkmagazin.de\/dahme-heideseen\/wp-json\/wp\/v2\/media?parent=901"}],"wp:term":[{"taxonomy":"category","embeddable":true,"href":"https:\/\/www.naturparkmagazin.de\/dahme-heideseen\/wp-json\/wp\/v2\/categories?post=901"},{"taxonomy":"post_tag","embeddable":true,"href":"https:\/\/www.naturparkmagazin.de\/dahme-heideseen\/wp-json\/wp\/v2\/tags?post=901"}],"curies":[{"name":"wp","href":"https:\/\/api.w.org\/{rel}","templated":true}]}}