{"id":911,"date":"2015-02-18T15:56:03","date_gmt":"2015-02-18T14:56:03","guid":{"rendered":"http:\/\/www.naturparkmagazin.de\/dahme-heideseen\/?p=911"},"modified":"2015-02-24T13:27:03","modified_gmt":"2015-02-24T12:27:03","slug":"der-sand-wird-auf-der-duene-freigelegt","status":"publish","type":"post","link":"https:\/\/www.naturparkmagazin.de\/dahme-heideseen\/der-sand-wird-auf-der-duene-freigelegt\/","title":{"rendered":"Auf der Binnend\u00fcne wird der Sand freigelegt"},"content":{"rendered":"<p>Durch Freilegen von Sandbodenbereichen sollen sich wieder seltene Trockenrasenarten ansiedeln.<!--more-->Die Binnend\u00fcne Waltersberge bei Storkow geh\u00f6rt zu den bedeutendsten Schutzgebieten f\u00fcr Sand- und Offenlandlebensr\u00e4ume in Brandenburg. Vor einigen Jahren wurden auf gro\u00dfen Fl\u00e4chen des 17 Hektar umfassenden Schutzgebiets von aufgewachsene und aufgeforstete Kiefern entfernt.<\/p>\n<div id=\"attachment_913\" style=\"width: 630px\" class=\"wp-caption aligncenter\"><a href=\"https:\/\/www.naturparkmagazin.de\/dahme-heideseen\/wp-content\/uploads\/sites\/37\/Plaggen_Duene_web2.jpg\"><img aria-describedby=\"caption-attachment-913\" decoding=\"async\" loading=\"lazy\" class=\"size-medium wp-image-913\" alt=\"Freilegen der D\u00fcnenbereiche (Foto: Hans Sonnenberg)\" src=\"https:\/\/www.naturparkmagazin.de\/dahme-heideseen\/wp-content\/uploads\/sites\/37\/Plaggen_Duene_web2-620x465.jpg\" width=\"620\" height=\"465\" srcset=\"https:\/\/www.naturparkmagazin.de\/dahme-heideseen\/wp-content\/uploads\/sites\/37\/Plaggen_Duene_web2-620x465.jpg 620w, https:\/\/www.naturparkmagazin.de\/dahme-heideseen\/wp-content\/uploads\/sites\/37\/Plaggen_Duene_web2-300x225.jpg 300w, https:\/\/www.naturparkmagazin.de\/dahme-heideseen\/wp-content\/uploads\/sites\/37\/Plaggen_Duene_web2-580x435.jpg 580w, https:\/\/www.naturparkmagazin.de\/dahme-heideseen\/wp-content\/uploads\/sites\/37\/Plaggen_Duene_web2-420x315.jpg 420w, https:\/\/www.naturparkmagazin.de\/dahme-heideseen\/wp-content\/uploads\/sites\/37\/Plaggen_Duene_web2-180x135.jpg 180w, https:\/\/www.naturparkmagazin.de\/dahme-heideseen\/wp-content\/uploads\/sites\/37\/Plaggen_Duene_web2-95x71.jpg 95w, https:\/\/www.naturparkmagazin.de\/dahme-heideseen\/wp-content\/uploads\/sites\/37\/Plaggen_Duene_web2-200x150.jpg 200w, https:\/\/www.naturparkmagazin.de\/dahme-heideseen\/wp-content\/uploads\/sites\/37\/Plaggen_Duene_web2.jpg 640w\" sizes=\"(max-width: 620px) 100vw, 620px\" \/><\/a><p id=\"caption-attachment-913\" class=\"wp-caption-text\">Freilegen der D\u00fcnenbereiche (Foto: Hans Sonnenberg)<\/p><\/div>\n<p>Damit sich die typischen und schutzw\u00fcrdigen Tier- und Pflanzenarten auf den frei gelegten Fl\u00e4chen wieder ansiedeln k\u00f6nnen, ist es notwendig, dass die \u00fcber Jahrzehnte angesammelte Nadel- und Laubstreu von den Sandfl\u00e4chen entfernt wird. Dies ist nun auf einer Fl\u00e4che von etwa 3000 m\u00b2 geschehen. Zum Einsatz kamen Radlader, die von Fachkr\u00e4ften einer Landschaftsbaufirma in dem h\u00fcgeligen Gel\u00e4nde den Oberboden abschoben. Das Material wurde nachlie\u00dfend von den Fl\u00e4chen abgefahren.<\/p>\n<div id=\"attachment_915\" style=\"width: 630px\" class=\"wp-caption aligncenter\"><a href=\"https:\/\/www.naturparkmagazin.de\/dahme-heideseen\/wp-content\/uploads\/sites\/37\/Plaggen_Duene_web4.jpg\"><img aria-describedby=\"caption-attachment-915\" decoding=\"async\" loading=\"lazy\" class=\"size-medium wp-image-915\" alt=\"Freilegen der D\u00fcnenbereiche (Foto: Hans Sonnenberg)\" src=\"https:\/\/www.naturparkmagazin.de\/dahme-heideseen\/wp-content\/uploads\/sites\/37\/Plaggen_Duene_web4-620x465.jpg\" width=\"620\" height=\"465\" srcset=\"https:\/\/www.naturparkmagazin.de\/dahme-heideseen\/wp-content\/uploads\/sites\/37\/Plaggen_Duene_web4-620x465.jpg 620w, https:\/\/www.naturparkmagazin.de\/dahme-heideseen\/wp-content\/uploads\/sites\/37\/Plaggen_Duene_web4-300x225.jpg 300w, https:\/\/www.naturparkmagazin.de\/dahme-heideseen\/wp-content\/uploads\/sites\/37\/Plaggen_Duene_web4-580x435.jpg 580w, https:\/\/www.naturparkmagazin.de\/dahme-heideseen\/wp-content\/uploads\/sites\/37\/Plaggen_Duene_web4-420x315.jpg 420w, https:\/\/www.naturparkmagazin.de\/dahme-heideseen\/wp-content\/uploads\/sites\/37\/Plaggen_Duene_web4-180x135.jpg 180w, https:\/\/www.naturparkmagazin.de\/dahme-heideseen\/wp-content\/uploads\/sites\/37\/Plaggen_Duene_web4-95x71.jpg 95w, https:\/\/www.naturparkmagazin.de\/dahme-heideseen\/wp-content\/uploads\/sites\/37\/Plaggen_Duene_web4-200x150.jpg 200w, https:\/\/www.naturparkmagazin.de\/dahme-heideseen\/wp-content\/uploads\/sites\/37\/Plaggen_Duene_web4.jpg 640w\" sizes=\"(max-width: 620px) 100vw, 620px\" \/><\/a><p id=\"caption-attachment-915\" class=\"wp-caption-text\">Freilegen der D\u00fcnenbereiche (Foto: Hans Sonnenberg)<\/p><\/div>\n<p>Auf den Fl\u00e4chen liegen auch noch einige Geh\u00f6lzhaufen. Es sind gerodete Sp\u00e4tbl\u00fchende Traubenkischen und Hirschholunderb\u00fcsche. Diese Geh\u00f6lze haben sich in den letzten Jahren stark ausgebreitet und wurden zum Schutz der D\u00fcnenbiotope &#8222;gezogen&#8220;.<\/p>\n<div id=\"attachment_912\" style=\"width: 630px\" class=\"wp-caption aligncenter\"><a href=\"https:\/\/www.naturparkmagazin.de\/dahme-heideseen\/wp-content\/uploads\/sites\/37\/Plaggen_Duene_web.jpg\"><img aria-describedby=\"caption-attachment-912\" decoding=\"async\" loading=\"lazy\" class=\"size-medium wp-image-912\" alt=\"Freilegen der D\u00fcnenbereiche (Foto: Hans Sonnenberg)\" src=\"https:\/\/www.naturparkmagazin.de\/dahme-heideseen\/wp-content\/uploads\/sites\/37\/Plaggen_Duene_web-620x465.jpg\" width=\"620\" height=\"465\" srcset=\"https:\/\/www.naturparkmagazin.de\/dahme-heideseen\/wp-content\/uploads\/sites\/37\/Plaggen_Duene_web-620x465.jpg 620w, https:\/\/www.naturparkmagazin.de\/dahme-heideseen\/wp-content\/uploads\/sites\/37\/Plaggen_Duene_web-300x225.jpg 300w, https:\/\/www.naturparkmagazin.de\/dahme-heideseen\/wp-content\/uploads\/sites\/37\/Plaggen_Duene_web-580x435.jpg 580w, https:\/\/www.naturparkmagazin.de\/dahme-heideseen\/wp-content\/uploads\/sites\/37\/Plaggen_Duene_web-420x315.jpg 420w, https:\/\/www.naturparkmagazin.de\/dahme-heideseen\/wp-content\/uploads\/sites\/37\/Plaggen_Duene_web-180x135.jpg 180w, https:\/\/www.naturparkmagazin.de\/dahme-heideseen\/wp-content\/uploads\/sites\/37\/Plaggen_Duene_web-95x71.jpg 95w, https:\/\/www.naturparkmagazin.de\/dahme-heideseen\/wp-content\/uploads\/sites\/37\/Plaggen_Duene_web-200x150.jpg 200w, https:\/\/www.naturparkmagazin.de\/dahme-heideseen\/wp-content\/uploads\/sites\/37\/Plaggen_Duene_web.jpg 640w\" sizes=\"(max-width: 620px) 100vw, 620px\" \/><\/a><p id=\"caption-attachment-912\" class=\"wp-caption-text\">Freilegen der D\u00fcnenbereiche (Foto: Hans Sonnenberg)<\/p><\/div>\n<p>Die Naturschutzma\u00dfnahme ist Bestandteil des europ\u00e4ischen Naturschutzprojets <a title=\"Life Sandrasen\" href=\"http:\/\/www.sandrasen.de\/\" target=\"_blank\">&#8222;Life Sandrasen im dahme-Seengebiet&#8220;<\/a><\/p>\n<p><a title=\"MOZ Beeskow Binnend\u00fcne\" href=\"http:\/\/www.moz.de\/artikel-ansicht\/dg\/0\/1\/1367606\" target=\"_blank\">Beitrag in der M\u00e4rkischen Oderzeitung<\/a><\/p>\n<p>&nbsp;<\/p>\n<p>&nbsp;<\/p>\n<p>&nbsp;<\/p>\n","protected":false},"excerpt":{"rendered":"<p>Die Binnend\u00fcne Waltersberge bei Storkow geh\u00f6rt zu den bedeutendsten Schutzgebieten f\u00fcr Sand- und Offenlandlebensr\u00e4ume in Brandenburg.<\/p>\n","protected":false},"author":48,"featured_media":915,"comment_status":"open","ping_status":"open","sticky":false,"template":"","format":"standard","meta":[],"categories":[7],"tags":[],"yoast_head":"<!-- This site is optimized with the Yoast SEO plugin v19.10 - https:\/\/yoast.com\/wordpress\/plugins\/seo\/ -->\n<title>Auf der Binnend\u00fcne wird der Sand freigelegt - Naturpark Dahme-Heideseen<\/title>\n<meta name=\"robots\" content=\"index, follow, max-snippet:-1, max-image-preview:large, max-video-preview:-1\" \/>\n<link rel=\"canonical\" href=\"https:\/\/www.naturparkmagazin.de\/dahme-heideseen\/der-sand-wird-auf-der-duene-freigelegt\/\" \/>\n<meta property=\"og:locale\" content=\"de_DE\" \/>\n<meta property=\"og:type\" content=\"article\" \/>\n<meta property=\"og:title\" content=\"Auf der Binnend\u00fcne wird der Sand freigelegt - Naturpark Dahme-Heideseen\" \/>\n<meta property=\"og:description\" content=\"Die Binnend\u00fcne Waltersberge bei Storkow geh\u00f6rt zu den bedeutendsten Schutzgebieten f\u00fcr Sand- und Offenlandlebensr\u00e4ume in Brandenburg.\" \/>\n<meta property=\"og:url\" content=\"https:\/\/www.naturparkmagazin.de\/dahme-heideseen\/der-sand-wird-auf-der-duene-freigelegt\/\" \/>\n<meta property=\"og:site_name\" content=\"Naturpark Dahme-Heideseen\" \/>\n<meta property=\"article:published_time\" content=\"2015-02-18T14:56:03+00:00\" \/>\n<meta property=\"article:modified_time\" content=\"2015-02-24T12:27:03+00:00\" \/>\n<meta property=\"og:image\" content=\"https:\/\/www.naturparkmagazin.de\/dahme-heideseen\/wp-content\/uploads\/sites\/37\/Plaggen_Duene_web4.jpg\" \/>\n\t<meta property=\"og:image:width\" content=\"640\" \/>\n\t<meta property=\"og:image:height\" content=\"480\" \/>\n\t<meta property=\"og:image:type\" content=\"image\/jpeg\" \/>\n<meta name=\"author\" content=\"hanssonnenberg\" \/>\n<meta name=\"twitter:label1\" content=\"Verfasst von\" \/>\n\t<meta name=\"twitter:data1\" content=\"hanssonnenberg\" \/>\n\t<meta name=\"twitter:label2\" content=\"Gesch\u00e4tzte Lesezeit\" \/>\n\t<meta name=\"twitter:data2\" content=\"1\u00a0Minute\" \/>\n<script type=\"application\/ld+json\" class=\"yoast-schema-graph\">{\"@context\":\"https:\/\/schema.org\",\"@graph\":[{\"@type\":\"WebPage\",\"@id\":\"https:\/\/www.naturparkmagazin.de\/dahme-heideseen\/der-sand-wird-auf-der-duene-freigelegt\/\",\"url\":\"https:\/\/www.naturparkmagazin.de\/dahme-heideseen\/der-sand-wird-auf-der-duene-freigelegt\/\",\"name\":\"Auf der Binnend\u00fcne wird der Sand freigelegt - Naturpark Dahme-Heideseen\",\"isPartOf\":{\"@id\":\"https:\/\/www.naturparkmagazin.de\/dahme-heideseen\/#website\"},\"datePublished\":\"2015-02-18T14:56:03+00:00\",\"dateModified\":\"2015-02-24T12:27:03+00:00\",\"author\":{\"@id\":\"https:\/\/www.naturparkmagazin.de\/dahme-heideseen\/#\/schema\/person\/c81c96c3a1f5ee7bffff8b8022c105f0\"},\"breadcrumb\":{\"@id\":\"https:\/\/www.naturparkmagazin.de\/dahme-heideseen\/der-sand-wird-auf-der-duene-freigelegt\/#breadcrumb\"},\"inLanguage\":\"de\",\"potentialAction\":[{\"@type\":\"ReadAction\",\"target\":[\"https:\/\/www.naturparkmagazin.de\/dahme-heideseen\/der-sand-wird-auf-der-duene-freigelegt\/\"]}]},{\"@type\":\"BreadcrumbList\",\"@id\":\"https:\/\/www.naturparkmagazin.de\/dahme-heideseen\/der-sand-wird-auf-der-duene-freigelegt\/#breadcrumb\",\"itemListElement\":[{\"@type\":\"ListItem\",\"position\":1,\"name\":\"Home\",\"item\":\"https:\/\/www.naturparkmagazin.de\/dahme-heideseen\/\"},{\"@type\":\"ListItem\",\"position\":2,\"name\":\"Auf der Binnend\u00fcne wird der Sand freigelegt\"}]},{\"@type\":\"WebSite\",\"@id\":\"https:\/\/www.naturparkmagazin.de\/dahme-heideseen\/#website\",\"url\":\"https:\/\/www.naturparkmagazin.de\/dahme-heideseen\/\",\"name\":\"Naturpark Dahme-Heideseen\",\"description\":\"\",\"potentialAction\":[{\"@type\":\"SearchAction\",\"target\":{\"@type\":\"EntryPoint\",\"urlTemplate\":\"https:\/\/www.naturparkmagazin.de\/dahme-heideseen\/?s={search_term_string}\"},\"query-input\":\"required name=search_term_string\"}],\"inLanguage\":\"de\"},{\"@type\":\"Person\",\"@id\":\"https:\/\/www.naturparkmagazin.de\/dahme-heideseen\/#\/schema\/person\/c81c96c3a1f5ee7bffff8b8022c105f0\",\"name\":\"hanssonnenberg\",\"url\":\"https:\/\/www.naturparkmagazin.de\/dahme-heideseen\/author\/hanssonnenberg\/\"}]}<\/script>\n<!-- \/ Yoast SEO plugin. -->","yoast_head_json":{"title":"Auf der Binnend\u00fcne wird der Sand freigelegt - Naturpark Dahme-Heideseen","robots":{"index":"index","follow":"follow","max-snippet":"max-snippet:-1","max-image-preview":"max-image-preview:large","max-video-preview":"max-video-preview:-1"},"canonical":"https:\/\/www.naturparkmagazin.de\/dahme-heideseen\/der-sand-wird-auf-der-duene-freigelegt\/","og_locale":"de_DE","og_type":"article","og_title":"Auf der Binnend\u00fcne wird der Sand freigelegt - Naturpark Dahme-Heideseen","og_description":"Die Binnend\u00fcne Waltersberge bei Storkow geh\u00f6rt zu den bedeutendsten Schutzgebieten f\u00fcr Sand- und Offenlandlebensr\u00e4ume in Brandenburg.","og_url":"https:\/\/www.naturparkmagazin.de\/dahme-heideseen\/der-sand-wird-auf-der-duene-freigelegt\/","og_site_name":"Naturpark Dahme-Heideseen","article_published_time":"2015-02-18T14:56:03+00:00","article_modified_time":"2015-02-24T12:27:03+00:00","og_image":[{"width":640,"height":480,"url":"https:\/\/www.naturparkmagazin.de\/dahme-heideseen\/wp-content\/uploads\/sites\/37\/Plaggen_Duene_web4.jpg","type":"image\/jpeg"}],"author":"hanssonnenberg","twitter_misc":{"Verfasst von":"hanssonnenberg","Gesch\u00e4tzte Lesezeit":"1\u00a0Minute"},"schema":{"@context":"https:\/\/schema.org","@graph":[{"@type":"WebPage","@id":"https:\/\/www.naturparkmagazin.de\/dahme-heideseen\/der-sand-wird-auf-der-duene-freigelegt\/","url":"https:\/\/www.naturparkmagazin.de\/dahme-heideseen\/der-sand-wird-auf-der-duene-freigelegt\/","name":"Auf der Binnend\u00fcne wird der Sand freigelegt - Naturpark Dahme-Heideseen","isPartOf":{"@id":"https:\/\/www.naturparkmagazin.de\/dahme-heideseen\/#website"},"datePublished":"2015-02-18T14:56:03+00:00","dateModified":"2015-02-24T12:27:03+00:00","author":{"@id":"https:\/\/www.naturparkmagazin.de\/dahme-heideseen\/#\/schema\/person\/c81c96c3a1f5ee7bffff8b8022c105f0"},"breadcrumb":{"@id":"https:\/\/www.naturparkmagazin.de\/dahme-heideseen\/der-sand-wird-auf-der-duene-freigelegt\/#breadcrumb"},"inLanguage":"de","potentialAction":[{"@type":"ReadAction","target":["https:\/\/www.naturparkmagazin.de\/dahme-heideseen\/der-sand-wird-auf-der-duene-freigelegt\/"]}]},{"@type":"BreadcrumbList","@id":"https:\/\/www.naturparkmagazin.de\/dahme-heideseen\/der-sand-wird-auf-der-duene-freigelegt\/#breadcrumb","itemListElement":[{"@type":"ListItem","position":1,"name":"Home","item":"https:\/\/www.naturparkmagazin.de\/dahme-heideseen\/"},{"@type":"ListItem","position":2,"name":"Auf der Binnend\u00fcne wird der Sand freigelegt"}]},{"@type":"WebSite","@id":"https:\/\/www.naturparkmagazin.de\/dahme-heideseen\/#website","url":"https:\/\/www.naturparkmagazin.de\/dahme-heideseen\/","name":"Naturpark Dahme-Heideseen","description":"","potentialAction":[{"@type":"SearchAction","target":{"@type":"EntryPoint","urlTemplate":"https:\/\/www.naturparkmagazin.de\/dahme-heideseen\/?s={search_term_string}"},"query-input":"required name=search_term_string"}],"inLanguage":"de"},{"@type":"Person","@id":"https:\/\/www.naturparkmagazin.de\/dahme-heideseen\/#\/schema\/person\/c81c96c3a1f5ee7bffff8b8022c105f0","name":"hanssonnenberg","url":"https:\/\/www.naturparkmagazin.de\/dahme-heideseen\/author\/hanssonnenberg\/"}]}},"_links":{"self":[{"href":"https:\/\/www.naturparkmagazin.de\/dahme-heideseen\/wp-json\/wp\/v2\/posts\/911"}],"collection":[{"href":"https:\/\/www.naturparkmagazin.de\/dahme-heideseen\/wp-json\/wp\/v2\/posts"}],"about":[{"href":"https:\/\/www.naturparkmagazin.de\/dahme-heideseen\/wp-json\/wp\/v2\/types\/post"}],"author":[{"embeddable":true,"href":"https:\/\/www.naturparkmagazin.de\/dahme-heideseen\/wp-json\/wp\/v2\/users\/48"}],"replies":[{"embeddable":true,"href":"https:\/\/www.naturparkmagazin.de\/dahme-heideseen\/wp-json\/wp\/v2\/comments?post=911"}],"version-history":[{"count":4,"href":"https:\/\/www.naturparkmagazin.de\/dahme-heideseen\/wp-json\/wp\/v2\/posts\/911\/revisions"}],"predecessor-version":[{"id":925,"href":"https:\/\/www.naturparkmagazin.de\/dahme-heideseen\/wp-json\/wp\/v2\/posts\/911\/revisions\/925"}],"wp:featuredmedia":[{"embeddable":true,"href":"https:\/\/www.naturparkmagazin.de\/dahme-heideseen\/wp-json\/wp\/v2\/media\/915"}],"wp:attachment":[{"href":"https:\/\/www.naturparkmagazin.de\/dahme-heideseen\/wp-json\/wp\/v2\/media?parent=911"}],"wp:term":[{"taxonomy":"category","embeddable":true,"href":"https:\/\/www.naturparkmagazin.de\/dahme-heideseen\/wp-json\/wp\/v2\/categories?post=911"},{"taxonomy":"post_tag","embeddable":true,"href":"https:\/\/www.naturparkmagazin.de\/dahme-heideseen\/wp-json\/wp\/v2\/tags?post=911"}],"curies":[{"name":"wp","href":"https:\/\/api.w.org\/{rel}","templated":true}]}}