{"id":941,"date":"2015-03-13T14:50:10","date_gmt":"2015-03-13T13:50:10","guid":{"rendered":"http:\/\/www.naturparkmagazin.de\/dahme-heideseen\/?p=941"},"modified":"2015-03-23T11:43:48","modified_gmt":"2015-03-23T10:43:48","slug":"die-heide-flammt-auf","status":"publish","type":"post","link":"https:\/\/www.naturparkmagazin.de\/dahme-heideseen\/die-heide-flammt-auf\/","title":{"rendered":"Die Heide flammt auf"},"content":{"rendered":"<p>Zur Erhaltung \u00fcberalteterer Heidefl\u00e4chen wurden in Massow Fl\u00e4chen abgefl\u00e4mmt.<!--more-->Eines der gr\u00f6\u00dften Heidegebiete im Dahmeland befindet sich auf dem fr\u00fcheren milit\u00e4rische \u00dcbungsplatz Massow bei Freidorf. Die Heide wird hier regelm\u00e4\u00dfig mit Schafen beweidet. Trotz des Verbisses ist die Heide hier in weiten Bereichen &#8222;\u00fcberaltert&#8220; und droht abzusterben. Duch einem kontroliertem Feuereinsatz wurden nun Teilbereiche abgefl\u00e4mmt. Junge Heide kann sich nun im Fr\u00fchjahr auf der Brandfl\u00e4che entwickeln.<\/p>\n<div id=\"attachment_942\" style=\"width: 630px\" class=\"wp-caption aligncenter\"><a href=\"https:\/\/www.naturparkmagazin.de\/dahme-heideseen\/wp-content\/uploads\/sites\/37\/feuer1.jpg\"><img aria-describedby=\"caption-attachment-942\" decoding=\"async\" loading=\"lazy\" class=\"size-medium wp-image-942\" alt=\"Abfl\u00e4mmen der Heide in Massow (Foto: Sonnenberg)\" src=\"https:\/\/www.naturparkmagazin.de\/dahme-heideseen\/wp-content\/uploads\/sites\/37\/feuer1-620x415.jpg\" width=\"620\" height=\"415\" srcset=\"https:\/\/www.naturparkmagazin.de\/dahme-heideseen\/wp-content\/uploads\/sites\/37\/feuer1-620x415.jpg 620w, https:\/\/www.naturparkmagazin.de\/dahme-heideseen\/wp-content\/uploads\/sites\/37\/feuer1-300x201.jpg 300w, https:\/\/www.naturparkmagazin.de\/dahme-heideseen\/wp-content\/uploads\/sites\/37\/feuer1-940x629.jpg 940w, https:\/\/www.naturparkmagazin.de\/dahme-heideseen\/wp-content\/uploads\/sites\/37\/feuer1-670x449.jpg 670w, https:\/\/www.naturparkmagazin.de\/dahme-heideseen\/wp-content\/uploads\/sites\/37\/feuer1-200x134.jpg 200w, https:\/\/www.naturparkmagazin.de\/dahme-heideseen\/wp-content\/uploads\/sites\/37\/feuer1.jpg 1147w\" sizes=\"(max-width: 620px) 100vw, 620px\" \/><\/a><p id=\"caption-attachment-942\" class=\"wp-caption-text\">Abfl\u00e4mmen der Heide in Massow (Foto: Sonnenberg)<\/p><\/div>\n<div id=\"attachment_943\" style=\"width: 630px\" class=\"wp-caption aligncenter\"><a href=\"https:\/\/www.naturparkmagazin.de\/dahme-heideseen\/wp-content\/uploads\/sites\/37\/feuer2.jpg\"><img aria-describedby=\"caption-attachment-943\" decoding=\"async\" loading=\"lazy\" class=\"size-medium wp-image-943\" alt=\"Abfl\u00e4mmen der Heide in Massow (Foto: Sonnenberg)\" src=\"https:\/\/www.naturparkmagazin.de\/dahme-heideseen\/wp-content\/uploads\/sites\/37\/feuer2-620x415.jpg\" width=\"620\" height=\"415\" srcset=\"https:\/\/www.naturparkmagazin.de\/dahme-heideseen\/wp-content\/uploads\/sites\/37\/feuer2-620x415.jpg 620w, https:\/\/www.naturparkmagazin.de\/dahme-heideseen\/wp-content\/uploads\/sites\/37\/feuer2-300x201.jpg 300w, https:\/\/www.naturparkmagazin.de\/dahme-heideseen\/wp-content\/uploads\/sites\/37\/feuer2-940x629.jpg 940w, https:\/\/www.naturparkmagazin.de\/dahme-heideseen\/wp-content\/uploads\/sites\/37\/feuer2-670x449.jpg 670w, https:\/\/www.naturparkmagazin.de\/dahme-heideseen\/wp-content\/uploads\/sites\/37\/feuer2-200x134.jpg 200w, https:\/\/www.naturparkmagazin.de\/dahme-heideseen\/wp-content\/uploads\/sites\/37\/feuer2.jpg 1147w\" sizes=\"(max-width: 620px) 100vw, 620px\" \/><\/a><p id=\"caption-attachment-943\" class=\"wp-caption-text\">Abfl\u00e4mmen der Heide in Massow (Foto: Sonnenberg)<\/p><\/div>\n<p>Die Ma\u00dfnahme ist Bestandteil des EU-Life-Projektes &#8222;<a title=\"Lief Sandrasen\" href=\"http:\/\/www.sandrasen.de\/\" target=\"_blank\">Sandrasen im Dahme-Seengebiet<\/a>&#8220;<\/p>\n<p><a href=\"https:\/\/www.naturparkmagazin.de\/dahme-heideseen\/wp-content\/uploads\/sites\/37\/feuer3.jpg\"><img decoding=\"async\" loading=\"lazy\" class=\"aligncenter size-medium wp-image-944\" alt=\"feuer3\" src=\"https:\/\/www.naturparkmagazin.de\/dahme-heideseen\/wp-content\/uploads\/sites\/37\/feuer3-620x413.jpg\" width=\"620\" height=\"413\" srcset=\"https:\/\/www.naturparkmagazin.de\/dahme-heideseen\/wp-content\/uploads\/sites\/37\/feuer3-620x413.jpg 620w, https:\/\/www.naturparkmagazin.de\/dahme-heideseen\/wp-content\/uploads\/sites\/37\/feuer3-300x200.jpg 300w, https:\/\/www.naturparkmagazin.de\/dahme-heideseen\/wp-content\/uploads\/sites\/37\/feuer3-940x627.jpg 940w, https:\/\/www.naturparkmagazin.de\/dahme-heideseen\/wp-content\/uploads\/sites\/37\/feuer3-670x447.jpg 670w, https:\/\/www.naturparkmagazin.de\/dahme-heideseen\/wp-content\/uploads\/sites\/37\/feuer3-200x133.jpg 200w, https:\/\/www.naturparkmagazin.de\/dahme-heideseen\/wp-content\/uploads\/sites\/37\/feuer3.jpg 1152w\" sizes=\"(max-width: 620px) 100vw, 620px\" \/><\/a><\/p>\n<p>&nbsp;<\/p>\n<p>Wollen sie mehr zum Feuereinsatz im Naturschutz erfahren?: <a title=\"Feuereinsatz im Naturschutz\" href=\"http:\/\/feuereinsatz.de\/\" target=\"_blank\">Nutzung von Feuer zur Biotoppflege in Heiden, Steppen- und Trockenrasen<\/a><\/p>\n<p>&nbsp;<\/p>\n<p>Weitere Natur- und Landschaftsfotos aus dem Dahmeland finden Sie im <a title=\"Bildarchiv Nabu Dahmeland\" href=\"http:\/\/www.bildarchiv-nabu-dahmeland.de\/\" target=\"_blank\">Bildarchiv NABU Dahmeland<\/a><\/p>\n<p>&nbsp;<\/p>\n<p>&nbsp;<\/p>\n","protected":false},"excerpt":{"rendered":"<p>Eines der gr\u00f6\u00dften Heidegebiete im Dahmeland befindet sich auf dem fr\u00fcheren milit\u00e4rische \u00dcbungsplatz Massow bei Freidorf. Zur Erhaltung \u00fcberalteterer Heidefl\u00e4chen wurden in Massow Fl\u00e4chen abgefl\u00e4mmt.<\/p>\n","protected":false},"author":48,"featured_media":942,"comment_status":"open","ping_status":"open","sticky":false,"template":"","format":"standard","meta":[],"categories":[7],"tags":[],"yoast_head":"<!-- This site is optimized with the Yoast SEO plugin v19.10 - https:\/\/yoast.com\/wordpress\/plugins\/seo\/ -->\n<title>Die Heide flammt auf - Naturpark Dahme-Heideseen<\/title>\n<meta name=\"robots\" content=\"index, follow, max-snippet:-1, max-image-preview:large, max-video-preview:-1\" \/>\n<link rel=\"canonical\" href=\"https:\/\/www.naturparkmagazin.de\/dahme-heideseen\/die-heide-flammt-auf\/\" \/>\n<meta property=\"og:locale\" content=\"de_DE\" \/>\n<meta property=\"og:type\" content=\"article\" \/>\n<meta property=\"og:title\" content=\"Die Heide flammt auf - Naturpark Dahme-Heideseen\" \/>\n<meta property=\"og:description\" content=\"Eines der gr\u00f6\u00dften Heidegebiete im Dahmeland befindet sich auf dem fr\u00fcheren milit\u00e4rische \u00dcbungsplatz Massow bei Freidorf. Zur Erhaltung \u00fcberalteterer Heidefl\u00e4chen wurden in Massow Fl\u00e4chen abgefl\u00e4mmt.\" \/>\n<meta property=\"og:url\" content=\"https:\/\/www.naturparkmagazin.de\/dahme-heideseen\/die-heide-flammt-auf\/\" \/>\n<meta property=\"og:site_name\" content=\"Naturpark Dahme-Heideseen\" \/>\n<meta property=\"article:published_time\" content=\"2015-03-13T13:50:10+00:00\" \/>\n<meta property=\"article:modified_time\" content=\"2015-03-23T10:43:48+00:00\" \/>\n<meta property=\"og:image\" content=\"https:\/\/www.naturparkmagazin.de\/dahme-heideseen\/wp-content\/uploads\/sites\/37\/feuer1.jpg\" \/>\n\t<meta property=\"og:image:width\" content=\"1147\" \/>\n\t<meta property=\"og:image:height\" content=\"768\" \/>\n\t<meta property=\"og:image:type\" content=\"image\/jpeg\" \/>\n<meta name=\"author\" content=\"hanssonnenberg\" \/>\n<meta name=\"twitter:label1\" content=\"Verfasst von\" \/>\n\t<meta name=\"twitter:data1\" content=\"hanssonnenberg\" \/>\n\t<meta name=\"twitter:label2\" content=\"Gesch\u00e4tzte Lesezeit\" \/>\n\t<meta name=\"twitter:data2\" content=\"1\u00a0Minute\" \/>\n<script type=\"application\/ld+json\" class=\"yoast-schema-graph\">{\"@context\":\"https:\/\/schema.org\",\"@graph\":[{\"@type\":\"WebPage\",\"@id\":\"https:\/\/www.naturparkmagazin.de\/dahme-heideseen\/die-heide-flammt-auf\/\",\"url\":\"https:\/\/www.naturparkmagazin.de\/dahme-heideseen\/die-heide-flammt-auf\/\",\"name\":\"Die Heide flammt auf - Naturpark Dahme-Heideseen\",\"isPartOf\":{\"@id\":\"https:\/\/www.naturparkmagazin.de\/dahme-heideseen\/#website\"},\"datePublished\":\"2015-03-13T13:50:10+00:00\",\"dateModified\":\"2015-03-23T10:43:48+00:00\",\"author\":{\"@id\":\"https:\/\/www.naturparkmagazin.de\/dahme-heideseen\/#\/schema\/person\/c81c96c3a1f5ee7bffff8b8022c105f0\"},\"breadcrumb\":{\"@id\":\"https:\/\/www.naturparkmagazin.de\/dahme-heideseen\/die-heide-flammt-auf\/#breadcrumb\"},\"inLanguage\":\"de\",\"potentialAction\":[{\"@type\":\"ReadAction\",\"target\":[\"https:\/\/www.naturparkmagazin.de\/dahme-heideseen\/die-heide-flammt-auf\/\"]}]},{\"@type\":\"BreadcrumbList\",\"@id\":\"https:\/\/www.naturparkmagazin.de\/dahme-heideseen\/die-heide-flammt-auf\/#breadcrumb\",\"itemListElement\":[{\"@type\":\"ListItem\",\"position\":1,\"name\":\"Home\",\"item\":\"https:\/\/www.naturparkmagazin.de\/dahme-heideseen\/\"},{\"@type\":\"ListItem\",\"position\":2,\"name\":\"Die Heide flammt auf\"}]},{\"@type\":\"WebSite\",\"@id\":\"https:\/\/www.naturparkmagazin.de\/dahme-heideseen\/#website\",\"url\":\"https:\/\/www.naturparkmagazin.de\/dahme-heideseen\/\",\"name\":\"Naturpark Dahme-Heideseen\",\"description\":\"\",\"potentialAction\":[{\"@type\":\"SearchAction\",\"target\":{\"@type\":\"EntryPoint\",\"urlTemplate\":\"https:\/\/www.naturparkmagazin.de\/dahme-heideseen\/?s={search_term_string}\"},\"query-input\":\"required name=search_term_string\"}],\"inLanguage\":\"de\"},{\"@type\":\"Person\",\"@id\":\"https:\/\/www.naturparkmagazin.de\/dahme-heideseen\/#\/schema\/person\/c81c96c3a1f5ee7bffff8b8022c105f0\",\"name\":\"hanssonnenberg\",\"url\":\"https:\/\/www.naturparkmagazin.de\/dahme-heideseen\/author\/hanssonnenberg\/\"}]}<\/script>\n<!-- \/ Yoast SEO plugin. -->","yoast_head_json":{"title":"Die Heide flammt auf - Naturpark Dahme-Heideseen","robots":{"index":"index","follow":"follow","max-snippet":"max-snippet:-1","max-image-preview":"max-image-preview:large","max-video-preview":"max-video-preview:-1"},"canonical":"https:\/\/www.naturparkmagazin.de\/dahme-heideseen\/die-heide-flammt-auf\/","og_locale":"de_DE","og_type":"article","og_title":"Die Heide flammt auf - Naturpark Dahme-Heideseen","og_description":"Eines der gr\u00f6\u00dften Heidegebiete im Dahmeland befindet sich auf dem fr\u00fcheren milit\u00e4rische \u00dcbungsplatz Massow bei Freidorf. Zur Erhaltung \u00fcberalteterer Heidefl\u00e4chen wurden in Massow Fl\u00e4chen abgefl\u00e4mmt.","og_url":"https:\/\/www.naturparkmagazin.de\/dahme-heideseen\/die-heide-flammt-auf\/","og_site_name":"Naturpark Dahme-Heideseen","article_published_time":"2015-03-13T13:50:10+00:00","article_modified_time":"2015-03-23T10:43:48+00:00","og_image":[{"width":1147,"height":768,"url":"https:\/\/www.naturparkmagazin.de\/dahme-heideseen\/wp-content\/uploads\/sites\/37\/feuer1.jpg","type":"image\/jpeg"}],"author":"hanssonnenberg","twitter_misc":{"Verfasst von":"hanssonnenberg","Gesch\u00e4tzte Lesezeit":"1\u00a0Minute"},"schema":{"@context":"https:\/\/schema.org","@graph":[{"@type":"WebPage","@id":"https:\/\/www.naturparkmagazin.de\/dahme-heideseen\/die-heide-flammt-auf\/","url":"https:\/\/www.naturparkmagazin.de\/dahme-heideseen\/die-heide-flammt-auf\/","name":"Die Heide flammt auf - Naturpark Dahme-Heideseen","isPartOf":{"@id":"https:\/\/www.naturparkmagazin.de\/dahme-heideseen\/#website"},"datePublished":"2015-03-13T13:50:10+00:00","dateModified":"2015-03-23T10:43:48+00:00","author":{"@id":"https:\/\/www.naturparkmagazin.de\/dahme-heideseen\/#\/schema\/person\/c81c96c3a1f5ee7bffff8b8022c105f0"},"breadcrumb":{"@id":"https:\/\/www.naturparkmagazin.de\/dahme-heideseen\/die-heide-flammt-auf\/#breadcrumb"},"inLanguage":"de","potentialAction":[{"@type":"ReadAction","target":["https:\/\/www.naturparkmagazin.de\/dahme-heideseen\/die-heide-flammt-auf\/"]}]},{"@type":"BreadcrumbList","@id":"https:\/\/www.naturparkmagazin.de\/dahme-heideseen\/die-heide-flammt-auf\/#breadcrumb","itemListElement":[{"@type":"ListItem","position":1,"name":"Home","item":"https:\/\/www.naturparkmagazin.de\/dahme-heideseen\/"},{"@type":"ListItem","position":2,"name":"Die Heide flammt auf"}]},{"@type":"WebSite","@id":"https:\/\/www.naturparkmagazin.de\/dahme-heideseen\/#website","url":"https:\/\/www.naturparkmagazin.de\/dahme-heideseen\/","name":"Naturpark Dahme-Heideseen","description":"","potentialAction":[{"@type":"SearchAction","target":{"@type":"EntryPoint","urlTemplate":"https:\/\/www.naturparkmagazin.de\/dahme-heideseen\/?s={search_term_string}"},"query-input":"required name=search_term_string"}],"inLanguage":"de"},{"@type":"Person","@id":"https:\/\/www.naturparkmagazin.de\/dahme-heideseen\/#\/schema\/person\/c81c96c3a1f5ee7bffff8b8022c105f0","name":"hanssonnenberg","url":"https:\/\/www.naturparkmagazin.de\/dahme-heideseen\/author\/hanssonnenberg\/"}]}},"_links":{"self":[{"href":"https:\/\/www.naturparkmagazin.de\/dahme-heideseen\/wp-json\/wp\/v2\/posts\/941"}],"collection":[{"href":"https:\/\/www.naturparkmagazin.de\/dahme-heideseen\/wp-json\/wp\/v2\/posts"}],"about":[{"href":"https:\/\/www.naturparkmagazin.de\/dahme-heideseen\/wp-json\/wp\/v2\/types\/post"}],"author":[{"embeddable":true,"href":"https:\/\/www.naturparkmagazin.de\/dahme-heideseen\/wp-json\/wp\/v2\/users\/48"}],"replies":[{"embeddable":true,"href":"https:\/\/www.naturparkmagazin.de\/dahme-heideseen\/wp-json\/wp\/v2\/comments?post=941"}],"version-history":[{"count":6,"href":"https:\/\/www.naturparkmagazin.de\/dahme-heideseen\/wp-json\/wp\/v2\/posts\/941\/revisions"}],"predecessor-version":[{"id":975,"href":"https:\/\/www.naturparkmagazin.de\/dahme-heideseen\/wp-json\/wp\/v2\/posts\/941\/revisions\/975"}],"wp:featuredmedia":[{"embeddable":true,"href":"https:\/\/www.naturparkmagazin.de\/dahme-heideseen\/wp-json\/wp\/v2\/media\/942"}],"wp:attachment":[{"href":"https:\/\/www.naturparkmagazin.de\/dahme-heideseen\/wp-json\/wp\/v2\/media?parent=941"}],"wp:term":[{"taxonomy":"category","embeddable":true,"href":"https:\/\/www.naturparkmagazin.de\/dahme-heideseen\/wp-json\/wp\/v2\/categories?post=941"},{"taxonomy":"post_tag","embeddable":true,"href":"https:\/\/www.naturparkmagazin.de\/dahme-heideseen\/wp-json\/wp\/v2\/tags?post=941"}],"curies":[{"name":"wp","href":"https:\/\/api.w.org\/{rel}","templated":true}]}}