{"id":946,"date":"2015-03-13T15:10:08","date_gmt":"2015-03-13T14:10:08","guid":{"rendered":"http:\/\/www.naturparkmagazin.de\/dahme-heideseen\/?p=946"},"modified":"2015-03-23T11:42:00","modified_gmt":"2015-03-23T10:42:00","slug":"life-projekt-feuchtwaelder-startet-auch-im-naturpark-dahme-heideseen","status":"publish","type":"post","link":"https:\/\/www.naturparkmagazin.de\/dahme-heideseen\/life-projekt-feuchtwaelder-startet-auch-im-naturpark-dahme-heideseen\/","title":{"rendered":"Life Projekt Feuchtw\u00e4lder startet auch im Naturpark Dahme-Heideseen"},"content":{"rendered":"<p>Ein neues Life-Projekt starte in Brandenburg. Es wird sich f\u00fcr den\u00a0 Schutz von\u00a0 Feucht- und Moorw\u00e4ldern\u00a0 einsetzen.\u00a0 Der<a title=\"Life Feuchtw\u00e4lder Start\" href=\"http:\/\/www.feuchtwaelder.de\/projekttagebuch\/auftakt-life-feuchtwaelder\/\"> Startschu\u00df des Projekts <\/a>fiel am 6. M\u00e4rz in Menz.<!--more-->Im Naturpark Dahme-Heideseen geh\u00f6ren die FFH Gebiete &#8222;Streganzsee-Dahme und B\u00fcrgerheide&#8220;, das &#8222;Dahmetal&#8220; und der &#8222;Skabyer Torfgraben&#8220; zur Projektkulisse.<\/p>\n<div id=\"attachment_950\" style=\"width: 630px\" class=\"wp-caption aligncenter\"><a href=\"https:\/\/www.naturparkmagazin.de\/dahme-heideseen\/wp-content\/uploads\/sites\/37\/schmolluch.jpg\"><img aria-describedby=\"caption-attachment-950\" decoding=\"async\" loading=\"lazy\" class=\"size-medium wp-image-950\" alt=\"Kiefern-Moorwald im Scholluch bei Freidorf (FFH Dahmetal) Foto: Hans Sonnenberg\" src=\"https:\/\/www.naturparkmagazin.de\/dahme-heideseen\/wp-content\/uploads\/sites\/37\/schmolluch-620x620.jpg\" width=\"620\" height=\"620\" srcset=\"https:\/\/www.naturparkmagazin.de\/dahme-heideseen\/wp-content\/uploads\/sites\/37\/schmolluch-620x620.jpg 620w, https:\/\/www.naturparkmagazin.de\/dahme-heideseen\/wp-content\/uploads\/sites\/37\/schmolluch-300x300.jpg 300w, https:\/\/www.naturparkmagazin.de\/dahme-heideseen\/wp-content\/uploads\/sites\/37\/schmolluch-200x200.jpg 200w, https:\/\/www.naturparkmagazin.de\/dahme-heideseen\/wp-content\/uploads\/sites\/37\/schmolluch-30x30.jpg 30w, https:\/\/www.naturparkmagazin.de\/dahme-heideseen\/wp-content\/uploads\/sites\/37\/schmolluch-670x670.jpg 670w, https:\/\/www.naturparkmagazin.de\/dahme-heideseen\/wp-content\/uploads\/sites\/37\/schmolluch.jpg 768w\" sizes=\"(max-width: 620px) 100vw, 620px\" \/><\/a><p id=\"caption-attachment-950\" class=\"wp-caption-text\">Kiefern-Moorwald im Scholluch bei Freidorf (FFH Dahmetal) Foto: Hans Sonnenberg<\/p><\/div>\n<p>&nbsp;<\/p>\n<p>Naturschutzfinds Brandenburg (Projekt Life Feuchtw\u00e4lder): &#8222;Im Rahmen des LIFE+ Natur Projekts \u201eLIFE Feuchtw\u00e4lder\u201c sollen von 2014 bis 2022 in 10 Natura 2000 Gebieten der Flie\u00dfgew\u00e4ssersysteme Stepenitz, Dahme und Rhin Auen- und Moorw\u00e4lder erhalten oder wiederhergestellt werden. Rund 3,8 Millionen Euro flie\u00dfen daf\u00fcr aus dem LIFE-Programm der Europ\u00e4ischen Union nach Brandenburg. Die Stiftung Naturschutzfonds Brandenburg steuert rund 1,3 Millionen Euro aus der Ersatzzahlung bei. Bei der Umsetzung des Projekts wird das Projektteam des Naturschutzfonds von dem Landesamt f\u00fcr Umwelt, Gesundheit und Verbraucherschutz sowie der NABU Stiftung und der Stiftung Euronatur unterst\u00fctzt. Die Projektgebiete befinden sich am Oberlauf der Stepenitz (Landkreis Prignitz), am Oberen Rhin im Stechlinseegebiet (Landkreise Ostprignitz-Ruppin und Oberhavel) sowie im Mittleren Dahmetal (Landkreis Dahme-Spreewald). Die Projektr\u00e4ume stellen typische Landschaftsr\u00e4ume f\u00fcr die Vorkommen von Auenw\u00e4ldern an B\u00e4chen und mittelgro\u00dfen Fl\u00fcssen Brandenburgs dar. Die \u00fcberwiegend geringe Ver\u00e4nderung der Flie\u00dfgew\u00e4sser mit teilweise noch intakten Auenw\u00e4ldern hebt sie von anderen Gew\u00e4ssersystemen in Brandenburg deutlich ab. Neben den Auenw\u00e4ldern zeichnen sich die NATURA 2000-Gebiete am Oberen Rhin sowie an der Dahme durch eine hohe Zahl von Kleinmooren im Wald mit dem priorit\u00e4ren Lebensraumtyp Moorwald aus. F\u00fcr die in den Projektr\u00e4umen vorkommenden Birken-Moorw\u00e4lder (*91D1) und Kiefern-Moorw\u00e4lder (*91D2) tr\u00e4gt Brandenburg eine besondere Verantwortung, da 40% aller von Deutschland gemeldeten Vorkommen in Brandenburg liegen&#8220;.<\/p>\n<div id=\"attachment_948\" style=\"width: 630px\" class=\"wp-caption aligncenter\"><a href=\"https:\/\/www.naturparkmagazin.de\/dahme-heideseen\/wp-content\/uploads\/sites\/37\/erlen-dahme.jpg\"><img aria-describedby=\"caption-attachment-948\" decoding=\"async\" loading=\"lazy\" class=\"size-medium wp-image-948\" alt=\"Erlenbruchwald an der Dahme (Foto: Wolfgang Klaeber)\" src=\"https:\/\/www.naturparkmagazin.de\/dahme-heideseen\/wp-content\/uploads\/sites\/37\/erlen-dahme-620x443.jpg\" width=\"620\" height=\"443\" srcset=\"https:\/\/www.naturparkmagazin.de\/dahme-heideseen\/wp-content\/uploads\/sites\/37\/erlen-dahme-620x443.jpg 620w, https:\/\/www.naturparkmagazin.de\/dahme-heideseen\/wp-content\/uploads\/sites\/37\/erlen-dahme-300x214.jpg 300w, https:\/\/www.naturparkmagazin.de\/dahme-heideseen\/wp-content\/uploads\/sites\/37\/erlen-dahme-940x672.jpg 940w, https:\/\/www.naturparkmagazin.de\/dahme-heideseen\/wp-content\/uploads\/sites\/37\/erlen-dahme-670x479.jpg 670w, https:\/\/www.naturparkmagazin.de\/dahme-heideseen\/wp-content\/uploads\/sites\/37\/erlen-dahme-200x143.jpg 200w, https:\/\/www.naturparkmagazin.de\/dahme-heideseen\/wp-content\/uploads\/sites\/37\/erlen-dahme.jpg 1024w\" sizes=\"(max-width: 620px) 100vw, 620px\" \/><\/a><p id=\"caption-attachment-948\" class=\"wp-caption-text\">Erlenbruchwald an der Dahme (Foto: Wolfgang Klaeber)<\/p><\/div>\n<div id=\"attachment_949\" style=\"width: 630px\" class=\"wp-caption aligncenter\"><a href=\"https:\/\/www.naturparkmagazin.de\/dahme-heideseen\/wp-content\/uploads\/sites\/37\/skaby.jpg\"><img aria-describedby=\"caption-attachment-949\" decoding=\"async\" loading=\"lazy\" class=\"size-medium wp-image-949\" alt=\"Uferbruchwald am Skabyer Torfgraben (Fot: G. Deckert)\" src=\"https:\/\/www.naturparkmagazin.de\/dahme-heideseen\/wp-content\/uploads\/sites\/37\/skaby-620x465.jpg\" width=\"620\" height=\"465\" srcset=\"https:\/\/www.naturparkmagazin.de\/dahme-heideseen\/wp-content\/uploads\/sites\/37\/skaby-620x465.jpg 620w, https:\/\/www.naturparkmagazin.de\/dahme-heideseen\/wp-content\/uploads\/sites\/37\/skaby-300x225.jpg 300w, https:\/\/www.naturparkmagazin.de\/dahme-heideseen\/wp-content\/uploads\/sites\/37\/skaby-940x705.jpg 940w, https:\/\/www.naturparkmagazin.de\/dahme-heideseen\/wp-content\/uploads\/sites\/37\/skaby-580x435.jpg 580w, https:\/\/www.naturparkmagazin.de\/dahme-heideseen\/wp-content\/uploads\/sites\/37\/skaby-420x315.jpg 420w, https:\/\/www.naturparkmagazin.de\/dahme-heideseen\/wp-content\/uploads\/sites\/37\/skaby-180x135.jpg 180w, https:\/\/www.naturparkmagazin.de\/dahme-heideseen\/wp-content\/uploads\/sites\/37\/skaby-95x71.jpg 95w, https:\/\/www.naturparkmagazin.de\/dahme-heideseen\/wp-content\/uploads\/sites\/37\/skaby-670x503.jpg 670w, https:\/\/www.naturparkmagazin.de\/dahme-heideseen\/wp-content\/uploads\/sites\/37\/skaby-200x150.jpg 200w, https:\/\/www.naturparkmagazin.de\/dahme-heideseen\/wp-content\/uploads\/sites\/37\/skaby.jpg 1024w\" sizes=\"(max-width: 620px) 100vw, 620px\" \/><\/a><p id=\"caption-attachment-949\" class=\"wp-caption-text\">Uferbruchwald am Skabyer Torfgraben (Fot: G. Deckert)<\/p><\/div>\n<p>Textauszug und weitere Infos : <a title=\"Life Feuchtw\u00e4lder\" href=\"http:\/\/www.feuchtwaelder.de\/projekt\/\" target=\"_blank\">Life Feuchtw\u00e4lder<\/a><\/p>\n<p>Weitere Natur- und Landschaftsfotos aus dem Dahmeland finden Sie im <a title=\"Bildarchiv Nabu Dahmeland\" href=\"http:\/\/www.bildarchiv-nabu-dahmeland.de\/\" target=\"_blank\">Bildarchiv NABU Dahmeland<\/a><\/p>\n<p>&nbsp;<\/p>\n","protected":false},"excerpt":{"rendered":"<p>Ein neues Life-Projekt starte in Brandenburg. Es wird sich f\u00fcr den  Schutz von  Feucht- und Moorw\u00e4ldern  einsetzen.  Der Startschu\u00df des Projekts fiel am 6. M\u00e4rz in Menz.<\/p>\n","protected":false},"author":48,"featured_media":947,"comment_status":"open","ping_status":"open","sticky":false,"template":"","format":"standard","meta":[],"categories":[7],"tags":[],"yoast_head":"<!-- This site is optimized with the Yoast SEO plugin v19.10 - https:\/\/yoast.com\/wordpress\/plugins\/seo\/ -->\n<title>Life Projekt Feuchtw\u00e4lder startet auch im Naturpark Dahme-Heideseen - Naturpark Dahme-Heideseen<\/title>\n<meta name=\"robots\" content=\"index, follow, max-snippet:-1, max-image-preview:large, max-video-preview:-1\" \/>\n<link rel=\"canonical\" href=\"https:\/\/www.naturparkmagazin.de\/dahme-heideseen\/life-projekt-feuchtwaelder-startet-auch-im-naturpark-dahme-heideseen\/\" \/>\n<meta property=\"og:locale\" content=\"de_DE\" \/>\n<meta property=\"og:type\" content=\"article\" \/>\n<meta property=\"og:title\" content=\"Life Projekt Feuchtw\u00e4lder startet auch im Naturpark Dahme-Heideseen - Naturpark Dahme-Heideseen\" \/>\n<meta property=\"og:description\" content=\"Ein neues Life-Projekt starte in Brandenburg. Es wird sich f\u00fcr den Schutz von Feucht- und Moorw\u00e4ldern einsetzen. Der Startschu\u00df des Projekts fiel am 6. M\u00e4rz in Menz.\" \/>\n<meta property=\"og:url\" content=\"https:\/\/www.naturparkmagazin.de\/dahme-heideseen\/life-projekt-feuchtwaelder-startet-auch-im-naturpark-dahme-heideseen\/\" \/>\n<meta property=\"og:site_name\" content=\"Naturpark Dahme-Heideseen\" \/>\n<meta property=\"article:published_time\" content=\"2015-03-13T14:10:08+00:00\" \/>\n<meta property=\"article:modified_time\" content=\"2015-03-23T10:42:00+00:00\" \/>\n<meta property=\"og:image\" content=\"https:\/\/www.naturparkmagazin.de\/dahme-heideseen\/wp-content\/uploads\/sites\/37\/dahme3.jpg\" \/>\n\t<meta property=\"og:image:width\" content=\"1259\" \/>\n\t<meta property=\"og:image:height\" content=\"768\" \/>\n\t<meta property=\"og:image:type\" content=\"image\/jpeg\" \/>\n<meta name=\"author\" content=\"hanssonnenberg\" \/>\n<meta name=\"twitter:label1\" content=\"Verfasst von\" \/>\n\t<meta name=\"twitter:data1\" content=\"hanssonnenberg\" \/>\n\t<meta name=\"twitter:label2\" content=\"Gesch\u00e4tzte Lesezeit\" \/>\n\t<meta name=\"twitter:data2\" content=\"2\u00a0Minuten\" \/>\n<script type=\"application\/ld+json\" class=\"yoast-schema-graph\">{\"@context\":\"https:\/\/schema.org\",\"@graph\":[{\"@type\":\"WebPage\",\"@id\":\"https:\/\/www.naturparkmagazin.de\/dahme-heideseen\/life-projekt-feuchtwaelder-startet-auch-im-naturpark-dahme-heideseen\/\",\"url\":\"https:\/\/www.naturparkmagazin.de\/dahme-heideseen\/life-projekt-feuchtwaelder-startet-auch-im-naturpark-dahme-heideseen\/\",\"name\":\"Life Projekt Feuchtw\u00e4lder startet auch im Naturpark Dahme-Heideseen - Naturpark Dahme-Heideseen\",\"isPartOf\":{\"@id\":\"https:\/\/www.naturparkmagazin.de\/dahme-heideseen\/#website\"},\"datePublished\":\"2015-03-13T14:10:08+00:00\",\"dateModified\":\"2015-03-23T10:42:00+00:00\",\"author\":{\"@id\":\"https:\/\/www.naturparkmagazin.de\/dahme-heideseen\/#\/schema\/person\/c81c96c3a1f5ee7bffff8b8022c105f0\"},\"breadcrumb\":{\"@id\":\"https:\/\/www.naturparkmagazin.de\/dahme-heideseen\/life-projekt-feuchtwaelder-startet-auch-im-naturpark-dahme-heideseen\/#breadcrumb\"},\"inLanguage\":\"de\",\"potentialAction\":[{\"@type\":\"ReadAction\",\"target\":[\"https:\/\/www.naturparkmagazin.de\/dahme-heideseen\/life-projekt-feuchtwaelder-startet-auch-im-naturpark-dahme-heideseen\/\"]}]},{\"@type\":\"BreadcrumbList\",\"@id\":\"https:\/\/www.naturparkmagazin.de\/dahme-heideseen\/life-projekt-feuchtwaelder-startet-auch-im-naturpark-dahme-heideseen\/#breadcrumb\",\"itemListElement\":[{\"@type\":\"ListItem\",\"position\":1,\"name\":\"Home\",\"item\":\"https:\/\/www.naturparkmagazin.de\/dahme-heideseen\/\"},{\"@type\":\"ListItem\",\"position\":2,\"name\":\"Life Projekt Feuchtw\u00e4lder startet auch im Naturpark Dahme-Heideseen\"}]},{\"@type\":\"WebSite\",\"@id\":\"https:\/\/www.naturparkmagazin.de\/dahme-heideseen\/#website\",\"url\":\"https:\/\/www.naturparkmagazin.de\/dahme-heideseen\/\",\"name\":\"Naturpark Dahme-Heideseen\",\"description\":\"\",\"potentialAction\":[{\"@type\":\"SearchAction\",\"target\":{\"@type\":\"EntryPoint\",\"urlTemplate\":\"https:\/\/www.naturparkmagazin.de\/dahme-heideseen\/?s={search_term_string}\"},\"query-input\":\"required name=search_term_string\"}],\"inLanguage\":\"de\"},{\"@type\":\"Person\",\"@id\":\"https:\/\/www.naturparkmagazin.de\/dahme-heideseen\/#\/schema\/person\/c81c96c3a1f5ee7bffff8b8022c105f0\",\"name\":\"hanssonnenberg\",\"url\":\"https:\/\/www.naturparkmagazin.de\/dahme-heideseen\/author\/hanssonnenberg\/\"}]}<\/script>\n<!-- \/ Yoast SEO plugin. -->","yoast_head_json":{"title":"Life Projekt Feuchtw\u00e4lder startet auch im Naturpark Dahme-Heideseen - Naturpark Dahme-Heideseen","robots":{"index":"index","follow":"follow","max-snippet":"max-snippet:-1","max-image-preview":"max-image-preview:large","max-video-preview":"max-video-preview:-1"},"canonical":"https:\/\/www.naturparkmagazin.de\/dahme-heideseen\/life-projekt-feuchtwaelder-startet-auch-im-naturpark-dahme-heideseen\/","og_locale":"de_DE","og_type":"article","og_title":"Life Projekt Feuchtw\u00e4lder startet auch im Naturpark Dahme-Heideseen - Naturpark Dahme-Heideseen","og_description":"Ein neues Life-Projekt starte in Brandenburg. Es wird sich f\u00fcr den Schutz von Feucht- und Moorw\u00e4ldern einsetzen. Der Startschu\u00df des Projekts fiel am 6. M\u00e4rz in Menz.","og_url":"https:\/\/www.naturparkmagazin.de\/dahme-heideseen\/life-projekt-feuchtwaelder-startet-auch-im-naturpark-dahme-heideseen\/","og_site_name":"Naturpark Dahme-Heideseen","article_published_time":"2015-03-13T14:10:08+00:00","article_modified_time":"2015-03-23T10:42:00+00:00","og_image":[{"width":1259,"height":768,"url":"https:\/\/www.naturparkmagazin.de\/dahme-heideseen\/wp-content\/uploads\/sites\/37\/dahme3.jpg","type":"image\/jpeg"}],"author":"hanssonnenberg","twitter_misc":{"Verfasst von":"hanssonnenberg","Gesch\u00e4tzte Lesezeit":"2\u00a0Minuten"},"schema":{"@context":"https:\/\/schema.org","@graph":[{"@type":"WebPage","@id":"https:\/\/www.naturparkmagazin.de\/dahme-heideseen\/life-projekt-feuchtwaelder-startet-auch-im-naturpark-dahme-heideseen\/","url":"https:\/\/www.naturparkmagazin.de\/dahme-heideseen\/life-projekt-feuchtwaelder-startet-auch-im-naturpark-dahme-heideseen\/","name":"Life Projekt Feuchtw\u00e4lder startet auch im Naturpark Dahme-Heideseen - Naturpark Dahme-Heideseen","isPartOf":{"@id":"https:\/\/www.naturparkmagazin.de\/dahme-heideseen\/#website"},"datePublished":"2015-03-13T14:10:08+00:00","dateModified":"2015-03-23T10:42:00+00:00","author":{"@id":"https:\/\/www.naturparkmagazin.de\/dahme-heideseen\/#\/schema\/person\/c81c96c3a1f5ee7bffff8b8022c105f0"},"breadcrumb":{"@id":"https:\/\/www.naturparkmagazin.de\/dahme-heideseen\/life-projekt-feuchtwaelder-startet-auch-im-naturpark-dahme-heideseen\/#breadcrumb"},"inLanguage":"de","potentialAction":[{"@type":"ReadAction","target":["https:\/\/www.naturparkmagazin.de\/dahme-heideseen\/life-projekt-feuchtwaelder-startet-auch-im-naturpark-dahme-heideseen\/"]}]},{"@type":"BreadcrumbList","@id":"https:\/\/www.naturparkmagazin.de\/dahme-heideseen\/life-projekt-feuchtwaelder-startet-auch-im-naturpark-dahme-heideseen\/#breadcrumb","itemListElement":[{"@type":"ListItem","position":1,"name":"Home","item":"https:\/\/www.naturparkmagazin.de\/dahme-heideseen\/"},{"@type":"ListItem","position":2,"name":"Life Projekt Feuchtw\u00e4lder startet auch im Naturpark Dahme-Heideseen"}]},{"@type":"WebSite","@id":"https:\/\/www.naturparkmagazin.de\/dahme-heideseen\/#website","url":"https:\/\/www.naturparkmagazin.de\/dahme-heideseen\/","name":"Naturpark Dahme-Heideseen","description":"","potentialAction":[{"@type":"SearchAction","target":{"@type":"EntryPoint","urlTemplate":"https:\/\/www.naturparkmagazin.de\/dahme-heideseen\/?s={search_term_string}"},"query-input":"required name=search_term_string"}],"inLanguage":"de"},{"@type":"Person","@id":"https:\/\/www.naturparkmagazin.de\/dahme-heideseen\/#\/schema\/person\/c81c96c3a1f5ee7bffff8b8022c105f0","name":"hanssonnenberg","url":"https:\/\/www.naturparkmagazin.de\/dahme-heideseen\/author\/hanssonnenberg\/"}]}},"_links":{"self":[{"href":"https:\/\/www.naturparkmagazin.de\/dahme-heideseen\/wp-json\/wp\/v2\/posts\/946"}],"collection":[{"href":"https:\/\/www.naturparkmagazin.de\/dahme-heideseen\/wp-json\/wp\/v2\/posts"}],"about":[{"href":"https:\/\/www.naturparkmagazin.de\/dahme-heideseen\/wp-json\/wp\/v2\/types\/post"}],"author":[{"embeddable":true,"href":"https:\/\/www.naturparkmagazin.de\/dahme-heideseen\/wp-json\/wp\/v2\/users\/48"}],"replies":[{"embeddable":true,"href":"https:\/\/www.naturparkmagazin.de\/dahme-heideseen\/wp-json\/wp\/v2\/comments?post=946"}],"version-history":[{"count":6,"href":"https:\/\/www.naturparkmagazin.de\/dahme-heideseen\/wp-json\/wp\/v2\/posts\/946\/revisions"}],"predecessor-version":[{"id":973,"href":"https:\/\/www.naturparkmagazin.de\/dahme-heideseen\/wp-json\/wp\/v2\/posts\/946\/revisions\/973"}],"wp:featuredmedia":[{"embeddable":true,"href":"https:\/\/www.naturparkmagazin.de\/dahme-heideseen\/wp-json\/wp\/v2\/media\/947"}],"wp:attachment":[{"href":"https:\/\/www.naturparkmagazin.de\/dahme-heideseen\/wp-json\/wp\/v2\/media?parent=946"}],"wp:term":[{"taxonomy":"category","embeddable":true,"href":"https:\/\/www.naturparkmagazin.de\/dahme-heideseen\/wp-json\/wp\/v2\/categories?post=946"},{"taxonomy":"post_tag","embeddable":true,"href":"https:\/\/www.naturparkmagazin.de\/dahme-heideseen\/wp-json\/wp\/v2\/tags?post=946"}],"curies":[{"name":"wp","href":"https:\/\/api.w.org\/{rel}","templated":true}]}}