{"id":968,"date":"2015-03-17T14:24:52","date_gmt":"2015-03-17T13:24:52","guid":{"rendered":"http:\/\/www.naturparkmagazin.de\/dahme-heideseen\/?p=968"},"modified":"2015-03-25T15:08:51","modified_gmt":"2015-03-25T14:08:51","slug":"liebe-leserin-liebe-leser-3","status":"publish","type":"post","link":"https:\/\/www.naturparkmagazin.de\/dahme-heideseen\/liebe-leserin-liebe-leser-3\/","title":{"rendered":"Liebe Leserin, liebe Leser,"},"content":{"rendered":"<p>Amsel, Drossel, Fink und Star \u2013 eigentlich sollen sie, wie es im Lied hei\u00dft, zur\u00fcckkehren. Doch schon lange fliegen Amseln gar nicht mehr und Stare, nach Beobachtungen des NABU, im Winter immer seltener in den \u201ew\u00e4rmeren S\u00fcden\u201c. Dennoch sehen wir gegenw\u00e4rtig die R\u00fcckkehr vieler V\u00f6gel, aber auch Balz und Nestbau der \u201eHierbleiber\u201c! Ja, der Winter geht und der Fr\u00fchling hat Einzug gehalten.<\/p>\n<p>Kommen und beobachten Sie an einem unserer \u00fcber 100 Seen oder auf den sich begr\u00fcnenden Wiesen- und Ackerfl\u00e4chen das muntere Vogeltreiben. Hier im Naturpark ist noch eine abwechslungsreiche Landschaft erhalten geblieben, die vielen anderenorts inzwischen seltenen V\u00f6geln einen Lebensraum bietet.<\/p>\n<p>Wir engagieren uns f\u00fcr die Biologische Vielfalt und machen diese auf Veranstaltungen zum Erlebnis. Lesen Sie mehr hierzu sowie zu weiteren Themen, Veranstaltungsterminen und Aktivit\u00e4ten in der April-Ausgabe unseres Newsletters.<\/p>\n<p>Viel Spa\u00df beim Lesen w\u00fcnscht Ihnen<\/p>\n<p>Gunnar Heyne<\/p>\n","protected":false},"excerpt":{"rendered":"<p>Amsel, Drossel, Fink und Star \u2013 eigentlich sollen sie, wie es im Lied hei\u00dft, zur\u00fcckkehren. Doch schon lange fliegen Amseln gar nicht mehr und Stare, nach Beobachtungen des NABU, im Winter immer seltener in den \u201ew\u00e4rmeren S\u00fcden\u201c. Dennoch sehen wir gegenw\u00e4rtig die R\u00fcckkehr vieler V\u00f6gel, aber auch Balz und Nestbau der \u201eHierbleiber\u201c! Ja, der Winter<\/p>\n","protected":false},"author":48,"featured_media":0,"comment_status":"open","ping_status":"open","sticky":false,"template":"","format":"standard","meta":[],"categories":[52],"tags":[],"yoast_head":"<!-- This site is optimized with the Yoast SEO plugin v19.10 - https:\/\/yoast.com\/wordpress\/plugins\/seo\/ -->\n<title>Liebe Leserin, liebe Leser, - Naturpark Dahme-Heideseen<\/title>\n<meta name=\"robots\" content=\"index, follow, max-snippet:-1, max-image-preview:large, max-video-preview:-1\" \/>\n<link rel=\"canonical\" href=\"https:\/\/www.naturparkmagazin.de\/dahme-heideseen\/liebe-leserin-liebe-leser-3\/\" \/>\n<meta property=\"og:locale\" content=\"de_DE\" \/>\n<meta property=\"og:type\" content=\"article\" \/>\n<meta property=\"og:title\" content=\"Liebe Leserin, liebe Leser, - Naturpark Dahme-Heideseen\" \/>\n<meta property=\"og:description\" content=\"Amsel, Drossel, Fink und Star \u2013 eigentlich sollen sie, wie es im Lied hei\u00dft, zur\u00fcckkehren. Doch schon lange fliegen Amseln gar nicht mehr und Stare, nach Beobachtungen des NABU, im Winter immer seltener in den \u201ew\u00e4rmeren S\u00fcden\u201c. Dennoch sehen wir gegenw\u00e4rtig die R\u00fcckkehr vieler V\u00f6gel, aber auch Balz und Nestbau der \u201eHierbleiber\u201c! Ja, der Winter\" \/>\n<meta property=\"og:url\" content=\"https:\/\/www.naturparkmagazin.de\/dahme-heideseen\/liebe-leserin-liebe-leser-3\/\" \/>\n<meta property=\"og:site_name\" content=\"Naturpark Dahme-Heideseen\" \/>\n<meta property=\"article:published_time\" content=\"2015-03-17T13:24:52+00:00\" \/>\n<meta property=\"article:modified_time\" content=\"2015-03-25T14:08:51+00:00\" \/>\n<meta name=\"author\" content=\"hanssonnenberg\" \/>\n<meta name=\"twitter:label1\" content=\"Verfasst von\" \/>\n\t<meta name=\"twitter:data1\" content=\"hanssonnenberg\" \/>\n\t<meta name=\"twitter:label2\" content=\"Gesch\u00e4tzte Lesezeit\" \/>\n\t<meta name=\"twitter:data2\" content=\"1\u00a0Minute\" \/>\n<script type=\"application\/ld+json\" class=\"yoast-schema-graph\">{\"@context\":\"https:\/\/schema.org\",\"@graph\":[{\"@type\":\"WebPage\",\"@id\":\"https:\/\/www.naturparkmagazin.de\/dahme-heideseen\/liebe-leserin-liebe-leser-3\/\",\"url\":\"https:\/\/www.naturparkmagazin.de\/dahme-heideseen\/liebe-leserin-liebe-leser-3\/\",\"name\":\"Liebe Leserin, liebe Leser, - Naturpark Dahme-Heideseen\",\"isPartOf\":{\"@id\":\"https:\/\/www.naturparkmagazin.de\/dahme-heideseen\/#website\"},\"datePublished\":\"2015-03-17T13:24:52+00:00\",\"dateModified\":\"2015-03-25T14:08:51+00:00\",\"author\":{\"@id\":\"https:\/\/www.naturparkmagazin.de\/dahme-heideseen\/#\/schema\/person\/c81c96c3a1f5ee7bffff8b8022c105f0\"},\"breadcrumb\":{\"@id\":\"https:\/\/www.naturparkmagazin.de\/dahme-heideseen\/liebe-leserin-liebe-leser-3\/#breadcrumb\"},\"inLanguage\":\"de\",\"potentialAction\":[{\"@type\":\"ReadAction\",\"target\":[\"https:\/\/www.naturparkmagazin.de\/dahme-heideseen\/liebe-leserin-liebe-leser-3\/\"]}]},{\"@type\":\"BreadcrumbList\",\"@id\":\"https:\/\/www.naturparkmagazin.de\/dahme-heideseen\/liebe-leserin-liebe-leser-3\/#breadcrumb\",\"itemListElement\":[{\"@type\":\"ListItem\",\"position\":1,\"name\":\"Home\",\"item\":\"https:\/\/www.naturparkmagazin.de\/dahme-heideseen\/\"},{\"@type\":\"ListItem\",\"position\":2,\"name\":\"Liebe Leserin, liebe Leser,\"}]},{\"@type\":\"WebSite\",\"@id\":\"https:\/\/www.naturparkmagazin.de\/dahme-heideseen\/#website\",\"url\":\"https:\/\/www.naturparkmagazin.de\/dahme-heideseen\/\",\"name\":\"Naturpark Dahme-Heideseen\",\"description\":\"\",\"potentialAction\":[{\"@type\":\"SearchAction\",\"target\":{\"@type\":\"EntryPoint\",\"urlTemplate\":\"https:\/\/www.naturparkmagazin.de\/dahme-heideseen\/?s={search_term_string}\"},\"query-input\":\"required name=search_term_string\"}],\"inLanguage\":\"de\"},{\"@type\":\"Person\",\"@id\":\"https:\/\/www.naturparkmagazin.de\/dahme-heideseen\/#\/schema\/person\/c81c96c3a1f5ee7bffff8b8022c105f0\",\"name\":\"hanssonnenberg\",\"url\":\"https:\/\/www.naturparkmagazin.de\/dahme-heideseen\/author\/hanssonnenberg\/\"}]}<\/script>\n<!-- \/ Yoast SEO plugin. -->","yoast_head_json":{"title":"Liebe Leserin, liebe Leser, - Naturpark Dahme-Heideseen","robots":{"index":"index","follow":"follow","max-snippet":"max-snippet:-1","max-image-preview":"max-image-preview:large","max-video-preview":"max-video-preview:-1"},"canonical":"https:\/\/www.naturparkmagazin.de\/dahme-heideseen\/liebe-leserin-liebe-leser-3\/","og_locale":"de_DE","og_type":"article","og_title":"Liebe Leserin, liebe Leser, - Naturpark Dahme-Heideseen","og_description":"Amsel, Drossel, Fink und Star \u2013 eigentlich sollen sie, wie es im Lied hei\u00dft, zur\u00fcckkehren. Doch schon lange fliegen Amseln gar nicht mehr und Stare, nach Beobachtungen des NABU, im Winter immer seltener in den \u201ew\u00e4rmeren S\u00fcden\u201c. Dennoch sehen wir gegenw\u00e4rtig die R\u00fcckkehr vieler V\u00f6gel, aber auch Balz und Nestbau der \u201eHierbleiber\u201c! Ja, der Winter","og_url":"https:\/\/www.naturparkmagazin.de\/dahme-heideseen\/liebe-leserin-liebe-leser-3\/","og_site_name":"Naturpark Dahme-Heideseen","article_published_time":"2015-03-17T13:24:52+00:00","article_modified_time":"2015-03-25T14:08:51+00:00","author":"hanssonnenberg","twitter_misc":{"Verfasst von":"hanssonnenberg","Gesch\u00e4tzte Lesezeit":"1\u00a0Minute"},"schema":{"@context":"https:\/\/schema.org","@graph":[{"@type":"WebPage","@id":"https:\/\/www.naturparkmagazin.de\/dahme-heideseen\/liebe-leserin-liebe-leser-3\/","url":"https:\/\/www.naturparkmagazin.de\/dahme-heideseen\/liebe-leserin-liebe-leser-3\/","name":"Liebe Leserin, liebe Leser, - Naturpark Dahme-Heideseen","isPartOf":{"@id":"https:\/\/www.naturparkmagazin.de\/dahme-heideseen\/#website"},"datePublished":"2015-03-17T13:24:52+00:00","dateModified":"2015-03-25T14:08:51+00:00","author":{"@id":"https:\/\/www.naturparkmagazin.de\/dahme-heideseen\/#\/schema\/person\/c81c96c3a1f5ee7bffff8b8022c105f0"},"breadcrumb":{"@id":"https:\/\/www.naturparkmagazin.de\/dahme-heideseen\/liebe-leserin-liebe-leser-3\/#breadcrumb"},"inLanguage":"de","potentialAction":[{"@type":"ReadAction","target":["https:\/\/www.naturparkmagazin.de\/dahme-heideseen\/liebe-leserin-liebe-leser-3\/"]}]},{"@type":"BreadcrumbList","@id":"https:\/\/www.naturparkmagazin.de\/dahme-heideseen\/liebe-leserin-liebe-leser-3\/#breadcrumb","itemListElement":[{"@type":"ListItem","position":1,"name":"Home","item":"https:\/\/www.naturparkmagazin.de\/dahme-heideseen\/"},{"@type":"ListItem","position":2,"name":"Liebe Leserin, liebe Leser,"}]},{"@type":"WebSite","@id":"https:\/\/www.naturparkmagazin.de\/dahme-heideseen\/#website","url":"https:\/\/www.naturparkmagazin.de\/dahme-heideseen\/","name":"Naturpark Dahme-Heideseen","description":"","potentialAction":[{"@type":"SearchAction","target":{"@type":"EntryPoint","urlTemplate":"https:\/\/www.naturparkmagazin.de\/dahme-heideseen\/?s={search_term_string}"},"query-input":"required name=search_term_string"}],"inLanguage":"de"},{"@type":"Person","@id":"https:\/\/www.naturparkmagazin.de\/dahme-heideseen\/#\/schema\/person\/c81c96c3a1f5ee7bffff8b8022c105f0","name":"hanssonnenberg","url":"https:\/\/www.naturparkmagazin.de\/dahme-heideseen\/author\/hanssonnenberg\/"}]}},"_links":{"self":[{"href":"https:\/\/www.naturparkmagazin.de\/dahme-heideseen\/wp-json\/wp\/v2\/posts\/968"}],"collection":[{"href":"https:\/\/www.naturparkmagazin.de\/dahme-heideseen\/wp-json\/wp\/v2\/posts"}],"about":[{"href":"https:\/\/www.naturparkmagazin.de\/dahme-heideseen\/wp-json\/wp\/v2\/types\/post"}],"author":[{"embeddable":true,"href":"https:\/\/www.naturparkmagazin.de\/dahme-heideseen\/wp-json\/wp\/v2\/users\/48"}],"replies":[{"embeddable":true,"href":"https:\/\/www.naturparkmagazin.de\/dahme-heideseen\/wp-json\/wp\/v2\/comments?post=968"}],"version-history":[{"count":2,"href":"https:\/\/www.naturparkmagazin.de\/dahme-heideseen\/wp-json\/wp\/v2\/posts\/968\/revisions"}],"predecessor-version":[{"id":978,"href":"https:\/\/www.naturparkmagazin.de\/dahme-heideseen\/wp-json\/wp\/v2\/posts\/968\/revisions\/978"}],"wp:attachment":[{"href":"https:\/\/www.naturparkmagazin.de\/dahme-heideseen\/wp-json\/wp\/v2\/media?parent=968"}],"wp:term":[{"taxonomy":"category","embeddable":true,"href":"https:\/\/www.naturparkmagazin.de\/dahme-heideseen\/wp-json\/wp\/v2\/categories?post=968"},{"taxonomy":"post_tag","embeddable":true,"href":"https:\/\/www.naturparkmagazin.de\/dahme-heideseen\/wp-json\/wp\/v2\/tags?post=968"}],"curies":[{"name":"wp","href":"https:\/\/api.w.org\/{rel}","templated":true}]}}