{"id":979,"date":"2015-03-31T14:51:56","date_gmt":"2015-03-31T12:51:56","guid":{"rendered":"http:\/\/www.naturparkmagazin.de\/dahme-heideseen\/?p=979"},"modified":"2015-04-23T14:45:17","modified_gmt":"2015-04-23T12:45:17","slug":"aufruf-zum-bundesweiten-schulwander-wettbewerb","status":"publish","type":"post","link":"https:\/\/www.naturparkmagazin.de\/dahme-heideseen\/aufruf-zum-bundesweiten-schulwander-wettbewerb\/","title":{"rendered":"Aufruf zum bundesweiten Schulwander-Wettbewerb"},"content":{"rendered":"<p>Der Deutsche Wanderverband ruft auf zum bundesweiten Schulwander-Wettbewerb 2015. <!--more-->Preise gibt es f\u00fcr Wanderaktionen, die sich altersgem\u00e4\u00df mit dem Thema biologische Vielfalt befassen. Beteiligen k\u00f6nnen sich Schulklassen, Hortgruppen, AGs und andere Sch\u00fclergruppen aller Altersstufen, die ihre Wanderung zwischen dem 1. Mai und dem 31. Juli durchf\u00fchren. Die Preise sind z.B. eine vom Jugendherbergswerk gestiftete Klassenfahrt im Wert von 1.500 Euro, Koffer mit GPS-Ger\u00e4ten f\u00fcr die gesamte Klasse, Entdecker-Rucks\u00e4cke und Picknick-Gutscheine.<\/p>\n<p>Alle, die am Wettbewerb teilnehmen m\u00f6chten erhalten f\u00fcr die Vorbereitung Ihrer Wanderung ein Ideen-Set zugesandt.<\/p>\n<div id=\"attachment_980\" style=\"width: 630px\" class=\"wp-caption aligncenter\"><a href=\"https:\/\/www.naturparkmagazin.de\/dahme-heideseen\/wp-content\/uploads\/sites\/37\/dubrow_wandern.jpg\"><img aria-describedby=\"caption-attachment-980\" decoding=\"async\" loading=\"lazy\" class=\"size-medium wp-image-980\" alt=\"Wandern im Dahmeland (Foto: Sonnenberg)\" src=\"https:\/\/www.naturparkmagazin.de\/dahme-heideseen\/wp-content\/uploads\/sites\/37\/dubrow_wandern-620x388.jpg\" width=\"620\" height=\"388\" \/><\/a><p id=\"caption-attachment-980\" class=\"wp-caption-text\">Wandern im Dahmeland (Foto: Sonnenberg)<\/p><\/div>\n<p>&nbsp;<\/p>\n<p>Weitere Infos finden Sie auf der Webseite <a title=\"Schulwandern\" href=\"http:\/\/www.schulwandern.de\/text\/264\/de\/wettbewerb.html\/\" target=\"_blank\">Schulwandern &#8211; Vielfalt.Natur.Wandern<\/a><\/p>\n<p>Der Wettbewerb ist Teil des Bundesprogramms \u201eleben.natur.vielfalt\u201c und wird gef\u00f6rdert durch das Bundesamt f\u00fcr Naturschutz mit Mitteln des Bundesministeriums f\u00fcr Umwelt, Naturschutz, Bau und Reaktorsicherheit\u201c.<\/p>\n<p><a href=\"https:\/\/www.naturparkmagazin.de\/dahme-heideseen\/wp-content\/uploads\/sites\/37\/Wandern_Melsungen2_J.Kuhr_.jpg\"><img decoding=\"async\" loading=\"lazy\" class=\"size-medium wp-image-986\" alt=\"Wandern Melsungen (Foto: Deutscher Wanderverband)\" src=\"https:\/\/www.naturparkmagazin.de\/dahme-heideseen\/wp-content\/uploads\/sites\/37\/Wandern_Melsungen2_J.Kuhr_-620x411.jpg\" width=\"620\" height=\"411\" \/><\/a><\/p>\n<dl class=\"wp-caption aligncenter\" id=\"attachment_986\" style=\"width: 630px\">\n<dd class=\"wp-caption-dd\">Wandern Melsungen (Foto: Deutscher Wanderverband)<\/dd>\n<\/dl>\n","protected":false},"excerpt":{"rendered":"<p>Der Deutsche Wanderverband ruft auf zum bundesweiten Schulwander-Wettbewerb 2015, der Teil des Bundesprogrammes &#8222;leben, natur, vielfalt&#8220; ist.<\/p>\n","protected":false},"author":48,"featured_media":988,"comment_status":"open","ping_status":"open","sticky":false,"template":"","format":"standard","meta":[],"categories":[7],"tags":[],"yoast_head":"<!-- This site is optimized with the Yoast SEO plugin v19.10 - https:\/\/yoast.com\/wordpress\/plugins\/seo\/ -->\n<title>Aufruf zum bundesweiten Schulwander-Wettbewerb - Naturpark Dahme-Heideseen<\/title>\n<meta name=\"robots\" content=\"index, follow, max-snippet:-1, max-image-preview:large, max-video-preview:-1\" \/>\n<link rel=\"canonical\" href=\"https:\/\/www.naturparkmagazin.de\/dahme-heideseen\/aufruf-zum-bundesweiten-schulwander-wettbewerb\/\" \/>\n<meta property=\"og:locale\" content=\"de_DE\" \/>\n<meta property=\"og:type\" content=\"article\" \/>\n<meta property=\"og:title\" content=\"Aufruf zum bundesweiten Schulwander-Wettbewerb - Naturpark Dahme-Heideseen\" \/>\n<meta property=\"og:description\" content=\"Der Deutsche Wanderverband ruft auf zum bundesweiten Schulwander-Wettbewerb 2015, der Teil des Bundesprogrammes &quot;leben, natur, vielfalt&quot; ist.\" \/>\n<meta property=\"og:url\" content=\"https:\/\/www.naturparkmagazin.de\/dahme-heideseen\/aufruf-zum-bundesweiten-schulwander-wettbewerb\/\" \/>\n<meta property=\"og:site_name\" content=\"Naturpark Dahme-Heideseen\" \/>\n<meta property=\"article:published_time\" content=\"2015-03-31T12:51:56+00:00\" \/>\n<meta property=\"article:modified_time\" content=\"2015-04-23T12:45:17+00:00\" \/>\n<meta property=\"og:image\" content=\"https:\/\/www.naturparkmagazin.de\/dahme-heideseen\/wp-content\/uploads\/sites\/37\/barfu\u00df-im-bach_DWV.jpg\" \/>\n\t<meta property=\"og:image:width\" content=\"448\" \/>\n\t<meta property=\"og:image:height\" content=\"336\" \/>\n\t<meta property=\"og:image:type\" content=\"image\/jpeg\" \/>\n<meta name=\"author\" content=\"hanssonnenberg\" \/>\n<meta name=\"twitter:label1\" content=\"Verfasst von\" \/>\n\t<meta name=\"twitter:data1\" content=\"hanssonnenberg\" \/>\n\t<meta name=\"twitter:label2\" content=\"Gesch\u00e4tzte Lesezeit\" \/>\n\t<meta name=\"twitter:data2\" content=\"1\u00a0Minute\" \/>\n<script type=\"application\/ld+json\" class=\"yoast-schema-graph\">{\"@context\":\"https:\/\/schema.org\",\"@graph\":[{\"@type\":\"WebPage\",\"@id\":\"https:\/\/www.naturparkmagazin.de\/dahme-heideseen\/aufruf-zum-bundesweiten-schulwander-wettbewerb\/\",\"url\":\"https:\/\/www.naturparkmagazin.de\/dahme-heideseen\/aufruf-zum-bundesweiten-schulwander-wettbewerb\/\",\"name\":\"Aufruf zum bundesweiten Schulwander-Wettbewerb - Naturpark Dahme-Heideseen\",\"isPartOf\":{\"@id\":\"https:\/\/www.naturparkmagazin.de\/dahme-heideseen\/#website\"},\"datePublished\":\"2015-03-31T12:51:56+00:00\",\"dateModified\":\"2015-04-23T12:45:17+00:00\",\"author\":{\"@id\":\"https:\/\/www.naturparkmagazin.de\/dahme-heideseen\/#\/schema\/person\/c81c96c3a1f5ee7bffff8b8022c105f0\"},\"breadcrumb\":{\"@id\":\"https:\/\/www.naturparkmagazin.de\/dahme-heideseen\/aufruf-zum-bundesweiten-schulwander-wettbewerb\/#breadcrumb\"},\"inLanguage\":\"de\",\"potentialAction\":[{\"@type\":\"ReadAction\",\"target\":[\"https:\/\/www.naturparkmagazin.de\/dahme-heideseen\/aufruf-zum-bundesweiten-schulwander-wettbewerb\/\"]}]},{\"@type\":\"BreadcrumbList\",\"@id\":\"https:\/\/www.naturparkmagazin.de\/dahme-heideseen\/aufruf-zum-bundesweiten-schulwander-wettbewerb\/#breadcrumb\",\"itemListElement\":[{\"@type\":\"ListItem\",\"position\":1,\"name\":\"Home\",\"item\":\"https:\/\/www.naturparkmagazin.de\/dahme-heideseen\/\"},{\"@type\":\"ListItem\",\"position\":2,\"name\":\"Aufruf zum bundesweiten Schulwander-Wettbewerb\"}]},{\"@type\":\"WebSite\",\"@id\":\"https:\/\/www.naturparkmagazin.de\/dahme-heideseen\/#website\",\"url\":\"https:\/\/www.naturparkmagazin.de\/dahme-heideseen\/\",\"name\":\"Naturpark Dahme-Heideseen\",\"description\":\"\",\"potentialAction\":[{\"@type\":\"SearchAction\",\"target\":{\"@type\":\"EntryPoint\",\"urlTemplate\":\"https:\/\/www.naturparkmagazin.de\/dahme-heideseen\/?s={search_term_string}\"},\"query-input\":\"required name=search_term_string\"}],\"inLanguage\":\"de\"},{\"@type\":\"Person\",\"@id\":\"https:\/\/www.naturparkmagazin.de\/dahme-heideseen\/#\/schema\/person\/c81c96c3a1f5ee7bffff8b8022c105f0\",\"name\":\"hanssonnenberg\",\"url\":\"https:\/\/www.naturparkmagazin.de\/dahme-heideseen\/author\/hanssonnenberg\/\"}]}<\/script>\n<!-- \/ Yoast SEO plugin. -->","yoast_head_json":{"title":"Aufruf zum bundesweiten Schulwander-Wettbewerb - Naturpark Dahme-Heideseen","robots":{"index":"index","follow":"follow","max-snippet":"max-snippet:-1","max-image-preview":"max-image-preview:large","max-video-preview":"max-video-preview:-1"},"canonical":"https:\/\/www.naturparkmagazin.de\/dahme-heideseen\/aufruf-zum-bundesweiten-schulwander-wettbewerb\/","og_locale":"de_DE","og_type":"article","og_title":"Aufruf zum bundesweiten Schulwander-Wettbewerb - Naturpark Dahme-Heideseen","og_description":"Der Deutsche Wanderverband ruft auf zum bundesweiten Schulwander-Wettbewerb 2015, der Teil des Bundesprogrammes \"leben, natur, vielfalt\" ist.","og_url":"https:\/\/www.naturparkmagazin.de\/dahme-heideseen\/aufruf-zum-bundesweiten-schulwander-wettbewerb\/","og_site_name":"Naturpark Dahme-Heideseen","article_published_time":"2015-03-31T12:51:56+00:00","article_modified_time":"2015-04-23T12:45:17+00:00","og_image":[{"width":448,"height":336,"url":"https:\/\/www.naturparkmagazin.de\/dahme-heideseen\/wp-content\/uploads\/sites\/37\/barfu\u00df-im-bach_DWV.jpg","type":"image\/jpeg"}],"author":"hanssonnenberg","twitter_misc":{"Verfasst von":"hanssonnenberg","Gesch\u00e4tzte Lesezeit":"1\u00a0Minute"},"schema":{"@context":"https:\/\/schema.org","@graph":[{"@type":"WebPage","@id":"https:\/\/www.naturparkmagazin.de\/dahme-heideseen\/aufruf-zum-bundesweiten-schulwander-wettbewerb\/","url":"https:\/\/www.naturparkmagazin.de\/dahme-heideseen\/aufruf-zum-bundesweiten-schulwander-wettbewerb\/","name":"Aufruf zum bundesweiten Schulwander-Wettbewerb - Naturpark Dahme-Heideseen","isPartOf":{"@id":"https:\/\/www.naturparkmagazin.de\/dahme-heideseen\/#website"},"datePublished":"2015-03-31T12:51:56+00:00","dateModified":"2015-04-23T12:45:17+00:00","author":{"@id":"https:\/\/www.naturparkmagazin.de\/dahme-heideseen\/#\/schema\/person\/c81c96c3a1f5ee7bffff8b8022c105f0"},"breadcrumb":{"@id":"https:\/\/www.naturparkmagazin.de\/dahme-heideseen\/aufruf-zum-bundesweiten-schulwander-wettbewerb\/#breadcrumb"},"inLanguage":"de","potentialAction":[{"@type":"ReadAction","target":["https:\/\/www.naturparkmagazin.de\/dahme-heideseen\/aufruf-zum-bundesweiten-schulwander-wettbewerb\/"]}]},{"@type":"BreadcrumbList","@id":"https:\/\/www.naturparkmagazin.de\/dahme-heideseen\/aufruf-zum-bundesweiten-schulwander-wettbewerb\/#breadcrumb","itemListElement":[{"@type":"ListItem","position":1,"name":"Home","item":"https:\/\/www.naturparkmagazin.de\/dahme-heideseen\/"},{"@type":"ListItem","position":2,"name":"Aufruf zum bundesweiten Schulwander-Wettbewerb"}]},{"@type":"WebSite","@id":"https:\/\/www.naturparkmagazin.de\/dahme-heideseen\/#website","url":"https:\/\/www.naturparkmagazin.de\/dahme-heideseen\/","name":"Naturpark Dahme-Heideseen","description":"","potentialAction":[{"@type":"SearchAction","target":{"@type":"EntryPoint","urlTemplate":"https:\/\/www.naturparkmagazin.de\/dahme-heideseen\/?s={search_term_string}"},"query-input":"required name=search_term_string"}],"inLanguage":"de"},{"@type":"Person","@id":"https:\/\/www.naturparkmagazin.de\/dahme-heideseen\/#\/schema\/person\/c81c96c3a1f5ee7bffff8b8022c105f0","name":"hanssonnenberg","url":"https:\/\/www.naturparkmagazin.de\/dahme-heideseen\/author\/hanssonnenberg\/"}]}},"_links":{"self":[{"href":"https:\/\/www.naturparkmagazin.de\/dahme-heideseen\/wp-json\/wp\/v2\/posts\/979"}],"collection":[{"href":"https:\/\/www.naturparkmagazin.de\/dahme-heideseen\/wp-json\/wp\/v2\/posts"}],"about":[{"href":"https:\/\/www.naturparkmagazin.de\/dahme-heideseen\/wp-json\/wp\/v2\/types\/post"}],"author":[{"embeddable":true,"href":"https:\/\/www.naturparkmagazin.de\/dahme-heideseen\/wp-json\/wp\/v2\/users\/48"}],"replies":[{"embeddable":true,"href":"https:\/\/www.naturparkmagazin.de\/dahme-heideseen\/wp-json\/wp\/v2\/comments?post=979"}],"version-history":[{"count":8,"href":"https:\/\/www.naturparkmagazin.de\/dahme-heideseen\/wp-json\/wp\/v2\/posts\/979\/revisions"}],"predecessor-version":[{"id":1013,"href":"https:\/\/www.naturparkmagazin.de\/dahme-heideseen\/wp-json\/wp\/v2\/posts\/979\/revisions\/1013"}],"wp:featuredmedia":[{"embeddable":true,"href":"https:\/\/www.naturparkmagazin.de\/dahme-heideseen\/wp-json\/wp\/v2\/media\/988"}],"wp:attachment":[{"href":"https:\/\/www.naturparkmagazin.de\/dahme-heideseen\/wp-json\/wp\/v2\/media?parent=979"}],"wp:term":[{"taxonomy":"category","embeddable":true,"href":"https:\/\/www.naturparkmagazin.de\/dahme-heideseen\/wp-json\/wp\/v2\/categories?post=979"},{"taxonomy":"post_tag","embeddable":true,"href":"https:\/\/www.naturparkmagazin.de\/dahme-heideseen\/wp-json\/wp\/v2\/tags?post=979"}],"curies":[{"name":"wp","href":"https:\/\/api.w.org\/{rel}","templated":true}]}}