{"id":991,"date":"2015-04-16T21:38:33","date_gmt":"2015-04-16T19:38:33","guid":{"rendered":"http:\/\/www.naturparkmagazin.de\/dahme-heideseen\/?p=991"},"modified":"2015-04-23T14:46:13","modified_gmt":"2015-04-23T12:46:13","slug":"aufruf-zum-wettbewerb-heimat-im-wandel","status":"publish","type":"post","link":"https:\/\/www.naturparkmagazin.de\/dahme-heideseen\/aufruf-zum-wettbewerb-heimat-im-wandel\/","title":{"rendered":"Aufruf zum Wettbewerb \u201eHeimat im Wandel&#8220;"},"content":{"rendered":"<p>Mache Sie mit!<b>\u00a0<\/b>Schicken Sie uns Ihre alten und neuen Motive, zeigen Sie uns die Ver\u00e4nderung Ihrer Lieblingsorte und Ansichten. <!--more-->Dies k\u00f6nnen Aufnahmen aus dem Fotoalbum ihrer Familie, dem bekannten Bildmotiv aus dem Bilderrahmen im Wohnzimmer, oder aus ihrer Bilder- oder Diasammlung sein.\u00a0Stellen Sie das Alte dem Neuen gegen\u00fcber und vielleicht k\u00f6nnen Sie uns auch etwas zur Geschichte der Ansichten erz\u00e4hlen. Warum haben sie das Motiv ausgew\u00e4hlt? Was bewegt Sie am Wandel des Ortes?\u00a0Die interessantesten und sch\u00f6nsten Einsendungen werden von einer Jury ausgew\u00e4hlt mit Preisen pr\u00e4miert und in einer Ausstellung gezeigt.<\/p>\n<p>Parallel zum Wettbewerb werden aktuell eingesendete Motive in der Ausstellung \u201eHeimat im Wandel\u201c im Infopunkt des Naturparks ab Anfang Juni 2015 in Prieros gezeigt.<\/p>\n<p>Die Einsendung bitte an:<\/p>\n<p>Naturpark Dahme-Heideseen, Naturparkverwaltung<\/p>\n<p>Arnold-Breithor-Stra\u00dfe 8,<\/p>\n<p>15754 Heidesee OT Prieros<\/p>\n<p>Mail: hans.sonnenberg@lugv.brandenburg.de<\/p>\n<p><strong>Der Einsendeschluss zum Wettbewerb ist der 31. Dezember 2015.<\/strong><\/p>\n<div id=\"attachment_994\" style=\"width: 630px\" class=\"wp-caption aligncenter\"><a href=\"https:\/\/www.naturparkmagazin.de\/dahme-heideseen\/wp-content\/uploads\/sites\/37\/Blick_Tonow_2015-03_20_KleineesFormat.jpg\"><img aria-describedby=\"caption-attachment-994\" decoding=\"async\" loading=\"lazy\" class=\"size-medium wp-image-994\" alt=\"Blick auf die Tornower Wiesen im M\u00e4rz 2015\" src=\"https:\/\/www.naturparkmagazin.de\/dahme-heideseen\/wp-content\/uploads\/sites\/37\/Blick_Tonow_2015-03_20_KleineesFormat-620x304.jpg\" width=\"620\" height=\"304\" \/><\/a><p id=\"caption-attachment-994\" class=\"wp-caption-text\">Blick auf die Tornower Wiesen im M\u00e4rz 2015<\/p><\/div>\n<div id=\"attachment_995\" style=\"width: 630px\" class=\"wp-caption aligncenter\"><a href=\"https:\/\/www.naturparkmagazin.de\/dahme-heideseen\/wp-content\/uploads\/sites\/37\/geschnitten_tornow006-B-bearb-1-See-Am-Bullgr..jpg\"><img aria-describedby=\"caption-attachment-995\" decoding=\"async\" loading=\"lazy\" class=\"size-medium wp-image-995\" alt=\"Blick auf die Tornower Wiesen um 1920 (Foto: Archiv H.-J.Sommerfeld)\" src=\"https:\/\/www.naturparkmagazin.de\/dahme-heideseen\/wp-content\/uploads\/sites\/37\/geschnitten_tornow006-B-bearb-1-See-Am-Bullgr.-620x289.jpg\" width=\"620\" height=\"289\" srcset=\"https:\/\/www.naturparkmagazin.de\/dahme-heideseen\/wp-content\/uploads\/sites\/37\/geschnitten_tornow006-B-bearb-1-See-Am-Bullgr.-620x289.jpg 620w, https:\/\/www.naturparkmagazin.de\/dahme-heideseen\/wp-content\/uploads\/sites\/37\/geschnitten_tornow006-B-bearb-1-See-Am-Bullgr.-300x140.jpg 300w, https:\/\/www.naturparkmagazin.de\/dahme-heideseen\/wp-content\/uploads\/sites\/37\/geschnitten_tornow006-B-bearb-1-See-Am-Bullgr.-940x438.jpg 940w, https:\/\/www.naturparkmagazin.de\/dahme-heideseen\/wp-content\/uploads\/sites\/37\/geschnitten_tornow006-B-bearb-1-See-Am-Bullgr.-670x312.jpg 670w, https:\/\/www.naturparkmagazin.de\/dahme-heideseen\/wp-content\/uploads\/sites\/37\/geschnitten_tornow006-B-bearb-1-See-Am-Bullgr.-200x93.jpg 200w, https:\/\/www.naturparkmagazin.de\/dahme-heideseen\/wp-content\/uploads\/sites\/37\/geschnitten_tornow006-B-bearb-1-See-Am-Bullgr..jpg 1010w\" sizes=\"(max-width: 620px) 100vw, 620px\" \/><\/a><p id=\"caption-attachment-995\" class=\"wp-caption-text\">Blick auf die Tornower Wiesen um 1920 (Foto: Archiv H.-J.Sommerfeld)<\/p><\/div>\n<p>&nbsp;<\/p>\n<p><!--more--><\/p>\n<p style=\"text-align: center\"><b>Teilnahme am Wettbewerb \u201eHeimat im Wandel\u201c<\/b><\/p>\n<p>Name und Anschrift:<\/p>\n<p>Bildmotiv:<\/p>\n<p>Geschichte \/ Erl\u00e4uterung (Warum sende ich dieses Motiv ein?) :<\/p>\n<p>Erkl\u00e4rung:<\/p>\n<p>Ich erkl\u00e4re hiermit, dass ich die eingesendeten Motive f\u00fcr den Wettbewerb \u201eHeimat im Wandel frei zur Verf\u00fcgung stelle. Rechte dritter sind nicht vorhanden bzw. sind mir nicht bekannt.<\/p>\n<p>Die Motive sowie der Erl\u00e4uterungstext k\u00f6nnen f\u00fcr die Ausstellung \u201eHeimat im Wandel\u201c sowie zur Ausstellung begleitenden Darstellungen in analoger Form sowie im Internet verwendet werden. Es ergeben sich hierbei keine zeitlichen Beschr\u00e4nkungen. Der Bildautor wird hierbei, soweit bekannt, angegeben. Die Bildrechte verbleiben beim Bildautor.<\/p>\n<p>Ort, Datum, Unterschrift:<\/p>\n<p>&nbsp;<\/p>\n<p><i>Bitte ausgef\u00fcllt und bis zum 31.Dezember 2015 per Post oder mail an die Verwaltung des Naturparks Dahme-Heideseen senden:<\/i><\/p>\n<p>Naturpark Dahme-Heideseen, Naturparkverwaltung<\/p>\n<p>Arnold-Breithor-Stra\u00dfe 8,<\/p>\n<p>15754 Heidesee OT Prieros<\/p>\n<p>Mail: hans.sonnenberg@lugv.brandenburg.de<\/p>\n<p>Tel: (033768)969-14<\/p>\n","protected":false},"excerpt":{"rendered":"<p>Mache Sie mit! Schicken Sie uns Ihre alten und neuen Motive, zeigen Sie uns die Ver\u00e4nderung Ihrer Lieblingsorte und Ansichten.<\/p>\n","protected":false},"author":48,"featured_media":994,"comment_status":"open","ping_status":"open","sticky":false,"template":"","format":"standard","meta":[],"categories":[11],"tags":[],"yoast_head":"<!-- This site is optimized with the Yoast SEO plugin v19.10 - https:\/\/yoast.com\/wordpress\/plugins\/seo\/ -->\n<title>Aufruf zum Wettbewerb \u201eHeimat im Wandel&quot; - Naturpark Dahme-Heideseen<\/title>\n<meta name=\"robots\" content=\"index, follow, max-snippet:-1, max-image-preview:large, max-video-preview:-1\" \/>\n<link rel=\"canonical\" href=\"https:\/\/www.naturparkmagazin.de\/dahme-heideseen\/aufruf-zum-wettbewerb-heimat-im-wandel\/\" \/>\n<meta property=\"og:locale\" content=\"de_DE\" \/>\n<meta property=\"og:type\" content=\"article\" \/>\n<meta property=\"og:title\" content=\"Aufruf zum Wettbewerb \u201eHeimat im Wandel&quot; - Naturpark Dahme-Heideseen\" \/>\n<meta property=\"og:description\" content=\"Mache Sie mit! Schicken Sie uns Ihre alten und neuen Motive, zeigen Sie uns die Ver\u00e4nderung Ihrer Lieblingsorte und Ansichten.\" \/>\n<meta property=\"og:url\" content=\"https:\/\/www.naturparkmagazin.de\/dahme-heideseen\/aufruf-zum-wettbewerb-heimat-im-wandel\/\" \/>\n<meta property=\"og:site_name\" content=\"Naturpark Dahme-Heideseen\" \/>\n<meta property=\"article:published_time\" content=\"2015-04-16T19:38:33+00:00\" \/>\n<meta property=\"article:modified_time\" content=\"2015-04-23T12:46:13+00:00\" \/>\n<meta property=\"og:image\" content=\"https:\/\/www.naturparkmagazin.de\/dahme-heideseen\/wp-content\/uploads\/sites\/37\/Blick_Tonow_2015-03_20_KleineesFormat.jpg\" \/>\n\t<meta property=\"og:image:width\" content=\"800\" \/>\n\t<meta property=\"og:image:height\" content=\"393\" \/>\n\t<meta property=\"og:image:type\" content=\"image\/jpeg\" \/>\n<meta name=\"author\" content=\"hanssonnenberg\" \/>\n<meta name=\"twitter:label1\" content=\"Verfasst von\" \/>\n\t<meta name=\"twitter:data1\" content=\"hanssonnenberg\" \/>\n\t<meta name=\"twitter:label2\" content=\"Gesch\u00e4tzte Lesezeit\" \/>\n\t<meta name=\"twitter:data2\" content=\"2\u00a0Minuten\" \/>\n<script type=\"application\/ld+json\" class=\"yoast-schema-graph\">{\"@context\":\"https:\/\/schema.org\",\"@graph\":[{\"@type\":\"WebPage\",\"@id\":\"https:\/\/www.naturparkmagazin.de\/dahme-heideseen\/aufruf-zum-wettbewerb-heimat-im-wandel\/\",\"url\":\"https:\/\/www.naturparkmagazin.de\/dahme-heideseen\/aufruf-zum-wettbewerb-heimat-im-wandel\/\",\"name\":\"Aufruf zum Wettbewerb \u201eHeimat im Wandel\\\" - Naturpark Dahme-Heideseen\",\"isPartOf\":{\"@id\":\"https:\/\/www.naturparkmagazin.de\/dahme-heideseen\/#website\"},\"datePublished\":\"2015-04-16T19:38:33+00:00\",\"dateModified\":\"2015-04-23T12:46:13+00:00\",\"author\":{\"@id\":\"https:\/\/www.naturparkmagazin.de\/dahme-heideseen\/#\/schema\/person\/c81c96c3a1f5ee7bffff8b8022c105f0\"},\"breadcrumb\":{\"@id\":\"https:\/\/www.naturparkmagazin.de\/dahme-heideseen\/aufruf-zum-wettbewerb-heimat-im-wandel\/#breadcrumb\"},\"inLanguage\":\"de\",\"potentialAction\":[{\"@type\":\"ReadAction\",\"target\":[\"https:\/\/www.naturparkmagazin.de\/dahme-heideseen\/aufruf-zum-wettbewerb-heimat-im-wandel\/\"]}]},{\"@type\":\"BreadcrumbList\",\"@id\":\"https:\/\/www.naturparkmagazin.de\/dahme-heideseen\/aufruf-zum-wettbewerb-heimat-im-wandel\/#breadcrumb\",\"itemListElement\":[{\"@type\":\"ListItem\",\"position\":1,\"name\":\"Home\",\"item\":\"https:\/\/www.naturparkmagazin.de\/dahme-heideseen\/\"},{\"@type\":\"ListItem\",\"position\":2,\"name\":\"Aufruf zum Wettbewerb \u201eHeimat im Wandel&#8220;\"}]},{\"@type\":\"WebSite\",\"@id\":\"https:\/\/www.naturparkmagazin.de\/dahme-heideseen\/#website\",\"url\":\"https:\/\/www.naturparkmagazin.de\/dahme-heideseen\/\",\"name\":\"Naturpark Dahme-Heideseen\",\"description\":\"\",\"potentialAction\":[{\"@type\":\"SearchAction\",\"target\":{\"@type\":\"EntryPoint\",\"urlTemplate\":\"https:\/\/www.naturparkmagazin.de\/dahme-heideseen\/?s={search_term_string}\"},\"query-input\":\"required name=search_term_string\"}],\"inLanguage\":\"de\"},{\"@type\":\"Person\",\"@id\":\"https:\/\/www.naturparkmagazin.de\/dahme-heideseen\/#\/schema\/person\/c81c96c3a1f5ee7bffff8b8022c105f0\",\"name\":\"hanssonnenberg\",\"url\":\"https:\/\/www.naturparkmagazin.de\/dahme-heideseen\/author\/hanssonnenberg\/\"}]}<\/script>\n<!-- \/ Yoast SEO plugin. -->","yoast_head_json":{"title":"Aufruf zum Wettbewerb \u201eHeimat im Wandel\" - Naturpark Dahme-Heideseen","robots":{"index":"index","follow":"follow","max-snippet":"max-snippet:-1","max-image-preview":"max-image-preview:large","max-video-preview":"max-video-preview:-1"},"canonical":"https:\/\/www.naturparkmagazin.de\/dahme-heideseen\/aufruf-zum-wettbewerb-heimat-im-wandel\/","og_locale":"de_DE","og_type":"article","og_title":"Aufruf zum Wettbewerb \u201eHeimat im Wandel\" - Naturpark Dahme-Heideseen","og_description":"Mache Sie mit! Schicken Sie uns Ihre alten und neuen Motive, zeigen Sie uns die Ver\u00e4nderung Ihrer Lieblingsorte und Ansichten.","og_url":"https:\/\/www.naturparkmagazin.de\/dahme-heideseen\/aufruf-zum-wettbewerb-heimat-im-wandel\/","og_site_name":"Naturpark Dahme-Heideseen","article_published_time":"2015-04-16T19:38:33+00:00","article_modified_time":"2015-04-23T12:46:13+00:00","og_image":[{"width":800,"height":393,"url":"https:\/\/www.naturparkmagazin.de\/dahme-heideseen\/wp-content\/uploads\/sites\/37\/Blick_Tonow_2015-03_20_KleineesFormat.jpg","type":"image\/jpeg"}],"author":"hanssonnenberg","twitter_misc":{"Verfasst von":"hanssonnenberg","Gesch\u00e4tzte Lesezeit":"2\u00a0Minuten"},"schema":{"@context":"https:\/\/schema.org","@graph":[{"@type":"WebPage","@id":"https:\/\/www.naturparkmagazin.de\/dahme-heideseen\/aufruf-zum-wettbewerb-heimat-im-wandel\/","url":"https:\/\/www.naturparkmagazin.de\/dahme-heideseen\/aufruf-zum-wettbewerb-heimat-im-wandel\/","name":"Aufruf zum Wettbewerb \u201eHeimat im Wandel\" - Naturpark Dahme-Heideseen","isPartOf":{"@id":"https:\/\/www.naturparkmagazin.de\/dahme-heideseen\/#website"},"datePublished":"2015-04-16T19:38:33+00:00","dateModified":"2015-04-23T12:46:13+00:00","author":{"@id":"https:\/\/www.naturparkmagazin.de\/dahme-heideseen\/#\/schema\/person\/c81c96c3a1f5ee7bffff8b8022c105f0"},"breadcrumb":{"@id":"https:\/\/www.naturparkmagazin.de\/dahme-heideseen\/aufruf-zum-wettbewerb-heimat-im-wandel\/#breadcrumb"},"inLanguage":"de","potentialAction":[{"@type":"ReadAction","target":["https:\/\/www.naturparkmagazin.de\/dahme-heideseen\/aufruf-zum-wettbewerb-heimat-im-wandel\/"]}]},{"@type":"BreadcrumbList","@id":"https:\/\/www.naturparkmagazin.de\/dahme-heideseen\/aufruf-zum-wettbewerb-heimat-im-wandel\/#breadcrumb","itemListElement":[{"@type":"ListItem","position":1,"name":"Home","item":"https:\/\/www.naturparkmagazin.de\/dahme-heideseen\/"},{"@type":"ListItem","position":2,"name":"Aufruf zum Wettbewerb \u201eHeimat im Wandel&#8220;"}]},{"@type":"WebSite","@id":"https:\/\/www.naturparkmagazin.de\/dahme-heideseen\/#website","url":"https:\/\/www.naturparkmagazin.de\/dahme-heideseen\/","name":"Naturpark Dahme-Heideseen","description":"","potentialAction":[{"@type":"SearchAction","target":{"@type":"EntryPoint","urlTemplate":"https:\/\/www.naturparkmagazin.de\/dahme-heideseen\/?s={search_term_string}"},"query-input":"required name=search_term_string"}],"inLanguage":"de"},{"@type":"Person","@id":"https:\/\/www.naturparkmagazin.de\/dahme-heideseen\/#\/schema\/person\/c81c96c3a1f5ee7bffff8b8022c105f0","name":"hanssonnenberg","url":"https:\/\/www.naturparkmagazin.de\/dahme-heideseen\/author\/hanssonnenberg\/"}]}},"_links":{"self":[{"href":"https:\/\/www.naturparkmagazin.de\/dahme-heideseen\/wp-json\/wp\/v2\/posts\/991"}],"collection":[{"href":"https:\/\/www.naturparkmagazin.de\/dahme-heideseen\/wp-json\/wp\/v2\/posts"}],"about":[{"href":"https:\/\/www.naturparkmagazin.de\/dahme-heideseen\/wp-json\/wp\/v2\/types\/post"}],"author":[{"embeddable":true,"href":"https:\/\/www.naturparkmagazin.de\/dahme-heideseen\/wp-json\/wp\/v2\/users\/48"}],"replies":[{"embeddable":true,"href":"https:\/\/www.naturparkmagazin.de\/dahme-heideseen\/wp-json\/wp\/v2\/comments?post=991"}],"version-history":[{"count":6,"href":"https:\/\/www.naturparkmagazin.de\/dahme-heideseen\/wp-json\/wp\/v2\/posts\/991\/revisions"}],"predecessor-version":[{"id":1015,"href":"https:\/\/www.naturparkmagazin.de\/dahme-heideseen\/wp-json\/wp\/v2\/posts\/991\/revisions\/1015"}],"wp:featuredmedia":[{"embeddable":true,"href":"https:\/\/www.naturparkmagazin.de\/dahme-heideseen\/wp-json\/wp\/v2\/media\/994"}],"wp:attachment":[{"href":"https:\/\/www.naturparkmagazin.de\/dahme-heideseen\/wp-json\/wp\/v2\/media?parent=991"}],"wp:term":[{"taxonomy":"category","embeddable":true,"href":"https:\/\/www.naturparkmagazin.de\/dahme-heideseen\/wp-json\/wp\/v2\/categories?post=991"},{"taxonomy":"post_tag","embeddable":true,"href":"https:\/\/www.naturparkmagazin.de\/dahme-heideseen\/wp-json\/wp\/v2\/tags?post=991"}],"curies":[{"name":"wp","href":"https:\/\/api.w.org\/{rel}","templated":true}]}}