{"id":11228,"date":"2023-02-15T16:01:35","date_gmt":"2023-02-15T15:01:35","guid":{"rendered":"https:\/\/www.naturparkmagazin.de\/duebener-heide\/?p=11228"},"modified":"2023-02-16T09:17:03","modified_gmt":"2023-02-16T08:17:03","slug":"heidemesse-2023-fruehlingshaftes-bildungs-und-genussevent-im-kulturhaus-soellichau","status":"publish","type":"post","link":"https:\/\/www.naturparkmagazin.de\/duebener-heide\/heidemesse-2023-fruehlingshaftes-bildungs-und-genussevent-im-kulturhaus-soellichau\/","title":{"rendered":"Heidemesse 2023: Fr\u00fchlingshaftes Bildungs- und Genussevent im Kulturhaus S\u00f6llichau"},"content":{"rendered":"<div id=\"attachment_11231\" style=\"width: 630px\" class=\"wp-caption alignleft\"><a href=\"https:\/\/www.naturparkmagazin.de\/duebener-heide\/wp-content\/uploads\/sites\/25\/Heidemesse-2020_Foto_Naturpark_Duebener_Heide_500.jpg\"><img aria-describedby=\"caption-attachment-11231\" decoding=\"async\" loading=\"lazy\" class=\"size-medium wp-image-11231\" src=\"https:\/\/www.naturparkmagazin.de\/duebener-heide\/wp-content\/uploads\/sites\/25\/Heidemesse-2020_Foto_Naturpark_Duebener_Heide_500-620x372.jpg\" alt=\"\" width=\"620\" height=\"372\" srcset=\"https:\/\/www.naturparkmagazin.de\/duebener-heide\/wp-content\/uploads\/sites\/25\/Heidemesse-2020_Foto_Naturpark_Duebener_Heide_500-620x372.jpg 620w, https:\/\/www.naturparkmagazin.de\/duebener-heide\/wp-content\/uploads\/sites\/25\/Heidemesse-2020_Foto_Naturpark_Duebener_Heide_500-300x180.jpg 300w, https:\/\/www.naturparkmagazin.de\/duebener-heide\/wp-content\/uploads\/sites\/25\/Heidemesse-2020_Foto_Naturpark_Duebener_Heide_500-670x402.jpg 670w, https:\/\/www.naturparkmagazin.de\/duebener-heide\/wp-content\/uploads\/sites\/25\/Heidemesse-2020_Foto_Naturpark_Duebener_Heide_500-200x120.jpg 200w, https:\/\/www.naturparkmagazin.de\/duebener-heide\/wp-content\/uploads\/sites\/25\/Heidemesse-2020_Foto_Naturpark_Duebener_Heide_500.jpg 900w\" sizes=\"(max-width: 620px) 100vw, 620px\" \/><\/a><p id=\"caption-attachment-11231\" class=\"wp-caption-text\">Besucher:innen schlendern \u00fcber die Heidemesse 2020 (C) Naturpark D\u00fcbener Heide<\/p><\/div>\n<p>\u201eHier kann man was erleben\u201c ist sich Claudia Jakobartl vom Verein D\u00fcbener Heide sicher. Nach drei Jahren Coronapause l\u00e4dt der Naturparktr\u00e4ger wieder zur traditionellen Heidemesse in das Kulturhaus nach S\u00f6llichau ein. Unter dem Motto \u201eWas die D\u00fcbener Heide bietet: Erlebnis, Bildung und Genuss\u201c stellen Naturparkpartner ihre Angebote f\u00fcr das Jahr 2023 vor. Und die sind so vielf\u00e4ltig wie die Region.<\/p>\n<p>Die Heidemesse l\u00e4utet die Fr\u00fchlingssaison in der D\u00fcbener Heide ein. Mehr als 25 Aussteller:innen pr\u00e4sentieren sich mit ihren Erlebnis- und Bildungsangeboten, altem Handwerk und regionalen Produkten. Besucher:innen k\u00f6nnen Handwerkern beim Spinnen, Kl\u00f6ppeln und K\u00f6rbe flechten \u00fcber die Schulter schauen. Verschiedene Bildungseinrichtungen stellen sich und ihre Arbeit vor, darunter zum Beispiel das Umweltbildungszentrum \u201eHaus am See\u201c mit LiveCam-Aufnahmen eines Fischadlers und die Naturschutzstation der D\u00fcbener Heide mit einer Mitmachaktion zum Thema \u201eWaldtiere und Bienenfutter\u201c.<\/p>\n<p>F\u00f6rster J\u00fcrgen Kristin beantwortet Fragen rund um den Wald und erkl\u00e4rt, wie man ihn sch\u00fctzen kann. Heidem\u00f6nch Roland Gempe verr\u00e4t, welche nat\u00fcrlichen Sch\u00e4tze es in der D\u00fcbener Heide zu entdecken gibt. Ein kleiner Kr\u00e4uter- und Gew\u00fcrzmarkt sorgt f\u00fcr Dufterlebnisse. Regionale Produkte vom Heidelbeerlik\u00f6r \u00fcber den Honig bis hin zum K\u00e4se k\u00f6nnen verkostet und k\u00e4uflich erworben werden. Handgefertigte Kosmetika und kreative Geschenkideen laden zum Ausprobieren und Bummeln ein.<\/p>\n<p>F\u00fcr das leibliche Wohl sorgen Christian Freitag mit Wildspezialit\u00e4ten aus der D\u00fcbener Heide und die Heidevereinsmitglieder der Ortsgruppe S\u00f6llichau mit Kaffee und selbstgebackenem Kuchen. Ge\u00f6ffnet ist die Heidemesse von 10 bis 17 Uhr.<\/p>\n","protected":false},"excerpt":{"rendered":"<p>Der Verein D\u00fcbener Heide e.V. und seine Netzwerkpartner laden zum Weiterbilden, Erleben und Genie\u00dfen ein. <\/p>\n","protected":false},"author":18,"featured_media":6901,"comment_status":"open","ping_status":"open","sticky":false,"template":"","format":"standard","meta":[],"categories":[11],"tags":[],"yoast_head":"<!-- This site is optimized with the Yoast SEO plugin v19.10 - https:\/\/yoast.com\/wordpress\/plugins\/seo\/ -->\n<title>Heidemesse 2023: Fr\u00fchlingshaftes Bildungs- und Genussevent im Kulturhaus S\u00f6llichau - Naturpark D\u00fcbener Heide<\/title>\n<meta name=\"description\" content=\"Der Verein D\u00fcbener Heide e.V. und seine Netzwerkpartner laden zum Weiterbilden, Erleben und Genie\u00dfen ein.\" \/>\n<meta name=\"robots\" content=\"index, follow, max-snippet:-1, max-image-preview:large, max-video-preview:-1\" \/>\n<link rel=\"canonical\" href=\"https:\/\/www.naturparkmagazin.de\/duebener-heide\/heidemesse-2023-fruehlingshaftes-bildungs-und-genussevent-im-kulturhaus-soellichau\/\" \/>\n<meta property=\"og:locale\" content=\"de_DE\" \/>\n<meta property=\"og:type\" content=\"article\" \/>\n<meta property=\"og:title\" content=\"Heidemesse 2023: Fr\u00fchlingshaftes Bildungs- und Genussevent im Kulturhaus S\u00f6llichau - Naturpark D\u00fcbener Heide\" \/>\n<meta property=\"og:description\" content=\"Der Verein D\u00fcbener Heide e.V. und seine Netzwerkpartner laden zum Weiterbilden, Erleben und Genie\u00dfen ein.\" \/>\n<meta property=\"og:url\" content=\"https:\/\/www.naturparkmagazin.de\/duebener-heide\/heidemesse-2023-fruehlingshaftes-bildungs-und-genussevent-im-kulturhaus-soellichau\/\" \/>\n<meta property=\"og:site_name\" content=\"Naturpark D\u00fcbener Heide\" \/>\n<meta property=\"article:published_time\" content=\"2023-02-15T15:01:35+00:00\" \/>\n<meta property=\"article:modified_time\" content=\"2023-02-16T08:17:03+00:00\" \/>\n<meta property=\"og:image\" content=\"https:\/\/www.naturparkmagazin.de\/duebener-heide\/wp-content\/uploads\/sites\/25\/Heidemesse_2019_2_Foto_ClaudiaJakobartl_200.jpg\" \/>\n\t<meta property=\"og:image:width\" content=\"200\" \/>\n\t<meta property=\"og:image:height\" content=\"200\" \/>\n\t<meta property=\"og:image:type\" content=\"image\/jpeg\" \/>\n<meta name=\"author\" content=\"thomasklepel\" \/>\n<meta name=\"twitter:label1\" content=\"Verfasst von\" \/>\n\t<meta name=\"twitter:data1\" content=\"thomasklepel\" \/>\n\t<meta name=\"twitter:label2\" content=\"Gesch\u00e4tzte Lesezeit\" \/>\n\t<meta name=\"twitter:data2\" content=\"2\u00a0Minuten\" \/>\n<script type=\"application\/ld+json\" class=\"yoast-schema-graph\">{\"@context\":\"https:\/\/schema.org\",\"@graph\":[{\"@type\":\"WebPage\",\"@id\":\"https:\/\/www.naturparkmagazin.de\/duebener-heide\/heidemesse-2023-fruehlingshaftes-bildungs-und-genussevent-im-kulturhaus-soellichau\/\",\"url\":\"https:\/\/www.naturparkmagazin.de\/duebener-heide\/heidemesse-2023-fruehlingshaftes-bildungs-und-genussevent-im-kulturhaus-soellichau\/\",\"name\":\"Heidemesse 2023: Fr\u00fchlingshaftes Bildungs- und Genussevent im Kulturhaus S\u00f6llichau - Naturpark D\u00fcbener Heide\",\"isPartOf\":{\"@id\":\"https:\/\/www.naturparkmagazin.de\/duebener-heide\/#website\"},\"datePublished\":\"2023-02-15T15:01:35+00:00\",\"dateModified\":\"2023-02-16T08:17:03+00:00\",\"author\":{\"@id\":\"https:\/\/www.naturparkmagazin.de\/duebener-heide\/#\/schema\/person\/59ef3b9c7a4f12047e4d72fc61e6c40d\"},\"description\":\"Der Verein D\u00fcbener Heide e.V. und seine Netzwerkpartner laden zum Weiterbilden, Erleben und Genie\u00dfen ein.\",\"breadcrumb\":{\"@id\":\"https:\/\/www.naturparkmagazin.de\/duebener-heide\/heidemesse-2023-fruehlingshaftes-bildungs-und-genussevent-im-kulturhaus-soellichau\/#breadcrumb\"},\"inLanguage\":\"de\",\"potentialAction\":[{\"@type\":\"ReadAction\",\"target\":[\"https:\/\/www.naturparkmagazin.de\/duebener-heide\/heidemesse-2023-fruehlingshaftes-bildungs-und-genussevent-im-kulturhaus-soellichau\/\"]}]},{\"@type\":\"BreadcrumbList\",\"@id\":\"https:\/\/www.naturparkmagazin.de\/duebener-heide\/heidemesse-2023-fruehlingshaftes-bildungs-und-genussevent-im-kulturhaus-soellichau\/#breadcrumb\",\"itemListElement\":[{\"@type\":\"ListItem\",\"position\":1,\"name\":\"Home\",\"item\":\"https:\/\/www.naturparkmagazin.de\/duebener-heide\/\"},{\"@type\":\"ListItem\",\"position\":2,\"name\":\"Heidemesse 2023: Fr\u00fchlingshaftes Bildungs- und Genussevent im Kulturhaus S\u00f6llichau\"}]},{\"@type\":\"WebSite\",\"@id\":\"https:\/\/www.naturparkmagazin.de\/duebener-heide\/#website\",\"url\":\"https:\/\/www.naturparkmagazin.de\/duebener-heide\/\",\"name\":\"Naturpark D\u00fcbener Heide\",\"description\":\"\",\"potentialAction\":[{\"@type\":\"SearchAction\",\"target\":{\"@type\":\"EntryPoint\",\"urlTemplate\":\"https:\/\/www.naturparkmagazin.de\/duebener-heide\/?s={search_term_string}\"},\"query-input\":\"required name=search_term_string\"}],\"inLanguage\":\"de\"},{\"@type\":\"Person\",\"@id\":\"https:\/\/www.naturparkmagazin.de\/duebener-heide\/#\/schema\/person\/59ef3b9c7a4f12047e4d72fc61e6c40d\",\"name\":\"thomasklepel\",\"url\":\"https:\/\/www.naturparkmagazin.de\/duebener-heide\/author\/thomasklepel\/\"}]}<\/script>\n<!-- \/ Yoast SEO plugin. -->","yoast_head_json":{"title":"Heidemesse 2023: Fr\u00fchlingshaftes Bildungs- und Genussevent im Kulturhaus S\u00f6llichau - Naturpark D\u00fcbener Heide","description":"Der Verein D\u00fcbener Heide e.V. und seine Netzwerkpartner laden zum Weiterbilden, Erleben und Genie\u00dfen ein.","robots":{"index":"index","follow":"follow","max-snippet":"max-snippet:-1","max-image-preview":"max-image-preview:large","max-video-preview":"max-video-preview:-1"},"canonical":"https:\/\/www.naturparkmagazin.de\/duebener-heide\/heidemesse-2023-fruehlingshaftes-bildungs-und-genussevent-im-kulturhaus-soellichau\/","og_locale":"de_DE","og_type":"article","og_title":"Heidemesse 2023: Fr\u00fchlingshaftes Bildungs- und Genussevent im Kulturhaus S\u00f6llichau - Naturpark D\u00fcbener Heide","og_description":"Der Verein D\u00fcbener Heide e.V. und seine Netzwerkpartner laden zum Weiterbilden, Erleben und Genie\u00dfen ein.","og_url":"https:\/\/www.naturparkmagazin.de\/duebener-heide\/heidemesse-2023-fruehlingshaftes-bildungs-und-genussevent-im-kulturhaus-soellichau\/","og_site_name":"Naturpark D\u00fcbener Heide","article_published_time":"2023-02-15T15:01:35+00:00","article_modified_time":"2023-02-16T08:17:03+00:00","og_image":[{"width":200,"height":200,"url":"https:\/\/www.naturparkmagazin.de\/duebener-heide\/wp-content\/uploads\/sites\/25\/Heidemesse_2019_2_Foto_ClaudiaJakobartl_200.jpg","type":"image\/jpeg"}],"author":"thomasklepel","twitter_misc":{"Verfasst von":"thomasklepel","Gesch\u00e4tzte Lesezeit":"2\u00a0Minuten"},"schema":{"@context":"https:\/\/schema.org","@graph":[{"@type":"WebPage","@id":"https:\/\/www.naturparkmagazin.de\/duebener-heide\/heidemesse-2023-fruehlingshaftes-bildungs-und-genussevent-im-kulturhaus-soellichau\/","url":"https:\/\/www.naturparkmagazin.de\/duebener-heide\/heidemesse-2023-fruehlingshaftes-bildungs-und-genussevent-im-kulturhaus-soellichau\/","name":"Heidemesse 2023: Fr\u00fchlingshaftes Bildungs- und Genussevent im Kulturhaus S\u00f6llichau - Naturpark D\u00fcbener Heide","isPartOf":{"@id":"https:\/\/www.naturparkmagazin.de\/duebener-heide\/#website"},"datePublished":"2023-02-15T15:01:35+00:00","dateModified":"2023-02-16T08:17:03+00:00","author":{"@id":"https:\/\/www.naturparkmagazin.de\/duebener-heide\/#\/schema\/person\/59ef3b9c7a4f12047e4d72fc61e6c40d"},"description":"Der Verein D\u00fcbener Heide e.V. und seine Netzwerkpartner laden zum Weiterbilden, Erleben und Genie\u00dfen ein.","breadcrumb":{"@id":"https:\/\/www.naturparkmagazin.de\/duebener-heide\/heidemesse-2023-fruehlingshaftes-bildungs-und-genussevent-im-kulturhaus-soellichau\/#breadcrumb"},"inLanguage":"de","potentialAction":[{"@type":"ReadAction","target":["https:\/\/www.naturparkmagazin.de\/duebener-heide\/heidemesse-2023-fruehlingshaftes-bildungs-und-genussevent-im-kulturhaus-soellichau\/"]}]},{"@type":"BreadcrumbList","@id":"https:\/\/www.naturparkmagazin.de\/duebener-heide\/heidemesse-2023-fruehlingshaftes-bildungs-und-genussevent-im-kulturhaus-soellichau\/#breadcrumb","itemListElement":[{"@type":"ListItem","position":1,"name":"Home","item":"https:\/\/www.naturparkmagazin.de\/duebener-heide\/"},{"@type":"ListItem","position":2,"name":"Heidemesse 2023: Fr\u00fchlingshaftes Bildungs- und Genussevent im Kulturhaus S\u00f6llichau"}]},{"@type":"WebSite","@id":"https:\/\/www.naturparkmagazin.de\/duebener-heide\/#website","url":"https:\/\/www.naturparkmagazin.de\/duebener-heide\/","name":"Naturpark D\u00fcbener Heide","description":"","potentialAction":[{"@type":"SearchAction","target":{"@type":"EntryPoint","urlTemplate":"https:\/\/www.naturparkmagazin.de\/duebener-heide\/?s={search_term_string}"},"query-input":"required name=search_term_string"}],"inLanguage":"de"},{"@type":"Person","@id":"https:\/\/www.naturparkmagazin.de\/duebener-heide\/#\/schema\/person\/59ef3b9c7a4f12047e4d72fc61e6c40d","name":"thomasklepel","url":"https:\/\/www.naturparkmagazin.de\/duebener-heide\/author\/thomasklepel\/"}]}},"_links":{"self":[{"href":"https:\/\/www.naturparkmagazin.de\/duebener-heide\/wp-json\/wp\/v2\/posts\/11228"}],"collection":[{"href":"https:\/\/www.naturparkmagazin.de\/duebener-heide\/wp-json\/wp\/v2\/posts"}],"about":[{"href":"https:\/\/www.naturparkmagazin.de\/duebener-heide\/wp-json\/wp\/v2\/types\/post"}],"author":[{"embeddable":true,"href":"https:\/\/www.naturparkmagazin.de\/duebener-heide\/wp-json\/wp\/v2\/users\/18"}],"replies":[{"embeddable":true,"href":"https:\/\/www.naturparkmagazin.de\/duebener-heide\/wp-json\/wp\/v2\/comments?post=11228"}],"version-history":[{"count":5,"href":"https:\/\/www.naturparkmagazin.de\/duebener-heide\/wp-json\/wp\/v2\/posts\/11228\/revisions"}],"predecessor-version":[{"id":11234,"href":"https:\/\/www.naturparkmagazin.de\/duebener-heide\/wp-json\/wp\/v2\/posts\/11228\/revisions\/11234"}],"wp:featuredmedia":[{"embeddable":true,"href":"https:\/\/www.naturparkmagazin.de\/duebener-heide\/wp-json\/wp\/v2\/media\/6901"}],"wp:attachment":[{"href":"https:\/\/www.naturparkmagazin.de\/duebener-heide\/wp-json\/wp\/v2\/media?parent=11228"}],"wp:term":[{"taxonomy":"category","embeddable":true,"href":"https:\/\/www.naturparkmagazin.de\/duebener-heide\/wp-json\/wp\/v2\/categories?post=11228"},{"taxonomy":"post_tag","embeddable":true,"href":"https:\/\/www.naturparkmagazin.de\/duebener-heide\/wp-json\/wp\/v2\/tags?post=11228"}],"curies":[{"name":"wp","href":"https:\/\/api.w.org\/{rel}","templated":true}]}}