{"id":12352,"date":"2024-02-20T15:57:44","date_gmt":"2024-02-20T14:57:44","guid":{"rendered":"https:\/\/www.naturparkmagazin.de\/duebener-heide\/?p=12352"},"modified":"2024-02-13T08:14:25","modified_gmt":"2024-02-13T07:14:25","slug":"start-in-die-fruehlingssaison-heidemesse-2024","status":"publish","type":"post","link":"https:\/\/www.naturparkmagazin.de\/duebener-heide\/start-in-die-fruehlingssaison-heidemesse-2024\/","title":{"rendered":"Start in die Fr\u00fchlingssaison: Heidemesse zeigt Vielfalt der Region"},"content":{"rendered":"<div id=\"attachment_12357\" style=\"width: 630px\" class=\"wp-caption alignleft\"><a href=\"https:\/\/www.naturparkmagazin.de\/duebener-heide\/wp-content\/uploads\/sites\/25\/Mandy-Houschka-und-Claudia-Jakobartl-vom-Verein-Duebener-Heide-eV-am-Infostand_Foto_Naturpark-Duebener-Heide.jpg\"><img aria-describedby=\"caption-attachment-12357\" decoding=\"async\" loading=\"lazy\" class=\"size-medium wp-image-12357\" src=\"https:\/\/www.naturparkmagazin.de\/duebener-heide\/wp-content\/uploads\/sites\/25\/Mandy-Houschka-und-Claudia-Jakobartl-vom-Verein-Duebener-Heide-eV-am-Infostand_Foto_Naturpark-Duebener-Heide-620x372.jpg\" alt=\"\" width=\"620\" height=\"372\" srcset=\"https:\/\/www.naturparkmagazin.de\/duebener-heide\/wp-content\/uploads\/sites\/25\/Mandy-Houschka-und-Claudia-Jakobartl-vom-Verein-Duebener-Heide-eV-am-Infostand_Foto_Naturpark-Duebener-Heide-620x372.jpg 620w, https:\/\/www.naturparkmagazin.de\/duebener-heide\/wp-content\/uploads\/sites\/25\/Mandy-Houschka-und-Claudia-Jakobartl-vom-Verein-Duebener-Heide-eV-am-Infostand_Foto_Naturpark-Duebener-Heide-940x564.jpg 940w, https:\/\/www.naturparkmagazin.de\/duebener-heide\/wp-content\/uploads\/sites\/25\/Mandy-Houschka-und-Claudia-Jakobartl-vom-Verein-Duebener-Heide-eV-am-Infostand_Foto_Naturpark-Duebener-Heide-300x180.jpg 300w, https:\/\/www.naturparkmagazin.de\/duebener-heide\/wp-content\/uploads\/sites\/25\/Mandy-Houschka-und-Claudia-Jakobartl-vom-Verein-Duebener-Heide-eV-am-Infostand_Foto_Naturpark-Duebener-Heide-670x402.jpg 670w, https:\/\/www.naturparkmagazin.de\/duebener-heide\/wp-content\/uploads\/sites\/25\/Mandy-Houschka-und-Claudia-Jakobartl-vom-Verein-Duebener-Heide-eV-am-Infostand_Foto_Naturpark-Duebener-Heide-200x120.jpg 200w, https:\/\/www.naturparkmagazin.de\/duebener-heide\/wp-content\/uploads\/sites\/25\/Mandy-Houschka-und-Claudia-Jakobartl-vom-Verein-Duebener-Heide-eV-am-Infostand_Foto_Naturpark-Duebener-Heide.jpg 1000w\" sizes=\"(max-width: 620px) 100vw, 620px\" \/><\/a><p id=\"caption-attachment-12357\" class=\"wp-caption-text\">Mandy Houschka und Claudia Jakobartl vom Verein Duebener Heide eV am Infostand (C) Naturpark D\u00fcbener Heide<\/p><\/div>\n<p>Am Sonntag, den 10. M\u00e4rz 2024 l\u00e4dt der Verein D\u00fcbener Heide e.V. zur Heidemesse in das Kulturhaus nach S\u00f6llichau ein. Mit der Heidemesse beginnt in der D\u00fcbener Heide der Fr\u00fchling. Die Natur erwacht endlich aus dem langen Winterschlaf und steht in den Startl\u00f6chern f\u00fcr ihr explosives Farbenspiel. Das gilt auch f\u00fcr die Naturparkregion und ihre Umgebung. Was es zu entdecken, zu erleben und zu genie\u00dfen gibt, erfahren Interessierte auf der Schau.<\/p>\n<p>\u201eIn diesem Jahr konnten wir so viele Anbietende wie noch nie gewinnen. Insbesondere bei der Kulinarik haben wir kr\u00e4ftig aufgestockt. Da ist wirklich f\u00fcr jeden Geschmack etwas dabei \u2013 S\u00fc\u00dfspeisen, Herzhaftes, Fleischspezialit\u00e4ten und sogar vegane Gerichte\u201c, erkl\u00e4rt Organisatorin Claudia Jakobartl vom Verein D\u00fcbener Heide, der die Messe seit vielen Jahren ausrichtet.<\/p>\n<p>Mehrere Ausstellende sorgen mit ihren Verkaufswagen f\u00fcr ein \u201eStreet-Food-Ambiente\u201c vor dem Kulturhaus. Neben den bekannten Teilnehmenden wie Wilddirektvermarkter Christian Freitag aus Authausen, Elke Gro\u00dfkopf von der Genu\u00df-Haltestelle aus Tornau und Pfendts Biohof aus Pratau sind auch einige Neulinge am Start. Dazu z\u00e4hlen der Ziegenhof Stiller, die \u201eWaffelzauberei\u201c und der Betrieb \u201eHereford El-beweiderind Graditz\u201c.<\/p>\n<p>Im Innenbereich verw\u00f6hnen die engagierten Mitglieder der S\u00f6llichauer Vereine ihre G\u00e4ste mit Kaffee und selbstgebackenem Kuchen. Ein kleiner Kr\u00e4uter- und Pflanzenmarkt sorgt f\u00fcr Dufterlebnisse und eine fr\u00fchlingshafte Atmosph\u00e4re. Das bunte Angebot an regionalen Produkten reicht vom Wachteleierlik\u00f6r \u00fcber den Honig bis hin zu hochwertigen \u00d6len. Handgefertigte Kosmetika, Strickwaren sowie kreative Deko- und Geschenkartikel laden zum Bummeln ein. Am Infostand des HEIDE SPA k\u00f6nnen Besuchende \u201eam Rad drehen\u201c und ihr Gl\u00fcck versuchen.<\/p>\n<p>Altes Handwerk ist live beim Spinnen, Kl\u00f6ppeln, Melken und Drechseln zu erleben. Verschiedene Bildungseinrichtungen, darunter das Umweltbildungszentrum HAUS AM SEE und das Betreuungsforstamt Dessau, stellen sich und ihre Arbeit vor. Geschichts- und Heimatinteressierte sind am Stand des Spindestuben D\u00fcbener Heide e.V. an der richtigen Adresse oder kommen bei einem Besuch der benachbarten Heimatstube auf ihre Kosten.<\/p>\n<p><strong>Ge\u00f6ffnet ist die Heidemesse von 10 bis 17 Uhr. Der Eintritt ist frei.<\/strong><\/p>\n","protected":false},"excerpt":{"rendered":"<p>30 Ausstellende aus der Region pr\u00e4sentieren sich und ihre Angebote f\u00fcr das Jahr 2024.<\/p>\n","protected":false},"author":18,"featured_media":12356,"comment_status":"open","ping_status":"open","sticky":false,"template":"","format":"standard","meta":[],"categories":[11],"tags":[],"yoast_head":"<!-- This site is optimized with the Yoast SEO plugin v19.10 - https:\/\/yoast.com\/wordpress\/plugins\/seo\/ -->\n<title>Start in die Fr\u00fchlingssaison: Heidemesse zeigt Vielfalt der Region - Naturpark D\u00fcbener Heide<\/title>\n<meta name=\"description\" content=\"30 Ausstellende aus der Region pr\u00e4sentieren sich und ihre Angebote f\u00fcr das Jahr 2024.\" \/>\n<meta name=\"robots\" content=\"index, follow, max-snippet:-1, max-image-preview:large, max-video-preview:-1\" \/>\n<link rel=\"canonical\" href=\"https:\/\/www.naturparkmagazin.de\/duebener-heide\/?p=12352\" \/>\n<meta property=\"og:locale\" content=\"de_DE\" \/>\n<meta property=\"og:type\" content=\"article\" \/>\n<meta property=\"og:title\" content=\"Start in die Fr\u00fchlingssaison: Heidemesse zeigt Vielfalt der Region - Naturpark D\u00fcbener Heide\" \/>\n<meta property=\"og:description\" content=\"30 Ausstellende aus der Region pr\u00e4sentieren sich und ihre Angebote f\u00fcr das Jahr 2024.\" \/>\n<meta property=\"og:url\" content=\"https:\/\/www.naturparkmagazin.de\/duebener-heide\/?p=12352\" \/>\n<meta property=\"og:site_name\" content=\"Naturpark D\u00fcbener Heide\" \/>\n<meta property=\"article:published_time\" content=\"2024-02-20T14:57:44+00:00\" \/>\n<meta property=\"article:modified_time\" content=\"2024-02-13T07:14:25+00:00\" \/>\n<meta property=\"og:image\" content=\"https:\/\/www.naturparkmagazin.de\/duebener-heide\/wp-content\/uploads\/sites\/25\/Heidemesse-2024-Instagram-Post.jpg\" \/>\n\t<meta property=\"og:image:width\" content=\"1080\" \/>\n\t<meta property=\"og:image:height\" content=\"1080\" \/>\n\t<meta property=\"og:image:type\" content=\"image\/jpeg\" \/>\n<meta name=\"author\" content=\"thomasklepel\" \/>\n<meta name=\"twitter:label1\" content=\"Verfasst von\" \/>\n\t<meta name=\"twitter:data1\" content=\"thomasklepel\" \/>\n\t<meta name=\"twitter:label2\" content=\"Gesch\u00e4tzte Lesezeit\" \/>\n\t<meta name=\"twitter:data2\" content=\"3\u00a0Minuten\" \/>\n<script type=\"application\/ld+json\" class=\"yoast-schema-graph\">{\"@context\":\"https:\/\/schema.org\",\"@graph\":[{\"@type\":\"WebPage\",\"@id\":\"https:\/\/www.naturparkmagazin.de\/duebener-heide\/?p=12352\",\"url\":\"https:\/\/www.naturparkmagazin.de\/duebener-heide\/?p=12352\",\"name\":\"Start in die Fr\u00fchlingssaison: Heidemesse zeigt Vielfalt der Region - Naturpark D\u00fcbener Heide\",\"isPartOf\":{\"@id\":\"https:\/\/www.naturparkmagazin.de\/duebener-heide\/#website\"},\"datePublished\":\"2024-02-20T14:57:44+00:00\",\"dateModified\":\"2024-02-13T07:14:25+00:00\",\"author\":{\"@id\":\"https:\/\/www.naturparkmagazin.de\/duebener-heide\/#\/schema\/person\/59ef3b9c7a4f12047e4d72fc61e6c40d\"},\"description\":\"30 Ausstellende aus der Region pr\u00e4sentieren sich und ihre Angebote f\u00fcr das Jahr 2024.\",\"breadcrumb\":{\"@id\":\"https:\/\/www.naturparkmagazin.de\/duebener-heide\/?p=12352#breadcrumb\"},\"inLanguage\":\"de\",\"potentialAction\":[{\"@type\":\"ReadAction\",\"target\":[\"https:\/\/www.naturparkmagazin.de\/duebener-heide\/?p=12352\"]}]},{\"@type\":\"BreadcrumbList\",\"@id\":\"https:\/\/www.naturparkmagazin.de\/duebener-heide\/?p=12352#breadcrumb\",\"itemListElement\":[{\"@type\":\"ListItem\",\"position\":1,\"name\":\"Home\",\"item\":\"https:\/\/www.naturparkmagazin.de\/duebener-heide\/\"},{\"@type\":\"ListItem\",\"position\":2,\"name\":\"Start in die Fr\u00fchlingssaison: Heidemesse zeigt Vielfalt der Region\"}]},{\"@type\":\"WebSite\",\"@id\":\"https:\/\/www.naturparkmagazin.de\/duebener-heide\/#website\",\"url\":\"https:\/\/www.naturparkmagazin.de\/duebener-heide\/\",\"name\":\"Naturpark D\u00fcbener Heide\",\"description\":\"\",\"potentialAction\":[{\"@type\":\"SearchAction\",\"target\":{\"@type\":\"EntryPoint\",\"urlTemplate\":\"https:\/\/www.naturparkmagazin.de\/duebener-heide\/?s={search_term_string}\"},\"query-input\":\"required name=search_term_string\"}],\"inLanguage\":\"de\"},{\"@type\":\"Person\",\"@id\":\"https:\/\/www.naturparkmagazin.de\/duebener-heide\/#\/schema\/person\/59ef3b9c7a4f12047e4d72fc61e6c40d\",\"name\":\"thomasklepel\",\"url\":\"https:\/\/www.naturparkmagazin.de\/duebener-heide\/author\/thomasklepel\/\"}]}<\/script>\n<!-- \/ Yoast SEO plugin. -->","yoast_head_json":{"title":"Start in die Fr\u00fchlingssaison: Heidemesse zeigt Vielfalt der Region - Naturpark D\u00fcbener Heide","description":"30 Ausstellende aus der Region pr\u00e4sentieren sich und ihre Angebote f\u00fcr das Jahr 2024.","robots":{"index":"index","follow":"follow","max-snippet":"max-snippet:-1","max-image-preview":"max-image-preview:large","max-video-preview":"max-video-preview:-1"},"canonical":"https:\/\/www.naturparkmagazin.de\/duebener-heide\/?p=12352","og_locale":"de_DE","og_type":"article","og_title":"Start in die Fr\u00fchlingssaison: Heidemesse zeigt Vielfalt der Region - Naturpark D\u00fcbener Heide","og_description":"30 Ausstellende aus der Region pr\u00e4sentieren sich und ihre Angebote f\u00fcr das Jahr 2024.","og_url":"https:\/\/www.naturparkmagazin.de\/duebener-heide\/?p=12352","og_site_name":"Naturpark D\u00fcbener Heide","article_published_time":"2024-02-20T14:57:44+00:00","article_modified_time":"2024-02-13T07:14:25+00:00","og_image":[{"width":1080,"height":1080,"url":"https:\/\/www.naturparkmagazin.de\/duebener-heide\/wp-content\/uploads\/sites\/25\/Heidemesse-2024-Instagram-Post.jpg","type":"image\/jpeg"}],"author":"thomasklepel","twitter_misc":{"Verfasst von":"thomasklepel","Gesch\u00e4tzte Lesezeit":"3\u00a0Minuten"},"schema":{"@context":"https:\/\/schema.org","@graph":[{"@type":"WebPage","@id":"https:\/\/www.naturparkmagazin.de\/duebener-heide\/?p=12352","url":"https:\/\/www.naturparkmagazin.de\/duebener-heide\/?p=12352","name":"Start in die Fr\u00fchlingssaison: Heidemesse zeigt Vielfalt der Region - Naturpark D\u00fcbener Heide","isPartOf":{"@id":"https:\/\/www.naturparkmagazin.de\/duebener-heide\/#website"},"datePublished":"2024-02-20T14:57:44+00:00","dateModified":"2024-02-13T07:14:25+00:00","author":{"@id":"https:\/\/www.naturparkmagazin.de\/duebener-heide\/#\/schema\/person\/59ef3b9c7a4f12047e4d72fc61e6c40d"},"description":"30 Ausstellende aus der Region pr\u00e4sentieren sich und ihre Angebote f\u00fcr das Jahr 2024.","breadcrumb":{"@id":"https:\/\/www.naturparkmagazin.de\/duebener-heide\/?p=12352#breadcrumb"},"inLanguage":"de","potentialAction":[{"@type":"ReadAction","target":["https:\/\/www.naturparkmagazin.de\/duebener-heide\/?p=12352"]}]},{"@type":"BreadcrumbList","@id":"https:\/\/www.naturparkmagazin.de\/duebener-heide\/?p=12352#breadcrumb","itemListElement":[{"@type":"ListItem","position":1,"name":"Home","item":"https:\/\/www.naturparkmagazin.de\/duebener-heide\/"},{"@type":"ListItem","position":2,"name":"Start in die Fr\u00fchlingssaison: Heidemesse zeigt Vielfalt der Region"}]},{"@type":"WebSite","@id":"https:\/\/www.naturparkmagazin.de\/duebener-heide\/#website","url":"https:\/\/www.naturparkmagazin.de\/duebener-heide\/","name":"Naturpark D\u00fcbener Heide","description":"","potentialAction":[{"@type":"SearchAction","target":{"@type":"EntryPoint","urlTemplate":"https:\/\/www.naturparkmagazin.de\/duebener-heide\/?s={search_term_string}"},"query-input":"required name=search_term_string"}],"inLanguage":"de"},{"@type":"Person","@id":"https:\/\/www.naturparkmagazin.de\/duebener-heide\/#\/schema\/person\/59ef3b9c7a4f12047e4d72fc61e6c40d","name":"thomasklepel","url":"https:\/\/www.naturparkmagazin.de\/duebener-heide\/author\/thomasklepel\/"}]}},"_links":{"self":[{"href":"https:\/\/www.naturparkmagazin.de\/duebener-heide\/wp-json\/wp\/v2\/posts\/12352"}],"collection":[{"href":"https:\/\/www.naturparkmagazin.de\/duebener-heide\/wp-json\/wp\/v2\/posts"}],"about":[{"href":"https:\/\/www.naturparkmagazin.de\/duebener-heide\/wp-json\/wp\/v2\/types\/post"}],"author":[{"embeddable":true,"href":"https:\/\/www.naturparkmagazin.de\/duebener-heide\/wp-json\/wp\/v2\/users\/18"}],"replies":[{"embeddable":true,"href":"https:\/\/www.naturparkmagazin.de\/duebener-heide\/wp-json\/wp\/v2\/comments?post=12352"}],"version-history":[{"count":6,"href":"https:\/\/www.naturparkmagazin.de\/duebener-heide\/wp-json\/wp\/v2\/posts\/12352\/revisions"}],"predecessor-version":[{"id":12360,"href":"https:\/\/www.naturparkmagazin.de\/duebener-heide\/wp-json\/wp\/v2\/posts\/12352\/revisions\/12360"}],"wp:featuredmedia":[{"embeddable":true,"href":"https:\/\/www.naturparkmagazin.de\/duebener-heide\/wp-json\/wp\/v2\/media\/12356"}],"wp:attachment":[{"href":"https:\/\/www.naturparkmagazin.de\/duebener-heide\/wp-json\/wp\/v2\/media?parent=12352"}],"wp:term":[{"taxonomy":"category","embeddable":true,"href":"https:\/\/www.naturparkmagazin.de\/duebener-heide\/wp-json\/wp\/v2\/categories?post=12352"},{"taxonomy":"post_tag","embeddable":true,"href":"https:\/\/www.naturparkmagazin.de\/duebener-heide\/wp-json\/wp\/v2\/tags?post=12352"}],"curies":[{"name":"wp","href":"https:\/\/api.w.org\/{rel}","templated":true}]}}