{"id":1015,"date":"2016-04-18T08:56:38","date_gmt":"2016-04-18T06:56:38","guid":{"rendered":"http:\/\/www.naturparkmagazin.de\/nossentiner-schwinzer-heide\/?p=1015"},"modified":"2016-05-19T11:00:30","modified_gmt":"2016-05-19T09:00:30","slug":"ralf-koch-uebernimmt-geschaefte-des-naturparks","status":"publish","type":"post","link":"https:\/\/www.naturparkmagazin.de\/nossentiner-schwinzer-heide\/ralf-koch-uebernimmt-geschaefte-des-naturparks\/","title":{"rendered":"Ralf Koch \u00fcbernimmt Gesch\u00e4fte des Naturparks"},"content":{"rendered":"<p>Mit Wirkung vom 01.05.2016 wird der bisherige Leiter des Naturparks Nossentiner\/Schwinzer Heide, J\u00f6rg Gast, eine neue T\u00e4tigkeit im Landesamt f\u00fcr Umwelt, Naturschutz und Geologie Mecklenburg-Vorpommern (LUNG) \u00fcbernehmen und hier die Koordinierung und Umsetzung der sog. &#8222;Infrastrukturrichtlinie&#8220; [Erlass \u00fcber die Gew\u00e4hrung von Zuweisungen an die Nationalpark\u00e4mter, die Biosph\u00e4renreservats\u00e4mter und das Landesamt f\u00fcr Umwelt, Naturschutz und Geologie des Landes Mecklenburg-Vorpommern im Rahmen des Europ\u00e4ischen Landwirtschaftsfonds f\u00fcr die Entwicklung des l\u00e4ndlichen Raums (ZuwErGSGInfra-ELER)] f\u00fcr die Naturparke des Landes \u00fcbernehmen. Sein langj\u00e4hriger Stellvertreter, Ralf Koch, ist ab diesem Termin der alleinige Ansprechpartner f\u00fcr alle Belange des Naturparks. J\u00f6rg Gast bedankt sich bei allen Partnern und Freunden des Naturparks f\u00fcr die bisherige gute und kooperative Zusammenarbeit und w\u00fcnscht Ralf Koch in diesem Sinne viel Erfolg bei der Umsetzung der Naturparkziele und -projekte.<\/p>\n<div id=\"attachment_862\" style=\"width: 510px\" class=\"wp-caption alignnone\"><a href=\"https:\/\/www.naturparkmagazin.de\/nossentiner-schwinzer-heide\/wp-content\/uploads\/sites\/28\/J\u00f6rg-Gast-Foto-Ralf-Koch.jpg\"><img aria-describedby=\"caption-attachment-862\" decoding=\"async\" loading=\"lazy\" class=\"wp-image-862 size-full\" src=\"https:\/\/www.naturparkmagazin.de\/nossentiner-schwinzer-heide\/wp-content\/uploads\/sites\/28\/J\u00f6rg-Gast-Foto-Ralf-Koch.jpg\" alt=\"J\u00f6rg Gast, Foto Ralf Koch\" width=\"500\" height=\"300\" srcset=\"https:\/\/www.naturparkmagazin.de\/nossentiner-schwinzer-heide\/wp-content\/uploads\/sites\/28\/J\u00f6rg-Gast-Foto-Ralf-Koch.jpg 500w, https:\/\/www.naturparkmagazin.de\/nossentiner-schwinzer-heide\/wp-content\/uploads\/sites\/28\/J\u00f6rg-Gast-Foto-Ralf-Koch-300x180.jpg 300w, https:\/\/www.naturparkmagazin.de\/nossentiner-schwinzer-heide\/wp-content\/uploads\/sites\/28\/J\u00f6rg-Gast-Foto-Ralf-Koch-200x120.jpg 200w\" sizes=\"(max-width: 500px) 100vw, 500px\" \/><\/a><p id=\"caption-attachment-862\" class=\"wp-caption-text\">J\u00f6rg Gast, der scheidende Naturparkleiter<\/p><\/div>\n<div id=\"attachment_866\" style=\"width: 510px\" class=\"wp-caption alignnone\"><a href=\"https:\/\/www.naturparkmagazin.de\/nossentiner-schwinzer-heide\/wp-content\/uploads\/sites\/28\/Ralf-Koch-Foto-Michael-Unmack.jpg\"><img aria-describedby=\"caption-attachment-866\" decoding=\"async\" loading=\"lazy\" class=\"wp-image-866 size-full\" src=\"https:\/\/www.naturparkmagazin.de\/nossentiner-schwinzer-heide\/wp-content\/uploads\/sites\/28\/Ralf-Koch-Foto-Michael-Unmack.jpg\" alt=\"Ralf Koch, Foto Michael Unmack\" width=\"500\" height=\"300\" srcset=\"https:\/\/www.naturparkmagazin.de\/nossentiner-schwinzer-heide\/wp-content\/uploads\/sites\/28\/Ralf-Koch-Foto-Michael-Unmack.jpg 500w, https:\/\/www.naturparkmagazin.de\/nossentiner-schwinzer-heide\/wp-content\/uploads\/sites\/28\/Ralf-Koch-Foto-Michael-Unmack-300x180.jpg 300w, https:\/\/www.naturparkmagazin.de\/nossentiner-schwinzer-heide\/wp-content\/uploads\/sites\/28\/Ralf-Koch-Foto-Michael-Unmack-200x120.jpg 200w\" sizes=\"(max-width: 500px) 100vw, 500px\" \/><\/a><p id=\"caption-attachment-866\" class=\"wp-caption-text\">Ralf Koch, der neue Leiter des Naturparks<\/p><\/div>\n","protected":false},"excerpt":{"rendered":"<p>Mit Wirkung vom 01. Mai 2016 \u00fcbernimmt Ralf Koch die Leitung des Naturparks Nossentiner\/Schwinzer Heide und l\u00f6st damit J\u00f6rg Gast ab.<\/p>\n","protected":false},"author":28,"featured_media":866,"comment_status":"open","ping_status":"open","sticky":false,"template":"","format":"standard","meta":[],"categories":[7],"tags":[],"yoast_head":"<!-- This site is optimized with the Yoast SEO plugin v19.10 - https:\/\/yoast.com\/wordpress\/plugins\/seo\/ -->\n<title>Ralf Koch \u00fcbernimmt Gesch\u00e4fte des Naturparks - Naturpark Nossentiner\/Schwinzer Heide<\/title>\n<meta name=\"robots\" content=\"index, follow, max-snippet:-1, max-image-preview:large, max-video-preview:-1\" \/>\n<link rel=\"canonical\" href=\"https:\/\/www.naturparkmagazin.de\/nossentiner-schwinzer-heide\/ralf-koch-uebernimmt-geschaefte-des-naturparks\/\" \/>\n<meta property=\"og:locale\" content=\"de_DE\" \/>\n<meta property=\"og:type\" content=\"article\" \/>\n<meta property=\"og:title\" content=\"Ralf Koch \u00fcbernimmt Gesch\u00e4fte des Naturparks - Naturpark Nossentiner\/Schwinzer Heide\" \/>\n<meta property=\"og:description\" content=\"Mit Wirkung vom 01. Mai 2016 \u00fcbernimmt Ralf Koch die Leitung des Naturparks Nossentiner\/Schwinzer Heide und l\u00f6st damit J\u00f6rg Gast ab.\" \/>\n<meta property=\"og:url\" content=\"https:\/\/www.naturparkmagazin.de\/nossentiner-schwinzer-heide\/ralf-koch-uebernimmt-geschaefte-des-naturparks\/\" \/>\n<meta property=\"og:site_name\" content=\"Naturpark Nossentiner\/Schwinzer Heide\" \/>\n<meta property=\"article:published_time\" content=\"2016-04-18T06:56:38+00:00\" \/>\n<meta property=\"article:modified_time\" content=\"2016-05-19T09:00:30+00:00\" \/>\n<meta property=\"og:image\" content=\"https:\/\/www.naturparkmagazin.de\/nossentiner-schwinzer-heide\/wp-content\/uploads\/sites\/28\/Ralf-Koch-Foto-Michael-Unmack.jpg\" \/>\n\t<meta property=\"og:image:width\" content=\"500\" \/>\n\t<meta property=\"og:image:height\" content=\"300\" \/>\n\t<meta property=\"og:image:type\" content=\"image\/jpeg\" \/>\n<meta name=\"twitter:label1\" content=\"Verfasst von\" \/>\n\t<meta name=\"twitter:data1\" content=\"\" \/>\n\t<meta name=\"twitter:label2\" content=\"Gesch\u00e4tzte Lesezeit\" \/>\n\t<meta name=\"twitter:data2\" content=\"1\u00a0Minute\" \/>\n<script type=\"application\/ld+json\" class=\"yoast-schema-graph\">{\"@context\":\"https:\/\/schema.org\",\"@graph\":[{\"@type\":\"WebPage\",\"@id\":\"https:\/\/www.naturparkmagazin.de\/nossentiner-schwinzer-heide\/ralf-koch-uebernimmt-geschaefte-des-naturparks\/\",\"url\":\"https:\/\/www.naturparkmagazin.de\/nossentiner-schwinzer-heide\/ralf-koch-uebernimmt-geschaefte-des-naturparks\/\",\"name\":\"Ralf Koch \u00fcbernimmt Gesch\u00e4fte des Naturparks - Naturpark Nossentiner\/Schwinzer Heide\",\"isPartOf\":{\"@id\":\"https:\/\/www.naturparkmagazin.de\/nossentiner-schwinzer-heide\/#website\"},\"datePublished\":\"2016-04-18T06:56:38+00:00\",\"dateModified\":\"2016-05-19T09:00:30+00:00\",\"author\":{\"@id\":\"\"},\"breadcrumb\":{\"@id\":\"https:\/\/www.naturparkmagazin.de\/nossentiner-schwinzer-heide\/ralf-koch-uebernimmt-geschaefte-des-naturparks\/#breadcrumb\"},\"inLanguage\":\"de\",\"potentialAction\":[{\"@type\":\"ReadAction\",\"target\":[\"https:\/\/www.naturparkmagazin.de\/nossentiner-schwinzer-heide\/ralf-koch-uebernimmt-geschaefte-des-naturparks\/\"]}]},{\"@type\":\"BreadcrumbList\",\"@id\":\"https:\/\/www.naturparkmagazin.de\/nossentiner-schwinzer-heide\/ralf-koch-uebernimmt-geschaefte-des-naturparks\/#breadcrumb\",\"itemListElement\":[{\"@type\":\"ListItem\",\"position\":1,\"name\":\"Home\",\"item\":\"https:\/\/www.naturparkmagazin.de\/nossentiner-schwinzer-heide\/\"},{\"@type\":\"ListItem\",\"position\":2,\"name\":\"Ralf Koch \u00fcbernimmt Gesch\u00e4fte des Naturparks\"}]},{\"@type\":\"WebSite\",\"@id\":\"https:\/\/www.naturparkmagazin.de\/nossentiner-schwinzer-heide\/#website\",\"url\":\"https:\/\/www.naturparkmagazin.de\/nossentiner-schwinzer-heide\/\",\"name\":\"Naturpark Nossentiner\/Schwinzer Heide\",\"description\":\"\",\"potentialAction\":[{\"@type\":\"SearchAction\",\"target\":{\"@type\":\"EntryPoint\",\"urlTemplate\":\"https:\/\/www.naturparkmagazin.de\/nossentiner-schwinzer-heide\/?s={search_term_string}\"},\"query-input\":\"required name=search_term_string\"}],\"inLanguage\":\"de\"},{\"@type\":\"Person\",\"@id\":\"\",\"url\":\"https:\/\/www.naturparkmagazin.de\/nossentiner-schwinzer-heide\/author\/\"}]}<\/script>\n<!-- \/ Yoast SEO plugin. -->","yoast_head_json":{"title":"Ralf Koch \u00fcbernimmt Gesch\u00e4fte des Naturparks - Naturpark Nossentiner\/Schwinzer Heide","robots":{"index":"index","follow":"follow","max-snippet":"max-snippet:-1","max-image-preview":"max-image-preview:large","max-video-preview":"max-video-preview:-1"},"canonical":"https:\/\/www.naturparkmagazin.de\/nossentiner-schwinzer-heide\/ralf-koch-uebernimmt-geschaefte-des-naturparks\/","og_locale":"de_DE","og_type":"article","og_title":"Ralf Koch \u00fcbernimmt Gesch\u00e4fte des Naturparks - Naturpark Nossentiner\/Schwinzer Heide","og_description":"Mit Wirkung vom 01. Mai 2016 \u00fcbernimmt Ralf Koch die Leitung des Naturparks Nossentiner\/Schwinzer Heide und l\u00f6st damit J\u00f6rg Gast ab.","og_url":"https:\/\/www.naturparkmagazin.de\/nossentiner-schwinzer-heide\/ralf-koch-uebernimmt-geschaefte-des-naturparks\/","og_site_name":"Naturpark Nossentiner\/Schwinzer Heide","article_published_time":"2016-04-18T06:56:38+00:00","article_modified_time":"2016-05-19T09:00:30+00:00","og_image":[{"width":500,"height":300,"url":"https:\/\/www.naturparkmagazin.de\/nossentiner-schwinzer-heide\/wp-content\/uploads\/sites\/28\/Ralf-Koch-Foto-Michael-Unmack.jpg","type":"image\/jpeg"}],"twitter_misc":{"Verfasst von":"","Gesch\u00e4tzte Lesezeit":"1\u00a0Minute"},"schema":{"@context":"https:\/\/schema.org","@graph":[{"@type":"WebPage","@id":"https:\/\/www.naturparkmagazin.de\/nossentiner-schwinzer-heide\/ralf-koch-uebernimmt-geschaefte-des-naturparks\/","url":"https:\/\/www.naturparkmagazin.de\/nossentiner-schwinzer-heide\/ralf-koch-uebernimmt-geschaefte-des-naturparks\/","name":"Ralf Koch \u00fcbernimmt Gesch\u00e4fte des Naturparks - Naturpark Nossentiner\/Schwinzer Heide","isPartOf":{"@id":"https:\/\/www.naturparkmagazin.de\/nossentiner-schwinzer-heide\/#website"},"datePublished":"2016-04-18T06:56:38+00:00","dateModified":"2016-05-19T09:00:30+00:00","author":{"@id":""},"breadcrumb":{"@id":"https:\/\/www.naturparkmagazin.de\/nossentiner-schwinzer-heide\/ralf-koch-uebernimmt-geschaefte-des-naturparks\/#breadcrumb"},"inLanguage":"de","potentialAction":[{"@type":"ReadAction","target":["https:\/\/www.naturparkmagazin.de\/nossentiner-schwinzer-heide\/ralf-koch-uebernimmt-geschaefte-des-naturparks\/"]}]},{"@type":"BreadcrumbList","@id":"https:\/\/www.naturparkmagazin.de\/nossentiner-schwinzer-heide\/ralf-koch-uebernimmt-geschaefte-des-naturparks\/#breadcrumb","itemListElement":[{"@type":"ListItem","position":1,"name":"Home","item":"https:\/\/www.naturparkmagazin.de\/nossentiner-schwinzer-heide\/"},{"@type":"ListItem","position":2,"name":"Ralf Koch \u00fcbernimmt Gesch\u00e4fte des Naturparks"}]},{"@type":"WebSite","@id":"https:\/\/www.naturparkmagazin.de\/nossentiner-schwinzer-heide\/#website","url":"https:\/\/www.naturparkmagazin.de\/nossentiner-schwinzer-heide\/","name":"Naturpark Nossentiner\/Schwinzer Heide","description":"","potentialAction":[{"@type":"SearchAction","target":{"@type":"EntryPoint","urlTemplate":"https:\/\/www.naturparkmagazin.de\/nossentiner-schwinzer-heide\/?s={search_term_string}"},"query-input":"required name=search_term_string"}],"inLanguage":"de"},{"@type":"Person","@id":"","url":"https:\/\/www.naturparkmagazin.de\/nossentiner-schwinzer-heide\/author\/"}]}},"_links":{"self":[{"href":"https:\/\/www.naturparkmagazin.de\/nossentiner-schwinzer-heide\/wp-json\/wp\/v2\/posts\/1015"}],"collection":[{"href":"https:\/\/www.naturparkmagazin.de\/nossentiner-schwinzer-heide\/wp-json\/wp\/v2\/posts"}],"about":[{"href":"https:\/\/www.naturparkmagazin.de\/nossentiner-schwinzer-heide\/wp-json\/wp\/v2\/types\/post"}],"author":[{"embeddable":true,"href":"https:\/\/www.naturparkmagazin.de\/nossentiner-schwinzer-heide\/wp-json\/wp\/v2\/users\/28"}],"replies":[{"embeddable":true,"href":"https:\/\/www.naturparkmagazin.de\/nossentiner-schwinzer-heide\/wp-json\/wp\/v2\/comments?post=1015"}],"version-history":[{"count":1,"href":"https:\/\/www.naturparkmagazin.de\/nossentiner-schwinzer-heide\/wp-json\/wp\/v2\/posts\/1015\/revisions"}],"predecessor-version":[{"id":1016,"href":"https:\/\/www.naturparkmagazin.de\/nossentiner-schwinzer-heide\/wp-json\/wp\/v2\/posts\/1015\/revisions\/1016"}],"wp:featuredmedia":[{"embeddable":true,"href":"https:\/\/www.naturparkmagazin.de\/nossentiner-schwinzer-heide\/wp-json\/wp\/v2\/media\/866"}],"wp:attachment":[{"href":"https:\/\/www.naturparkmagazin.de\/nossentiner-schwinzer-heide\/wp-json\/wp\/v2\/media?parent=1015"}],"wp:term":[{"taxonomy":"category","embeddable":true,"href":"https:\/\/www.naturparkmagazin.de\/nossentiner-schwinzer-heide\/wp-json\/wp\/v2\/categories?post=1015"},{"taxonomy":"post_tag","embeddable":true,"href":"https:\/\/www.naturparkmagazin.de\/nossentiner-schwinzer-heide\/wp-json\/wp\/v2\/tags?post=1015"}],"curies":[{"name":"wp","href":"https:\/\/api.w.org\/{rel}","templated":true}]}}