{"id":1044,"date":"2016-06-17T20:06:27","date_gmt":"2016-06-17T18:06:27","guid":{"rendered":"http:\/\/www.naturparkmagazin.de\/nossentiner-schwinzer-heide\/?p=1044"},"modified":"2016-06-23T14:22:07","modified_gmt":"2016-06-23T12:22:07","slug":"zerfall-wird-kunst-eine-neue-sonderausstellung-im-karower-meiler","status":"publish","type":"post","link":"https:\/\/www.naturparkmagazin.de\/nossentiner-schwinzer-heide\/zerfall-wird-kunst-eine-neue-sonderausstellung-im-karower-meiler\/","title":{"rendered":"ZERFALL WIRD KUNST, eine neue Sonderausstellung im Karower Meiler"},"content":{"rendered":"<p>Die Fotografin Friederike v. Zastrow (25) ist in Mecklenburg Vorpommern aufgewachsen und mit der Landschaft verwurzelt. Nicht zuletzt mit dem Naturpark Nossentiner\/Schwinzer Heide, wo sie vor dem Studium ein F\u00d6J (Freiwilliges \u00f6kologisches Jahr) absolviert hat. Hier konnte sie auch ihre Leidenschaft f\u00fcr die Natur-Fotografie entdecken und auf Erkundungstouren mit den Rangern gehen. Um so mehr freut es sie ihr letztes Foto-Projekt ZERFALL WIRD KUNST nun im Karower Meiler auszustellen. So schlie\u00dft sich der Kreis.<\/p>\n<div id=\"attachment_1049\" style=\"width: 310px\" class=\"wp-caption alignnone\"><a href=\"https:\/\/www.naturparkmagazin.de\/nossentiner-schwinzer-heide\/wp-content\/uploads\/sites\/28\/Friederike-v-Zastrow_Passbild-klein.jpg\"><img aria-describedby=\"caption-attachment-1049\" decoding=\"async\" loading=\"lazy\" class=\"size-full wp-image-1049\" src=\"https:\/\/www.naturparkmagazin.de\/nossentiner-schwinzer-heide\/wp-content\/uploads\/sites\/28\/Friederike-v-Zastrow_Passbild-klein.jpg\" alt=\"Friederike von Zastrow\" width=\"300\" height=\"450\" srcset=\"https:\/\/www.naturparkmagazin.de\/nossentiner-schwinzer-heide\/wp-content\/uploads\/sites\/28\/Friederike-v-Zastrow_Passbild-klein.jpg 300w, https:\/\/www.naturparkmagazin.de\/nossentiner-schwinzer-heide\/wp-content\/uploads\/sites\/28\/Friederike-v-Zastrow_Passbild-klein-200x300.jpg 200w\" sizes=\"(max-width: 300px) 100vw, 300px\" \/><\/a><p id=\"caption-attachment-1049\" class=\"wp-caption-text\">Friederike von Zastrow<\/p><\/div>\n<div id=\"attachment_1046\" style=\"width: 460px\" class=\"wp-caption alignnone\"><a href=\"https:\/\/www.naturparkmagazin.de\/nossentiner-schwinzer-heide\/wp-content\/uploads\/sites\/28\/Ausstellung-FvZastrow-4903-klein.jpg\"><img aria-describedby=\"caption-attachment-1046\" decoding=\"async\" loading=\"lazy\" class=\"size-full wp-image-1046\" src=\"https:\/\/www.naturparkmagazin.de\/nossentiner-schwinzer-heide\/wp-content\/uploads\/sites\/28\/Ausstellung-FvZastrow-4903-klein.jpg\" alt=\"Baum &amp; Borke I\" width=\"450\" height=\"300\" srcset=\"https:\/\/www.naturparkmagazin.de\/nossentiner-schwinzer-heide\/wp-content\/uploads\/sites\/28\/Ausstellung-FvZastrow-4903-klein.jpg 450w, https:\/\/www.naturparkmagazin.de\/nossentiner-schwinzer-heide\/wp-content\/uploads\/sites\/28\/Ausstellung-FvZastrow-4903-klein-300x200.jpg 300w, https:\/\/www.naturparkmagazin.de\/nossentiner-schwinzer-heide\/wp-content\/uploads\/sites\/28\/Ausstellung-FvZastrow-4903-klein-200x133.jpg 200w\" sizes=\"(max-width: 450px) 100vw, 450px\" \/><\/a><p id=\"caption-attachment-1046\" class=\"wp-caption-text\">Baum &amp; Borke I<\/p><\/div>\n<p>Die Ausstellung ZERFALL WIRD KUNST richtet einen Blick auf das Unscheinbare, auf \u00dcbersehenes und vielleicht auch auf das was man sonst nicht sehen will. Gezeigt werden Fotografien mit Ausschnitten der Borke von B\u00e4umen, die den \u00e4u\u00dferen Umwelteinfl\u00fcssen ausgesetzt sind oder bereits als Totholz zersetzt werden. Es wird dargestellt, wie der nat\u00fcrliche Zerfall bei B\u00e4umen Kunstwerke erschaffen kann, wenn man nur genau hinsieht. Die unscheinbaren Kleinstlebewesen am Ende der Nahrungskette fressen faszinierende Strukturen in das Holz.\nVerwitterung von Baumst\u00e4mmen l\u00e4sst eigene Welten entstehen, die sich mit Fantasie entdecken lassen. Zerfall ist ein essentieller Prozess in der Natur der f\u00fcr das Gleichgewicht im \u00d6kosystem sorgt. Der Mensch jedoch gestaltet die Welt nach seiner \u00c4sthetik. Diese Ausstellung soll dazu anregen die Natur sich h\u00e4ufiger selbst gestalten zu lassen. Es lohnt sich vielfach.<\/p>\n<div id=\"attachment_1047\" style=\"width: 310px\" class=\"wp-caption alignnone\"><a href=\"https:\/\/www.naturparkmagazin.de\/nossentiner-schwinzer-heide\/wp-content\/uploads\/sites\/28\/d817a1_fe78e29d50644388bcfdc56fbfb0b2b7-klein.jpg\"><img aria-describedby=\"caption-attachment-1047\" decoding=\"async\" loading=\"lazy\" class=\"size-full wp-image-1047\" src=\"https:\/\/www.naturparkmagazin.de\/nossentiner-schwinzer-heide\/wp-content\/uploads\/sites\/28\/d817a1_fe78e29d50644388bcfdc56fbfb0b2b7-klein.jpg\" alt=\"Baum &amp; Borke II\" width=\"300\" height=\"450\" srcset=\"https:\/\/www.naturparkmagazin.de\/nossentiner-schwinzer-heide\/wp-content\/uploads\/sites\/28\/d817a1_fe78e29d50644388bcfdc56fbfb0b2b7-klein.jpg 300w, https:\/\/www.naturparkmagazin.de\/nossentiner-schwinzer-heide\/wp-content\/uploads\/sites\/28\/d817a1_fe78e29d50644388bcfdc56fbfb0b2b7-klein-200x300.jpg 200w\" sizes=\"(max-width: 300px) 100vw, 300px\" \/><\/a><p id=\"caption-attachment-1047\" class=\"wp-caption-text\">Baum &amp; Borke II<\/p><\/div>\n<p>Friederike v. Zastrow hat sich neben der Fotografie der Musik verschrieben. Ihr Abitur belegte sie am Musikgymnasium in Demmin. Sie ist Bachelor of Arts in dem Studienfach Popul\u00e4re Musik und Medien, dass es in Deutschland ausschlie\u00dflich an der Universit\u00e4t Paderborn gibt. In Wahlkursen konnte dort aber auch ihr fotografisches Talent weiter ausgebaut und gef\u00f6rdert werden. Momentan wohnt und arbeitet sie in M\u00fcnchen. Dort ist sie seit Kurzem als Junior Mediaplanerin spezialisiert f\u00fcr Musik t\u00e4tig.\nWeitere Fotografien und Links zur Fotografin findet man online auf der Webseite www.successes.de\nDie Fotografin m\u00f6chte einen gro\u00dfen Dank an ihre liebe Tante Hildegard richten.\n\u201eDanke f\u00fcr die tatkr\u00e4ftige Unterst\u00fctzung bei dem Projekt als Taxi, Inspirationsgebung und F\u00f6rderung. Nicht zuletzt m\u00f6chte ich f\u00fcr die durchgef\u00fchrte Kuration der Ausstellung danken. Ohne dich w\u00fcrden die Bilder hier heute nicht h\u00e4ngen. Danke.&#8220;\nDie Ausstellung ist vom 16. Juni bis zum 31. Juli im Kultur- und Informationszentrum Karower Meiler zu sehen. Ge\u00f6ffnet ist t\u00e4glich von 10 bis 17 Uhr, der Eintritt ist frei.<\/p>\n<p>&nbsp;<\/p>\n","protected":false},"excerpt":{"rendered":"<p>Friederike v. Zastrow zeigt in einer neuen Sonderausstellung im Karower Meiler ihre Ansichten von Baum &amp; Borke. Nach einem F\u00f6J im Naturpark Nossentiner\/Schwinzer Heide und anschlie\u00dfendem Musikstudium widmet sie sich auch der Fotografie.<\/p>\n","protected":false},"author":28,"featured_media":1091,"comment_status":"open","ping_status":"open","sticky":false,"template":"","format":"standard","meta":[],"categories":[11],"tags":[],"yoast_head":"<!-- This site is optimized with the Yoast SEO plugin v19.10 - https:\/\/yoast.com\/wordpress\/plugins\/seo\/ -->\n<title>ZERFALL WIRD KUNST, eine neue Sonderausstellung im Karower Meiler - Naturpark Nossentiner\/Schwinzer Heide<\/title>\n<meta name=\"robots\" content=\"index, follow, max-snippet:-1, max-image-preview:large, max-video-preview:-1\" \/>\n<link rel=\"canonical\" href=\"https:\/\/www.naturparkmagazin.de\/nossentiner-schwinzer-heide\/zerfall-wird-kunst-eine-neue-sonderausstellung-im-karower-meiler\/\" \/>\n<meta property=\"og:locale\" content=\"de_DE\" \/>\n<meta property=\"og:type\" content=\"article\" \/>\n<meta property=\"og:title\" content=\"ZERFALL WIRD KUNST, eine neue Sonderausstellung im Karower Meiler - Naturpark Nossentiner\/Schwinzer Heide\" \/>\n<meta property=\"og:description\" content=\"Friederike v. Zastrow zeigt in einer neuen Sonderausstellung im Karower Meiler ihre Ansichten von Baum &amp; Borke. Nach einem F\u00f6J im Naturpark Nossentiner\/Schwinzer Heide und anschlie\u00dfendem Musikstudium widmet sie sich auch der Fotografie.\" \/>\n<meta property=\"og:url\" content=\"https:\/\/www.naturparkmagazin.de\/nossentiner-schwinzer-heide\/zerfall-wird-kunst-eine-neue-sonderausstellung-im-karower-meiler\/\" \/>\n<meta property=\"og:site_name\" content=\"Naturpark Nossentiner\/Schwinzer Heide\" \/>\n<meta property=\"article:published_time\" content=\"2016-06-17T18:06:27+00:00\" \/>\n<meta property=\"article:modified_time\" content=\"2016-06-23T12:22:07+00:00\" \/>\n<meta property=\"og:image\" content=\"https:\/\/www.naturparkmagazin.de\/nossentiner-schwinzer-heide\/wp-content\/uploads\/sites\/28\/karower-meiler-Beitragsfoto.jpg\" \/>\n\t<meta property=\"og:image:width\" content=\"200\" \/>\n\t<meta property=\"og:image:height\" content=\"200\" \/>\n\t<meta property=\"og:image:type\" content=\"image\/jpeg\" \/>\n<meta name=\"twitter:label1\" content=\"Verfasst von\" \/>\n\t<meta name=\"twitter:data1\" content=\"\" \/>\n\t<meta name=\"twitter:label2\" content=\"Gesch\u00e4tzte Lesezeit\" \/>\n\t<meta name=\"twitter:data2\" content=\"2\u00a0Minuten\" \/>\n<script type=\"application\/ld+json\" class=\"yoast-schema-graph\">{\"@context\":\"https:\/\/schema.org\",\"@graph\":[{\"@type\":\"WebPage\",\"@id\":\"https:\/\/www.naturparkmagazin.de\/nossentiner-schwinzer-heide\/zerfall-wird-kunst-eine-neue-sonderausstellung-im-karower-meiler\/\",\"url\":\"https:\/\/www.naturparkmagazin.de\/nossentiner-schwinzer-heide\/zerfall-wird-kunst-eine-neue-sonderausstellung-im-karower-meiler\/\",\"name\":\"ZERFALL WIRD KUNST, eine neue Sonderausstellung im Karower Meiler - Naturpark Nossentiner\/Schwinzer Heide\",\"isPartOf\":{\"@id\":\"https:\/\/www.naturparkmagazin.de\/nossentiner-schwinzer-heide\/#website\"},\"datePublished\":\"2016-06-17T18:06:27+00:00\",\"dateModified\":\"2016-06-23T12:22:07+00:00\",\"author\":{\"@id\":\"\"},\"breadcrumb\":{\"@id\":\"https:\/\/www.naturparkmagazin.de\/nossentiner-schwinzer-heide\/zerfall-wird-kunst-eine-neue-sonderausstellung-im-karower-meiler\/#breadcrumb\"},\"inLanguage\":\"de\",\"potentialAction\":[{\"@type\":\"ReadAction\",\"target\":[\"https:\/\/www.naturparkmagazin.de\/nossentiner-schwinzer-heide\/zerfall-wird-kunst-eine-neue-sonderausstellung-im-karower-meiler\/\"]}]},{\"@type\":\"BreadcrumbList\",\"@id\":\"https:\/\/www.naturparkmagazin.de\/nossentiner-schwinzer-heide\/zerfall-wird-kunst-eine-neue-sonderausstellung-im-karower-meiler\/#breadcrumb\",\"itemListElement\":[{\"@type\":\"ListItem\",\"position\":1,\"name\":\"Home\",\"item\":\"https:\/\/www.naturparkmagazin.de\/nossentiner-schwinzer-heide\/\"},{\"@type\":\"ListItem\",\"position\":2,\"name\":\"ZERFALL WIRD KUNST, eine neue Sonderausstellung im Karower Meiler\"}]},{\"@type\":\"WebSite\",\"@id\":\"https:\/\/www.naturparkmagazin.de\/nossentiner-schwinzer-heide\/#website\",\"url\":\"https:\/\/www.naturparkmagazin.de\/nossentiner-schwinzer-heide\/\",\"name\":\"Naturpark Nossentiner\/Schwinzer Heide\",\"description\":\"\",\"potentialAction\":[{\"@type\":\"SearchAction\",\"target\":{\"@type\":\"EntryPoint\",\"urlTemplate\":\"https:\/\/www.naturparkmagazin.de\/nossentiner-schwinzer-heide\/?s={search_term_string}\"},\"query-input\":\"required name=search_term_string\"}],\"inLanguage\":\"de\"},{\"@type\":\"Person\",\"@id\":\"\",\"url\":\"https:\/\/www.naturparkmagazin.de\/nossentiner-schwinzer-heide\/author\/\"}]}<\/script>\n<!-- \/ Yoast SEO plugin. -->","yoast_head_json":{"title":"ZERFALL WIRD KUNST, eine neue Sonderausstellung im Karower Meiler - Naturpark Nossentiner\/Schwinzer Heide","robots":{"index":"index","follow":"follow","max-snippet":"max-snippet:-1","max-image-preview":"max-image-preview:large","max-video-preview":"max-video-preview:-1"},"canonical":"https:\/\/www.naturparkmagazin.de\/nossentiner-schwinzer-heide\/zerfall-wird-kunst-eine-neue-sonderausstellung-im-karower-meiler\/","og_locale":"de_DE","og_type":"article","og_title":"ZERFALL WIRD KUNST, eine neue Sonderausstellung im Karower Meiler - Naturpark Nossentiner\/Schwinzer Heide","og_description":"Friederike v. Zastrow zeigt in einer neuen Sonderausstellung im Karower Meiler ihre Ansichten von Baum &amp; Borke. Nach einem F\u00f6J im Naturpark Nossentiner\/Schwinzer Heide und anschlie\u00dfendem Musikstudium widmet sie sich auch der Fotografie.","og_url":"https:\/\/www.naturparkmagazin.de\/nossentiner-schwinzer-heide\/zerfall-wird-kunst-eine-neue-sonderausstellung-im-karower-meiler\/","og_site_name":"Naturpark Nossentiner\/Schwinzer Heide","article_published_time":"2016-06-17T18:06:27+00:00","article_modified_time":"2016-06-23T12:22:07+00:00","og_image":[{"width":200,"height":200,"url":"https:\/\/www.naturparkmagazin.de\/nossentiner-schwinzer-heide\/wp-content\/uploads\/sites\/28\/karower-meiler-Beitragsfoto.jpg","type":"image\/jpeg"}],"twitter_misc":{"Verfasst von":"","Gesch\u00e4tzte Lesezeit":"2\u00a0Minuten"},"schema":{"@context":"https:\/\/schema.org","@graph":[{"@type":"WebPage","@id":"https:\/\/www.naturparkmagazin.de\/nossentiner-schwinzer-heide\/zerfall-wird-kunst-eine-neue-sonderausstellung-im-karower-meiler\/","url":"https:\/\/www.naturparkmagazin.de\/nossentiner-schwinzer-heide\/zerfall-wird-kunst-eine-neue-sonderausstellung-im-karower-meiler\/","name":"ZERFALL WIRD KUNST, eine neue Sonderausstellung im Karower Meiler - Naturpark Nossentiner\/Schwinzer Heide","isPartOf":{"@id":"https:\/\/www.naturparkmagazin.de\/nossentiner-schwinzer-heide\/#website"},"datePublished":"2016-06-17T18:06:27+00:00","dateModified":"2016-06-23T12:22:07+00:00","author":{"@id":""},"breadcrumb":{"@id":"https:\/\/www.naturparkmagazin.de\/nossentiner-schwinzer-heide\/zerfall-wird-kunst-eine-neue-sonderausstellung-im-karower-meiler\/#breadcrumb"},"inLanguage":"de","potentialAction":[{"@type":"ReadAction","target":["https:\/\/www.naturparkmagazin.de\/nossentiner-schwinzer-heide\/zerfall-wird-kunst-eine-neue-sonderausstellung-im-karower-meiler\/"]}]},{"@type":"BreadcrumbList","@id":"https:\/\/www.naturparkmagazin.de\/nossentiner-schwinzer-heide\/zerfall-wird-kunst-eine-neue-sonderausstellung-im-karower-meiler\/#breadcrumb","itemListElement":[{"@type":"ListItem","position":1,"name":"Home","item":"https:\/\/www.naturparkmagazin.de\/nossentiner-schwinzer-heide\/"},{"@type":"ListItem","position":2,"name":"ZERFALL WIRD KUNST, eine neue Sonderausstellung im Karower Meiler"}]},{"@type":"WebSite","@id":"https:\/\/www.naturparkmagazin.de\/nossentiner-schwinzer-heide\/#website","url":"https:\/\/www.naturparkmagazin.de\/nossentiner-schwinzer-heide\/","name":"Naturpark Nossentiner\/Schwinzer Heide","description":"","potentialAction":[{"@type":"SearchAction","target":{"@type":"EntryPoint","urlTemplate":"https:\/\/www.naturparkmagazin.de\/nossentiner-schwinzer-heide\/?s={search_term_string}"},"query-input":"required name=search_term_string"}],"inLanguage":"de"},{"@type":"Person","@id":"","url":"https:\/\/www.naturparkmagazin.de\/nossentiner-schwinzer-heide\/author\/"}]}},"_links":{"self":[{"href":"https:\/\/www.naturparkmagazin.de\/nossentiner-schwinzer-heide\/wp-json\/wp\/v2\/posts\/1044"}],"collection":[{"href":"https:\/\/www.naturparkmagazin.de\/nossentiner-schwinzer-heide\/wp-json\/wp\/v2\/posts"}],"about":[{"href":"https:\/\/www.naturparkmagazin.de\/nossentiner-schwinzer-heide\/wp-json\/wp\/v2\/types\/post"}],"author":[{"embeddable":true,"href":"https:\/\/www.naturparkmagazin.de\/nossentiner-schwinzer-heide\/wp-json\/wp\/v2\/users\/28"}],"replies":[{"embeddable":true,"href":"https:\/\/www.naturparkmagazin.de\/nossentiner-schwinzer-heide\/wp-json\/wp\/v2\/comments?post=1044"}],"version-history":[{"count":5,"href":"https:\/\/www.naturparkmagazin.de\/nossentiner-schwinzer-heide\/wp-json\/wp\/v2\/posts\/1044\/revisions"}],"predecessor-version":[{"id":1098,"href":"https:\/\/www.naturparkmagazin.de\/nossentiner-schwinzer-heide\/wp-json\/wp\/v2\/posts\/1044\/revisions\/1098"}],"wp:featuredmedia":[{"embeddable":true,"href":"https:\/\/www.naturparkmagazin.de\/nossentiner-schwinzer-heide\/wp-json\/wp\/v2\/media\/1091"}],"wp:attachment":[{"href":"https:\/\/www.naturparkmagazin.de\/nossentiner-schwinzer-heide\/wp-json\/wp\/v2\/media?parent=1044"}],"wp:term":[{"taxonomy":"category","embeddable":true,"href":"https:\/\/www.naturparkmagazin.de\/nossentiner-schwinzer-heide\/wp-json\/wp\/v2\/categories?post=1044"},{"taxonomy":"post_tag","embeddable":true,"href":"https:\/\/www.naturparkmagazin.de\/nossentiner-schwinzer-heide\/wp-json\/wp\/v2\/tags?post=1044"}],"curies":[{"name":"wp","href":"https:\/\/api.w.org\/{rel}","templated":true}]}}