{"id":1063,"date":"2016-06-17T13:02:16","date_gmt":"2016-06-17T11:02:16","guid":{"rendered":"http:\/\/www.naturparkmagazin.de\/nossentiner-schwinzer-heide\/?p=1063"},"modified":"2016-06-23T13:53:50","modified_gmt":"2016-06-23T11:53:50","slug":"diestelbekaempfung-auf-dem-grossen-werder","status":"publish","type":"post","link":"https:\/\/www.naturparkmagazin.de\/nossentiner-schwinzer-heide\/diestelbekaempfung-auf-dem-grossen-werder\/","title":{"rendered":"Diestelbek\u00e4mpfung auf dem Gro\u00dfen Werder"},"content":{"rendered":"<p>Der Naturpark Nossentiner\/Schwinzer Heide hat in diesem Jahr bei der Beseitigung der \u00fcberm\u00e4\u00dfigen Best\u00e4nde der Ackerkratzdiestel auf der einzigen beweideten Insel im Natur-schutzgebiet \u201eKrakower Obersee\u201c Unterst\u00fctzung von Mitarbeitern der Abteilung Naturschutz und Naturparke des Landesamtes f\u00fcr Umwelt, Naturschutz und Geologie (LUNG MV) bekommen.<\/p>\n<div id=\"attachment_1065\" style=\"width: 510px\" class=\"wp-caption alignnone\"><a href=\"https:\/\/www.naturparkmagazin.de\/nossentiner-schwinzer-heide\/wp-content\/uploads\/sites\/28\/\u00dcberfahrt-zur-Insel-klein.jpg\"><img aria-describedby=\"caption-attachment-1065\" decoding=\"async\" loading=\"lazy\" class=\"size-full wp-image-1065\" src=\"https:\/\/www.naturparkmagazin.de\/nossentiner-schwinzer-heide\/wp-content\/uploads\/sites\/28\/\u00dcberfahrt-zur-Insel-klein.jpg\" alt=\"Gemeinsame \u00dcberfahrt zum Gro\u00dfen Werder\" width=\"500\" height=\"300\" srcset=\"https:\/\/www.naturparkmagazin.de\/nossentiner-schwinzer-heide\/wp-content\/uploads\/sites\/28\/\u00dcberfahrt-zur-Insel-klein.jpg 500w, https:\/\/www.naturparkmagazin.de\/nossentiner-schwinzer-heide\/wp-content\/uploads\/sites\/28\/\u00dcberfahrt-zur-Insel-klein-300x180.jpg 300w, https:\/\/www.naturparkmagazin.de\/nossentiner-schwinzer-heide\/wp-content\/uploads\/sites\/28\/\u00dcberfahrt-zur-Insel-klein-200x120.jpg 200w\" sizes=\"(max-width: 500px) 100vw, 500px\" \/><\/a><p id=\"caption-attachment-1065\" class=\"wp-caption-text\">Gemeinsame \u00dcberfahrt zum Gro\u00dfen Werder<\/p><\/div>\n<p>Die Ackerkratzdiestel (Cirsium arvense) hatte in den letzten Jahren auf der beweideten Fl\u00e4che stark zugenommen und gr\u00f6\u00dfere Dominanzbest\u00e4nde gebildet. Die Art profitiert bei der Keimung von der lokal durch Viehtritt aufgerissenen Vegetationsdecke. Die \u00e4lteren Pflanzen werden durch die Schafe und Ziegen, welche die Insel erst ab Ende Mai beweiden, nur ausnahmsweise gefressen. Mit Hilfe von Spaten, Hacken und Motorsense wurden die Ackerkratzdiesteln vor der Bl\u00fcte beseitigt. Die neu aufwachsenden, jungen Diesteln werden dann durch die Ziegen und Schafe gefressen. Der Betreuer des Naturschutzgebietes, Herr Dr. Sebastian Lorenz, begleitete den Arbeitseinsatz und nutzte den Aufenthalt auf der Insel um die Lachm\u00f6wengelege zu z\u00e4hlen.<\/p>\n<div id=\"attachment_1066\" style=\"width: 510px\" class=\"wp-caption alignnone\"><a href=\"https:\/\/www.naturparkmagazin.de\/nossentiner-schwinzer-heide\/wp-content\/uploads\/sites\/28\/gemeinsame-Pause-klein.jpg\"><img aria-describedby=\"caption-attachment-1066\" decoding=\"async\" loading=\"lazy\" class=\"size-full wp-image-1066\" src=\"https:\/\/www.naturparkmagazin.de\/nossentiner-schwinzer-heide\/wp-content\/uploads\/sites\/28\/gemeinsame-Pause-klein.jpg\" alt=\"Die Helfer bei der wohlverdienten Mittagspause.\" width=\"500\" height=\"300\" srcset=\"https:\/\/www.naturparkmagazin.de\/nossentiner-schwinzer-heide\/wp-content\/uploads\/sites\/28\/gemeinsame-Pause-klein.jpg 500w, https:\/\/www.naturparkmagazin.de\/nossentiner-schwinzer-heide\/wp-content\/uploads\/sites\/28\/gemeinsame-Pause-klein-300x180.jpg 300w, https:\/\/www.naturparkmagazin.de\/nossentiner-schwinzer-heide\/wp-content\/uploads\/sites\/28\/gemeinsame-Pause-klein-200x120.jpg 200w\" sizes=\"(max-width: 500px) 100vw, 500px\" \/><\/a><p id=\"caption-attachment-1066\" class=\"wp-caption-text\">Die Helfer bei der wohlverdienten Mittagspause.<\/p><\/div>\n","protected":false},"excerpt":{"rendered":"<p>Mitarbeiter der Abteilung Naturschutz und Naturparke des Landesamtes f\u00fcr Umwelt, Naturschutz und Geologie Mecklenburg-Vorpommern unterst\u00fctzen die Pflegearbeiten auf dem Gro\u00dfen Werder im NSG Krakower Obersee.<\/p>\n","protected":false},"author":28,"featured_media":1064,"comment_status":"open","ping_status":"open","sticky":false,"template":"","format":"standard","meta":[],"categories":[7],"tags":[],"yoast_head":"<!-- This site is optimized with the Yoast SEO plugin v19.10 - https:\/\/yoast.com\/wordpress\/plugins\/seo\/ -->\n<title>Diestelbek\u00e4mpfung auf dem Gro\u00dfen Werder - Naturpark Nossentiner\/Schwinzer Heide<\/title>\n<meta name=\"robots\" content=\"index, follow, max-snippet:-1, max-image-preview:large, max-video-preview:-1\" \/>\n<link rel=\"canonical\" href=\"https:\/\/www.naturparkmagazin.de\/nossentiner-schwinzer-heide\/diestelbekaempfung-auf-dem-grossen-werder\/\" \/>\n<meta property=\"og:locale\" content=\"de_DE\" \/>\n<meta property=\"og:type\" content=\"article\" \/>\n<meta property=\"og:title\" content=\"Diestelbek\u00e4mpfung auf dem Gro\u00dfen Werder - Naturpark Nossentiner\/Schwinzer Heide\" \/>\n<meta property=\"og:description\" content=\"Mitarbeiter der Abteilung Naturschutz und Naturparke des Landesamtes f\u00fcr Umwelt, Naturschutz und Geologie Mecklenburg-Vorpommern unterst\u00fctzen die Pflegearbeiten auf dem Gro\u00dfen Werder im NSG Krakower Obersee.\" \/>\n<meta property=\"og:url\" content=\"https:\/\/www.naturparkmagazin.de\/nossentiner-schwinzer-heide\/diestelbekaempfung-auf-dem-grossen-werder\/\" \/>\n<meta property=\"og:site_name\" content=\"Naturpark Nossentiner\/Schwinzer Heide\" \/>\n<meta property=\"article:published_time\" content=\"2016-06-17T11:02:16+00:00\" \/>\n<meta property=\"article:modified_time\" content=\"2016-06-23T11:53:50+00:00\" \/>\n<meta property=\"og:image\" content=\"https:\/\/www.naturparkmagazin.de\/nossentiner-schwinzer-heide\/wp-content\/uploads\/sites\/28\/Krakower-Obersee-4564-Beitrag.jpg\" \/>\n\t<meta property=\"og:image:width\" content=\"200\" \/>\n\t<meta property=\"og:image:height\" content=\"200\" \/>\n\t<meta property=\"og:image:type\" content=\"image\/jpeg\" \/>\n<meta name=\"twitter:label1\" content=\"Verfasst von\" \/>\n\t<meta name=\"twitter:data1\" content=\"\" \/>\n\t<meta name=\"twitter:label2\" content=\"Gesch\u00e4tzte Lesezeit\" \/>\n\t<meta name=\"twitter:data2\" content=\"1\u00a0Minute\" \/>\n<script type=\"application\/ld+json\" class=\"yoast-schema-graph\">{\"@context\":\"https:\/\/schema.org\",\"@graph\":[{\"@type\":\"WebPage\",\"@id\":\"https:\/\/www.naturparkmagazin.de\/nossentiner-schwinzer-heide\/diestelbekaempfung-auf-dem-grossen-werder\/\",\"url\":\"https:\/\/www.naturparkmagazin.de\/nossentiner-schwinzer-heide\/diestelbekaempfung-auf-dem-grossen-werder\/\",\"name\":\"Diestelbek\u00e4mpfung auf dem Gro\u00dfen Werder - Naturpark Nossentiner\/Schwinzer Heide\",\"isPartOf\":{\"@id\":\"https:\/\/www.naturparkmagazin.de\/nossentiner-schwinzer-heide\/#website\"},\"datePublished\":\"2016-06-17T11:02:16+00:00\",\"dateModified\":\"2016-06-23T11:53:50+00:00\",\"author\":{\"@id\":\"\"},\"breadcrumb\":{\"@id\":\"https:\/\/www.naturparkmagazin.de\/nossentiner-schwinzer-heide\/diestelbekaempfung-auf-dem-grossen-werder\/#breadcrumb\"},\"inLanguage\":\"de\",\"potentialAction\":[{\"@type\":\"ReadAction\",\"target\":[\"https:\/\/www.naturparkmagazin.de\/nossentiner-schwinzer-heide\/diestelbekaempfung-auf-dem-grossen-werder\/\"]}]},{\"@type\":\"BreadcrumbList\",\"@id\":\"https:\/\/www.naturparkmagazin.de\/nossentiner-schwinzer-heide\/diestelbekaempfung-auf-dem-grossen-werder\/#breadcrumb\",\"itemListElement\":[{\"@type\":\"ListItem\",\"position\":1,\"name\":\"Home\",\"item\":\"https:\/\/www.naturparkmagazin.de\/nossentiner-schwinzer-heide\/\"},{\"@type\":\"ListItem\",\"position\":2,\"name\":\"Diestelbek\u00e4mpfung auf dem Gro\u00dfen Werder\"}]},{\"@type\":\"WebSite\",\"@id\":\"https:\/\/www.naturparkmagazin.de\/nossentiner-schwinzer-heide\/#website\",\"url\":\"https:\/\/www.naturparkmagazin.de\/nossentiner-schwinzer-heide\/\",\"name\":\"Naturpark Nossentiner\/Schwinzer Heide\",\"description\":\"\",\"potentialAction\":[{\"@type\":\"SearchAction\",\"target\":{\"@type\":\"EntryPoint\",\"urlTemplate\":\"https:\/\/www.naturparkmagazin.de\/nossentiner-schwinzer-heide\/?s={search_term_string}\"},\"query-input\":\"required name=search_term_string\"}],\"inLanguage\":\"de\"},{\"@type\":\"Person\",\"@id\":\"\",\"url\":\"https:\/\/www.naturparkmagazin.de\/nossentiner-schwinzer-heide\/author\/\"}]}<\/script>\n<!-- \/ Yoast SEO plugin. -->","yoast_head_json":{"title":"Diestelbek\u00e4mpfung auf dem Gro\u00dfen Werder - Naturpark Nossentiner\/Schwinzer Heide","robots":{"index":"index","follow":"follow","max-snippet":"max-snippet:-1","max-image-preview":"max-image-preview:large","max-video-preview":"max-video-preview:-1"},"canonical":"https:\/\/www.naturparkmagazin.de\/nossentiner-schwinzer-heide\/diestelbekaempfung-auf-dem-grossen-werder\/","og_locale":"de_DE","og_type":"article","og_title":"Diestelbek\u00e4mpfung auf dem Gro\u00dfen Werder - Naturpark Nossentiner\/Schwinzer Heide","og_description":"Mitarbeiter der Abteilung Naturschutz und Naturparke des Landesamtes f\u00fcr Umwelt, Naturschutz und Geologie Mecklenburg-Vorpommern unterst\u00fctzen die Pflegearbeiten auf dem Gro\u00dfen Werder im NSG Krakower Obersee.","og_url":"https:\/\/www.naturparkmagazin.de\/nossentiner-schwinzer-heide\/diestelbekaempfung-auf-dem-grossen-werder\/","og_site_name":"Naturpark Nossentiner\/Schwinzer Heide","article_published_time":"2016-06-17T11:02:16+00:00","article_modified_time":"2016-06-23T11:53:50+00:00","og_image":[{"width":200,"height":200,"url":"https:\/\/www.naturparkmagazin.de\/nossentiner-schwinzer-heide\/wp-content\/uploads\/sites\/28\/Krakower-Obersee-4564-Beitrag.jpg","type":"image\/jpeg"}],"twitter_misc":{"Verfasst von":"","Gesch\u00e4tzte Lesezeit":"1\u00a0Minute"},"schema":{"@context":"https:\/\/schema.org","@graph":[{"@type":"WebPage","@id":"https:\/\/www.naturparkmagazin.de\/nossentiner-schwinzer-heide\/diestelbekaempfung-auf-dem-grossen-werder\/","url":"https:\/\/www.naturparkmagazin.de\/nossentiner-schwinzer-heide\/diestelbekaempfung-auf-dem-grossen-werder\/","name":"Diestelbek\u00e4mpfung auf dem Gro\u00dfen Werder - Naturpark Nossentiner\/Schwinzer Heide","isPartOf":{"@id":"https:\/\/www.naturparkmagazin.de\/nossentiner-schwinzer-heide\/#website"},"datePublished":"2016-06-17T11:02:16+00:00","dateModified":"2016-06-23T11:53:50+00:00","author":{"@id":""},"breadcrumb":{"@id":"https:\/\/www.naturparkmagazin.de\/nossentiner-schwinzer-heide\/diestelbekaempfung-auf-dem-grossen-werder\/#breadcrumb"},"inLanguage":"de","potentialAction":[{"@type":"ReadAction","target":["https:\/\/www.naturparkmagazin.de\/nossentiner-schwinzer-heide\/diestelbekaempfung-auf-dem-grossen-werder\/"]}]},{"@type":"BreadcrumbList","@id":"https:\/\/www.naturparkmagazin.de\/nossentiner-schwinzer-heide\/diestelbekaempfung-auf-dem-grossen-werder\/#breadcrumb","itemListElement":[{"@type":"ListItem","position":1,"name":"Home","item":"https:\/\/www.naturparkmagazin.de\/nossentiner-schwinzer-heide\/"},{"@type":"ListItem","position":2,"name":"Diestelbek\u00e4mpfung auf dem Gro\u00dfen Werder"}]},{"@type":"WebSite","@id":"https:\/\/www.naturparkmagazin.de\/nossentiner-schwinzer-heide\/#website","url":"https:\/\/www.naturparkmagazin.de\/nossentiner-schwinzer-heide\/","name":"Naturpark Nossentiner\/Schwinzer Heide","description":"","potentialAction":[{"@type":"SearchAction","target":{"@type":"EntryPoint","urlTemplate":"https:\/\/www.naturparkmagazin.de\/nossentiner-schwinzer-heide\/?s={search_term_string}"},"query-input":"required name=search_term_string"}],"inLanguage":"de"},{"@type":"Person","@id":"","url":"https:\/\/www.naturparkmagazin.de\/nossentiner-schwinzer-heide\/author\/"}]}},"_links":{"self":[{"href":"https:\/\/www.naturparkmagazin.de\/nossentiner-schwinzer-heide\/wp-json\/wp\/v2\/posts\/1063"}],"collection":[{"href":"https:\/\/www.naturparkmagazin.de\/nossentiner-schwinzer-heide\/wp-json\/wp\/v2\/posts"}],"about":[{"href":"https:\/\/www.naturparkmagazin.de\/nossentiner-schwinzer-heide\/wp-json\/wp\/v2\/types\/post"}],"author":[{"embeddable":true,"href":"https:\/\/www.naturparkmagazin.de\/nossentiner-schwinzer-heide\/wp-json\/wp\/v2\/users\/28"}],"replies":[{"embeddable":true,"href":"https:\/\/www.naturparkmagazin.de\/nossentiner-schwinzer-heide\/wp-json\/wp\/v2\/comments?post=1063"}],"version-history":[{"count":2,"href":"https:\/\/www.naturparkmagazin.de\/nossentiner-schwinzer-heide\/wp-json\/wp\/v2\/posts\/1063\/revisions"}],"predecessor-version":[{"id":1092,"href":"https:\/\/www.naturparkmagazin.de\/nossentiner-schwinzer-heide\/wp-json\/wp\/v2\/posts\/1063\/revisions\/1092"}],"wp:featuredmedia":[{"embeddable":true,"href":"https:\/\/www.naturparkmagazin.de\/nossentiner-schwinzer-heide\/wp-json\/wp\/v2\/media\/1064"}],"wp:attachment":[{"href":"https:\/\/www.naturparkmagazin.de\/nossentiner-schwinzer-heide\/wp-json\/wp\/v2\/media?parent=1063"}],"wp:term":[{"taxonomy":"category","embeddable":true,"href":"https:\/\/www.naturparkmagazin.de\/nossentiner-schwinzer-heide\/wp-json\/wp\/v2\/categories?post=1063"},{"taxonomy":"post_tag","embeddable":true,"href":"https:\/\/www.naturparkmagazin.de\/nossentiner-schwinzer-heide\/wp-json\/wp\/v2\/tags?post=1063"}],"curies":[{"name":"wp","href":"https:\/\/api.w.org\/{rel}","templated":true}]}}