{"id":1118,"date":"2016-07-18T11:15:55","date_gmt":"2016-07-18T09:15:55","guid":{"rendered":"http:\/\/www.naturparkmagazin.de\/nossentiner-schwinzer-heide\/?p=1118"},"modified":"2016-07-26T12:29:51","modified_gmt":"2016-07-26T10:29:51","slug":"schwarzerle-in-hahnenhorst-gepflanzt","status":"publish","type":"post","link":"https:\/\/www.naturparkmagazin.de\/nossentiner-schwinzer-heide\/schwarzerle-in-hahnenhorst-gepflanzt\/","title":{"rendered":"Schwarzerle in Hahnenhorst gepflanzt"},"content":{"rendered":"<p><span style=\"font-family: 'Arial','sans-serif'\"><span style=\"color: #000000\">Wenn Schwarzerlen einen Stammumfang von mindestens vier Metern haben, d\u00fcrften sie etwa 80 bis 120 Jahre alt sein und sind definitiv deutschlandweit bedeutsam. Nat\u00fcrlich ist ihnen dann auch ein Eintrag in das Buch \u201eUnsere 500 \u00e4ltesten B\u00e4ume\u201c \u2013 ein Archiv der st\u00e4rksten, ber\u00fchmtesten und eindrucksvollsten B\u00e4ume Deutschlands \u2013 sicher. \u201eDie Schwarzerle vom Hahnenhorst brachte es sogar auf f\u00fcnf Meter 20\u201c, berichtet <\/span><a href=\"http:\/\/www.svz.de\/themen\/personen\/r\/ralf-koch\"><span style=\"color: #000000\">Ralf Koch<\/span><\/a><span style=\"color: #000000\">, amt. Leiter des Naturparks Nossentiner Schwinzer Heide, und geht davon aus, dass dieser Baum noch einiges mehr auf dem Buckel hatte als 120 Jahre.<\/span><\/span><\/p>\n<div id=\"attachment_1113\" style=\"width: 310px\" class=\"wp-caption alignnone\"><a href=\"https:\/\/www.naturparkmagazin.de\/nossentiner-schwinzer-heide\/wp-content\/uploads\/sites\/28\/Hahnenhorst-1559.jpg\"><img aria-describedby=\"caption-attachment-1113\" decoding=\"async\" loading=\"lazy\" class=\"size-full wp-image-1113\" src=\"https:\/\/www.naturparkmagazin.de\/nossentiner-schwinzer-heide\/wp-content\/uploads\/sites\/28\/Hahnenhorst-1559.jpg\" alt=\"Die Schwarzerle in Hahnenhorst im Juni 2014. Zu dem Zeitpunkt die st\u00e4rkste ihrer Art in Deutschland.\" width=\"300\" height=\"450\" srcset=\"https:\/\/www.naturparkmagazin.de\/nossentiner-schwinzer-heide\/wp-content\/uploads\/sites\/28\/Hahnenhorst-1559.jpg 300w, https:\/\/www.naturparkmagazin.de\/nossentiner-schwinzer-heide\/wp-content\/uploads\/sites\/28\/Hahnenhorst-1559-200x300.jpg 200w\" sizes=\"(max-width: 300px) 100vw, 300px\" \/><\/a><p id=\"caption-attachment-1113\" class=\"wp-caption-text\">Die Schwarzerle in Hahnenhorst im Juni 2014. Zu dem Zeitpunkt die st\u00e4rkste ihrer Art in Deutschland.<\/p><\/div>\n<div id=\"attachment_1117\" style=\"width: 460px\" class=\"wp-caption alignnone\"><a href=\"https:\/\/www.naturparkmagazin.de\/nossentiner-schwinzer-heide\/wp-content\/uploads\/sites\/28\/Hahnenhorst-klein-5573.jpg\"><img aria-describedby=\"caption-attachment-1117\" decoding=\"async\" loading=\"lazy\" class=\"size-full wp-image-1117\" src=\"https:\/\/www.naturparkmagazin.de\/nossentiner-schwinzer-heide\/wp-content\/uploads\/sites\/28\/Hahnenhorst-klein-5573.jpg\" alt=\"Die umgest\u00fcrzte Erle im Juli 2016.\" width=\"450\" height=\"300\" srcset=\"https:\/\/www.naturparkmagazin.de\/nossentiner-schwinzer-heide\/wp-content\/uploads\/sites\/28\/Hahnenhorst-klein-5573.jpg 450w, https:\/\/www.naturparkmagazin.de\/nossentiner-schwinzer-heide\/wp-content\/uploads\/sites\/28\/Hahnenhorst-klein-5573-300x200.jpg 300w, https:\/\/www.naturparkmagazin.de\/nossentiner-schwinzer-heide\/wp-content\/uploads\/sites\/28\/Hahnenhorst-klein-5573-200x133.jpg 200w\" sizes=\"(max-width: 450px) 100vw, 450px\" \/><\/a><p id=\"caption-attachment-1117\" class=\"wp-caption-text\">Die umgest\u00fcrzte Erle im Juli 2016.<\/p><\/div>\n<p><span style=\"font-family: 'Arial','sans-serif'\"><span style=\"color: #000000\">Leider hat der Hahnenhorst seine ber\u00fchmte Schwarzerle vor einigen Monaten verloren. \u201eSie brach bei einem der ersten St\u00fcrme in diesem Jahr um\u201c, erinnert sich Revierf\u00f6rster <\/span><a href=\"http:\/\/www.svz.de\/themen\/personen\/c\/christian-albrecht-schleswig-holstein-gottorf-\"><span style=\"color: #000000\">Christian Albrecht<\/span><\/a><span style=\"color: #000000\"> und bedauert den Verlust. Doch er hat auch Hoffnung. Denn in diesem Fall gibt es Gl\u00fcck im (natursch\u00fctzerischen) Ungl\u00fcck: Der Naturpark Nossentiner Schwinzer Heide ist auch die Heimat des Hahnenhorstes im Revier Gut <\/span><a href=\"http:\/\/www.svz.de\/themen\/orte\/k\/karow\"><span style=\"color: #000000\">Karow<\/span><\/a><span style=\"color: #000000\">. Im Februar 2015 war ein Naturparkplan auf den Weg gebracht worden, der gef\u00f6rderte Projekte festschrieb und danach forcierte, die dem Erhalt, dem Schutz und der Nutzbarmachung der Pflanzen, Tiere und des Naturparkareals dienen. Eines davon sind die \u201eJungen Riesen\u201c. Durch gezielte Nachzucht \u2013 die Gewinnung des Erbgutes \u00fcber Stecklinge bzw. Setzlinge \u2013 sollen Bestand und Fortbestand von Altb\u00e4umen und B\u00e4umen mittleren Alters im gesamten Park gesichert werden. \u201eAus der Schwarzerle hier im Hahnenhorst haben wir vor etwa drei Jahren Saat aus den Zapfen gewonnen und in unserer kleinen Baumschule am Karower Meiler aufgezogen\u201c, erz\u00e4hlt Ralf Koch. Drei \u2013 von der Norddeutschen Stiftung f\u00fcr Umwelt und Entwicklung finanzierte \u2013 Projektjahre lang war dies vor allem Aufgabe von <\/span><a href=\"http:\/\/www.svz.de\/themen\/personen\/i\/inge-stickel\"><span style=\"color: #000000\">Inge Stickel<\/span><\/a><span style=\"color: #000000\">. \u201eInzwischen sind die Nachkommen der Hahnenhorst-Erle fast mannshoch, gesund und stark\u201c, freut sie sich.<\/span><\/span><\/p>\n<p><span style=\"font-family: 'Arial','sans-serif'\"><span style=\"color: #000000\">Eines der B\u00e4umchen pflanzten Projekt-Chefin Stickel, Revierf\u00f6rster Albrecht und Naturparkleiter Koch dieser Tage am Hahnenhorst. Gleich neben jene Stelle, wo der Sturm seine \u201eMutter\u201c gef\u00e4llt hat. \u201eEs ist ein sch\u00f6ner Standort mit viel Licht \u2013 genau so, wie es die Schwarzerle gern hat\u201c, sagt Ralf Koch.<\/span><\/span><\/p>\n<div id=\"attachment_1112\" style=\"width: 460px\" class=\"wp-caption alignnone\"><a href=\"https:\/\/www.naturparkmagazin.de\/nossentiner-schwinzer-heide\/wp-content\/uploads\/sites\/28\/Hahnenhorst-klein-5588.jpg\"><img aria-describedby=\"caption-attachment-1112\" decoding=\"async\" loading=\"lazy\" class=\"size-full wp-image-1112\" src=\"https:\/\/www.naturparkmagazin.de\/nossentiner-schwinzer-heide\/wp-content\/uploads\/sites\/28\/Hahnenhorst-klein-5588.jpg\" alt=\"Pflanzung des neuen &quot;Jungen Riesen&quot; neben dem umgest\u00fcrzten Mutterbaum. Von links: Inge Stickel (Projektmitarbeiterin), Ralf Koch (amt. Naturparkleiter) und Christian Albrecht (F\u00f6rster des Gutes Karow).\" width=\"450\" height=\"300\" srcset=\"https:\/\/www.naturparkmagazin.de\/nossentiner-schwinzer-heide\/wp-content\/uploads\/sites\/28\/Hahnenhorst-klein-5588.jpg 450w, https:\/\/www.naturparkmagazin.de\/nossentiner-schwinzer-heide\/wp-content\/uploads\/sites\/28\/Hahnenhorst-klein-5588-300x200.jpg 300w, https:\/\/www.naturparkmagazin.de\/nossentiner-schwinzer-heide\/wp-content\/uploads\/sites\/28\/Hahnenhorst-klein-5588-200x133.jpg 200w\" sizes=\"(max-width: 450px) 100vw, 450px\" \/><\/a><p id=\"caption-attachment-1112\" class=\"wp-caption-text\">Pflanzung des neuen &#8222;Jungen Riesen&#8220; neben dem umgest\u00fcrzten Mutterbaum. Von links: Inge Stickel (Projektmitarbeiterin), Ralf Koch (amt. Naturparkleiter) und Christian Albrecht (F\u00f6rster des Gutes Karow).<\/p><\/div>\n<p><span style=\"font-family: 'Arial','sans-serif'\"> <span style=\"color: #000000\"> Inge Stickel hat das Projekt sehr viel Spa\u00df gemacht. Viele der wertvollen Nachzuchten mit den wahrscheinlich guten Genen, wie sie die Mutterb\u00e4ume in sich tragen, sind im Naturpark bereits (aus-)gepflanzt worden. \u201eZirka 350 bis 400 junge St\u00e4mme h\u00fcten wir noch\u201c, sagt Inge Stickel. \u201eEichen, Ulmen, Ahorn, Erlen, Douglasien\u2026\u201c Sie hat gr\u00fcnes Licht von der Verwaltungsspitze des Naturparks, diese Jungb\u00e4ume an Interessierte abzugeben. Zum einen, weil sie irgendwann zu gro\u00df werden, um sie noch umsetzen zu k\u00f6nnen. Andererseits k\u00f6nnen Bestand und Fortbestand wertvoller B\u00e4ume, wie sie die Nossentiner-Schwinzer Heide \u00fcber die Jahrhunderte hervorgebracht hat, auch durch privates Engagement unterst\u00fctzt werden. \u201eWer etwa einen Baum zur Hochzeit pflanzen m\u00f6chte oder seinem Nachwuchs zu Ehren, kann sich an die Naturparkverwaltung wenden. Gegen eine Spende geben wir von den jungen Riesen gerne ab\u201c, so Ralf Koch.<\/span><\/span><\/p>\n<p><span style=\"font-family: 'Arial','sans-serif'\"><span style=\"color: #000000\">Beate Herbst, SVZ<\/span><\/span><\/p>\n","protected":false},"excerpt":{"rendered":"<p>Eine neue Schwarzerle ist in Hahnenhorst unmittelbar neben die mit 5,20 Metern ehemals st\u00e4rkste Schwarzerle Deutschlands gepflanzt worden. Der Mutterbaum wurde bei einem Sturm umgeworfen.<\/p>\n","protected":false},"author":28,"featured_media":1116,"comment_status":"open","ping_status":"open","sticky":false,"template":"","format":"standard","meta":[],"categories":[7],"tags":[],"yoast_head":"<!-- This site is optimized with the Yoast SEO plugin v19.10 - https:\/\/yoast.com\/wordpress\/plugins\/seo\/ -->\n<title>Schwarzerle in Hahnenhorst gepflanzt - Naturpark Nossentiner\/Schwinzer Heide<\/title>\n<meta name=\"robots\" content=\"index, follow, max-snippet:-1, max-image-preview:large, max-video-preview:-1\" \/>\n<link rel=\"canonical\" href=\"https:\/\/www.naturparkmagazin.de\/nossentiner-schwinzer-heide\/schwarzerle-in-hahnenhorst-gepflanzt\/\" \/>\n<meta property=\"og:locale\" content=\"de_DE\" \/>\n<meta property=\"og:type\" content=\"article\" \/>\n<meta property=\"og:title\" content=\"Schwarzerle in Hahnenhorst gepflanzt - Naturpark Nossentiner\/Schwinzer Heide\" \/>\n<meta property=\"og:description\" content=\"Eine neue Schwarzerle ist in Hahnenhorst unmittelbar neben die mit 5,20 Metern ehemals st\u00e4rkste Schwarzerle Deutschlands gepflanzt worden. Der Mutterbaum wurde bei einem Sturm umgeworfen.\" \/>\n<meta property=\"og:url\" content=\"https:\/\/www.naturparkmagazin.de\/nossentiner-schwinzer-heide\/schwarzerle-in-hahnenhorst-gepflanzt\/\" \/>\n<meta property=\"og:site_name\" content=\"Naturpark Nossentiner\/Schwinzer Heide\" \/>\n<meta property=\"article:published_time\" content=\"2016-07-18T09:15:55+00:00\" \/>\n<meta property=\"article:modified_time\" content=\"2016-07-26T10:29:51+00:00\" \/>\n<meta property=\"og:image\" content=\"https:\/\/www.naturparkmagazin.de\/nossentiner-schwinzer-heide\/wp-content\/uploads\/sites\/28\/Hahnenhorst-Beitragsbild-5595.jpg\" \/>\n\t<meta property=\"og:image:width\" content=\"200\" \/>\n\t<meta property=\"og:image:height\" content=\"200\" \/>\n\t<meta property=\"og:image:type\" content=\"image\/jpeg\" \/>\n<meta name=\"twitter:label1\" content=\"Verfasst von\" \/>\n\t<meta name=\"twitter:data1\" content=\"\" \/>\n\t<meta name=\"twitter:label2\" content=\"Gesch\u00e4tzte Lesezeit\" \/>\n\t<meta name=\"twitter:data2\" content=\"3\u00a0Minuten\" \/>\n<script type=\"application\/ld+json\" class=\"yoast-schema-graph\">{\"@context\":\"https:\/\/schema.org\",\"@graph\":[{\"@type\":\"WebPage\",\"@id\":\"https:\/\/www.naturparkmagazin.de\/nossentiner-schwinzer-heide\/schwarzerle-in-hahnenhorst-gepflanzt\/\",\"url\":\"https:\/\/www.naturparkmagazin.de\/nossentiner-schwinzer-heide\/schwarzerle-in-hahnenhorst-gepflanzt\/\",\"name\":\"Schwarzerle in Hahnenhorst gepflanzt - Naturpark Nossentiner\/Schwinzer Heide\",\"isPartOf\":{\"@id\":\"https:\/\/www.naturparkmagazin.de\/nossentiner-schwinzer-heide\/#website\"},\"datePublished\":\"2016-07-18T09:15:55+00:00\",\"dateModified\":\"2016-07-26T10:29:51+00:00\",\"author\":{\"@id\":\"\"},\"breadcrumb\":{\"@id\":\"https:\/\/www.naturparkmagazin.de\/nossentiner-schwinzer-heide\/schwarzerle-in-hahnenhorst-gepflanzt\/#breadcrumb\"},\"inLanguage\":\"de\",\"potentialAction\":[{\"@type\":\"ReadAction\",\"target\":[\"https:\/\/www.naturparkmagazin.de\/nossentiner-schwinzer-heide\/schwarzerle-in-hahnenhorst-gepflanzt\/\"]}]},{\"@type\":\"BreadcrumbList\",\"@id\":\"https:\/\/www.naturparkmagazin.de\/nossentiner-schwinzer-heide\/schwarzerle-in-hahnenhorst-gepflanzt\/#breadcrumb\",\"itemListElement\":[{\"@type\":\"ListItem\",\"position\":1,\"name\":\"Home\",\"item\":\"https:\/\/www.naturparkmagazin.de\/nossentiner-schwinzer-heide\/\"},{\"@type\":\"ListItem\",\"position\":2,\"name\":\"Schwarzerle in Hahnenhorst gepflanzt\"}]},{\"@type\":\"WebSite\",\"@id\":\"https:\/\/www.naturparkmagazin.de\/nossentiner-schwinzer-heide\/#website\",\"url\":\"https:\/\/www.naturparkmagazin.de\/nossentiner-schwinzer-heide\/\",\"name\":\"Naturpark Nossentiner\/Schwinzer Heide\",\"description\":\"\",\"potentialAction\":[{\"@type\":\"SearchAction\",\"target\":{\"@type\":\"EntryPoint\",\"urlTemplate\":\"https:\/\/www.naturparkmagazin.de\/nossentiner-schwinzer-heide\/?s={search_term_string}\"},\"query-input\":\"required name=search_term_string\"}],\"inLanguage\":\"de\"},{\"@type\":\"Person\",\"@id\":\"\",\"url\":\"https:\/\/www.naturparkmagazin.de\/nossentiner-schwinzer-heide\/author\/\"}]}<\/script>\n<!-- \/ Yoast SEO plugin. -->","yoast_head_json":{"title":"Schwarzerle in Hahnenhorst gepflanzt - Naturpark Nossentiner\/Schwinzer Heide","robots":{"index":"index","follow":"follow","max-snippet":"max-snippet:-1","max-image-preview":"max-image-preview:large","max-video-preview":"max-video-preview:-1"},"canonical":"https:\/\/www.naturparkmagazin.de\/nossentiner-schwinzer-heide\/schwarzerle-in-hahnenhorst-gepflanzt\/","og_locale":"de_DE","og_type":"article","og_title":"Schwarzerle in Hahnenhorst gepflanzt - Naturpark Nossentiner\/Schwinzer Heide","og_description":"Eine neue Schwarzerle ist in Hahnenhorst unmittelbar neben die mit 5,20 Metern ehemals st\u00e4rkste Schwarzerle Deutschlands gepflanzt worden. Der Mutterbaum wurde bei einem Sturm umgeworfen.","og_url":"https:\/\/www.naturparkmagazin.de\/nossentiner-schwinzer-heide\/schwarzerle-in-hahnenhorst-gepflanzt\/","og_site_name":"Naturpark Nossentiner\/Schwinzer Heide","article_published_time":"2016-07-18T09:15:55+00:00","article_modified_time":"2016-07-26T10:29:51+00:00","og_image":[{"width":200,"height":200,"url":"https:\/\/www.naturparkmagazin.de\/nossentiner-schwinzer-heide\/wp-content\/uploads\/sites\/28\/Hahnenhorst-Beitragsbild-5595.jpg","type":"image\/jpeg"}],"twitter_misc":{"Verfasst von":"","Gesch\u00e4tzte Lesezeit":"3\u00a0Minuten"},"schema":{"@context":"https:\/\/schema.org","@graph":[{"@type":"WebPage","@id":"https:\/\/www.naturparkmagazin.de\/nossentiner-schwinzer-heide\/schwarzerle-in-hahnenhorst-gepflanzt\/","url":"https:\/\/www.naturparkmagazin.de\/nossentiner-schwinzer-heide\/schwarzerle-in-hahnenhorst-gepflanzt\/","name":"Schwarzerle in Hahnenhorst gepflanzt - Naturpark Nossentiner\/Schwinzer Heide","isPartOf":{"@id":"https:\/\/www.naturparkmagazin.de\/nossentiner-schwinzer-heide\/#website"},"datePublished":"2016-07-18T09:15:55+00:00","dateModified":"2016-07-26T10:29:51+00:00","author":{"@id":""},"breadcrumb":{"@id":"https:\/\/www.naturparkmagazin.de\/nossentiner-schwinzer-heide\/schwarzerle-in-hahnenhorst-gepflanzt\/#breadcrumb"},"inLanguage":"de","potentialAction":[{"@type":"ReadAction","target":["https:\/\/www.naturparkmagazin.de\/nossentiner-schwinzer-heide\/schwarzerle-in-hahnenhorst-gepflanzt\/"]}]},{"@type":"BreadcrumbList","@id":"https:\/\/www.naturparkmagazin.de\/nossentiner-schwinzer-heide\/schwarzerle-in-hahnenhorst-gepflanzt\/#breadcrumb","itemListElement":[{"@type":"ListItem","position":1,"name":"Home","item":"https:\/\/www.naturparkmagazin.de\/nossentiner-schwinzer-heide\/"},{"@type":"ListItem","position":2,"name":"Schwarzerle in Hahnenhorst gepflanzt"}]},{"@type":"WebSite","@id":"https:\/\/www.naturparkmagazin.de\/nossentiner-schwinzer-heide\/#website","url":"https:\/\/www.naturparkmagazin.de\/nossentiner-schwinzer-heide\/","name":"Naturpark Nossentiner\/Schwinzer Heide","description":"","potentialAction":[{"@type":"SearchAction","target":{"@type":"EntryPoint","urlTemplate":"https:\/\/www.naturparkmagazin.de\/nossentiner-schwinzer-heide\/?s={search_term_string}"},"query-input":"required name=search_term_string"}],"inLanguage":"de"},{"@type":"Person","@id":"","url":"https:\/\/www.naturparkmagazin.de\/nossentiner-schwinzer-heide\/author\/"}]}},"_links":{"self":[{"href":"https:\/\/www.naturparkmagazin.de\/nossentiner-schwinzer-heide\/wp-json\/wp\/v2\/posts\/1118"}],"collection":[{"href":"https:\/\/www.naturparkmagazin.de\/nossentiner-schwinzer-heide\/wp-json\/wp\/v2\/posts"}],"about":[{"href":"https:\/\/www.naturparkmagazin.de\/nossentiner-schwinzer-heide\/wp-json\/wp\/v2\/types\/post"}],"author":[{"embeddable":true,"href":"https:\/\/www.naturparkmagazin.de\/nossentiner-schwinzer-heide\/wp-json\/wp\/v2\/users\/28"}],"replies":[{"embeddable":true,"href":"https:\/\/www.naturparkmagazin.de\/nossentiner-schwinzer-heide\/wp-json\/wp\/v2\/comments?post=1118"}],"version-history":[{"count":1,"href":"https:\/\/www.naturparkmagazin.de\/nossentiner-schwinzer-heide\/wp-json\/wp\/v2\/posts\/1118\/revisions"}],"predecessor-version":[{"id":1119,"href":"https:\/\/www.naturparkmagazin.de\/nossentiner-schwinzer-heide\/wp-json\/wp\/v2\/posts\/1118\/revisions\/1119"}],"wp:featuredmedia":[{"embeddable":true,"href":"https:\/\/www.naturparkmagazin.de\/nossentiner-schwinzer-heide\/wp-json\/wp\/v2\/media\/1116"}],"wp:attachment":[{"href":"https:\/\/www.naturparkmagazin.de\/nossentiner-schwinzer-heide\/wp-json\/wp\/v2\/media?parent=1118"}],"wp:term":[{"taxonomy":"category","embeddable":true,"href":"https:\/\/www.naturparkmagazin.de\/nossentiner-schwinzer-heide\/wp-json\/wp\/v2\/categories?post=1118"},{"taxonomy":"post_tag","embeddable":true,"href":"https:\/\/www.naturparkmagazin.de\/nossentiner-schwinzer-heide\/wp-json\/wp\/v2\/tags?post=1118"}],"curies":[{"name":"wp","href":"https:\/\/api.w.org\/{rel}","templated":true}]}}