{"id":1122,"date":"2016-07-18T11:03:19","date_gmt":"2016-07-18T09:03:19","guid":{"rendered":"http:\/\/www.naturparkmagazin.de\/nossentiner-schwinzer-heide\/?p=1122"},"modified":"2016-07-28T13:58:53","modified_gmt":"2016-07-28T11:58:53","slug":"internationaler-kranich-beringungsworkshop","status":"publish","type":"post","link":"https:\/\/www.naturparkmagazin.de\/nossentiner-schwinzer-heide\/internationaler-kranich-beringungsworkshop\/","title":{"rendered":"Internationaler Kranich-Beringungsworkshop"},"content":{"rendered":"<p>Schon seit ca. 20 Jahren werden im Naturpark Nossentiner\/Schwinzer Heide und seinem Umfeld Kraniche f\u00fcr wissenschaftliche Untersuchungen beringt und auch teilweise besendert. Wie in jedem Jahr wurde diese Aktion als Workshop mit internationaler Beteiligung durchgef\u00fchrt. Die fachliche Organisation und Leitung lag bei Dr. G\u00fcnter Nowaldt, Leiter des Kranich-Informationszentrums Gro\u00df Mohrdorf. Ihr Quartier hatten die Teilnehmer in der Naturschutzstation \u201eGerhard-Cornelssen-Haus\u201c des F\u00f6rdervereins Nossentiner\/Schwinzer Heide e.V. in Wooster Teerofen bezogen.<\/p>\n<div id=\"attachment_1123\" style=\"width: 460px\" class=\"wp-caption alignnone\"><a href=\"https:\/\/www.naturparkmagazin.de\/nossentiner-schwinzer-heide\/wp-content\/uploads\/sites\/28\/Beringerteam-2016-2015.jpg\"><img aria-describedby=\"caption-attachment-1123\" decoding=\"async\" loading=\"lazy\" class=\"size-full wp-image-1123\" src=\"https:\/\/www.naturparkmagazin.de\/nossentiner-schwinzer-heide\/wp-content\/uploads\/sites\/28\/Beringerteam-2016-2015.jpg\" alt=\"Das Kranich-Beringerteam des Jahres 2016\" width=\"450\" height=\"300\" srcset=\"https:\/\/www.naturparkmagazin.de\/nossentiner-schwinzer-heide\/wp-content\/uploads\/sites\/28\/Beringerteam-2016-2015.jpg 450w, https:\/\/www.naturparkmagazin.de\/nossentiner-schwinzer-heide\/wp-content\/uploads\/sites\/28\/Beringerteam-2016-2015-300x200.jpg 300w, https:\/\/www.naturparkmagazin.de\/nossentiner-schwinzer-heide\/wp-content\/uploads\/sites\/28\/Beringerteam-2016-2015-200x133.jpg 200w\" sizes=\"(max-width: 450px) 100vw, 450px\" \/><\/a><p id=\"caption-attachment-1123\" class=\"wp-caption-text\">Das Kranich-Beringerteam des Jahres 2016<\/p><\/div>\n<p>Die Teilnehmer 2016 kamen mit 2 Leuten aus Frankreich, 5 aus der T\u00fcrkei und 3 aus Deutschland. Die ausl\u00e4ndischen Teilnehmer waren: Mr \u00dcmit Bolat, Senior Specialist, Department of Wildlife Man-agement, General Directorate of Nature Conservation and National Parks Mr Selami \u015eahinbay, Director of Sivas Provincial Directorate of the Ministry of Forestry and Water Affairs ilyas Deveci Technical Officer in Sivas Provincial Directorate of the Ministry of Forestry and Water Affairs Mr Ilker \u00d6ZBAHAR, Alan Koruma ve \u0130zleme Program\u0131 Sorumlusu, Site Conservation &amp; Monitoring Program Coordinator Mrs G\u00fcler Bozok, Alan Koruma ve \u0130zleme Program\u0131 Sorumlusu Mrs Helene Chauby, Ranger Reserve Arjuzanx (Frankreich) Mr Xavier Chauby, Ranger Reserve Arjuzanx (Frankreich).<\/p>\n<div id=\"attachment_1125\" style=\"width: 460px\" class=\"wp-caption alignnone\"><a href=\"https:\/\/www.naturparkmagazin.de\/nossentiner-schwinzer-heide\/wp-content\/uploads\/sites\/28\/Jungvogel-2016-2237.jpg\"><img aria-describedby=\"caption-attachment-1125\" decoding=\"async\" loading=\"lazy\" class=\"size-full wp-image-1125\" src=\"https:\/\/www.naturparkmagazin.de\/nossentiner-schwinzer-heide\/wp-content\/uploads\/sites\/28\/Jungvogel-2016-2237.jpg\" alt=\"Ein 2016 beringter Jungvogel\" width=\"450\" height=\"300\" srcset=\"https:\/\/www.naturparkmagazin.de\/nossentiner-schwinzer-heide\/wp-content\/uploads\/sites\/28\/Jungvogel-2016-2237.jpg 450w, https:\/\/www.naturparkmagazin.de\/nossentiner-schwinzer-heide\/wp-content\/uploads\/sites\/28\/Jungvogel-2016-2237-300x200.jpg 300w, https:\/\/www.naturparkmagazin.de\/nossentiner-schwinzer-heide\/wp-content\/uploads\/sites\/28\/Jungvogel-2016-2237-200x133.jpg 200w\" sizes=\"(max-width: 450px) 100vw, 450px\" \/><\/a><p id=\"caption-attachment-1125\" class=\"wp-caption-text\">Ein 2016 beringter Jungvogel<\/p><\/div>\n<p>Insgesamt wurden vom 21. bis zum 26. Juni 2016 42 V\u00f6gel neu beringt, darunter 3 mausernde Altv\u00f6gel (2x Nichtbr\u00fcter Breeser See, 1x Brutpaar), ansonsten waren es 39 Jungv\u00f6gel. Ein Vogel wurde mit einem Radiosender ausgestattet.<\/p>\n","protected":false},"excerpt":{"rendered":"<p>Seit ca. 20 Jahren werden im Naturpark Nossentiner\/Schwinzer Heide Kraniche f\u00fcr wissenschaftliche Untersuchungen beringt und auch teilweise besendert. In diesem Jahr wurden 42 V\u00f6gel von einem internationalen Team beringt.<\/p>\n","protected":false},"author":28,"featured_media":1124,"comment_status":"open","ping_status":"open","sticky":false,"template":"","format":"standard","meta":[],"categories":[7],"tags":[],"yoast_head":"<!-- This site is optimized with the Yoast SEO plugin v19.10 - https:\/\/yoast.com\/wordpress\/plugins\/seo\/ -->\n<title>Internationaler Kranich-Beringungsworkshop - Naturpark Nossentiner\/Schwinzer Heide<\/title>\n<meta name=\"robots\" content=\"index, follow, max-snippet:-1, max-image-preview:large, max-video-preview:-1\" \/>\n<link rel=\"canonical\" href=\"https:\/\/www.naturparkmagazin.de\/nossentiner-schwinzer-heide\/internationaler-kranich-beringungsworkshop\/\" \/>\n<meta property=\"og:locale\" content=\"de_DE\" \/>\n<meta property=\"og:type\" content=\"article\" \/>\n<meta property=\"og:title\" content=\"Internationaler Kranich-Beringungsworkshop - Naturpark Nossentiner\/Schwinzer Heide\" \/>\n<meta property=\"og:description\" content=\"Seit ca. 20 Jahren werden im Naturpark Nossentiner\/Schwinzer Heide Kraniche f\u00fcr wissenschaftliche Untersuchungen beringt und auch teilweise besendert. In diesem Jahr wurden 42 V\u00f6gel von einem internationalen Team beringt.\" \/>\n<meta property=\"og:url\" content=\"https:\/\/www.naturparkmagazin.de\/nossentiner-schwinzer-heide\/internationaler-kranich-beringungsworkshop\/\" \/>\n<meta property=\"og:site_name\" content=\"Naturpark Nossentiner\/Schwinzer Heide\" \/>\n<meta property=\"article:published_time\" content=\"2016-07-18T09:03:19+00:00\" \/>\n<meta property=\"article:modified_time\" content=\"2016-07-28T11:58:53+00:00\" \/>\n<meta property=\"og:image\" content=\"https:\/\/www.naturparkmagazin.de\/nossentiner-schwinzer-heide\/wp-content\/uploads\/sites\/28\/Beringter-Kranich-Beitragsbild-9004.jpg\" \/>\n\t<meta property=\"og:image:width\" content=\"200\" \/>\n\t<meta property=\"og:image:height\" content=\"200\" \/>\n\t<meta property=\"og:image:type\" content=\"image\/jpeg\" \/>\n<meta name=\"twitter:label1\" content=\"Verfasst von\" \/>\n\t<meta name=\"twitter:data1\" content=\"\" \/>\n\t<meta name=\"twitter:label2\" content=\"Gesch\u00e4tzte Lesezeit\" \/>\n\t<meta name=\"twitter:data2\" content=\"1\u00a0Minute\" \/>\n<script type=\"application\/ld+json\" class=\"yoast-schema-graph\">{\"@context\":\"https:\/\/schema.org\",\"@graph\":[{\"@type\":\"WebPage\",\"@id\":\"https:\/\/www.naturparkmagazin.de\/nossentiner-schwinzer-heide\/internationaler-kranich-beringungsworkshop\/\",\"url\":\"https:\/\/www.naturparkmagazin.de\/nossentiner-schwinzer-heide\/internationaler-kranich-beringungsworkshop\/\",\"name\":\"Internationaler Kranich-Beringungsworkshop - Naturpark Nossentiner\/Schwinzer Heide\",\"isPartOf\":{\"@id\":\"https:\/\/www.naturparkmagazin.de\/nossentiner-schwinzer-heide\/#website\"},\"datePublished\":\"2016-07-18T09:03:19+00:00\",\"dateModified\":\"2016-07-28T11:58:53+00:00\",\"author\":{\"@id\":\"\"},\"breadcrumb\":{\"@id\":\"https:\/\/www.naturparkmagazin.de\/nossentiner-schwinzer-heide\/internationaler-kranich-beringungsworkshop\/#breadcrumb\"},\"inLanguage\":\"de\",\"potentialAction\":[{\"@type\":\"ReadAction\",\"target\":[\"https:\/\/www.naturparkmagazin.de\/nossentiner-schwinzer-heide\/internationaler-kranich-beringungsworkshop\/\"]}]},{\"@type\":\"BreadcrumbList\",\"@id\":\"https:\/\/www.naturparkmagazin.de\/nossentiner-schwinzer-heide\/internationaler-kranich-beringungsworkshop\/#breadcrumb\",\"itemListElement\":[{\"@type\":\"ListItem\",\"position\":1,\"name\":\"Home\",\"item\":\"https:\/\/www.naturparkmagazin.de\/nossentiner-schwinzer-heide\/\"},{\"@type\":\"ListItem\",\"position\":2,\"name\":\"Internationaler Kranich-Beringungsworkshop\"}]},{\"@type\":\"WebSite\",\"@id\":\"https:\/\/www.naturparkmagazin.de\/nossentiner-schwinzer-heide\/#website\",\"url\":\"https:\/\/www.naturparkmagazin.de\/nossentiner-schwinzer-heide\/\",\"name\":\"Naturpark Nossentiner\/Schwinzer Heide\",\"description\":\"\",\"potentialAction\":[{\"@type\":\"SearchAction\",\"target\":{\"@type\":\"EntryPoint\",\"urlTemplate\":\"https:\/\/www.naturparkmagazin.de\/nossentiner-schwinzer-heide\/?s={search_term_string}\"},\"query-input\":\"required name=search_term_string\"}],\"inLanguage\":\"de\"},{\"@type\":\"Person\",\"@id\":\"\",\"url\":\"https:\/\/www.naturparkmagazin.de\/nossentiner-schwinzer-heide\/author\/\"}]}<\/script>\n<!-- \/ Yoast SEO plugin. -->","yoast_head_json":{"title":"Internationaler Kranich-Beringungsworkshop - Naturpark Nossentiner\/Schwinzer Heide","robots":{"index":"index","follow":"follow","max-snippet":"max-snippet:-1","max-image-preview":"max-image-preview:large","max-video-preview":"max-video-preview:-1"},"canonical":"https:\/\/www.naturparkmagazin.de\/nossentiner-schwinzer-heide\/internationaler-kranich-beringungsworkshop\/","og_locale":"de_DE","og_type":"article","og_title":"Internationaler Kranich-Beringungsworkshop - Naturpark Nossentiner\/Schwinzer Heide","og_description":"Seit ca. 20 Jahren werden im Naturpark Nossentiner\/Schwinzer Heide Kraniche f\u00fcr wissenschaftliche Untersuchungen beringt und auch teilweise besendert. In diesem Jahr wurden 42 V\u00f6gel von einem internationalen Team beringt.","og_url":"https:\/\/www.naturparkmagazin.de\/nossentiner-schwinzer-heide\/internationaler-kranich-beringungsworkshop\/","og_site_name":"Naturpark Nossentiner\/Schwinzer Heide","article_published_time":"2016-07-18T09:03:19+00:00","article_modified_time":"2016-07-28T11:58:53+00:00","og_image":[{"width":200,"height":200,"url":"https:\/\/www.naturparkmagazin.de\/nossentiner-schwinzer-heide\/wp-content\/uploads\/sites\/28\/Beringter-Kranich-Beitragsbild-9004.jpg","type":"image\/jpeg"}],"twitter_misc":{"Verfasst von":"","Gesch\u00e4tzte Lesezeit":"1\u00a0Minute"},"schema":{"@context":"https:\/\/schema.org","@graph":[{"@type":"WebPage","@id":"https:\/\/www.naturparkmagazin.de\/nossentiner-schwinzer-heide\/internationaler-kranich-beringungsworkshop\/","url":"https:\/\/www.naturparkmagazin.de\/nossentiner-schwinzer-heide\/internationaler-kranich-beringungsworkshop\/","name":"Internationaler Kranich-Beringungsworkshop - Naturpark Nossentiner\/Schwinzer Heide","isPartOf":{"@id":"https:\/\/www.naturparkmagazin.de\/nossentiner-schwinzer-heide\/#website"},"datePublished":"2016-07-18T09:03:19+00:00","dateModified":"2016-07-28T11:58:53+00:00","author":{"@id":""},"breadcrumb":{"@id":"https:\/\/www.naturparkmagazin.de\/nossentiner-schwinzer-heide\/internationaler-kranich-beringungsworkshop\/#breadcrumb"},"inLanguage":"de","potentialAction":[{"@type":"ReadAction","target":["https:\/\/www.naturparkmagazin.de\/nossentiner-schwinzer-heide\/internationaler-kranich-beringungsworkshop\/"]}]},{"@type":"BreadcrumbList","@id":"https:\/\/www.naturparkmagazin.de\/nossentiner-schwinzer-heide\/internationaler-kranich-beringungsworkshop\/#breadcrumb","itemListElement":[{"@type":"ListItem","position":1,"name":"Home","item":"https:\/\/www.naturparkmagazin.de\/nossentiner-schwinzer-heide\/"},{"@type":"ListItem","position":2,"name":"Internationaler Kranich-Beringungsworkshop"}]},{"@type":"WebSite","@id":"https:\/\/www.naturparkmagazin.de\/nossentiner-schwinzer-heide\/#website","url":"https:\/\/www.naturparkmagazin.de\/nossentiner-schwinzer-heide\/","name":"Naturpark Nossentiner\/Schwinzer Heide","description":"","potentialAction":[{"@type":"SearchAction","target":{"@type":"EntryPoint","urlTemplate":"https:\/\/www.naturparkmagazin.de\/nossentiner-schwinzer-heide\/?s={search_term_string}"},"query-input":"required name=search_term_string"}],"inLanguage":"de"},{"@type":"Person","@id":"","url":"https:\/\/www.naturparkmagazin.de\/nossentiner-schwinzer-heide\/author\/"}]}},"_links":{"self":[{"href":"https:\/\/www.naturparkmagazin.de\/nossentiner-schwinzer-heide\/wp-json\/wp\/v2\/posts\/1122"}],"collection":[{"href":"https:\/\/www.naturparkmagazin.de\/nossentiner-schwinzer-heide\/wp-json\/wp\/v2\/posts"}],"about":[{"href":"https:\/\/www.naturparkmagazin.de\/nossentiner-schwinzer-heide\/wp-json\/wp\/v2\/types\/post"}],"author":[{"embeddable":true,"href":"https:\/\/www.naturparkmagazin.de\/nossentiner-schwinzer-heide\/wp-json\/wp\/v2\/users\/28"}],"replies":[{"embeddable":true,"href":"https:\/\/www.naturparkmagazin.de\/nossentiner-schwinzer-heide\/wp-json\/wp\/v2\/comments?post=1122"}],"version-history":[{"count":2,"href":"https:\/\/www.naturparkmagazin.de\/nossentiner-schwinzer-heide\/wp-json\/wp\/v2\/posts\/1122\/revisions"}],"predecessor-version":[{"id":1146,"href":"https:\/\/www.naturparkmagazin.de\/nossentiner-schwinzer-heide\/wp-json\/wp\/v2\/posts\/1122\/revisions\/1146"}],"wp:featuredmedia":[{"embeddable":true,"href":"https:\/\/www.naturparkmagazin.de\/nossentiner-schwinzer-heide\/wp-json\/wp\/v2\/media\/1124"}],"wp:attachment":[{"href":"https:\/\/www.naturparkmagazin.de\/nossentiner-schwinzer-heide\/wp-json\/wp\/v2\/media?parent=1122"}],"wp:term":[{"taxonomy":"category","embeddable":true,"href":"https:\/\/www.naturparkmagazin.de\/nossentiner-schwinzer-heide\/wp-json\/wp\/v2\/categories?post=1122"},{"taxonomy":"post_tag","embeddable":true,"href":"https:\/\/www.naturparkmagazin.de\/nossentiner-schwinzer-heide\/wp-json\/wp\/v2\/tags?post=1122"}],"curies":[{"name":"wp","href":"https:\/\/api.w.org\/{rel}","templated":true}]}}