{"id":1138,"date":"2016-07-18T14:25:29","date_gmt":"2016-07-18T12:25:29","guid":{"rendered":"http:\/\/www.naturparkmagazin.de\/nossentiner-schwinzer-heide\/?p=1138"},"modified":"2016-07-28T13:55:56","modified_gmt":"2016-07-28T11:55:56","slug":"fledermausworkcamp-in-der-naturschutzstation-gerhard-cornelssen-haus","status":"publish","type":"post","link":"https:\/\/www.naturparkmagazin.de\/nossentiner-schwinzer-heide\/fledermausworkcamp-in-der-naturschutzstation-gerhard-cornelssen-haus\/","title":{"rendered":"Fledermausworkcamp in der Naturschutzstation \u201eGerhard-Cornelssen-Haus\u201c"},"content":{"rendered":"<p>Seit 1983 l\u00e4uft im Herzen des Naturparks Nossentiner\/Schwinzer Heide, in der kleinen Ortschaft Wooster Teerofen eines der \u00e4ltesten Fledermausforschungsprojekte von Deutschland.<\/p>\n<div id=\"attachment_1140\" style=\"width: 510px\" class=\"wp-caption alignnone\"><a href=\"https:\/\/www.naturparkmagazin.de\/nossentiner-schwinzer-heide\/wp-content\/uploads\/sites\/28\/Netzfang.jpg\"><img aria-describedby=\"caption-attachment-1140\" decoding=\"async\" loading=\"lazy\" class=\"size-full wp-image-1140\" src=\"https:\/\/www.naturparkmagazin.de\/nossentiner-schwinzer-heide\/wp-content\/uploads\/sites\/28\/Netzfang.jpg\" alt=\"Netzfang von Flederm\u00e4usen am Gro\u00dfen Langhagensee.\" width=\"500\" height=\"300\" srcset=\"https:\/\/www.naturparkmagazin.de\/nossentiner-schwinzer-heide\/wp-content\/uploads\/sites\/28\/Netzfang.jpg 500w, https:\/\/www.naturparkmagazin.de\/nossentiner-schwinzer-heide\/wp-content\/uploads\/sites\/28\/Netzfang-300x180.jpg 300w, https:\/\/www.naturparkmagazin.de\/nossentiner-schwinzer-heide\/wp-content\/uploads\/sites\/28\/Netzfang-200x120.jpg 200w\" sizes=\"(max-width: 500px) 100vw, 500px\" \/><\/a><p id=\"caption-attachment-1140\" class=\"wp-caption-text\">Netzfang von Flederm\u00e4usen am Gro\u00dfen Langhagensee.<\/p><\/div>\n<p>Fledermausforscher aus Th\u00fcringen, verst\u00e4rkt durch junge interessierte Leute aus MV, Studenten der Universit\u00e4t Greifswald und der Naturparkverwaltung, fangen im Juli eines jeden Jahren nach der \u201eFang-Wiederfang-Methode\u201c Flederm\u00e4use, vermessen und beringen diese. Auch in diesem Jahr sind wieder insgesamt fast 20 junge Leute und erfahrene Fledermausforscher nach Wooster Teerofen angereist, um gemeinsam sich mit den Flederm\u00e4usen zu besch\u00e4ftigen, Methoden der Freilandforschung zu erlernen und sich \u00fcber Flederm\u00e4use auszutauschen. Neben der Suche nach Quartieren der Wasserfledermaus, welche in nat\u00fcrlichen Baumh\u00f6hlen tags\u00fcber schlafen, wurde in diesem Jahr mit Japan-Netzen auch andere Arten, wie die Rauhautfledermaus, die Zwergfledermaus, die M\u00fcckenfledermaus, die Breitfl\u00fcgelfledermaus und das Braune Langohr gefangen. Zus\u00e4tzlich zur Beringung aller Flederm\u00e4use, wurden die Fransenflederm\u00e4use mit Transpondern versehen, um sp\u00e4ter st\u00f6rungsarm n\u00e4here Informationen zur Gruppenzusammensetzung und \u2013dynamik herauszubekommen. Das ehrenamtliche Langzeitprojekt wird von der Norddeutschen Stiftung f\u00fcr Umwelt und Entwicklung finanziell unterst\u00fctzt.<\/p>\n<div id=\"attachment_1141\" style=\"width: 510px\" class=\"wp-caption alignnone\"><a href=\"https:\/\/www.naturparkmagazin.de\/nossentiner-schwinzer-heide\/wp-content\/uploads\/sites\/28\/gemeinsames-Essen.jpg\"><img aria-describedby=\"caption-attachment-1141\" decoding=\"async\" loading=\"lazy\" class=\"size-full wp-image-1141\" src=\"https:\/\/www.naturparkmagazin.de\/nossentiner-schwinzer-heide\/wp-content\/uploads\/sites\/28\/gemeinsames-Essen.jpg\" alt=\"Gemeinsames Essen von Fledermausforschern und Studenten in der Naturschutzstation.\" width=\"500\" height=\"300\" srcset=\"https:\/\/www.naturparkmagazin.de\/nossentiner-schwinzer-heide\/wp-content\/uploads\/sites\/28\/gemeinsames-Essen.jpg 500w, https:\/\/www.naturparkmagazin.de\/nossentiner-schwinzer-heide\/wp-content\/uploads\/sites\/28\/gemeinsames-Essen-300x180.jpg 300w, https:\/\/www.naturparkmagazin.de\/nossentiner-schwinzer-heide\/wp-content\/uploads\/sites\/28\/gemeinsames-Essen-200x120.jpg 200w\" sizes=\"(max-width: 500px) 100vw, 500px\" \/><\/a><p id=\"caption-attachment-1141\" class=\"wp-caption-text\">Gemeinsames Essen von Fledermausforschern und Studenten in der Naturschutzstation.<\/p><\/div>\n","protected":false},"excerpt":{"rendered":"<p>Seit 1983 werden im Herzen des Naturparks Nossentiner\/Schwinzer Heide im Juli bei einem der \u00e4ltesten Fledermausforschungsprojekte von Deutschland Flederm\u00e4use vermessen und beringt.<\/p>\n","protected":false},"author":28,"featured_media":1139,"comment_status":"open","ping_status":"open","sticky":false,"template":"","format":"standard","meta":[],"categories":[7],"tags":[],"yoast_head":"<!-- This site is optimized with the Yoast SEO plugin v19.10 - https:\/\/yoast.com\/wordpress\/plugins\/seo\/ -->\n<title>Fledermausworkcamp in der Naturschutzstation \u201eGerhard-Cornelssen-Haus\u201c - Naturpark Nossentiner\/Schwinzer Heide<\/title>\n<meta name=\"robots\" content=\"index, follow, max-snippet:-1, max-image-preview:large, max-video-preview:-1\" \/>\n<link rel=\"canonical\" href=\"https:\/\/www.naturparkmagazin.de\/nossentiner-schwinzer-heide\/fledermausworkcamp-in-der-naturschutzstation-gerhard-cornelssen-haus\/\" \/>\n<meta property=\"og:locale\" content=\"de_DE\" \/>\n<meta property=\"og:type\" content=\"article\" \/>\n<meta property=\"og:title\" content=\"Fledermausworkcamp in der Naturschutzstation \u201eGerhard-Cornelssen-Haus\u201c - Naturpark Nossentiner\/Schwinzer Heide\" \/>\n<meta property=\"og:description\" content=\"Seit 1983 werden im Herzen des Naturparks Nossentiner\/Schwinzer Heide im Juli bei einem der \u00e4ltesten Fledermausforschungsprojekte von Deutschland Flederm\u00e4use vermessen und beringt.\" \/>\n<meta property=\"og:url\" content=\"https:\/\/www.naturparkmagazin.de\/nossentiner-schwinzer-heide\/fledermausworkcamp-in-der-naturschutzstation-gerhard-cornelssen-haus\/\" \/>\n<meta property=\"og:site_name\" content=\"Naturpark Nossentiner\/Schwinzer Heide\" \/>\n<meta property=\"article:published_time\" content=\"2016-07-18T12:25:29+00:00\" \/>\n<meta property=\"article:modified_time\" content=\"2016-07-28T11:55:56+00:00\" \/>\n<meta property=\"og:image\" content=\"https:\/\/www.naturparkmagazin.de\/nossentiner-schwinzer-heide\/wp-content\/uploads\/sites\/28\/Netzfang-Beitragsbild.jpg\" \/>\n\t<meta property=\"og:image:width\" content=\"200\" \/>\n\t<meta property=\"og:image:height\" content=\"200\" \/>\n\t<meta property=\"og:image:type\" content=\"image\/jpeg\" \/>\n<meta name=\"twitter:label1\" content=\"Verfasst von\" \/>\n\t<meta name=\"twitter:data1\" content=\"\" \/>\n\t<meta name=\"twitter:label2\" content=\"Gesch\u00e4tzte Lesezeit\" \/>\n\t<meta name=\"twitter:data2\" content=\"1\u00a0Minute\" \/>\n<script type=\"application\/ld+json\" class=\"yoast-schema-graph\">{\"@context\":\"https:\/\/schema.org\",\"@graph\":[{\"@type\":\"WebPage\",\"@id\":\"https:\/\/www.naturparkmagazin.de\/nossentiner-schwinzer-heide\/fledermausworkcamp-in-der-naturschutzstation-gerhard-cornelssen-haus\/\",\"url\":\"https:\/\/www.naturparkmagazin.de\/nossentiner-schwinzer-heide\/fledermausworkcamp-in-der-naturschutzstation-gerhard-cornelssen-haus\/\",\"name\":\"Fledermausworkcamp in der Naturschutzstation \u201eGerhard-Cornelssen-Haus\u201c - Naturpark Nossentiner\/Schwinzer Heide\",\"isPartOf\":{\"@id\":\"https:\/\/www.naturparkmagazin.de\/nossentiner-schwinzer-heide\/#website\"},\"datePublished\":\"2016-07-18T12:25:29+00:00\",\"dateModified\":\"2016-07-28T11:55:56+00:00\",\"author\":{\"@id\":\"\"},\"breadcrumb\":{\"@id\":\"https:\/\/www.naturparkmagazin.de\/nossentiner-schwinzer-heide\/fledermausworkcamp-in-der-naturschutzstation-gerhard-cornelssen-haus\/#breadcrumb\"},\"inLanguage\":\"de\",\"potentialAction\":[{\"@type\":\"ReadAction\",\"target\":[\"https:\/\/www.naturparkmagazin.de\/nossentiner-schwinzer-heide\/fledermausworkcamp-in-der-naturschutzstation-gerhard-cornelssen-haus\/\"]}]},{\"@type\":\"BreadcrumbList\",\"@id\":\"https:\/\/www.naturparkmagazin.de\/nossentiner-schwinzer-heide\/fledermausworkcamp-in-der-naturschutzstation-gerhard-cornelssen-haus\/#breadcrumb\",\"itemListElement\":[{\"@type\":\"ListItem\",\"position\":1,\"name\":\"Home\",\"item\":\"https:\/\/www.naturparkmagazin.de\/nossentiner-schwinzer-heide\/\"},{\"@type\":\"ListItem\",\"position\":2,\"name\":\"Fledermausworkcamp in der Naturschutzstation \u201eGerhard-Cornelssen-Haus\u201c\"}]},{\"@type\":\"WebSite\",\"@id\":\"https:\/\/www.naturparkmagazin.de\/nossentiner-schwinzer-heide\/#website\",\"url\":\"https:\/\/www.naturparkmagazin.de\/nossentiner-schwinzer-heide\/\",\"name\":\"Naturpark Nossentiner\/Schwinzer Heide\",\"description\":\"\",\"potentialAction\":[{\"@type\":\"SearchAction\",\"target\":{\"@type\":\"EntryPoint\",\"urlTemplate\":\"https:\/\/www.naturparkmagazin.de\/nossentiner-schwinzer-heide\/?s={search_term_string}\"},\"query-input\":\"required name=search_term_string\"}],\"inLanguage\":\"de\"},{\"@type\":\"Person\",\"@id\":\"\",\"url\":\"https:\/\/www.naturparkmagazin.de\/nossentiner-schwinzer-heide\/author\/\"}]}<\/script>\n<!-- \/ Yoast SEO plugin. -->","yoast_head_json":{"title":"Fledermausworkcamp in der Naturschutzstation \u201eGerhard-Cornelssen-Haus\u201c - Naturpark Nossentiner\/Schwinzer Heide","robots":{"index":"index","follow":"follow","max-snippet":"max-snippet:-1","max-image-preview":"max-image-preview:large","max-video-preview":"max-video-preview:-1"},"canonical":"https:\/\/www.naturparkmagazin.de\/nossentiner-schwinzer-heide\/fledermausworkcamp-in-der-naturschutzstation-gerhard-cornelssen-haus\/","og_locale":"de_DE","og_type":"article","og_title":"Fledermausworkcamp in der Naturschutzstation \u201eGerhard-Cornelssen-Haus\u201c - Naturpark Nossentiner\/Schwinzer Heide","og_description":"Seit 1983 werden im Herzen des Naturparks Nossentiner\/Schwinzer Heide im Juli bei einem der \u00e4ltesten Fledermausforschungsprojekte von Deutschland Flederm\u00e4use vermessen und beringt.","og_url":"https:\/\/www.naturparkmagazin.de\/nossentiner-schwinzer-heide\/fledermausworkcamp-in-der-naturschutzstation-gerhard-cornelssen-haus\/","og_site_name":"Naturpark Nossentiner\/Schwinzer Heide","article_published_time":"2016-07-18T12:25:29+00:00","article_modified_time":"2016-07-28T11:55:56+00:00","og_image":[{"width":200,"height":200,"url":"https:\/\/www.naturparkmagazin.de\/nossentiner-schwinzer-heide\/wp-content\/uploads\/sites\/28\/Netzfang-Beitragsbild.jpg","type":"image\/jpeg"}],"twitter_misc":{"Verfasst von":"","Gesch\u00e4tzte Lesezeit":"1\u00a0Minute"},"schema":{"@context":"https:\/\/schema.org","@graph":[{"@type":"WebPage","@id":"https:\/\/www.naturparkmagazin.de\/nossentiner-schwinzer-heide\/fledermausworkcamp-in-der-naturschutzstation-gerhard-cornelssen-haus\/","url":"https:\/\/www.naturparkmagazin.de\/nossentiner-schwinzer-heide\/fledermausworkcamp-in-der-naturschutzstation-gerhard-cornelssen-haus\/","name":"Fledermausworkcamp in der Naturschutzstation \u201eGerhard-Cornelssen-Haus\u201c - Naturpark Nossentiner\/Schwinzer Heide","isPartOf":{"@id":"https:\/\/www.naturparkmagazin.de\/nossentiner-schwinzer-heide\/#website"},"datePublished":"2016-07-18T12:25:29+00:00","dateModified":"2016-07-28T11:55:56+00:00","author":{"@id":""},"breadcrumb":{"@id":"https:\/\/www.naturparkmagazin.de\/nossentiner-schwinzer-heide\/fledermausworkcamp-in-der-naturschutzstation-gerhard-cornelssen-haus\/#breadcrumb"},"inLanguage":"de","potentialAction":[{"@type":"ReadAction","target":["https:\/\/www.naturparkmagazin.de\/nossentiner-schwinzer-heide\/fledermausworkcamp-in-der-naturschutzstation-gerhard-cornelssen-haus\/"]}]},{"@type":"BreadcrumbList","@id":"https:\/\/www.naturparkmagazin.de\/nossentiner-schwinzer-heide\/fledermausworkcamp-in-der-naturschutzstation-gerhard-cornelssen-haus\/#breadcrumb","itemListElement":[{"@type":"ListItem","position":1,"name":"Home","item":"https:\/\/www.naturparkmagazin.de\/nossentiner-schwinzer-heide\/"},{"@type":"ListItem","position":2,"name":"Fledermausworkcamp in der Naturschutzstation \u201eGerhard-Cornelssen-Haus\u201c"}]},{"@type":"WebSite","@id":"https:\/\/www.naturparkmagazin.de\/nossentiner-schwinzer-heide\/#website","url":"https:\/\/www.naturparkmagazin.de\/nossentiner-schwinzer-heide\/","name":"Naturpark Nossentiner\/Schwinzer Heide","description":"","potentialAction":[{"@type":"SearchAction","target":{"@type":"EntryPoint","urlTemplate":"https:\/\/www.naturparkmagazin.de\/nossentiner-schwinzer-heide\/?s={search_term_string}"},"query-input":"required name=search_term_string"}],"inLanguage":"de"},{"@type":"Person","@id":"","url":"https:\/\/www.naturparkmagazin.de\/nossentiner-schwinzer-heide\/author\/"}]}},"_links":{"self":[{"href":"https:\/\/www.naturparkmagazin.de\/nossentiner-schwinzer-heide\/wp-json\/wp\/v2\/posts\/1138"}],"collection":[{"href":"https:\/\/www.naturparkmagazin.de\/nossentiner-schwinzer-heide\/wp-json\/wp\/v2\/posts"}],"about":[{"href":"https:\/\/www.naturparkmagazin.de\/nossentiner-schwinzer-heide\/wp-json\/wp\/v2\/types\/post"}],"author":[{"embeddable":true,"href":"https:\/\/www.naturparkmagazin.de\/nossentiner-schwinzer-heide\/wp-json\/wp\/v2\/users\/28"}],"replies":[{"embeddable":true,"href":"https:\/\/www.naturparkmagazin.de\/nossentiner-schwinzer-heide\/wp-json\/wp\/v2\/comments?post=1138"}],"version-history":[{"count":3,"href":"https:\/\/www.naturparkmagazin.de\/nossentiner-schwinzer-heide\/wp-json\/wp\/v2\/posts\/1138\/revisions"}],"predecessor-version":[{"id":1145,"href":"https:\/\/www.naturparkmagazin.de\/nossentiner-schwinzer-heide\/wp-json\/wp\/v2\/posts\/1138\/revisions\/1145"}],"wp:featuredmedia":[{"embeddable":true,"href":"https:\/\/www.naturparkmagazin.de\/nossentiner-schwinzer-heide\/wp-json\/wp\/v2\/media\/1139"}],"wp:attachment":[{"href":"https:\/\/www.naturparkmagazin.de\/nossentiner-schwinzer-heide\/wp-json\/wp\/v2\/media?parent=1138"}],"wp:term":[{"taxonomy":"category","embeddable":true,"href":"https:\/\/www.naturparkmagazin.de\/nossentiner-schwinzer-heide\/wp-json\/wp\/v2\/categories?post=1138"},{"taxonomy":"post_tag","embeddable":true,"href":"https:\/\/www.naturparkmagazin.de\/nossentiner-schwinzer-heide\/wp-json\/wp\/v2\/tags?post=1138"}],"curies":[{"name":"wp","href":"https:\/\/api.w.org\/{rel}","templated":true}]}}