{"id":1205,"date":"2016-11-14T11:28:27","date_gmt":"2016-11-14T10:28:27","guid":{"rendered":"http:\/\/www.naturparkmagazin.de\/nossentiner-schwinzer-heide\/?p=1205"},"modified":"2016-11-28T11:42:17","modified_gmt":"2016-11-28T10:42:17","slug":"internationaler-workshop-zum-schutz-der-dunkelheit-der-nacht","status":"publish","type":"post","link":"https:\/\/www.naturparkmagazin.de\/nossentiner-schwinzer-heide\/internationaler-workshop-zum-schutz-der-dunkelheit-der-nacht\/","title":{"rendered":"Internationaler Workshop zum \u201eSchutz der Dunkelheit der Nacht\u201c"},"content":{"rendered":"<div id=\"attachment_1207\" style=\"width: 510px\" class=\"wp-caption aligncenter\"><a href=\"https:\/\/www.naturparkmagazin.de\/nossentiner-schwinzer-heide\/wp-content\/uploads\/sites\/28\/Nachthimmel-mit-Steg_Sebastian-Kartheuserb.jpg\"><img aria-describedby=\"caption-attachment-1207\" decoding=\"async\" loading=\"lazy\" class=\"size-full wp-image-1207\" src=\"https:\/\/www.naturparkmagazin.de\/nossentiner-schwinzer-heide\/wp-content\/uploads\/sites\/28\/Nachthimmel-mit-Steg_Sebastian-Kartheuserb.jpg\" alt=\"Nachthimmel mit Steg\u00a9Sebastian Kartheuserbei\" width=\"500\" height=\"300\" srcset=\"https:\/\/www.naturparkmagazin.de\/nossentiner-schwinzer-heide\/wp-content\/uploads\/sites\/28\/Nachthimmel-mit-Steg_Sebastian-Kartheuserb.jpg 500w, https:\/\/www.naturparkmagazin.de\/nossentiner-schwinzer-heide\/wp-content\/uploads\/sites\/28\/Nachthimmel-mit-Steg_Sebastian-Kartheuserb-300x180.jpg 300w, https:\/\/www.naturparkmagazin.de\/nossentiner-schwinzer-heide\/wp-content\/uploads\/sites\/28\/Nachthimmel-mit-Steg_Sebastian-Kartheuserb-200x120.jpg 200w\" sizes=\"(max-width: 500px) 100vw, 500px\" \/><\/a><p id=\"caption-attachment-1207\" class=\"wp-caption-text\">Nachthimmel mit Steg \u00a9Sebastian Kartheuser<\/p><\/div>\n<p>Zwischen Montag, den 05.12.16 und Mittwoch, den 07.12.16 findet im Jugendschloss der Christlichen Kinder- und Jugendbegegnungsst\u00e4tte in Neu Sammit ein internationaler Workshop zum Thema \u201eSchutz der Dunkelheit der Nacht\u201c statt. Partner aus Sternenparks der Slowakei, Polen und der Ukraine werden an dem Treffen teilnehmen und von ihren Erfahrungen beim Aufbau von Sternenparks berichten. Der internationale Titel eines Sternenparks wird von der Dark Sky Association verliehen. Dazu sind vielf\u00e4ltige Kriterien zu erf\u00fcllen, welche neben der Messung der Helligkeit des Nachthimmels auch Ma\u00dfnahmen zur Eind\u00e4mmung von Lichtverschmutzungen und touristische Angebote zur Beobachtung des Sternenhimmels umfassen. Insbesondere die Gemeinden des geplanten Territoriums eines Sternenparks sind intensiv mit einzubeziehen und an Aktionen zu beteiligen.<\/p>\n","protected":false},"excerpt":{"rendered":"<p>Vom 5.-7.12. findet im Jugendschloss der Christlichen Kinder- und Jugendbegegnungsst\u00e4tte in Neu Sammit ein internationaler Workshop zum Thema \u201eSchutz der Dunkelheit der Nacht\u201c statt. <\/p>\n","protected":false},"author":51,"featured_media":1206,"comment_status":"open","ping_status":"open","sticky":false,"template":"","format":"standard","meta":[],"categories":[11],"tags":[],"yoast_head":"<!-- This site is optimized with the Yoast SEO plugin v19.10 - https:\/\/yoast.com\/wordpress\/plugins\/seo\/ -->\n<title>Internationaler Workshop zum \u201eSchutz der Dunkelheit der Nacht\u201c - Naturpark Nossentiner\/Schwinzer Heide<\/title>\n<meta name=\"robots\" content=\"index, follow, max-snippet:-1, max-image-preview:large, max-video-preview:-1\" \/>\n<link rel=\"canonical\" href=\"https:\/\/www.naturparkmagazin.de\/nossentiner-schwinzer-heide\/internationaler-workshop-zum-schutz-der-dunkelheit-der-nacht\/\" \/>\n<meta property=\"og:locale\" content=\"de_DE\" \/>\n<meta property=\"og:type\" content=\"article\" \/>\n<meta property=\"og:title\" content=\"Internationaler Workshop zum \u201eSchutz der Dunkelheit der Nacht\u201c - Naturpark Nossentiner\/Schwinzer Heide\" \/>\n<meta property=\"og:description\" content=\"Vom 5.-7.12. findet im Jugendschloss der Christlichen Kinder- und Jugendbegegnungsst\u00e4tte in Neu Sammit ein internationaler Workshop zum Thema \u201eSchutz der Dunkelheit der Nacht\u201c statt.\" \/>\n<meta property=\"og:url\" content=\"https:\/\/www.naturparkmagazin.de\/nossentiner-schwinzer-heide\/internationaler-workshop-zum-schutz-der-dunkelheit-der-nacht\/\" \/>\n<meta property=\"og:site_name\" content=\"Naturpark Nossentiner\/Schwinzer Heide\" \/>\n<meta property=\"article:published_time\" content=\"2016-11-14T10:28:27+00:00\" \/>\n<meta property=\"article:modified_time\" content=\"2016-11-28T10:42:17+00:00\" \/>\n<meta property=\"og:image\" content=\"https:\/\/www.naturparkmagazin.de\/nossentiner-schwinzer-heide\/wp-content\/uploads\/sites\/28\/Nachthimmel-mit-Steg_Sebastian-Kartheuserbei.jpg\" \/>\n\t<meta property=\"og:image:width\" content=\"200\" \/>\n\t<meta property=\"og:image:height\" content=\"200\" \/>\n\t<meta property=\"og:image:type\" content=\"image\/jpeg\" \/>\n<meta name=\"author\" content=\"beatrixlosem\" \/>\n<meta name=\"twitter:label1\" content=\"Verfasst von\" \/>\n\t<meta name=\"twitter:data1\" content=\"beatrixlosem\" \/>\n\t<meta name=\"twitter:label2\" content=\"Gesch\u00e4tzte Lesezeit\" \/>\n\t<meta name=\"twitter:data2\" content=\"1\u00a0Minute\" \/>\n<script type=\"application\/ld+json\" class=\"yoast-schema-graph\">{\"@context\":\"https:\/\/schema.org\",\"@graph\":[{\"@type\":\"WebPage\",\"@id\":\"https:\/\/www.naturparkmagazin.de\/nossentiner-schwinzer-heide\/internationaler-workshop-zum-schutz-der-dunkelheit-der-nacht\/\",\"url\":\"https:\/\/www.naturparkmagazin.de\/nossentiner-schwinzer-heide\/internationaler-workshop-zum-schutz-der-dunkelheit-der-nacht\/\",\"name\":\"Internationaler Workshop zum \u201eSchutz der Dunkelheit der Nacht\u201c - Naturpark Nossentiner\/Schwinzer Heide\",\"isPartOf\":{\"@id\":\"https:\/\/www.naturparkmagazin.de\/nossentiner-schwinzer-heide\/#website\"},\"datePublished\":\"2016-11-14T10:28:27+00:00\",\"dateModified\":\"2016-11-28T10:42:17+00:00\",\"author\":{\"@id\":\"https:\/\/www.naturparkmagazin.de\/nossentiner-schwinzer-heide\/#\/schema\/person\/d71357578c318b6db03be60b1f60396b\"},\"breadcrumb\":{\"@id\":\"https:\/\/www.naturparkmagazin.de\/nossentiner-schwinzer-heide\/internationaler-workshop-zum-schutz-der-dunkelheit-der-nacht\/#breadcrumb\"},\"inLanguage\":\"de\",\"potentialAction\":[{\"@type\":\"ReadAction\",\"target\":[\"https:\/\/www.naturparkmagazin.de\/nossentiner-schwinzer-heide\/internationaler-workshop-zum-schutz-der-dunkelheit-der-nacht\/\"]}]},{\"@type\":\"BreadcrumbList\",\"@id\":\"https:\/\/www.naturparkmagazin.de\/nossentiner-schwinzer-heide\/internationaler-workshop-zum-schutz-der-dunkelheit-der-nacht\/#breadcrumb\",\"itemListElement\":[{\"@type\":\"ListItem\",\"position\":1,\"name\":\"Home\",\"item\":\"https:\/\/www.naturparkmagazin.de\/nossentiner-schwinzer-heide\/\"},{\"@type\":\"ListItem\",\"position\":2,\"name\":\"Internationaler Workshop zum \u201eSchutz der Dunkelheit der Nacht\u201c\"}]},{\"@type\":\"WebSite\",\"@id\":\"https:\/\/www.naturparkmagazin.de\/nossentiner-schwinzer-heide\/#website\",\"url\":\"https:\/\/www.naturparkmagazin.de\/nossentiner-schwinzer-heide\/\",\"name\":\"Naturpark Nossentiner\/Schwinzer Heide\",\"description\":\"\",\"potentialAction\":[{\"@type\":\"SearchAction\",\"target\":{\"@type\":\"EntryPoint\",\"urlTemplate\":\"https:\/\/www.naturparkmagazin.de\/nossentiner-schwinzer-heide\/?s={search_term_string}\"},\"query-input\":\"required name=search_term_string\"}],\"inLanguage\":\"de\"},{\"@type\":\"Person\",\"@id\":\"https:\/\/www.naturparkmagazin.de\/nossentiner-schwinzer-heide\/#\/schema\/person\/d71357578c318b6db03be60b1f60396b\",\"name\":\"beatrixlosem\",\"url\":\"https:\/\/www.naturparkmagazin.de\/nossentiner-schwinzer-heide\/author\/beatrixlosem\/\"}]}<\/script>\n<!-- \/ Yoast SEO plugin. -->","yoast_head_json":{"title":"Internationaler Workshop zum \u201eSchutz der Dunkelheit der Nacht\u201c - Naturpark Nossentiner\/Schwinzer Heide","robots":{"index":"index","follow":"follow","max-snippet":"max-snippet:-1","max-image-preview":"max-image-preview:large","max-video-preview":"max-video-preview:-1"},"canonical":"https:\/\/www.naturparkmagazin.de\/nossentiner-schwinzer-heide\/internationaler-workshop-zum-schutz-der-dunkelheit-der-nacht\/","og_locale":"de_DE","og_type":"article","og_title":"Internationaler Workshop zum \u201eSchutz der Dunkelheit der Nacht\u201c - Naturpark Nossentiner\/Schwinzer Heide","og_description":"Vom 5.-7.12. findet im Jugendschloss der Christlichen Kinder- und Jugendbegegnungsst\u00e4tte in Neu Sammit ein internationaler Workshop zum Thema \u201eSchutz der Dunkelheit der Nacht\u201c statt.","og_url":"https:\/\/www.naturparkmagazin.de\/nossentiner-schwinzer-heide\/internationaler-workshop-zum-schutz-der-dunkelheit-der-nacht\/","og_site_name":"Naturpark Nossentiner\/Schwinzer Heide","article_published_time":"2016-11-14T10:28:27+00:00","article_modified_time":"2016-11-28T10:42:17+00:00","og_image":[{"width":200,"height":200,"url":"https:\/\/www.naturparkmagazin.de\/nossentiner-schwinzer-heide\/wp-content\/uploads\/sites\/28\/Nachthimmel-mit-Steg_Sebastian-Kartheuserbei.jpg","type":"image\/jpeg"}],"author":"beatrixlosem","twitter_misc":{"Verfasst von":"beatrixlosem","Gesch\u00e4tzte Lesezeit":"1\u00a0Minute"},"schema":{"@context":"https:\/\/schema.org","@graph":[{"@type":"WebPage","@id":"https:\/\/www.naturparkmagazin.de\/nossentiner-schwinzer-heide\/internationaler-workshop-zum-schutz-der-dunkelheit-der-nacht\/","url":"https:\/\/www.naturparkmagazin.de\/nossentiner-schwinzer-heide\/internationaler-workshop-zum-schutz-der-dunkelheit-der-nacht\/","name":"Internationaler Workshop zum \u201eSchutz der Dunkelheit der Nacht\u201c - Naturpark Nossentiner\/Schwinzer Heide","isPartOf":{"@id":"https:\/\/www.naturparkmagazin.de\/nossentiner-schwinzer-heide\/#website"},"datePublished":"2016-11-14T10:28:27+00:00","dateModified":"2016-11-28T10:42:17+00:00","author":{"@id":"https:\/\/www.naturparkmagazin.de\/nossentiner-schwinzer-heide\/#\/schema\/person\/d71357578c318b6db03be60b1f60396b"},"breadcrumb":{"@id":"https:\/\/www.naturparkmagazin.de\/nossentiner-schwinzer-heide\/internationaler-workshop-zum-schutz-der-dunkelheit-der-nacht\/#breadcrumb"},"inLanguage":"de","potentialAction":[{"@type":"ReadAction","target":["https:\/\/www.naturparkmagazin.de\/nossentiner-schwinzer-heide\/internationaler-workshop-zum-schutz-der-dunkelheit-der-nacht\/"]}]},{"@type":"BreadcrumbList","@id":"https:\/\/www.naturparkmagazin.de\/nossentiner-schwinzer-heide\/internationaler-workshop-zum-schutz-der-dunkelheit-der-nacht\/#breadcrumb","itemListElement":[{"@type":"ListItem","position":1,"name":"Home","item":"https:\/\/www.naturparkmagazin.de\/nossentiner-schwinzer-heide\/"},{"@type":"ListItem","position":2,"name":"Internationaler Workshop zum \u201eSchutz der Dunkelheit der Nacht\u201c"}]},{"@type":"WebSite","@id":"https:\/\/www.naturparkmagazin.de\/nossentiner-schwinzer-heide\/#website","url":"https:\/\/www.naturparkmagazin.de\/nossentiner-schwinzer-heide\/","name":"Naturpark Nossentiner\/Schwinzer Heide","description":"","potentialAction":[{"@type":"SearchAction","target":{"@type":"EntryPoint","urlTemplate":"https:\/\/www.naturparkmagazin.de\/nossentiner-schwinzer-heide\/?s={search_term_string}"},"query-input":"required name=search_term_string"}],"inLanguage":"de"},{"@type":"Person","@id":"https:\/\/www.naturparkmagazin.de\/nossentiner-schwinzer-heide\/#\/schema\/person\/d71357578c318b6db03be60b1f60396b","name":"beatrixlosem","url":"https:\/\/www.naturparkmagazin.de\/nossentiner-schwinzer-heide\/author\/beatrixlosem\/"}]}},"_links":{"self":[{"href":"https:\/\/www.naturparkmagazin.de\/nossentiner-schwinzer-heide\/wp-json\/wp\/v2\/posts\/1205"}],"collection":[{"href":"https:\/\/www.naturparkmagazin.de\/nossentiner-schwinzer-heide\/wp-json\/wp\/v2\/posts"}],"about":[{"href":"https:\/\/www.naturparkmagazin.de\/nossentiner-schwinzer-heide\/wp-json\/wp\/v2\/types\/post"}],"author":[{"embeddable":true,"href":"https:\/\/www.naturparkmagazin.de\/nossentiner-schwinzer-heide\/wp-json\/wp\/v2\/users\/51"}],"replies":[{"embeddable":true,"href":"https:\/\/www.naturparkmagazin.de\/nossentiner-schwinzer-heide\/wp-json\/wp\/v2\/comments?post=1205"}],"version-history":[{"count":2,"href":"https:\/\/www.naturparkmagazin.de\/nossentiner-schwinzer-heide\/wp-json\/wp\/v2\/posts\/1205\/revisions"}],"predecessor-version":[{"id":1212,"href":"https:\/\/www.naturparkmagazin.de\/nossentiner-schwinzer-heide\/wp-json\/wp\/v2\/posts\/1205\/revisions\/1212"}],"wp:featuredmedia":[{"embeddable":true,"href":"https:\/\/www.naturparkmagazin.de\/nossentiner-schwinzer-heide\/wp-json\/wp\/v2\/media\/1206"}],"wp:attachment":[{"href":"https:\/\/www.naturparkmagazin.de\/nossentiner-schwinzer-heide\/wp-json\/wp\/v2\/media?parent=1205"}],"wp:term":[{"taxonomy":"category","embeddable":true,"href":"https:\/\/www.naturparkmagazin.de\/nossentiner-schwinzer-heide\/wp-json\/wp\/v2\/categories?post=1205"},{"taxonomy":"post_tag","embeddable":true,"href":"https:\/\/www.naturparkmagazin.de\/nossentiner-schwinzer-heide\/wp-json\/wp\/v2\/tags?post=1205"}],"curies":[{"name":"wp","href":"https:\/\/api.w.org\/{rel}","templated":true}]}}