{"id":1287,"date":"2017-02-13T13:17:08","date_gmt":"2017-02-13T12:17:08","guid":{"rendered":"http:\/\/www.naturparkmagazin.de\/nossentiner-schwinzer-heide\/?p=1287"},"modified":"2017-02-21T14:25:36","modified_gmt":"2017-02-21T13:25:36","slug":"messungen-der-nachthimmelshelligkeit-wie-dunkel-kann-eigentlich-die-nacht-sein","status":"publish","type":"post","link":"https:\/\/www.naturparkmagazin.de\/nossentiner-schwinzer-heide\/messungen-der-nachthimmelshelligkeit-wie-dunkel-kann-eigentlich-die-nacht-sein\/","title":{"rendered":"Messungen der Nachthimmelshelligkeit &#8211; Wie dunkel kann eigentlich die Nacht sein?"},"content":{"rendered":"<p>Unser Projekt \u201eSchutz der Dunkelheit der Nacht\u201c erreichte ein weiteres seiner Ziele: Eine Reihe von Messungen wurde durchgef\u00fchrt, anhand welcher die Qualit\u00e4t des Nachthimmels bewertet werden kann.<\/p>\n<p>Nur wenige N\u00e4chte im Monat sind solche Messungen m\u00f6glich, und zwar in der Zeit um Neumond. Der Himmel muss dazu klar und wolkenlos sein, und diese Konstellation gibt es nur recht selten. Im Januar waren die Bedingungen jedoch ideal. Daher konnten wir im Zeitraum 26. &#8211; 28.1.2017 im gesamten Gebiet des Naturparkes die Helligkeit des Nachthimmels messen.<a href=\"https:\/\/www.naturparkmagazin.de\/nossentiner-schwinzer-heide\/wp-content\/uploads\/sites\/28\/3-02_sqm.jpg\"><img decoding=\"async\" loading=\"lazy\" class=\"alignnone size-full wp-image-1288\" src=\"https:\/\/www.naturparkmagazin.de\/nossentiner-schwinzer-heide\/wp-content\/uploads\/sites\/28\/3-02_sqm.jpg\" alt=\"3-02_sqm\" width=\"400\" height=\"200\" srcset=\"https:\/\/www.naturparkmagazin.de\/nossentiner-schwinzer-heide\/wp-content\/uploads\/sites\/28\/3-02_sqm.jpg 400w, https:\/\/www.naturparkmagazin.de\/nossentiner-schwinzer-heide\/wp-content\/uploads\/sites\/28\/3-02_sqm-300x150.jpg 300w, https:\/\/www.naturparkmagazin.de\/nossentiner-schwinzer-heide\/wp-content\/uploads\/sites\/28\/3-02_sqm-200x100.jpg 200w\" sizes=\"(max-width: 400px) 100vw, 400px\" \/><\/a><\/p>\n<p>Gemessen wird das vorhandene Restlicht des Nachthimmels. Je h\u00f6her die Messwerte, desto dunkler der Nachthimmel und umso mehr Sterne k\u00f6nnen wir beobachten.<\/p>\n<p>Die Messungen wurden von 10 Mitarbeitern der Naturpark-Verwaltung und des\n-F\u00f6rdervereins durchgef\u00fchrt. Insgesamt wurden 172 Messpunkte im gesamten Naturpark ausgew\u00e4hlt. Der beste Messwert lag bei 22,09 <em>mag\/arcsec<\/em><sup>2 <\/sup><em>\u00a0<\/em>\u00a0auf einer Wiese am Drewitzer See. Keine Lichtquellen, nat\u00fcrlicher Himmelshintergrund, Milchstra\u00dfe bis Horizont sichtbar \u2013 hier befindet sich ein perfekter Beobachtungspunkt f\u00fcr astronomische Beobachtungen.<\/p>\n<p>Der niedrigste Messwert lag dagegen bei 18,34 <em>mag\/arcsec<\/em><sup>2<\/sup> und wurde in Dobbin gemessen. In der N\u00e4he des Messpunktes befindet sich Stra\u00dfenbeleuchtung, deshalb ist hier die \u201eLichtverschmutzung\u201c sehr stark \u2013 nur wenige Sterne sind zu beobachten, der Himmel ist stark aufgehellt.<\/p>\n<p>Die gewonnenen Messdaten dienen zur Bewertung der Qualit\u00e4t des Nachthimmels. Anhand dieser und weiterer Messungen, die in den n\u00e4chsten Monaten geplant sind, wird eine Karte der Lichtverschmutzung im Naturpark Nossenstiner\/Schwinzer Heide erstellt.<\/p>\n<p>&nbsp;<\/p>\n","protected":false},"excerpt":{"rendered":"<p>Es gibt nur wenige N\u00e4chte im Monat, an denen das Restlicht des Nachthimmels gemessen werden kann &#8211; im Januar waren die Bedingungen ideal.<\/p>\n","protected":false},"author":28,"featured_media":1206,"comment_status":"open","ping_status":"open","sticky":false,"template":"","format":"standard","meta":[],"categories":[7],"tags":[],"yoast_head":"<!-- This site is optimized with the Yoast SEO plugin v19.10 - https:\/\/yoast.com\/wordpress\/plugins\/seo\/ -->\n<title>Messungen der Nachthimmelshelligkeit - Wie dunkel kann eigentlich die Nacht sein? - Naturpark Nossentiner\/Schwinzer Heide<\/title>\n<meta name=\"robots\" content=\"index, follow, max-snippet:-1, max-image-preview:large, max-video-preview:-1\" \/>\n<link rel=\"canonical\" href=\"https:\/\/www.naturparkmagazin.de\/nossentiner-schwinzer-heide\/messungen-der-nachthimmelshelligkeit-wie-dunkel-kann-eigentlich-die-nacht-sein\/\" \/>\n<meta property=\"og:locale\" content=\"de_DE\" \/>\n<meta property=\"og:type\" content=\"article\" \/>\n<meta property=\"og:title\" content=\"Messungen der Nachthimmelshelligkeit - Wie dunkel kann eigentlich die Nacht sein? - Naturpark Nossentiner\/Schwinzer Heide\" \/>\n<meta property=\"og:description\" content=\"Es gibt nur wenige N\u00e4chte im Monat, an denen das Restlicht des Nachthimmels gemessen werden kann - im Januar waren die Bedingungen ideal.\" \/>\n<meta property=\"og:url\" content=\"https:\/\/www.naturparkmagazin.de\/nossentiner-schwinzer-heide\/messungen-der-nachthimmelshelligkeit-wie-dunkel-kann-eigentlich-die-nacht-sein\/\" \/>\n<meta property=\"og:site_name\" content=\"Naturpark Nossentiner\/Schwinzer Heide\" \/>\n<meta property=\"article:published_time\" content=\"2017-02-13T12:17:08+00:00\" \/>\n<meta property=\"article:modified_time\" content=\"2017-02-21T13:25:36+00:00\" \/>\n<meta property=\"og:image\" content=\"https:\/\/www.naturparkmagazin.de\/nossentiner-schwinzer-heide\/wp-content\/uploads\/sites\/28\/Nachthimmel-mit-Steg_Sebastian-Kartheuserbei.jpg\" \/>\n\t<meta property=\"og:image:width\" content=\"200\" \/>\n\t<meta property=\"og:image:height\" content=\"200\" \/>\n\t<meta property=\"og:image:type\" content=\"image\/jpeg\" \/>\n<meta name=\"twitter:label1\" content=\"Verfasst von\" \/>\n\t<meta name=\"twitter:data1\" content=\"\" \/>\n\t<meta name=\"twitter:label2\" content=\"Gesch\u00e4tzte Lesezeit\" \/>\n\t<meta name=\"twitter:data2\" content=\"1\u00a0Minute\" \/>\n<script type=\"application\/ld+json\" class=\"yoast-schema-graph\">{\"@context\":\"https:\/\/schema.org\",\"@graph\":[{\"@type\":\"WebPage\",\"@id\":\"https:\/\/www.naturparkmagazin.de\/nossentiner-schwinzer-heide\/messungen-der-nachthimmelshelligkeit-wie-dunkel-kann-eigentlich-die-nacht-sein\/\",\"url\":\"https:\/\/www.naturparkmagazin.de\/nossentiner-schwinzer-heide\/messungen-der-nachthimmelshelligkeit-wie-dunkel-kann-eigentlich-die-nacht-sein\/\",\"name\":\"Messungen der Nachthimmelshelligkeit - Wie dunkel kann eigentlich die Nacht sein? - Naturpark Nossentiner\/Schwinzer Heide\",\"isPartOf\":{\"@id\":\"https:\/\/www.naturparkmagazin.de\/nossentiner-schwinzer-heide\/#website\"},\"datePublished\":\"2017-02-13T12:17:08+00:00\",\"dateModified\":\"2017-02-21T13:25:36+00:00\",\"author\":{\"@id\":\"\"},\"breadcrumb\":{\"@id\":\"https:\/\/www.naturparkmagazin.de\/nossentiner-schwinzer-heide\/messungen-der-nachthimmelshelligkeit-wie-dunkel-kann-eigentlich-die-nacht-sein\/#breadcrumb\"},\"inLanguage\":\"de\",\"potentialAction\":[{\"@type\":\"ReadAction\",\"target\":[\"https:\/\/www.naturparkmagazin.de\/nossentiner-schwinzer-heide\/messungen-der-nachthimmelshelligkeit-wie-dunkel-kann-eigentlich-die-nacht-sein\/\"]}]},{\"@type\":\"BreadcrumbList\",\"@id\":\"https:\/\/www.naturparkmagazin.de\/nossentiner-schwinzer-heide\/messungen-der-nachthimmelshelligkeit-wie-dunkel-kann-eigentlich-die-nacht-sein\/#breadcrumb\",\"itemListElement\":[{\"@type\":\"ListItem\",\"position\":1,\"name\":\"Home\",\"item\":\"https:\/\/www.naturparkmagazin.de\/nossentiner-schwinzer-heide\/\"},{\"@type\":\"ListItem\",\"position\":2,\"name\":\"Messungen der Nachthimmelshelligkeit &#8211; Wie dunkel kann eigentlich die Nacht sein?\"}]},{\"@type\":\"WebSite\",\"@id\":\"https:\/\/www.naturparkmagazin.de\/nossentiner-schwinzer-heide\/#website\",\"url\":\"https:\/\/www.naturparkmagazin.de\/nossentiner-schwinzer-heide\/\",\"name\":\"Naturpark Nossentiner\/Schwinzer Heide\",\"description\":\"\",\"potentialAction\":[{\"@type\":\"SearchAction\",\"target\":{\"@type\":\"EntryPoint\",\"urlTemplate\":\"https:\/\/www.naturparkmagazin.de\/nossentiner-schwinzer-heide\/?s={search_term_string}\"},\"query-input\":\"required name=search_term_string\"}],\"inLanguage\":\"de\"},{\"@type\":\"Person\",\"@id\":\"\",\"url\":\"https:\/\/www.naturparkmagazin.de\/nossentiner-schwinzer-heide\/author\/\"}]}<\/script>\n<!-- \/ Yoast SEO plugin. -->","yoast_head_json":{"title":"Messungen der Nachthimmelshelligkeit - Wie dunkel kann eigentlich die Nacht sein? - Naturpark Nossentiner\/Schwinzer Heide","robots":{"index":"index","follow":"follow","max-snippet":"max-snippet:-1","max-image-preview":"max-image-preview:large","max-video-preview":"max-video-preview:-1"},"canonical":"https:\/\/www.naturparkmagazin.de\/nossentiner-schwinzer-heide\/messungen-der-nachthimmelshelligkeit-wie-dunkel-kann-eigentlich-die-nacht-sein\/","og_locale":"de_DE","og_type":"article","og_title":"Messungen der Nachthimmelshelligkeit - Wie dunkel kann eigentlich die Nacht sein? - Naturpark Nossentiner\/Schwinzer Heide","og_description":"Es gibt nur wenige N\u00e4chte im Monat, an denen das Restlicht des Nachthimmels gemessen werden kann - im Januar waren die Bedingungen ideal.","og_url":"https:\/\/www.naturparkmagazin.de\/nossentiner-schwinzer-heide\/messungen-der-nachthimmelshelligkeit-wie-dunkel-kann-eigentlich-die-nacht-sein\/","og_site_name":"Naturpark Nossentiner\/Schwinzer Heide","article_published_time":"2017-02-13T12:17:08+00:00","article_modified_time":"2017-02-21T13:25:36+00:00","og_image":[{"width":200,"height":200,"url":"https:\/\/www.naturparkmagazin.de\/nossentiner-schwinzer-heide\/wp-content\/uploads\/sites\/28\/Nachthimmel-mit-Steg_Sebastian-Kartheuserbei.jpg","type":"image\/jpeg"}],"twitter_misc":{"Verfasst von":"","Gesch\u00e4tzte Lesezeit":"1\u00a0Minute"},"schema":{"@context":"https:\/\/schema.org","@graph":[{"@type":"WebPage","@id":"https:\/\/www.naturparkmagazin.de\/nossentiner-schwinzer-heide\/messungen-der-nachthimmelshelligkeit-wie-dunkel-kann-eigentlich-die-nacht-sein\/","url":"https:\/\/www.naturparkmagazin.de\/nossentiner-schwinzer-heide\/messungen-der-nachthimmelshelligkeit-wie-dunkel-kann-eigentlich-die-nacht-sein\/","name":"Messungen der Nachthimmelshelligkeit - Wie dunkel kann eigentlich die Nacht sein? - Naturpark Nossentiner\/Schwinzer Heide","isPartOf":{"@id":"https:\/\/www.naturparkmagazin.de\/nossentiner-schwinzer-heide\/#website"},"datePublished":"2017-02-13T12:17:08+00:00","dateModified":"2017-02-21T13:25:36+00:00","author":{"@id":""},"breadcrumb":{"@id":"https:\/\/www.naturparkmagazin.de\/nossentiner-schwinzer-heide\/messungen-der-nachthimmelshelligkeit-wie-dunkel-kann-eigentlich-die-nacht-sein\/#breadcrumb"},"inLanguage":"de","potentialAction":[{"@type":"ReadAction","target":["https:\/\/www.naturparkmagazin.de\/nossentiner-schwinzer-heide\/messungen-der-nachthimmelshelligkeit-wie-dunkel-kann-eigentlich-die-nacht-sein\/"]}]},{"@type":"BreadcrumbList","@id":"https:\/\/www.naturparkmagazin.de\/nossentiner-schwinzer-heide\/messungen-der-nachthimmelshelligkeit-wie-dunkel-kann-eigentlich-die-nacht-sein\/#breadcrumb","itemListElement":[{"@type":"ListItem","position":1,"name":"Home","item":"https:\/\/www.naturparkmagazin.de\/nossentiner-schwinzer-heide\/"},{"@type":"ListItem","position":2,"name":"Messungen der Nachthimmelshelligkeit &#8211; Wie dunkel kann eigentlich die Nacht sein?"}]},{"@type":"WebSite","@id":"https:\/\/www.naturparkmagazin.de\/nossentiner-schwinzer-heide\/#website","url":"https:\/\/www.naturparkmagazin.de\/nossentiner-schwinzer-heide\/","name":"Naturpark Nossentiner\/Schwinzer Heide","description":"","potentialAction":[{"@type":"SearchAction","target":{"@type":"EntryPoint","urlTemplate":"https:\/\/www.naturparkmagazin.de\/nossentiner-schwinzer-heide\/?s={search_term_string}"},"query-input":"required name=search_term_string"}],"inLanguage":"de"},{"@type":"Person","@id":"","url":"https:\/\/www.naturparkmagazin.de\/nossentiner-schwinzer-heide\/author\/"}]}},"_links":{"self":[{"href":"https:\/\/www.naturparkmagazin.de\/nossentiner-schwinzer-heide\/wp-json\/wp\/v2\/posts\/1287"}],"collection":[{"href":"https:\/\/www.naturparkmagazin.de\/nossentiner-schwinzer-heide\/wp-json\/wp\/v2\/posts"}],"about":[{"href":"https:\/\/www.naturparkmagazin.de\/nossentiner-schwinzer-heide\/wp-json\/wp\/v2\/types\/post"}],"author":[{"embeddable":true,"href":"https:\/\/www.naturparkmagazin.de\/nossentiner-schwinzer-heide\/wp-json\/wp\/v2\/users\/28"}],"replies":[{"embeddable":true,"href":"https:\/\/www.naturparkmagazin.de\/nossentiner-schwinzer-heide\/wp-json\/wp\/v2\/comments?post=1287"}],"version-history":[{"count":10,"href":"https:\/\/www.naturparkmagazin.de\/nossentiner-schwinzer-heide\/wp-json\/wp\/v2\/posts\/1287\/revisions"}],"predecessor-version":[{"id":1306,"href":"https:\/\/www.naturparkmagazin.de\/nossentiner-schwinzer-heide\/wp-json\/wp\/v2\/posts\/1287\/revisions\/1306"}],"wp:featuredmedia":[{"embeddable":true,"href":"https:\/\/www.naturparkmagazin.de\/nossentiner-schwinzer-heide\/wp-json\/wp\/v2\/media\/1206"}],"wp:attachment":[{"href":"https:\/\/www.naturparkmagazin.de\/nossentiner-schwinzer-heide\/wp-json\/wp\/v2\/media?parent=1287"}],"wp:term":[{"taxonomy":"category","embeddable":true,"href":"https:\/\/www.naturparkmagazin.de\/nossentiner-schwinzer-heide\/wp-json\/wp\/v2\/categories?post=1287"},{"taxonomy":"post_tag","embeddable":true,"href":"https:\/\/www.naturparkmagazin.de\/nossentiner-schwinzer-heide\/wp-json\/wp\/v2\/tags?post=1287"}],"curies":[{"name":"wp","href":"https:\/\/api.w.org\/{rel}","templated":true}]}}