{"id":1313,"date":"2017-03-08T17:25:00","date_gmt":"2017-03-08T16:25:00","guid":{"rendered":"http:\/\/www.naturparkmagazin.de\/nossentiner-schwinzer-heide\/?p=1313"},"modified":"2017-03-08T17:25:00","modified_gmt":"2017-03-08T16:25:00","slug":"ankuendigung-foto-workshop-mit-monika-lawrenz-am-18-3-2017","status":"publish","type":"post","link":"https:\/\/www.naturparkmagazin.de\/nossentiner-schwinzer-heide\/ankuendigung-foto-workshop-mit-monika-lawrenz-am-18-3-2017\/","title":{"rendered":"Ank\u00fcndigung: Foto-Workshop mit Monika Lawrenz am 18.3.2017"},"content":{"rendered":"<p>Kreativerlebnisse der besonderen Art verspricht ein Foto-Workshop mit der renommierten Fotografin Monika Lawrenz, der am Samstag, 18. M\u00e4rz, von 10-20 Uhr im Naturpark Nossentiner\/Schwinzer Heide stattfindet. Der Tages-Workshop richtet sich an fotografische Einsteiger und Aufsteiger in der Naturfotografie. Treff ist um 10 Uhr im Naturparkzentrum Karower Meiler.<\/p>\n<p>Gerade in Mecklenburg-Vorpommern gibt es urspru\u0308ngliche Sch\u00f6nheiten in der Natur. Ausdrucksstarke Motive zu finden und sie dann ins richtige Licht zu setzen sind die Voraussetzungen fu\u0308r au\u00dfergew\u00f6hnlich interessante Bilder.<a href=\"https:\/\/www.naturparkmagazin.de\/nossentiner-schwinzer-heide\/wp-content\/uploads\/sites\/28\/Buchenwald-FotoMonikaLawrenz7824_klein.jpg\"><img decoding=\"async\" loading=\"lazy\" class=\"alignnone size-medium wp-image-1314\" src=\"https:\/\/www.naturparkmagazin.de\/nossentiner-schwinzer-heide\/wp-content\/uploads\/sites\/28\/Buchenwald-FotoMonikaLawrenz7824_klein-620x414.jpg\" alt=\"Buchenwald-FotoMonikaLawrenz7824_klein\" width=\"620\" height=\"414\" srcset=\"https:\/\/www.naturparkmagazin.de\/nossentiner-schwinzer-heide\/wp-content\/uploads\/sites\/28\/Buchenwald-FotoMonikaLawrenz7824_klein-620x414.jpg 620w, https:\/\/www.naturparkmagazin.de\/nossentiner-schwinzer-heide\/wp-content\/uploads\/sites\/28\/Buchenwald-FotoMonikaLawrenz7824_klein-300x200.jpg 300w, https:\/\/www.naturparkmagazin.de\/nossentiner-schwinzer-heide\/wp-content\/uploads\/sites\/28\/Buchenwald-FotoMonikaLawrenz7824_klein-940x627.jpg 940w, https:\/\/www.naturparkmagazin.de\/nossentiner-schwinzer-heide\/wp-content\/uploads\/sites\/28\/Buchenwald-FotoMonikaLawrenz7824_klein-670x447.jpg 670w, https:\/\/www.naturparkmagazin.de\/nossentiner-schwinzer-heide\/wp-content\/uploads\/sites\/28\/Buchenwald-FotoMonikaLawrenz7824_klein-200x133.jpg 200w, https:\/\/www.naturparkmagazin.de\/nossentiner-schwinzer-heide\/wp-content\/uploads\/sites\/28\/Buchenwald-FotoMonikaLawrenz7824_klein.jpg 1024w\" sizes=\"(max-width: 620px) 100vw, 620px\" \/><\/a><\/p>\n<p>Im Workshop lernen Sie, wie Sie durch Bildgestaltung und die richtige Vorauswahl an ihrer Kamera ku\u0308nstlerische Akzente in der Naturfotografie setzen k\u00f6nnen. Ziel ist es, eine eigene,<\/p>\n<p>individuelle Sichtweise zu entwickeln. Geplant ist eine mehrst\u00fcndige Fototour durch den Naturpark. Anschlie\u00dfend werden die entstandenen Bilder am Rechner gemeinsam gesichtet und ausgewertet. Drei besonders gelungene Bilder von jedem Teilnehmer werden im Adobe Lightroom-Programm bearbeitet und in einer abschlie\u00dfenden Dia-Show pr\u00e4sentiert.<\/p>\n<p>Die Teilnahmegeb\u00fchr f\u00fcr den Workshop betr\u00e4gt 59 \u20ac pro Teilnehmer.<\/p>\n<p>Bitte mitbringen:<\/p>\n<ul>\n<li>Kameraequipment, Stativ, Bedienungsanleitung der Kamera<\/li>\n<li>wenn vorhanden, Laptop mit Bildbearbeitungsprogramm, z.B. Lightroom 4 oder 5 (kostenlose Testversion erh\u00e4ltlich)<\/li>\n<li>max. 5 eigene Fotoprints mit Motiven aus der Natur<\/li>\n<li>wetterfeste Kleidung<\/li>\n<li>Getr\u00e4nk\/Snack fu\u0308r die Tagestour<\/li>\n<\/ul>\n<p>Anmeldungen bitte bevorzugt per Email an: <a href=\"mailto:Poststelle-NSH@lung.mv-regierung.de\">Poststelle-NSH@lung.mv-regierung.de<\/a><\/p>\n<p>Weitere Informationen: Tel: 038736-43047<\/p>\n<p><a href=\"http:\/\/www.monikalawrenz.de\/\">www.monikalawrenz.de<\/a><\/p>\n<p>Email: <a href=\"mailto:fotografie@monikalawrenz.de\">fotografie@monikalawrenz.de<\/a><\/p>\n<p>&nbsp;<\/p>\n<p>&nbsp;<\/p>\n<p>&nbsp;<\/p>\n","protected":false},"excerpt":{"rendered":"<p>Kreativerlebnisse der besonderen Art verspricht ein Foto-Workshop mit der renommierten Fotografin Monika Lawrenz, der am Samstag, 18. M\u00e4rz, von 10-20 Uhr im Naturpark Nossentiner\/Schwinzer Heide stattfindet. Der Tages-Workshop richtet sich an fotografische Einsteiger und Aufsteiger in der Naturfotografie. Treff ist um 10 Uhr im Naturparkzentrum Karower Meiler. Gerade in Mecklenburg-Vorpommern gibt es urspru\u0308ngliche Sch\u00f6nheiten in<\/p>\n","protected":false},"author":28,"featured_media":1314,"comment_status":"open","ping_status":"open","sticky":false,"template":"","format":"standard","meta":[],"categories":[1],"tags":[],"yoast_head":"<!-- This site is optimized with the Yoast SEO plugin v19.10 - https:\/\/yoast.com\/wordpress\/plugins\/seo\/ -->\n<title>Ank\u00fcndigung: Foto-Workshop mit Monika Lawrenz am 18.3.2017 - Naturpark Nossentiner\/Schwinzer Heide<\/title>\n<meta name=\"robots\" content=\"index, follow, max-snippet:-1, max-image-preview:large, max-video-preview:-1\" \/>\n<link rel=\"canonical\" href=\"https:\/\/www.naturparkmagazin.de\/nossentiner-schwinzer-heide\/ankuendigung-foto-workshop-mit-monika-lawrenz-am-18-3-2017\/\" \/>\n<meta property=\"og:locale\" content=\"de_DE\" \/>\n<meta property=\"og:type\" content=\"article\" \/>\n<meta property=\"og:title\" content=\"Ank\u00fcndigung: Foto-Workshop mit Monika Lawrenz am 18.3.2017 - Naturpark Nossentiner\/Schwinzer Heide\" \/>\n<meta property=\"og:description\" content=\"Kreativerlebnisse der besonderen Art verspricht ein Foto-Workshop mit der renommierten Fotografin Monika Lawrenz, der am Samstag, 18. M\u00e4rz, von 10-20 Uhr im Naturpark Nossentiner\/Schwinzer Heide stattfindet. Der Tages-Workshop richtet sich an fotografische Einsteiger und Aufsteiger in der Naturfotografie. Treff ist um 10 Uhr im Naturparkzentrum Karower Meiler. Gerade in Mecklenburg-Vorpommern gibt es urspru\u0308ngliche Sch\u00f6nheiten in\" \/>\n<meta property=\"og:url\" content=\"https:\/\/www.naturparkmagazin.de\/nossentiner-schwinzer-heide\/ankuendigung-foto-workshop-mit-monika-lawrenz-am-18-3-2017\/\" \/>\n<meta property=\"og:site_name\" content=\"Naturpark Nossentiner\/Schwinzer Heide\" \/>\n<meta property=\"article:published_time\" content=\"2017-03-08T16:25:00+00:00\" \/>\n<meta property=\"og:image\" content=\"https:\/\/www.naturparkmagazin.de\/nossentiner-schwinzer-heide\/wp-content\/uploads\/sites\/28\/Buchenwald-FotoMonikaLawrenz7824_klein.jpg\" \/>\n\t<meta property=\"og:image:width\" content=\"1024\" \/>\n\t<meta property=\"og:image:height\" content=\"683\" \/>\n\t<meta property=\"og:image:type\" content=\"image\/jpeg\" \/>\n<meta name=\"twitter:label1\" content=\"Verfasst von\" \/>\n\t<meta name=\"twitter:data1\" content=\"\" \/>\n\t<meta name=\"twitter:label2\" content=\"Gesch\u00e4tzte Lesezeit\" \/>\n\t<meta name=\"twitter:data2\" content=\"1\u00a0Minute\" \/>\n<script type=\"application\/ld+json\" class=\"yoast-schema-graph\">{\"@context\":\"https:\/\/schema.org\",\"@graph\":[{\"@type\":\"WebPage\",\"@id\":\"https:\/\/www.naturparkmagazin.de\/nossentiner-schwinzer-heide\/ankuendigung-foto-workshop-mit-monika-lawrenz-am-18-3-2017\/\",\"url\":\"https:\/\/www.naturparkmagazin.de\/nossentiner-schwinzer-heide\/ankuendigung-foto-workshop-mit-monika-lawrenz-am-18-3-2017\/\",\"name\":\"Ank\u00fcndigung: Foto-Workshop mit Monika Lawrenz am 18.3.2017 - Naturpark Nossentiner\/Schwinzer Heide\",\"isPartOf\":{\"@id\":\"https:\/\/www.naturparkmagazin.de\/nossentiner-schwinzer-heide\/#website\"},\"datePublished\":\"2017-03-08T16:25:00+00:00\",\"dateModified\":\"2017-03-08T16:25:00+00:00\",\"author\":{\"@id\":\"\"},\"breadcrumb\":{\"@id\":\"https:\/\/www.naturparkmagazin.de\/nossentiner-schwinzer-heide\/ankuendigung-foto-workshop-mit-monika-lawrenz-am-18-3-2017\/#breadcrumb\"},\"inLanguage\":\"de\",\"potentialAction\":[{\"@type\":\"ReadAction\",\"target\":[\"https:\/\/www.naturparkmagazin.de\/nossentiner-schwinzer-heide\/ankuendigung-foto-workshop-mit-monika-lawrenz-am-18-3-2017\/\"]}]},{\"@type\":\"BreadcrumbList\",\"@id\":\"https:\/\/www.naturparkmagazin.de\/nossentiner-schwinzer-heide\/ankuendigung-foto-workshop-mit-monika-lawrenz-am-18-3-2017\/#breadcrumb\",\"itemListElement\":[{\"@type\":\"ListItem\",\"position\":1,\"name\":\"Home\",\"item\":\"https:\/\/www.naturparkmagazin.de\/nossentiner-schwinzer-heide\/\"},{\"@type\":\"ListItem\",\"position\":2,\"name\":\"Ank\u00fcndigung: Foto-Workshop mit Monika Lawrenz am 18.3.2017\"}]},{\"@type\":\"WebSite\",\"@id\":\"https:\/\/www.naturparkmagazin.de\/nossentiner-schwinzer-heide\/#website\",\"url\":\"https:\/\/www.naturparkmagazin.de\/nossentiner-schwinzer-heide\/\",\"name\":\"Naturpark Nossentiner\/Schwinzer Heide\",\"description\":\"\",\"potentialAction\":[{\"@type\":\"SearchAction\",\"target\":{\"@type\":\"EntryPoint\",\"urlTemplate\":\"https:\/\/www.naturparkmagazin.de\/nossentiner-schwinzer-heide\/?s={search_term_string}\"},\"query-input\":\"required name=search_term_string\"}],\"inLanguage\":\"de\"},{\"@type\":\"Person\",\"@id\":\"\",\"url\":\"https:\/\/www.naturparkmagazin.de\/nossentiner-schwinzer-heide\/author\/\"}]}<\/script>\n<!-- \/ Yoast SEO plugin. -->","yoast_head_json":{"title":"Ank\u00fcndigung: Foto-Workshop mit Monika Lawrenz am 18.3.2017 - Naturpark Nossentiner\/Schwinzer Heide","robots":{"index":"index","follow":"follow","max-snippet":"max-snippet:-1","max-image-preview":"max-image-preview:large","max-video-preview":"max-video-preview:-1"},"canonical":"https:\/\/www.naturparkmagazin.de\/nossentiner-schwinzer-heide\/ankuendigung-foto-workshop-mit-monika-lawrenz-am-18-3-2017\/","og_locale":"de_DE","og_type":"article","og_title":"Ank\u00fcndigung: Foto-Workshop mit Monika Lawrenz am 18.3.2017 - Naturpark Nossentiner\/Schwinzer Heide","og_description":"Kreativerlebnisse der besonderen Art verspricht ein Foto-Workshop mit der renommierten Fotografin Monika Lawrenz, der am Samstag, 18. M\u00e4rz, von 10-20 Uhr im Naturpark Nossentiner\/Schwinzer Heide stattfindet. Der Tages-Workshop richtet sich an fotografische Einsteiger und Aufsteiger in der Naturfotografie. Treff ist um 10 Uhr im Naturparkzentrum Karower Meiler. Gerade in Mecklenburg-Vorpommern gibt es urspru\u0308ngliche Sch\u00f6nheiten in","og_url":"https:\/\/www.naturparkmagazin.de\/nossentiner-schwinzer-heide\/ankuendigung-foto-workshop-mit-monika-lawrenz-am-18-3-2017\/","og_site_name":"Naturpark Nossentiner\/Schwinzer Heide","article_published_time":"2017-03-08T16:25:00+00:00","og_image":[{"width":1024,"height":683,"url":"https:\/\/www.naturparkmagazin.de\/nossentiner-schwinzer-heide\/wp-content\/uploads\/sites\/28\/Buchenwald-FotoMonikaLawrenz7824_klein.jpg","type":"image\/jpeg"}],"twitter_misc":{"Verfasst von":"","Gesch\u00e4tzte Lesezeit":"1\u00a0Minute"},"schema":{"@context":"https:\/\/schema.org","@graph":[{"@type":"WebPage","@id":"https:\/\/www.naturparkmagazin.de\/nossentiner-schwinzer-heide\/ankuendigung-foto-workshop-mit-monika-lawrenz-am-18-3-2017\/","url":"https:\/\/www.naturparkmagazin.de\/nossentiner-schwinzer-heide\/ankuendigung-foto-workshop-mit-monika-lawrenz-am-18-3-2017\/","name":"Ank\u00fcndigung: Foto-Workshop mit Monika Lawrenz am 18.3.2017 - Naturpark Nossentiner\/Schwinzer Heide","isPartOf":{"@id":"https:\/\/www.naturparkmagazin.de\/nossentiner-schwinzer-heide\/#website"},"datePublished":"2017-03-08T16:25:00+00:00","dateModified":"2017-03-08T16:25:00+00:00","author":{"@id":""},"breadcrumb":{"@id":"https:\/\/www.naturparkmagazin.de\/nossentiner-schwinzer-heide\/ankuendigung-foto-workshop-mit-monika-lawrenz-am-18-3-2017\/#breadcrumb"},"inLanguage":"de","potentialAction":[{"@type":"ReadAction","target":["https:\/\/www.naturparkmagazin.de\/nossentiner-schwinzer-heide\/ankuendigung-foto-workshop-mit-monika-lawrenz-am-18-3-2017\/"]}]},{"@type":"BreadcrumbList","@id":"https:\/\/www.naturparkmagazin.de\/nossentiner-schwinzer-heide\/ankuendigung-foto-workshop-mit-monika-lawrenz-am-18-3-2017\/#breadcrumb","itemListElement":[{"@type":"ListItem","position":1,"name":"Home","item":"https:\/\/www.naturparkmagazin.de\/nossentiner-schwinzer-heide\/"},{"@type":"ListItem","position":2,"name":"Ank\u00fcndigung: Foto-Workshop mit Monika Lawrenz am 18.3.2017"}]},{"@type":"WebSite","@id":"https:\/\/www.naturparkmagazin.de\/nossentiner-schwinzer-heide\/#website","url":"https:\/\/www.naturparkmagazin.de\/nossentiner-schwinzer-heide\/","name":"Naturpark Nossentiner\/Schwinzer Heide","description":"","potentialAction":[{"@type":"SearchAction","target":{"@type":"EntryPoint","urlTemplate":"https:\/\/www.naturparkmagazin.de\/nossentiner-schwinzer-heide\/?s={search_term_string}"},"query-input":"required name=search_term_string"}],"inLanguage":"de"},{"@type":"Person","@id":"","url":"https:\/\/www.naturparkmagazin.de\/nossentiner-schwinzer-heide\/author\/"}]}},"_links":{"self":[{"href":"https:\/\/www.naturparkmagazin.de\/nossentiner-schwinzer-heide\/wp-json\/wp\/v2\/posts\/1313"}],"collection":[{"href":"https:\/\/www.naturparkmagazin.de\/nossentiner-schwinzer-heide\/wp-json\/wp\/v2\/posts"}],"about":[{"href":"https:\/\/www.naturparkmagazin.de\/nossentiner-schwinzer-heide\/wp-json\/wp\/v2\/types\/post"}],"author":[{"embeddable":true,"href":"https:\/\/www.naturparkmagazin.de\/nossentiner-schwinzer-heide\/wp-json\/wp\/v2\/users\/28"}],"replies":[{"embeddable":true,"href":"https:\/\/www.naturparkmagazin.de\/nossentiner-schwinzer-heide\/wp-json\/wp\/v2\/comments?post=1313"}],"version-history":[{"count":2,"href":"https:\/\/www.naturparkmagazin.de\/nossentiner-schwinzer-heide\/wp-json\/wp\/v2\/posts\/1313\/revisions"}],"predecessor-version":[{"id":1316,"href":"https:\/\/www.naturparkmagazin.de\/nossentiner-schwinzer-heide\/wp-json\/wp\/v2\/posts\/1313\/revisions\/1316"}],"wp:featuredmedia":[{"embeddable":true,"href":"https:\/\/www.naturparkmagazin.de\/nossentiner-schwinzer-heide\/wp-json\/wp\/v2\/media\/1314"}],"wp:attachment":[{"href":"https:\/\/www.naturparkmagazin.de\/nossentiner-schwinzer-heide\/wp-json\/wp\/v2\/media?parent=1313"}],"wp:term":[{"taxonomy":"category","embeddable":true,"href":"https:\/\/www.naturparkmagazin.de\/nossentiner-schwinzer-heide\/wp-json\/wp\/v2\/categories?post=1313"},{"taxonomy":"post_tag","embeddable":true,"href":"https:\/\/www.naturparkmagazin.de\/nossentiner-schwinzer-heide\/wp-json\/wp\/v2\/tags?post=1313"}],"curies":[{"name":"wp","href":"https:\/\/api.w.org\/{rel}","templated":true}]}}