{"id":1355,"date":"2017-03-28T14:36:57","date_gmt":"2017-03-28T12:36:57","guid":{"rendered":"http:\/\/www.naturparkmagazin.de\/nossentiner-schwinzer-heide\/?p=1355"},"modified":"2017-04-03T14:19:45","modified_gmt":"2017-04-03T12:19:45","slug":"ankuendigung-foto-workshop-das-licht-im-fruehling","status":"publish","type":"post","link":"https:\/\/www.naturparkmagazin.de\/nossentiner-schwinzer-heide\/ankuendigung-foto-workshop-das-licht-im-fruehling\/","title":{"rendered":"Ank\u00fcndigung: Foto-Workshop mit Monika Lawrenz am 24.6."},"content":{"rendered":"<p>Aufgrund der gro\u00dfen Nachfrage bietet der Naturpark Nossentiner\/Schwinzer Heide einen zweiten Tages-Workshop f\u00fcr Fotografie mit der Fotografin Monika Lawrenz an.\u00a0Er findet am Samstag, 24. Juni, von 12-22 Uhr\u00a0statt. (Urspr\u00fcnglich war der Termin der 6.5., leider muss der Workshop auf den 24.6. verschoben werden.)<\/p>\n<p>Der Tages-Workshop richtet sich an fotografische Einsteiger und Aufsteiger in der Naturfotografie. Treff ist um 12 Uhr im Naturparkzentrum Karower Meiler.<\/p>\n<p>Gerade in Mecklenburg-Vorpommern gibt es urspru\u0308ngliche Sch\u00f6nheiten in der Natur. Ausdrucksstarke Motive zu finden und sie dann ins richtige Licht zu setzen sind die Voraussetzungen fu\u0308r au\u00dfergew\u00f6hnlich interessante Bilder. Im Workshop lernen Sie, wie Sie durch Bildgestaltung und die richtige Vorauswahl an ihrer Kamera ku\u0308nstlerische Akzente in der Naturfotografie setzen k\u00f6nnen. Ziel ist es, eine eigene, individuelle Sichtweise zu entwickeln. Geplant ist eine mehrst\u00fcndige Fototour durch den Naturpark. Anschlie\u00dfend werden die entstandenen Bilder am Rechner gemeinsam gesichtet und ausgewertet. Drei besonders gelungene Bilder von jedem Teilnehmer werden im Adobe Lightroom-Programm bearbeitet und in einer abschlie\u00dfenden Dia-Show pr\u00e4sentiert.<\/p>\n<p><a href=\"https:\/\/www.naturparkmagazin.de\/nossentiner-schwinzer-heide\/wp-content\/uploads\/sites\/28\/Buche-bei-Dobbin-FotoMonikaLawrenz3895.jpg\"><img decoding=\"async\" loading=\"lazy\" class=\"alignnone size-medium wp-image-1367\" src=\"https:\/\/www.naturparkmagazin.de\/nossentiner-schwinzer-heide\/wp-content\/uploads\/sites\/28\/Buche-bei-Dobbin-FotoMonikaLawrenz3895-620x413.jpg\" alt=\"Buche bei Dobbin-FotoMonikaLawrenz3895\" width=\"620\" height=\"413\" srcset=\"https:\/\/www.naturparkmagazin.de\/nossentiner-schwinzer-heide\/wp-content\/uploads\/sites\/28\/Buche-bei-Dobbin-FotoMonikaLawrenz3895-620x413.jpg 620w, https:\/\/www.naturparkmagazin.de\/nossentiner-schwinzer-heide\/wp-content\/uploads\/sites\/28\/Buche-bei-Dobbin-FotoMonikaLawrenz3895-300x200.jpg 300w, https:\/\/www.naturparkmagazin.de\/nossentiner-schwinzer-heide\/wp-content\/uploads\/sites\/28\/Buche-bei-Dobbin-FotoMonikaLawrenz3895-940x626.jpg 940w, https:\/\/www.naturparkmagazin.de\/nossentiner-schwinzer-heide\/wp-content\/uploads\/sites\/28\/Buche-bei-Dobbin-FotoMonikaLawrenz3895-670x446.jpg 670w, https:\/\/www.naturparkmagazin.de\/nossentiner-schwinzer-heide\/wp-content\/uploads\/sites\/28\/Buche-bei-Dobbin-FotoMonikaLawrenz3895-200x133.jpg 200w, https:\/\/www.naturparkmagazin.de\/nossentiner-schwinzer-heide\/wp-content\/uploads\/sites\/28\/Buche-bei-Dobbin-FotoMonikaLawrenz3895.jpg 1024w\" sizes=\"(max-width: 620px) 100vw, 620px\" \/><\/a><\/p>\n<p>Die Teilnahmegeb\u00fchr f\u00fcr den Workshop betr\u00e4gt 59 \u20ac pro Teilnehmer.<\/p>\n<p>Bitte mitbringen:<\/p>\n<ul>\n<li>Kameraequipment, Stativ, Bedienungsanleitung der Kamera<\/li>\n<li>wenn vorhanden, Laptop mit Bildbearbeitungsprogramm, z.B. Lightroom 4 oder 5 (kostenlose Testversion erh\u00e4ltlich)<\/li>\n<li>max. 5 eigene Fotoprints mit Motiven aus der Natur<\/li>\n<li>wetterfeste Kleidung<\/li>\n<li>Getr\u00e4nk\/Snack fu\u0308r die Tagestour<\/li>\n<\/ul>\n<p>&nbsp;<\/p>\n<p>Anmeldungen bitte bevorzugt per Email:<\/p>\n<p><a href=\"mailto:Poststelle-NSH@lung.mv-regierung.de\">Poststelle-NSH@lung.mv-regierung.de<\/a><\/p>\n<p><a href=\"http:\/\/naturpark-nossentiner-schwinzer-heide.de\/\">http:\/\/naturpark-nossentiner-schwinzer-heide.de<\/a><\/p>\n<p>Weitere Informationen:Tel: 038736-43047<\/p>\n<p><a href=\"http:\/\/www.monikalawrenz.de\/\">www.monikalawrenz.de<\/a><\/p>\n<p>Email: <a href=\"mailto:fotografie@monikalawrenz.de\">fotografie@monikalawrenz.de<\/a><\/p>\n<p>Monika Lawrenz<\/p>\n<p>Telefon: 038738-7390-0<\/p>\n<p>19395 Plau am See, OT Karow<\/p>\n<p>&nbsp;<\/p>\n","protected":false},"excerpt":{"rendered":"<p>Aufgrund der gro\u00dfen Nachfrage bietet der Naturpark Nossentiner\/Schwinzer Heide am 6. Mai einen zweiten Tages-Workshop f\u00fcr Fotografie mit der Fotografin Monika Lawrenz an. <\/p>\n","protected":false},"author":28,"featured_media":1367,"comment_status":"open","ping_status":"open","sticky":false,"template":"","format":"standard","meta":[],"categories":[7],"tags":[],"yoast_head":"<!-- This site is optimized with the Yoast SEO plugin v19.10 - https:\/\/yoast.com\/wordpress\/plugins\/seo\/ -->\n<title>Ank\u00fcndigung: Foto-Workshop mit Monika Lawrenz am 24.6. - Naturpark Nossentiner\/Schwinzer Heide<\/title>\n<meta name=\"robots\" content=\"index, follow, max-snippet:-1, max-image-preview:large, max-video-preview:-1\" \/>\n<link rel=\"canonical\" href=\"https:\/\/www.naturparkmagazin.de\/nossentiner-schwinzer-heide\/ankuendigung-foto-workshop-das-licht-im-fruehling\/\" \/>\n<meta property=\"og:locale\" content=\"de_DE\" \/>\n<meta property=\"og:type\" content=\"article\" \/>\n<meta property=\"og:title\" content=\"Ank\u00fcndigung: Foto-Workshop mit Monika Lawrenz am 24.6. - Naturpark Nossentiner\/Schwinzer Heide\" \/>\n<meta property=\"og:description\" content=\"Aufgrund der gro\u00dfen Nachfrage bietet der Naturpark Nossentiner\/Schwinzer Heide am 6. Mai einen zweiten Tages-Workshop f\u00fcr Fotografie mit der Fotografin Monika Lawrenz an.\" \/>\n<meta property=\"og:url\" content=\"https:\/\/www.naturparkmagazin.de\/nossentiner-schwinzer-heide\/ankuendigung-foto-workshop-das-licht-im-fruehling\/\" \/>\n<meta property=\"og:site_name\" content=\"Naturpark Nossentiner\/Schwinzer Heide\" \/>\n<meta property=\"article:published_time\" content=\"2017-03-28T12:36:57+00:00\" \/>\n<meta property=\"article:modified_time\" content=\"2017-04-03T12:19:45+00:00\" \/>\n<meta property=\"og:image\" content=\"https:\/\/www.naturparkmagazin.de\/nossentiner-schwinzer-heide\/wp-content\/uploads\/sites\/28\/Buche-bei-Dobbin-FotoMonikaLawrenz3895.jpg\" \/>\n\t<meta property=\"og:image:width\" content=\"1024\" \/>\n\t<meta property=\"og:image:height\" content=\"682\" \/>\n\t<meta property=\"og:image:type\" content=\"image\/jpeg\" \/>\n<meta name=\"twitter:label1\" content=\"Verfasst von\" \/>\n\t<meta name=\"twitter:data1\" content=\"\" \/>\n\t<meta name=\"twitter:label2\" content=\"Gesch\u00e4tzte Lesezeit\" \/>\n\t<meta name=\"twitter:data2\" content=\"1\u00a0Minute\" \/>\n<script type=\"application\/ld+json\" class=\"yoast-schema-graph\">{\"@context\":\"https:\/\/schema.org\",\"@graph\":[{\"@type\":\"WebPage\",\"@id\":\"https:\/\/www.naturparkmagazin.de\/nossentiner-schwinzer-heide\/ankuendigung-foto-workshop-das-licht-im-fruehling\/\",\"url\":\"https:\/\/www.naturparkmagazin.de\/nossentiner-schwinzer-heide\/ankuendigung-foto-workshop-das-licht-im-fruehling\/\",\"name\":\"Ank\u00fcndigung: Foto-Workshop mit Monika Lawrenz am 24.6. - Naturpark Nossentiner\/Schwinzer Heide\",\"isPartOf\":{\"@id\":\"https:\/\/www.naturparkmagazin.de\/nossentiner-schwinzer-heide\/#website\"},\"datePublished\":\"2017-03-28T12:36:57+00:00\",\"dateModified\":\"2017-04-03T12:19:45+00:00\",\"author\":{\"@id\":\"\"},\"breadcrumb\":{\"@id\":\"https:\/\/www.naturparkmagazin.de\/nossentiner-schwinzer-heide\/ankuendigung-foto-workshop-das-licht-im-fruehling\/#breadcrumb\"},\"inLanguage\":\"de\",\"potentialAction\":[{\"@type\":\"ReadAction\",\"target\":[\"https:\/\/www.naturparkmagazin.de\/nossentiner-schwinzer-heide\/ankuendigung-foto-workshop-das-licht-im-fruehling\/\"]}]},{\"@type\":\"BreadcrumbList\",\"@id\":\"https:\/\/www.naturparkmagazin.de\/nossentiner-schwinzer-heide\/ankuendigung-foto-workshop-das-licht-im-fruehling\/#breadcrumb\",\"itemListElement\":[{\"@type\":\"ListItem\",\"position\":1,\"name\":\"Home\",\"item\":\"https:\/\/www.naturparkmagazin.de\/nossentiner-schwinzer-heide\/\"},{\"@type\":\"ListItem\",\"position\":2,\"name\":\"Ank\u00fcndigung: Foto-Workshop mit Monika Lawrenz am 24.6.\"}]},{\"@type\":\"WebSite\",\"@id\":\"https:\/\/www.naturparkmagazin.de\/nossentiner-schwinzer-heide\/#website\",\"url\":\"https:\/\/www.naturparkmagazin.de\/nossentiner-schwinzer-heide\/\",\"name\":\"Naturpark Nossentiner\/Schwinzer Heide\",\"description\":\"\",\"potentialAction\":[{\"@type\":\"SearchAction\",\"target\":{\"@type\":\"EntryPoint\",\"urlTemplate\":\"https:\/\/www.naturparkmagazin.de\/nossentiner-schwinzer-heide\/?s={search_term_string}\"},\"query-input\":\"required name=search_term_string\"}],\"inLanguage\":\"de\"},{\"@type\":\"Person\",\"@id\":\"\",\"url\":\"https:\/\/www.naturparkmagazin.de\/nossentiner-schwinzer-heide\/author\/\"}]}<\/script>\n<!-- \/ Yoast SEO plugin. -->","yoast_head_json":{"title":"Ank\u00fcndigung: Foto-Workshop mit Monika Lawrenz am 24.6. - Naturpark Nossentiner\/Schwinzer Heide","robots":{"index":"index","follow":"follow","max-snippet":"max-snippet:-1","max-image-preview":"max-image-preview:large","max-video-preview":"max-video-preview:-1"},"canonical":"https:\/\/www.naturparkmagazin.de\/nossentiner-schwinzer-heide\/ankuendigung-foto-workshop-das-licht-im-fruehling\/","og_locale":"de_DE","og_type":"article","og_title":"Ank\u00fcndigung: Foto-Workshop mit Monika Lawrenz am 24.6. - Naturpark Nossentiner\/Schwinzer Heide","og_description":"Aufgrund der gro\u00dfen Nachfrage bietet der Naturpark Nossentiner\/Schwinzer Heide am 6. Mai einen zweiten Tages-Workshop f\u00fcr Fotografie mit der Fotografin Monika Lawrenz an.","og_url":"https:\/\/www.naturparkmagazin.de\/nossentiner-schwinzer-heide\/ankuendigung-foto-workshop-das-licht-im-fruehling\/","og_site_name":"Naturpark Nossentiner\/Schwinzer Heide","article_published_time":"2017-03-28T12:36:57+00:00","article_modified_time":"2017-04-03T12:19:45+00:00","og_image":[{"width":1024,"height":682,"url":"https:\/\/www.naturparkmagazin.de\/nossentiner-schwinzer-heide\/wp-content\/uploads\/sites\/28\/Buche-bei-Dobbin-FotoMonikaLawrenz3895.jpg","type":"image\/jpeg"}],"twitter_misc":{"Verfasst von":"","Gesch\u00e4tzte Lesezeit":"1\u00a0Minute"},"schema":{"@context":"https:\/\/schema.org","@graph":[{"@type":"WebPage","@id":"https:\/\/www.naturparkmagazin.de\/nossentiner-schwinzer-heide\/ankuendigung-foto-workshop-das-licht-im-fruehling\/","url":"https:\/\/www.naturparkmagazin.de\/nossentiner-schwinzer-heide\/ankuendigung-foto-workshop-das-licht-im-fruehling\/","name":"Ank\u00fcndigung: Foto-Workshop mit Monika Lawrenz am 24.6. - Naturpark Nossentiner\/Schwinzer Heide","isPartOf":{"@id":"https:\/\/www.naturparkmagazin.de\/nossentiner-schwinzer-heide\/#website"},"datePublished":"2017-03-28T12:36:57+00:00","dateModified":"2017-04-03T12:19:45+00:00","author":{"@id":""},"breadcrumb":{"@id":"https:\/\/www.naturparkmagazin.de\/nossentiner-schwinzer-heide\/ankuendigung-foto-workshop-das-licht-im-fruehling\/#breadcrumb"},"inLanguage":"de","potentialAction":[{"@type":"ReadAction","target":["https:\/\/www.naturparkmagazin.de\/nossentiner-schwinzer-heide\/ankuendigung-foto-workshop-das-licht-im-fruehling\/"]}]},{"@type":"BreadcrumbList","@id":"https:\/\/www.naturparkmagazin.de\/nossentiner-schwinzer-heide\/ankuendigung-foto-workshop-das-licht-im-fruehling\/#breadcrumb","itemListElement":[{"@type":"ListItem","position":1,"name":"Home","item":"https:\/\/www.naturparkmagazin.de\/nossentiner-schwinzer-heide\/"},{"@type":"ListItem","position":2,"name":"Ank\u00fcndigung: Foto-Workshop mit Monika Lawrenz am 24.6."}]},{"@type":"WebSite","@id":"https:\/\/www.naturparkmagazin.de\/nossentiner-schwinzer-heide\/#website","url":"https:\/\/www.naturparkmagazin.de\/nossentiner-schwinzer-heide\/","name":"Naturpark Nossentiner\/Schwinzer Heide","description":"","potentialAction":[{"@type":"SearchAction","target":{"@type":"EntryPoint","urlTemplate":"https:\/\/www.naturparkmagazin.de\/nossentiner-schwinzer-heide\/?s={search_term_string}"},"query-input":"required name=search_term_string"}],"inLanguage":"de"},{"@type":"Person","@id":"","url":"https:\/\/www.naturparkmagazin.de\/nossentiner-schwinzer-heide\/author\/"}]}},"_links":{"self":[{"href":"https:\/\/www.naturparkmagazin.de\/nossentiner-schwinzer-heide\/wp-json\/wp\/v2\/posts\/1355"}],"collection":[{"href":"https:\/\/www.naturparkmagazin.de\/nossentiner-schwinzer-heide\/wp-json\/wp\/v2\/posts"}],"about":[{"href":"https:\/\/www.naturparkmagazin.de\/nossentiner-schwinzer-heide\/wp-json\/wp\/v2\/types\/post"}],"author":[{"embeddable":true,"href":"https:\/\/www.naturparkmagazin.de\/nossentiner-schwinzer-heide\/wp-json\/wp\/v2\/users\/28"}],"replies":[{"embeddable":true,"href":"https:\/\/www.naturparkmagazin.de\/nossentiner-schwinzer-heide\/wp-json\/wp\/v2\/comments?post=1355"}],"version-history":[{"count":8,"href":"https:\/\/www.naturparkmagazin.de\/nossentiner-schwinzer-heide\/wp-json\/wp\/v2\/posts\/1355\/revisions"}],"predecessor-version":[{"id":1377,"href":"https:\/\/www.naturparkmagazin.de\/nossentiner-schwinzer-heide\/wp-json\/wp\/v2\/posts\/1355\/revisions\/1377"}],"wp:featuredmedia":[{"embeddable":true,"href":"https:\/\/www.naturparkmagazin.de\/nossentiner-schwinzer-heide\/wp-json\/wp\/v2\/media\/1367"}],"wp:attachment":[{"href":"https:\/\/www.naturparkmagazin.de\/nossentiner-schwinzer-heide\/wp-json\/wp\/v2\/media?parent=1355"}],"wp:term":[{"taxonomy":"category","embeddable":true,"href":"https:\/\/www.naturparkmagazin.de\/nossentiner-schwinzer-heide\/wp-json\/wp\/v2\/categories?post=1355"},{"taxonomy":"post_tag","embeddable":true,"href":"https:\/\/www.naturparkmagazin.de\/nossentiner-schwinzer-heide\/wp-json\/wp\/v2\/tags?post=1355"}],"curies":[{"name":"wp","href":"https:\/\/api.w.org\/{rel}","templated":true}]}}